{"id":7998,"date":"2019-04-02T10:13:50","date_gmt":"2019-04-02T08:13:50","guid":{"rendered":"https:\/\/www.steenkamper.de\/?p=7998"},"modified":"2019-04-02T10:13:32","modified_gmt":"2019-04-02T08:13:32","slug":"insektensterben","status":"publish","type":"post","link":"https:\/\/www.steenkamper.de\/index.php\/2019\/04\/02\/insektensterben\/","title":{"rendered":"Insektensterben?!"},"content":{"rendered":"\n<p>Jeder kann in seinem Garten etwas gegen das Artensterben tun!<\/p>\n\n\n\n<p>Unsere Insekten und insektenfressende V\u00f6gel werden weniger und verschwinden.<br>Wir Steenkamper k\u00f6nnen alle mit unseren G\u00e4rten den Insekten Lebensraum und Futter bieten. <br>Auf jeden Fall sollte Konsequent auf den Einsatz von chemischen Giften verzichtet werden! <br>Am besten jetzt wo der Garten erwacht, insektenfreundliche Pflanzen s\u00e4hen und pflanzen (Liste s.u.).<br>Die ersten Hummelk\u00f6niginnen suchen Nahrung und werden nicht immer f\u00fcndig. <strong>Findet man eine entkr\u00e4ftete Hummelk\u00f6nigin<\/strong>, kann man dem Tier helfen. Man kann sie mit blo\u00dfen H\u00e4nden oder einem St\u00fcck Papier vorsichtig aufheben. Dann sollte man <strong>einen halben Teel\u00f6ffel Zucker<\/strong> in etwas lauwarmem Wasser aufl\u00f6sen und dem Tier per L\u00f6ffel anbieten.<br>Siehe: <a rel=\"noreferrer noopener\" aria-label=\"\" zuckerl=\"\" und=\"\" nistk=\"\" f=\"\" ihre=\"\" nabu=\"\" in=\"\" a=\"\" new=\"\" href=\"https:\/\/www.nabu.de\/tiere-und-pflanzen\/insekten-und-spinnen\/hautfluegler\/hummeln\/06351.html\" target=\"_blank\">&#8220;Zuckerl\u00f6sung und Nistk\u00e4sten f\u00fcr Ihre Majest\u00e4t&#8221; NABU<\/a><\/p>\n\n\n\n<p>Weiterf\u00fchrende Informationen:<\/p>\n\n\n\n<ul class=\"wp-block-list\"><li><a href=\"https:\/\/www.steenkamper.de\/index.php\/bienensterben\/\">offenes Wort zum Bienensterben und kleine Tipps dagegen, von Gesa Lahner<\/a><\/li><li><a rel=\"noreferrer noopener\" aria-label=\"NABU Gartentipps &quot;Pflanzen f\u00fcr Hummeln, Bienen &amp; Schmetterlinge&quot;  (opens in a new tab)\" href=\"https:\/\/hamburg.nabu.de\/tiere-und-pflanzen\/garten\/gartentipps\/05222.html\" target=\"_blank\">NABU Gartentipps &#8220;Pflanzen f\u00fcr Hummeln, Bienen &amp; Schmetterlinge&#8221; <\/a><\/li><li><a rel=\"noreferrer noopener\" aria-label=\"Umweltvertr\u00e4gliche Landwirtschaft, Das k\u00f6nnen Gartenbesitzer gegen das Artensterben tun. MOPO 30.3.19 vonEckart Brandt (opens in a new tab)\" href=\"https:\/\/www.mopo.de\/hamburg\/umweltvertraegliche-landwirtschaft-das-koennen-gartenbesitzer-gegen-das-artensterben-tun-32048394\" target=\"_blank\">Umweltvertr\u00e4gliche Landwirtschaft, Das k\u00f6nnen Gartenbesitzer gegen das Artensterben tun. MOPO 30.3.19 vonEckart Brandt<\/a><\/li><li><a rel=\"noreferrer noopener\" aria-label=\"NABU &quot;Insekten konkret helfen&quot; (opens in a new tab)\" href=\"https:\/\/www.nabu.de\/tiere-und-pflanzen\/insekten-und-spinnen\/insekten-helfen\/index.html\" target=\"_blank\">NABU &#8220;Insekten konkret helfen&#8221;<\/a><\/li><li><a href=\"https:\/\/youtu.be\/FVa3wwLpFJc\" target=\"_blank\" rel=\"noreferrer noopener\" aria-label=\"NDR WissensCheck &quot;Das lockt Wildbienen und Co.&quot; (opens in a new tab)\">NDR WissensCheck &#8220;Das lockt Wildbienen und Co.&#8221;<\/a><\/li><\/ul>\n\n\n\n<p><br><\/p>\n","protected":false},"excerpt":{"rendered":"<p>Jeder kann in seinem Garten etwas gegen das Artensterben tun! Unsere Insekten und insektenfressende V\u00f6gel werden weniger und verschwinden.Wir Steenkamper k\u00f6nnen alle mit unseren G\u00e4rten den Insekten Lebensraum und Futter&#8230; <\/p>\n<p><a class=\"teaser-more\" href=\"https:\/\/www.steenkamper.de\/index.php\/2019\/04\/02\/insektensterben\/\">weiter lesen<\/a><\/p>\n","protected":false},"author":6,"featured_media":8001,"comment_status":"open","ping_status":"open","sticky":false,"template":"","format":"standard","meta":{"_acf_changed":false,"_price":"","_stock":"","_tribe_ticket_header":"","_tribe_default_ticket_provider":"","_tribe_ticket_capacity":"0","_ticket_start_date":"","_ticket_end_date":"","_tribe_ticket_show_description":"","_tribe_ticket_show_not_going":false,"_tribe_ticket_use_global_stock":"","_tribe_ticket_global_stock_level":"","_global_stock_mode":"","_global_stock_cap":"","_tribe_rsvp_for_event":"","_tribe_ticket_going_count":"","_tribe_ticket_not_going_count":"","_tribe_tickets_list":"[]","_tribe_ticket_has_attendee_info_fields":false,"jetpack_post_was_ever_published":false,"_jetpack_newsletter_access":"","_jetpack_dont_email_post_to_subs":false,"_jetpack_newsletter_tier_id":0,"_jetpack_memberships_contains_paywalled_content":false,"_jetpack_memberships_contains_paid_content":false,"footnotes":"","jetpack_publicize_message":"","jetpack_publicize_feature_enabled":true,"jetpack_social_post_already_shared":true,"jetpack_social_options":{"image_generator_settings":{"template":"highway","default_image_id":0,"font":"","enabled":false},"version":2}},"categories":[3,33],"tags":[],"class_list":["post-7998","post","type-post","status-publish","format-standard","has-post-thumbnail","hentry","category-allgemein","category-garten"],"acf":[],"jetpack_publicize_connections":[],"jetpack_featured_media_url":"https:\/\/i0.wp.com\/www.steenkamper.de\/wp-content\/uploads\/2019\/03\/IMG_0035.jpg?fit=1910%2C966&ssl=1","jetpack_sharing_enabled":true,"jetpack_shortlink":"https:\/\/wp.me\/p74Wuo-250","jetpack_likes_enabled":true,"jetpack-related-posts":[{"id":23143,"url":"https:\/\/www.steenkamper.de\/index.php\/2023\/04\/29\/no-mow-may-nicht-maehen-im-mai\/","url_meta":{"origin":7998,"position":0},"title":"\u201eNO MOW MAY\u201c &#8211; nicht m\u00e4hen im Mai?","author":"Max","date":"29\/04\/2023","format":false,"excerpt":"NO MOW MAY hat seinen Ursprung in Gro\u00dfbritannien, doch auch in Deutschland wird ein m\u00e4hfreier Mai erfreulicherweise immer popul\u00e4rer. Oft ist ein Engagement f\u00fcr mehr Nachhaltigkeit und Umweltschutz mit einem gewissen Aufwand verbunden, doch beim No Mow May ist das Gegenteil der Fall: Hier kannst du einen gro\u00dfen Beitrag leisten,\u2026","rel":"","context":"In &quot;Allgemein&quot;","block_context":{"text":"Allgemein","link":"https:\/\/www.steenkamper.de\/index.php\/category\/allgemein\/"},"img":{"alt_text":"","src":"https:\/\/i0.wp.com\/www.steenkamper.de\/wp-content\/uploads\/2021\/05\/Biene.jpg?fit=978%2C546&ssl=1&resize=350%2C200","width":350,"height":200,"srcset":"https:\/\/i0.wp.com\/www.steenkamper.de\/wp-content\/uploads\/2021\/05\/Biene.jpg?fit=978%2C546&ssl=1&resize=350%2C200 1x, https:\/\/i0.wp.com\/www.steenkamper.de\/wp-content\/uploads\/2021\/05\/Biene.jpg?fit=978%2C546&ssl=1&resize=525%2C300 1.5x, https:\/\/i0.wp.com\/www.steenkamper.de\/wp-content\/uploads\/2021\/05\/Biene.jpg?fit=978%2C546&ssl=1&resize=700%2C400 2x"},"classes":[]},{"id":24182,"url":"https:\/\/www.steenkamper.de\/index.php\/2023\/09\/19\/nachhaltige-gartenarbeit-im-herbst\/","url_meta":{"origin":7998,"position":1},"title":"Nachhaltige Gartenarbeit im Herbst","author":"Max","date":"19\/09\/2023","format":false,"excerpt":"Tipps f\u00fcr umweltbewusste G\u00e4rtner*innen Der Herbst bringt nicht nur bunte Bl\u00e4tter und k\u00fchlere Temperaturen, sondern auch die perfekte Gelegenheit, Ihren Garten nachhaltig zu pflegen. In dieser Jahreszeit k\u00f6nnen Sie nicht nur Ihre Pflanzen vor dem Winter sch\u00fctzen, sondern auch die Umwelt ber\u00fccksichtigen. Hier sind einige nachhaltige Tipps f\u00fcr die Gartenarbeit\u2026","rel":"","context":"In &quot;Allgemein&quot;","block_context":{"text":"Allgemein","link":"https:\/\/www.steenkamper.de\/index.php\/category\/allgemein\/"},"img":{"alt_text":"","src":"","width":0,"height":0},"classes":[]},{"id":2679,"url":"https:\/\/www.steenkamper.de\/index.php\/2016\/10\/19\/gaerten-im-herbst\/","url_meta":{"origin":7998,"position":2},"title":"G\u00e4rten im Herbst","author":"Max","date":"19\/10\/2016","format":false,"excerpt":"Der NABU schreibt: Kleinstrukturen im Garten f\u00f6rdern Artenvielfalt Kleinstruktruren aus Hecken, Str\u00e4uchern Totholz und Steinen machen den Garten zum idealen Lebensraum f\u00fcr Insekten, Amphibien und Igel.\u00a0 Oft machen sich ungebetene G\u00e4ste wie Blattl\u00e4use und Schnecken in unseren G\u00e4rten breit, die betr\u00e4chtliche Sch\u00e4den anrichten k\u00f6nnen. Dabei gibt es aus \u00f6kologischer Sicht\u2026","rel":"","context":"In &quot;Garten&quot;","block_context":{"text":"Garten","link":"https:\/\/www.steenkamper.de\/index.php\/category\/garten\/"},"img":{"alt_text":"","src":"","width":0,"height":0},"classes":[]},{"id":3462,"url":"https:\/\/www.steenkamper.de\/index.php\/2017\/06\/01\/gartentipp\/","url_meta":{"origin":7998,"position":3},"title":"Gartentipp","author":"Max","date":"01\/06\/2017","format":false,"excerpt":"Geeignete Wildblumen f\u00fcr Ihren Garten -\u00a0Pflanzen f\u00fcr Hummeln, Bienen & Schmetterlinge \u201eBlumenkinder\u201c wie Bienen, Hummeln und Schmetterlinge lassen sich durch geeignete Nahrungspflanzen in den eigenen Garten locken. Die Nabu- Liste nennt beispielhaft einige heimische Wildblumen, die f\u00fcr Mensch und Insekten gleicherma\u00dfen attraktiv sind. NABU Gartentipps\u00a0","rel":"","context":"In &quot;Allgemein&quot;","block_context":{"text":"Allgemein","link":"https:\/\/www.steenkamper.de\/index.php\/category\/allgemein\/"},"img":{"alt_text":"","src":"https:\/\/i0.wp.com\/www.steenkamper.de\/wp-content\/uploads\/2017\/05\/img_6217.jpg?fit=1200%2C575&ssl=1&resize=350%2C200","width":350,"height":200,"srcset":"https:\/\/i0.wp.com\/www.steenkamper.de\/wp-content\/uploads\/2017\/05\/img_6217.jpg?fit=1200%2C575&ssl=1&resize=350%2C200 1x, https:\/\/i0.wp.com\/www.steenkamper.de\/wp-content\/uploads\/2017\/05\/img_6217.jpg?fit=1200%2C575&ssl=1&resize=525%2C300 1.5x, https:\/\/i0.wp.com\/www.steenkamper.de\/wp-content\/uploads\/2017\/05\/img_6217.jpg?fit=1200%2C575&ssl=1&resize=700%2C400 2x, https:\/\/i0.wp.com\/www.steenkamper.de\/wp-content\/uploads\/2017\/05\/img_6217.jpg?fit=1200%2C575&ssl=1&resize=1050%2C600 3x"},"classes":[]},{"id":15649,"url":"https:\/\/www.steenkamper.de\/index.php\/2021\/04\/24\/buchsbaumzuenslers-jetzt-aktiv-werden\/","url_meta":{"origin":7998,"position":4},"title":"Buchsbaumz\u00fcnslers, jetzt aktiv werden!","author":"Max","date":"24\/04\/2021","format":false,"excerpt":"Jetzt wo es w\u00e4rmer wird, entpuppen sich die Raupen des Buchsbaumz\u00fcnslers. Sie haben den Winter im Kokon \u00fcberlebt und schl\u00fcpfen im fr\u00fchen Fr\u00fchjahr. Sie beginnen dann den Buchsbaum kahl zu fressen. Erkennen kann man einen Befall an zusammengesponnen Bl\u00e4ttern. Feine Gespinste und braune Bl\u00e4tter im Buchs. Auch kleine, dunkle Kotflecken\u2026","rel":"","context":"In &quot;Allgemein&quot;","block_context":{"text":"Allgemein","link":"https:\/\/www.steenkamper.de\/index.php\/category\/allgemein\/"},"img":{"alt_text":"","src":"https:\/\/i0.wp.com\/www.steenkamper.de\/wp-content\/uploads\/2021\/04\/Buchsbaum.jpg?fit=1200%2C744&ssl=1&resize=350%2C200","width":350,"height":200,"srcset":"https:\/\/i0.wp.com\/www.steenkamper.de\/wp-content\/uploads\/2021\/04\/Buchsbaum.jpg?fit=1200%2C744&ssl=1&resize=350%2C200 1x, https:\/\/i0.wp.com\/www.steenkamper.de\/wp-content\/uploads\/2021\/04\/Buchsbaum.jpg?fit=1200%2C744&ssl=1&resize=525%2C300 1.5x, https:\/\/i0.wp.com\/www.steenkamper.de\/wp-content\/uploads\/2021\/04\/Buchsbaum.jpg?fit=1200%2C744&ssl=1&resize=700%2C400 2x, https:\/\/i0.wp.com\/www.steenkamper.de\/wp-content\/uploads\/2021\/04\/Buchsbaum.jpg?fit=1200%2C744&ssl=1&resize=1050%2C600 3x"},"classes":[]},{"id":2646,"url":"https:\/\/www.steenkamper.de\/index.php\/2016\/10\/06\/unsere-gaerten-unsere-freude\/","url_meta":{"origin":7998,"position":5},"title":"Unsere G\u00e4rten &#8211; unsere Freude!","author":"Max","date":"06\/10\/2016","format":false,"excerpt":"(aus der Festschrift \"F\u00fcnfzig Jahre Steenkamp\" August 1970) \"Was w\u00e4re wohl Steenkamp ohne seine G\u00e4rten! Doch auch sie haben in der Zeit von 1920 bis 1970 eine Wandlung und Entwicklung durchgemacht, die gewisserma\u00dfen ein St\u00fcck Zeitgeschichte bedeuten. Die Ern\u00e4hrung und auch das knappe Geld zwangen uns in den ersten Jahren,\u2026","rel":"","context":"In &quot;Allgemein&quot;","block_context":{"text":"Allgemein","link":"https:\/\/www.steenkamper.de\/index.php\/category\/allgemein\/"},"img":{"alt_text":"","src":"https:\/\/i0.wp.com\/www.steenkamper.de\/wp-content\/uploads\/2016\/10\/Ausschnitt.jpg?fit=809%2C263&ssl=1&resize=350%2C200","width":350,"height":200,"srcset":"https:\/\/i0.wp.com\/www.steenkamper.de\/wp-content\/uploads\/2016\/10\/Ausschnitt.jpg?fit=809%2C263&ssl=1&resize=350%2C200 1x, https:\/\/i0.wp.com\/www.steenkamper.de\/wp-content\/uploads\/2016\/10\/Ausschnitt.jpg?fit=809%2C263&ssl=1&resize=525%2C300 1.5x, https:\/\/i0.wp.com\/www.steenkamper.de\/wp-content\/uploads\/2016\/10\/Ausschnitt.jpg?fit=809%2C263&ssl=1&resize=700%2C400 2x"},"classes":[]}],"_links":{"self":[{"href":"https:\/\/www.steenkamper.de\/index.php\/wp-json\/wp\/v2\/posts\/7998","targetHints":{"allow":["GET"]}}],"collection":[{"href":"https:\/\/www.steenkamper.de\/index.php\/wp-json\/wp\/v2\/posts"}],"about":[{"href":"https:\/\/www.steenkamper.de\/index.php\/wp-json\/wp\/v2\/types\/post"}],"author":[{"embeddable":true,"href":"https:\/\/www.steenkamper.de\/index.php\/wp-json\/wp\/v2\/users\/6"}],"replies":[{"embeddable":true,"href":"https:\/\/www.steenkamper.de\/index.php\/wp-json\/wp\/v2\/comments?post=7998"}],"version-history":[{"count":15,"href":"https:\/\/www.steenkamper.de\/index.php\/wp-json\/wp\/v2\/posts\/7998\/revisions"}],"predecessor-version":[{"id":8014,"href":"https:\/\/www.steenkamper.de\/index.php\/wp-json\/wp\/v2\/posts\/7998\/revisions\/8014"}],"wp:featuredmedia":[{"embeddable":true,"href":"https:\/\/www.steenkamper.de\/index.php\/wp-json\/wp\/v2\/media\/8001"}],"wp:attachment":[{"href":"https:\/\/www.steenkamper.de\/index.php\/wp-json\/wp\/v2\/media?parent=7998"}],"wp:term":[{"taxonomy":"category","embeddable":true,"href":"https:\/\/www.steenkamper.de\/index.php\/wp-json\/wp\/v2\/categories?post=7998"},{"taxonomy":"post_tag","embeddable":true,"href":"https:\/\/www.steenkamper.de\/index.php\/wp-json\/wp\/v2\/tags?post=7998"}],"curies":[{"name":"wp","href":"https:\/\/api.w.org\/{rel}","templated":true}]}}