{"id":7853,"date":"2019-03-27T10:11:59","date_gmt":"2019-03-27T09:11:59","guid":{"rendered":"https:\/\/www.steenkamper.de\/?p=7853"},"modified":"2019-03-27T10:12:06","modified_gmt":"2019-03-27T09:12:06","slug":"weniger-baeume","status":"publish","type":"post","link":"https:\/\/www.steenkamper.de\/index.php\/2019\/03\/27\/weniger-baeume\/","title":{"rendered":"weniger B\u00e4ume?"},"content":{"rendered":"\n<p>Leider sind bei den Bauarbeiten zum &#8220;neuen Ebertplatz&#8221; weniger alte B\u00e4ume erhalten worden, als urspr\u00fcnglich geplant waren.<\/p>\n\n\n\n<p>Auf Nachfrage beim Bezirk wurde mir mitgeteilt, dass bei den B\u00e4ume in der Mitte des Platzes leider &#8220;<em>die Wurzeln der dort verbliebenen B\u00e4ume stark gesch\u00e4digt worden&#8221;<\/em> waren. &#8220;<em>Nach einem Gutachten von Fa. Thomsen wurde beschlossen, die B\u00e4ume zu f\u00e4llen.<\/em><br><em>Die B\u00e4ume dort hatten keine gute Vitalit\u00e4t und so finden wir es gut, dass dort neue B\u00e4ume in entsprechendem Abstand gepflanzt werden.&#8221;<\/em><br><\/p>\n\n\n\n<p>Mittlerweile sind acht B\u00e4ume auf dem Platz und vier auf dem Kreisel gepflanzt worden. <br><\/p>\n\n\n\n<figure class=\"wp-block-image\"><img fetchpriority=\"high\" decoding=\"async\" width=\"2044\" height=\"1215\" data-attachment-id=\"7920\" data-permalink=\"https:\/\/www.steenkamper.de\/index.php\/2019\/03\/27\/weniger-baeume\/img_0027\/\" data-orig-file=\"https:\/\/i0.wp.com\/www.steenkamper.de\/wp-content\/uploads\/2019\/03\/IMG_0027.jpg?fit=2044%2C1215&amp;ssl=1\" data-orig-size=\"2044,1215\" data-comments-opened=\"1\" data-image-meta=\"{&quot;aperture&quot;:&quot;2.2&quot;,&quot;credit&quot;:&quot;&quot;,&quot;camera&quot;:&quot;iPhone 6s&quot;,&quot;caption&quot;:&quot;&quot;,&quot;created_timestamp&quot;:&quot;1553678308&quot;,&quot;copyright&quot;:&quot;&quot;,&quot;focal_length&quot;:&quot;4.15&quot;,&quot;iso&quot;:&quot;25&quot;,&quot;shutter_speed&quot;:&quot;0.0038461538461538&quot;,&quot;title&quot;:&quot;&quot;,&quot;orientation&quot;:&quot;0&quot;}\" data-image-title=\"IMG_0027\" data-image-description=\"\" data-image-caption=\"\" data-large-file=\"https:\/\/i0.wp.com\/www.steenkamper.de\/wp-content\/uploads\/2019\/03\/IMG_0027.jpg?fit=750%2C446&amp;ssl=1\" src=\"https:\/\/i1.wp.com\/www.steenkamper.de\/wp-content\/uploads\/2019\/03\/IMG_0027.jpg?fit=750%2C446&amp;ssl=1\" alt=\"\" class=\"wp-image-7920\" srcset=\"https:\/\/i0.wp.com\/www.steenkamper.de\/wp-content\/uploads\/2019\/03\/IMG_0027.jpg?w=2044&amp;ssl=1 2044w, https:\/\/i0.wp.com\/www.steenkamper.de\/wp-content\/uploads\/2019\/03\/IMG_0027.jpg?resize=300%2C178&amp;ssl=1 300w, https:\/\/i0.wp.com\/www.steenkamper.de\/wp-content\/uploads\/2019\/03\/IMG_0027.jpg?resize=768%2C457&amp;ssl=1 768w, https:\/\/i0.wp.com\/www.steenkamper.de\/wp-content\/uploads\/2019\/03\/IMG_0027.jpg?resize=1024%2C609&amp;ssl=1 1024w, https:\/\/i0.wp.com\/www.steenkamper.de\/wp-content\/uploads\/2019\/03\/IMG_0027.jpg?resize=500%2C297&amp;ssl=1 500w, https:\/\/i0.wp.com\/www.steenkamper.de\/wp-content\/uploads\/2019\/03\/IMG_0027.jpg?resize=450%2C267&amp;ssl=1 450w, https:\/\/i0.wp.com\/www.steenkamper.de\/wp-content\/uploads\/2019\/03\/IMG_0027.jpg?w=1500&amp;ssl=1 1500w\" sizes=\"(max-width: 750px) 100vw, 750px\" \/><\/figure>\n\n\n\n<figure class=\"wp-block-image\"><img decoding=\"async\" width=\"2043\" height=\"1072\" data-attachment-id=\"7919\" data-permalink=\"https:\/\/www.steenkamper.de\/index.php\/2019\/03\/27\/weniger-baeume\/img_0029\/\" data-orig-file=\"https:\/\/i0.wp.com\/www.steenkamper.de\/wp-content\/uploads\/2019\/03\/IMG_0029.jpg?fit=2043%2C1072&amp;ssl=1\" data-orig-size=\"2043,1072\" data-comments-opened=\"1\" data-image-meta=\"{&quot;aperture&quot;:&quot;2.2&quot;,&quot;credit&quot;:&quot;&quot;,&quot;camera&quot;:&quot;iPhone 6s&quot;,&quot;caption&quot;:&quot;&quot;,&quot;created_timestamp&quot;:&quot;1553678462&quot;,&quot;copyright&quot;:&quot;&quot;,&quot;focal_length&quot;:&quot;4.15&quot;,&quot;iso&quot;:&quot;25&quot;,&quot;shutter_speed&quot;:&quot;0.0031645569620253&quot;,&quot;title&quot;:&quot;&quot;,&quot;orientation&quot;:&quot;0&quot;}\" data-image-title=\"IMG_0029\" data-image-description=\"\" data-image-caption=\"\" data-large-file=\"https:\/\/i0.wp.com\/www.steenkamper.de\/wp-content\/uploads\/2019\/03\/IMG_0029.jpg?fit=750%2C393&amp;ssl=1\" src=\"https:\/\/i2.wp.com\/www.steenkamper.de\/wp-content\/uploads\/2019\/03\/IMG_0029.jpg?fit=750%2C393&amp;ssl=1\" alt=\"\" class=\"wp-image-7919\" srcset=\"https:\/\/i0.wp.com\/www.steenkamper.de\/wp-content\/uploads\/2019\/03\/IMG_0029.jpg?w=2043&amp;ssl=1 2043w, https:\/\/i0.wp.com\/www.steenkamper.de\/wp-content\/uploads\/2019\/03\/IMG_0029.jpg?resize=300%2C157&amp;ssl=1 300w, https:\/\/i0.wp.com\/www.steenkamper.de\/wp-content\/uploads\/2019\/03\/IMG_0029.jpg?resize=768%2C403&amp;ssl=1 768w, https:\/\/i0.wp.com\/www.steenkamper.de\/wp-content\/uploads\/2019\/03\/IMG_0029.jpg?resize=1024%2C537&amp;ssl=1 1024w, https:\/\/i0.wp.com\/www.steenkamper.de\/wp-content\/uploads\/2019\/03\/IMG_0029.jpg?resize=500%2C262&amp;ssl=1 500w, https:\/\/i0.wp.com\/www.steenkamper.de\/wp-content\/uploads\/2019\/03\/IMG_0029.jpg?resize=450%2C236&amp;ssl=1 450w, https:\/\/i0.wp.com\/www.steenkamper.de\/wp-content\/uploads\/2019\/03\/IMG_0029.jpg?w=1500&amp;ssl=1 1500w\" sizes=\"(max-width: 750px) 100vw, 750px\" \/><\/figure>\n\n\n\n<p>Der NABU hat einen Bericht ver\u00f6ffentlicht, nach dem in Hamburg 2018\/2019 mehr B\u00e4ume gef\u00e4llt wurden als nachgepflanzt:  <a rel=\"noreferrer noopener\" href=\"https:\/\/hamburg.nabu.de\/tiere-und-pflanzen\/baumschutz\/baumfaellsaison\/26067.html?utm_source=newsletter&amp;utm_medium=email&amp;utm_campaign=NABU-News+190322\" target=\"_blank\">NABU Bericht<\/a><\/p>\n\n\n\n<p>Urspr\u00fcnglich sollten in der Mitte des Platzes 10 B\u00e4ume erhalten werden!<\/p>\n\n\n\n<figure class=\"wp-block-image\"><img decoding=\"async\" width=\"2054\" height=\"1342\" data-attachment-id=\"7857\" data-permalink=\"https:\/\/www.steenkamper.de\/index.php\/2019\/03\/27\/weniger-baeume\/ebertplatz-3\/\" data-orig-file=\"https:\/\/i0.wp.com\/www.steenkamper.de\/wp-content\/uploads\/2019\/03\/Ebertplatz-1.jpeg?fit=2054%2C1342&amp;ssl=1\" data-orig-size=\"2054,1342\" data-comments-opened=\"1\" data-image-meta=\"{&quot;aperture&quot;:&quot;0&quot;,&quot;credit&quot;:&quot;&quot;,&quot;camera&quot;:&quot;&quot;,&quot;caption&quot;:&quot;&quot;,&quot;created_timestamp&quot;:&quot;0&quot;,&quot;copyright&quot;:&quot;&quot;,&quot;focal_length&quot;:&quot;0&quot;,&quot;iso&quot;:&quot;0&quot;,&quot;shutter_speed&quot;:&quot;0&quot;,&quot;title&quot;:&quot;&quot;,&quot;orientation&quot;:&quot;1&quot;}\" data-image-title=\"Ebertplatz\" data-image-description=\"\" data-image-caption=\"\" data-large-file=\"https:\/\/i0.wp.com\/www.steenkamper.de\/wp-content\/uploads\/2019\/03\/Ebertplatz-1.jpeg?fit=750%2C490&amp;ssl=1\" src=\"https:\/\/i2.wp.com\/www.steenkamper.de\/wp-content\/uploads\/2019\/03\/Ebertplatz-1.jpeg?fit=750%2C490&amp;ssl=1\" alt=\"\" class=\"wp-image-7857\" srcset=\"https:\/\/i0.wp.com\/www.steenkamper.de\/wp-content\/uploads\/2019\/03\/Ebertplatz-1.jpeg?w=2054&amp;ssl=1 2054w, https:\/\/i0.wp.com\/www.steenkamper.de\/wp-content\/uploads\/2019\/03\/Ebertplatz-1.jpeg?resize=300%2C196&amp;ssl=1 300w, https:\/\/i0.wp.com\/www.steenkamper.de\/wp-content\/uploads\/2019\/03\/Ebertplatz-1.jpeg?resize=768%2C502&amp;ssl=1 768w, https:\/\/i0.wp.com\/www.steenkamper.de\/wp-content\/uploads\/2019\/03\/Ebertplatz-1.jpeg?resize=1024%2C669&amp;ssl=1 1024w, https:\/\/i0.wp.com\/www.steenkamper.de\/wp-content\/uploads\/2019\/03\/Ebertplatz-1.jpeg?resize=500%2C327&amp;ssl=1 500w, https:\/\/i0.wp.com\/www.steenkamper.de\/wp-content\/uploads\/2019\/03\/Ebertplatz-1.jpeg?resize=450%2C294&amp;ssl=1 450w, https:\/\/i0.wp.com\/www.steenkamper.de\/wp-content\/uploads\/2019\/03\/Ebertplatz-1.jpeg?w=1500&amp;ssl=1 1500w\" sizes=\"(max-width: 750px) 100vw, 750px\" \/><figcaption>Quelle: <a href=\"https:\/\/sitzungsdienst-altona.hamburg.de\/bi\/vo020.asp?VOLFDNR=1006338\">https:\/\/sitzungsdienst-altona.hamburg.de\/bi\/vo020.asp?VOLFDNR=1006338<\/a><\/figcaption><\/figure>\n","protected":false},"excerpt":{"rendered":"<p>Leider sind bei den Bauarbeiten zum &#8220;neuen Ebertplatz&#8221; weniger alte B\u00e4ume erhalten worden, als urspr\u00fcnglich geplant waren. Auf Nachfrage beim Bezirk wurde mir mitgeteilt, dass bei den B\u00e4ume in der&#8230; <\/p>\n<p><a class=\"teaser-more\" href=\"https:\/\/www.steenkamper.de\/index.php\/2019\/03\/27\/weniger-baeume\/\">weiter lesen<\/a><\/p>\n","protected":false},"author":6,"featured_media":7854,"comment_status":"open","ping_status":"open","sticky":false,"template":"","format":"standard","meta":{"_acf_changed":false,"_price":"","_stock":"","_tribe_ticket_header":"","_tribe_default_ticket_provider":"","_tribe_ticket_capacity":"0","_ticket_start_date":"","_ticket_end_date":"","_tribe_ticket_show_description":"","_tribe_ticket_show_not_going":false,"_tribe_ticket_use_global_stock":"","_tribe_ticket_global_stock_level":"","_global_stock_mode":"","_global_stock_cap":"","_tribe_rsvp_for_event":"","_tribe_ticket_going_count":"","_tribe_ticket_not_going_count":"","_tribe_tickets_list":"[]","_tribe_ticket_has_attendee_info_fields":false,"jetpack_post_was_ever_published":false,"_jetpack_newsletter_access":"","_jetpack_dont_email_post_to_subs":false,"_jetpack_newsletter_tier_id":0,"_jetpack_memberships_contains_paywalled_content":false,"_jetpack_memberships_contains_paid_content":false,"footnotes":"","jetpack_publicize_message":"","jetpack_publicize_feature_enabled":true,"jetpack_social_post_already_shared":true,"jetpack_social_options":{"image_generator_settings":{"template":"highway","default_image_id":0,"font":"","enabled":false},"version":2}},"categories":[31,8,32],"tags":[],"class_list":["post-7853","post","type-post","status-publish","format-standard","has-post-thumbnail","hentry","category-planungen","category-verkehr","category-wohnen-am-volkspark"],"acf":[],"jetpack_publicize_connections":[],"jetpack_featured_media_url":"https:\/\/i0.wp.com\/www.steenkamper.de\/wp-content\/uploads\/2019\/03\/IMG_0023.jpg?fit=2710%2C1536&ssl=1","jetpack_sharing_enabled":true,"jetpack_shortlink":"https:\/\/wp.me\/p74Wuo-22F","jetpack_likes_enabled":true,"jetpack-related-posts":[{"id":4635,"url":"https:\/\/www.steenkamper.de\/index.php\/2017\/08\/20\/ebertplatz-busbeschleunigung\/","url_meta":{"origin":7853,"position":0},"title":"Ebertplatz \/ Busbeschleunigung","author":"Max","date":"20\/08\/2017","format":false,"excerpt":"Ausschuss der BEZIRKSVERSAMMLUNG ALTONA\u00a0f\u00fcr Gr\u00fcn, Naturschutz und Sport hat am\u00a004.07.2017 folgendes Mitteilungsdrucksache ver\u00f6ffentlicht: Im Zuge des Busbeschleunigungsprogrammes wird der Knoten Luruper Chaussee \/ Ebertallee \/ Notkestra\u00dfe und der Bereich der Haltestelle Trabrennbahn Bahrenfeld umgebaut. Dieser Baubereich hat den Arbeitstitel \u201eEbertplatz\u201c. Aufgrund der allseits positiven Stellungnahmen zur Erstverschickung der Verkehrsplanung, die\u2026","rel":"","context":"In &quot;Planungen&quot;","block_context":{"text":"Planungen","link":"https:\/\/www.steenkamper.de\/index.php\/category\/planungen\/"},"img":{"alt_text":"","src":"https:\/\/i0.wp.com\/www.steenkamper.de\/wp-content\/uploads\/2016\/12\/EbertPlan-e1481794873370.jpg?fit=850%2C411&ssl=1&resize=350%2C200","width":350,"height":200,"srcset":"https:\/\/i0.wp.com\/www.steenkamper.de\/wp-content\/uploads\/2016\/12\/EbertPlan-e1481794873370.jpg?fit=850%2C411&ssl=1&resize=350%2C200 1x, https:\/\/i0.wp.com\/www.steenkamper.de\/wp-content\/uploads\/2016\/12\/EbertPlan-e1481794873370.jpg?fit=850%2C411&ssl=1&resize=525%2C300 1.5x, https:\/\/i0.wp.com\/www.steenkamper.de\/wp-content\/uploads\/2016\/12\/EbertPlan-e1481794873370.jpg?fit=850%2C411&ssl=1&resize=700%2C400 2x"},"classes":[]},{"id":2879,"url":"https:\/\/www.steenkamper.de\/index.php\/2016\/12\/20\/baeume\/","url_meta":{"origin":7853,"position":1},"title":"B\u00e4ume","author":"Max","date":"20\/12\/2016","format":false,"excerpt":"Es werden wieder Stra\u00dfenb\u00e4ume nachgepflanzt. 2011 wurde die Spendenaktion \u201eMein Baum \u2013 Meine Stadt\u201c erdacht. Seither k\u00f6nnen sich die Hamburgerinnen und Hamburger mit einer Spende an Baumpflanzungen beteiligen und sich gemeinsam mit dem Senat f\u00fcr mehr Stra\u00dfenb\u00e4ume stark machen. Sobald f\u00fcr einen Baum 500\u20ac gespendet sind, legt der Senat die\u2026","rel":"","context":"In &quot;Allgemein&quot;","block_context":{"text":"Allgemein","link":"https:\/\/www.steenkamper.de\/index.php\/category\/allgemein\/"},"img":{"alt_text":"","src":"https:\/\/i0.wp.com\/www.steenkamper.de\/wp-content\/uploads\/2016\/12\/baum1.jpg?fit=1200%2C635&ssl=1&resize=350%2C200","width":350,"height":200,"srcset":"https:\/\/i0.wp.com\/www.steenkamper.de\/wp-content\/uploads\/2016\/12\/baum1.jpg?fit=1200%2C635&ssl=1&resize=350%2C200 1x, https:\/\/i0.wp.com\/www.steenkamper.de\/wp-content\/uploads\/2016\/12\/baum1.jpg?fit=1200%2C635&ssl=1&resize=525%2C300 1.5x, https:\/\/i0.wp.com\/www.steenkamper.de\/wp-content\/uploads\/2016\/12\/baum1.jpg?fit=1200%2C635&ssl=1&resize=700%2C400 2x, https:\/\/i0.wp.com\/www.steenkamper.de\/wp-content\/uploads\/2016\/12\/baum1.jpg?fit=1200%2C635&ssl=1&resize=1050%2C600 3x"},"classes":[]},{"id":24379,"url":"https:\/\/www.steenkamper.de\/index.php\/2023\/10\/21\/planungen-osdorfer-werg\/","url_meta":{"origin":7853,"position":2},"title":"Planungen Osdorfer Weg","author":"Max","date":"21\/10\/2023","format":false,"excerpt":"Im Osdorfer Weg sollen im Zuge von Stra\u00dfen-Umbauma\u00dfnahmen 17 B\u00e4ume gef\u00e4llt werden. Es wurde eine Petition von einer Anwohnerin gegen die F\u00e4llung der hundertj\u00e4hrigen B\u00e4ume gestartet: openpetition.de\/!pjmrd Der NABU schreibt: Besonders alte B\u00e4ume besser sch\u00fctzen\u201eDer Altbaumbestand muss unbedingt gesch\u00fctzt werden, denn ein junger Baum kann einen alten mit gro\u00dfer Bl\u00e4tterkrone\u2026","rel":"","context":"In &quot;Allgemein&quot;","block_context":{"text":"Allgemein","link":"https:\/\/www.steenkamper.de\/index.php\/category\/allgemein\/"},"img":{"alt_text":"","src":"https:\/\/i0.wp.com\/www.steenkamper.de\/wp-content\/uploads\/2023\/11\/img_9510-1.jpg?fit=800%2C433&ssl=1&resize=350%2C200","width":350,"height":200,"srcset":"https:\/\/i0.wp.com\/www.steenkamper.de\/wp-content\/uploads\/2023\/11\/img_9510-1.jpg?fit=800%2C433&ssl=1&resize=350%2C200 1x, https:\/\/i0.wp.com\/www.steenkamper.de\/wp-content\/uploads\/2023\/11\/img_9510-1.jpg?fit=800%2C433&ssl=1&resize=525%2C300 1.5x, https:\/\/i0.wp.com\/www.steenkamper.de\/wp-content\/uploads\/2023\/11\/img_9510-1.jpg?fit=800%2C433&ssl=1&resize=700%2C400 2x"},"classes":[]},{"id":11528,"url":"https:\/\/www.steenkamper.de\/index.php\/2020\/09\/02\/baeume-auf-der-vogelweide\/","url_meta":{"origin":7853,"position":3},"title":"B\u00e4ume auf der Vogelweide","author":"Max","date":"02\/09\/2020","format":false,"excerpt":"Zum 85. Jubil\u00e4um wurde ein Walnussbaum auf der Vogelweide gepflanzt. Gestiftet von der Melanchthongemeinde. Der Baum hat in den letzten Tagen schwer gelitten! ???? Kinder haben beim Klettern die oberen Triebe abgebrochen. Das ist sehr schade. Der Walnussbaum ist kein KLETTERBAUM!!! Der Steenkamper Ausgabe 3\/2005 abgebrochene Zweige im Walnussbaum Der\u2026","rel":"","context":"In &quot;Allgemein&quot;","block_context":{"text":"Allgemein","link":"https:\/\/www.steenkamper.de\/index.php\/category\/allgemein\/"},"img":{"alt_text":"","src":"https:\/\/i0.wp.com\/www.steenkamper.de\/wp-content\/uploads\/2020\/09\/27d171b2-c234-4f59-89a2-b7b62bc9e7b2.jpg?fit=1200%2C900&ssl=1&resize=350%2C200","width":350,"height":200,"srcset":"https:\/\/i0.wp.com\/www.steenkamper.de\/wp-content\/uploads\/2020\/09\/27d171b2-c234-4f59-89a2-b7b62bc9e7b2.jpg?fit=1200%2C900&ssl=1&resize=350%2C200 1x, https:\/\/i0.wp.com\/www.steenkamper.de\/wp-content\/uploads\/2020\/09\/27d171b2-c234-4f59-89a2-b7b62bc9e7b2.jpg?fit=1200%2C900&ssl=1&resize=525%2C300 1.5x, https:\/\/i0.wp.com\/www.steenkamper.de\/wp-content\/uploads\/2020\/09\/27d171b2-c234-4f59-89a2-b7b62bc9e7b2.jpg?fit=1200%2C900&ssl=1&resize=700%2C400 2x, https:\/\/i0.wp.com\/www.steenkamper.de\/wp-content\/uploads\/2020\/09\/27d171b2-c234-4f59-89a2-b7b62bc9e7b2.jpg?fit=1200%2C900&ssl=1&resize=1050%2C600 3x"},"classes":[]},{"id":4059,"url":"https:\/\/www.steenkamper.de\/index.php\/2017\/06\/03\/osdorfer-weg\/","url_meta":{"origin":7853,"position":4},"title":"Osdorfer Weg\u00a0","author":"Max","date":"03\/06\/2017","format":false,"excerpt":"Der Osdorfer Weg wird im Sommer\/Herbst 2018 instandgesetzt und bekommt einen Radfahrstreifen. Am 15.5. wurde der Verkehrsausschuss der Bezirksversammlung Altona \u00fcber die Sanierungspl\u00e4ne des Osdorfer Weg informiert: Planungsabschnitt: Osdorfer Weg zwischen Zum H\u00fcnengrab und der BAB 1. Verschickung des LSBG Mitteilungsdrucksache des Amtes Drucksache - 20-3617 Folgendes ist geplant: Die\u2026","rel":"","context":"In &quot;Allgemein&quot;","block_context":{"text":"Allgemein","link":"https:\/\/www.steenkamper.de\/index.php\/category\/allgemein\/"},"img":{"alt_text":"","src":"https:\/\/i0.wp.com\/www.steenkamper.de\/wp-content\/uploads\/2017\/06\/img_3180.jpg?fit=1200%2C618&ssl=1&resize=350%2C200","width":350,"height":200,"srcset":"https:\/\/i0.wp.com\/www.steenkamper.de\/wp-content\/uploads\/2017\/06\/img_3180.jpg?fit=1200%2C618&ssl=1&resize=350%2C200 1x, https:\/\/i0.wp.com\/www.steenkamper.de\/wp-content\/uploads\/2017\/06\/img_3180.jpg?fit=1200%2C618&ssl=1&resize=525%2C300 1.5x, https:\/\/i0.wp.com\/www.steenkamper.de\/wp-content\/uploads\/2017\/06\/img_3180.jpg?fit=1200%2C618&ssl=1&resize=700%2C400 2x, https:\/\/i0.wp.com\/www.steenkamper.de\/wp-content\/uploads\/2017\/06\/img_3180.jpg?fit=1200%2C618&ssl=1&resize=1050%2C600 3x"},"classes":[]},{"id":1689,"url":"https:\/\/www.steenkamper.de\/index.php\/2016\/02\/17\/baumschnitt-vogelweide\/","url_meta":{"origin":7853,"position":5},"title":"Baumschnitt Vogelweide\u00a0","author":"Max","date":"17\/02\/2016","format":false,"excerpt":"Die Stadt hat Angeboten B\u00e4ume, Str\u00e4ucher und B\u00fcsche einmal aufzur\u00e4umen\/zu schneiden.\u00a0 Heute am 17.2. haben die Arbeiten begonnen. Am 3.2. haben Jan Meybek und Max Lips sich mit einem Baumkontrolleur vom Bezirksamt auf der Vogelweide getroffen.\u00a0 Bei der Begehung wurde deutlich, dass verschiedene wild ausges\u00e4te B\u00e4ume weichen m\u00fcssen, da sie\u2026","rel":"","context":"In &quot;Allgemein&quot;","block_context":{"text":"Allgemein","link":"https:\/\/www.steenkamper.de\/index.php\/category\/allgemein\/"},"img":{"alt_text":"","src":"https:\/\/i0.wp.com\/www.steenkamper.de\/wp-content\/uploads\/2016\/02\/IMG_3119.jpg?fit=1200%2C626&ssl=1&resize=350%2C200","width":350,"height":200,"srcset":"https:\/\/i0.wp.com\/www.steenkamper.de\/wp-content\/uploads\/2016\/02\/IMG_3119.jpg?fit=1200%2C626&ssl=1&resize=350%2C200 1x, https:\/\/i0.wp.com\/www.steenkamper.de\/wp-content\/uploads\/2016\/02\/IMG_3119.jpg?fit=1200%2C626&ssl=1&resize=525%2C300 1.5x, https:\/\/i0.wp.com\/www.steenkamper.de\/wp-content\/uploads\/2016\/02\/IMG_3119.jpg?fit=1200%2C626&ssl=1&resize=700%2C400 2x, https:\/\/i0.wp.com\/www.steenkamper.de\/wp-content\/uploads\/2016\/02\/IMG_3119.jpg?fit=1200%2C626&ssl=1&resize=1050%2C600 3x"},"classes":[]}],"_links":{"self":[{"href":"https:\/\/www.steenkamper.de\/index.php\/wp-json\/wp\/v2\/posts\/7853","targetHints":{"allow":["GET"]}}],"collection":[{"href":"https:\/\/www.steenkamper.de\/index.php\/wp-json\/wp\/v2\/posts"}],"about":[{"href":"https:\/\/www.steenkamper.de\/index.php\/wp-json\/wp\/v2\/types\/post"}],"author":[{"embeddable":true,"href":"https:\/\/www.steenkamper.de\/index.php\/wp-json\/wp\/v2\/users\/6"}],"replies":[{"embeddable":true,"href":"https:\/\/www.steenkamper.de\/index.php\/wp-json\/wp\/v2\/comments?post=7853"}],"version-history":[{"count":5,"href":"https:\/\/www.steenkamper.de\/index.php\/wp-json\/wp\/v2\/posts\/7853\/revisions"}],"predecessor-version":[{"id":7922,"href":"https:\/\/www.steenkamper.de\/index.php\/wp-json\/wp\/v2\/posts\/7853\/revisions\/7922"}],"wp:featuredmedia":[{"embeddable":true,"href":"https:\/\/www.steenkamper.de\/index.php\/wp-json\/wp\/v2\/media\/7854"}],"wp:attachment":[{"href":"https:\/\/www.steenkamper.de\/index.php\/wp-json\/wp\/v2\/media?parent=7853"}],"wp:term":[{"taxonomy":"category","embeddable":true,"href":"https:\/\/www.steenkamper.de\/index.php\/wp-json\/wp\/v2\/categories?post=7853"},{"taxonomy":"post_tag","embeddable":true,"href":"https:\/\/www.steenkamper.de\/index.php\/wp-json\/wp\/v2\/tags?post=7853"}],"curies":[{"name":"wp","href":"https:\/\/api.w.org\/{rel}","templated":true}]}}