{"id":4065,"date":"2017-06-09T10:00:15","date_gmt":"2017-06-09T08:00:15","guid":{"rendered":"http:\/\/wp.steenkamper.de\/?p=4065"},"modified":"2017-06-07T14:13:14","modified_gmt":"2017-06-07T12:13:14","slug":"wohnen-am-volkspark","status":"publish","type":"post","link":"https:\/\/www.steenkamper.de\/index.php\/2017\/06\/09\/wohnen-am-volkspark\/","title":{"rendered":"Wohnen am Volkspark\u00a0"},"content":{"rendered":"<p><b>Diskussionsveranstaltung am 27.6. um 18h<\/b><\/p>\n<p>Aus dem <a href=\"http:\/\/mailchi.mp\/183708e90481\/newsletter-hamburger-deckel-a7-1459549?e=6e69fac6bd\">Newsletter Hamburger Deckel<\/a> von der Beh\u00f6rde f\u00fcr Stadtentwicklung und Wohnen:<\/p>\n<p><i><b>Wie geht es weiter?<\/b><br \/>\n<\/i><\/p>\n<p>In den n\u00e4chsten Monaten \u00fcberarbeitet das B\u00fcro den Siegerentwurf nach den Empfehlungen der Jury und gestaltet den Entwurf wirtschaftlicher. Um dies zu erreichen wird es weitere Beteiligungsverfahren geben. Bis Ende 2017 soll ein Masterplan f\u00fcr das gesamte Gebiet entstehen, der die Grundlage f\u00fcr die Schaffung von verbindlichem Planrecht bildet. Oberbaudirektor Prof. J\u00f6rn Walter war erfreut \u00fcber die Vielfalt der eingesandten Entw\u00fcrfe, betonte aber auch, dass es sich dabei um ein Projekt mit vielen unbekannten Komponenten handelt. Das Vorankommen sei abh\u00e4ngig von dem Bau des Autobahndeckels und der Verlegung der Trabrennbahn.<br \/>\nAlle interessierten B\u00fcrgerinnen und B\u00fcrger sollen weiterhin in die Weiterentwicklung des Gebietes einbezogen werden. Daf\u00fcr wird eine Infoveranstaltung vorbereitet, in der die notwendige \u00dcberarbeitung des Siegerentwurfs vorgestellt und vor Ort diskutiert werden soll.<br \/>\n<b><br \/>\nDie Info- und Diskussionsveranstaltung wird am 27. Juni 2017 in der Stadtteilschule Bahrenfeld, Regerstra\u00dfe 21\u201325, 22761 Hamburg stattfinden. Beginn ist um 18h <\/b>bis ca. 21h<br \/>\nDanach soll der Entwurf mit seinen \u00c4nderungen erneut der \u00d6ffentlichkeit vorgestellt werden. Dieser Termin findet voraussichtlich im November 2017 statt.<br \/>\nWeitere und aktuelle Informationen erhalten Sie auf der Internetseite:<\/p>\n<p><a href=\"http:\/\/www.hamburg.de\/fernstrassen\/wettbewerb-wohnen-am-volkspark\">www.hamburg.de\/fernstrassen\/wettbewerb-wohnen-am-volkspark<\/a><\/p>\n<p><b>Auf der Veranstaltung am 27.6.:<\/b><\/p>\n<p>Die Sieger des Wettbewerbs, die B\u00fcros LEISMANN AG und Maurus Schifferli aus der Schweiz, werden ihre st\u00e4dtebauliche Siegeridee vorstellen und zusammen mit den bisher definierten Anforderungen zur Weiterentwicklung mit den G\u00e4sten er\u00f6rtern und Anregungen austauschen. Gleichzeitig soll \u00fcber die geplante Trasse des verl\u00e4ngerten Holstenkamps diskutiert werden.<\/p>\n<p>Anmeldungen bitte bei konsalt GmbH unter Tel. 040-35 75 27-0 oder per E\u2011Mail: info@konsalt.de<\/p>\n","protected":false},"excerpt":{"rendered":"<p>Diskussionsveranstaltung am 27.6. um 18h Aus dem Newsletter Hamburger Deckel von der Beh\u00f6rde f\u00fcr Stadtentwicklung und Wohnen: Wie geht es weiter? In den n\u00e4chsten Monaten \u00fcberarbeitet das B\u00fcro den Siegerentwurf [&hellip;]<\/p>\n","protected":false},"author":6,"featured_media":3026,"comment_status":"open","ping_status":"open","sticky":false,"template":"","format":"standard","meta":{"_acf_changed":false,"site-sidebar-layout":"default","site-content-layout":"","ast-site-content-layout":"default","site-content-style":"default","site-sidebar-style":"default","ast-global-header-display":"","ast-banner-title-visibility":"","ast-main-header-display":"","ast-hfb-above-header-display":"","ast-hfb-below-header-display":"","ast-hfb-mobile-header-display":"","site-post-title":"","ast-breadcrumbs-content":"","ast-featured-img":"","footer-sml-layout":"","ast-disable-related-posts":"","theme-transparent-header-meta":"","adv-header-id-meta":"","stick-header-meta":"","header-above-stick-meta":"","header-main-stick-meta":"","header-below-stick-meta":"","astra-migrate-meta-layouts":"default","ast-page-background-enabled":"default","ast-page-background-meta":{"desktop":{"background-color":"var(--ast-global-color-5)","background-image":"","background-repeat":"repeat","background-position":"center center","background-size":"auto","background-attachment":"scroll","background-type":"","background-media":"","overlay-type":"","overlay-color":"","overlay-opacity":"","overlay-gradient":""},"tablet":{"background-color":"","background-image":"","background-repeat":"repeat","background-position":"center center","background-size":"auto","background-attachment":"scroll","background-type":"","background-media":"","overlay-type":"","overlay-color":"","overlay-opacity":"","overlay-gradient":""},"mobile":{"background-color":"","background-image":"","background-repeat":"repeat","background-position":"center center","background-size":"auto","background-attachment":"scroll","background-type":"","background-media":"","overlay-type":"","overlay-color":"","overlay-opacity":"","overlay-gradient":""}},"ast-content-background-meta":{"desktop":{"background-color":"var(--ast-global-color-4)","background-image":"","background-repeat":"repeat","background-position":"center center","background-size":"auto","background-attachment":"scroll","background-type":"","background-media":"","overlay-type":"","overlay-color":"","overlay-opacity":"","overlay-gradient":""},"tablet":{"background-color":"var(--ast-global-color-4)","background-image":"","background-repeat":"repeat","background-position":"center center","background-size":"auto","background-attachment":"scroll","background-type":"","background-media":"","overlay-type":"","overlay-color":"","overlay-opacity":"","overlay-gradient":""},"mobile":{"background-color":"var(--ast-global-color-4)","background-image":"","background-repeat":"repeat","background-position":"center center","background-size":"auto","background-attachment":"scroll","background-type":"","background-media":"","overlay-type":"","overlay-color":"","overlay-opacity":"","overlay-gradient":""}},"_price":"","_stock":"","_tribe_ticket_header":"","_tribe_default_ticket_provider":"","_tribe_ticket_capacity":"0","_ticket_start_date":"","_ticket_end_date":"","_tribe_ticket_show_description":"","_tribe_ticket_show_not_going":false,"_tribe_ticket_use_global_stock":"","_tribe_ticket_global_stock_level":"","_global_stock_mode":"","_global_stock_cap":"","_tribe_rsvp_for_event":"","_tribe_ticket_going_count":"","_tribe_ticket_not_going_count":"","_tribe_tickets_list":"[]","_tribe_ticket_has_attendee_info_fields":false,"jetpack_post_was_ever_published":false,"_jetpack_newsletter_access":"","_jetpack_dont_email_post_to_subs":false,"_jetpack_newsletter_tier_id":0,"_jetpack_memberships_contains_paywalled_content":false,"_jetpack_memberships_contains_paid_content":false,"footnotes":"","jetpack_publicize_message":"","jetpack_publicize_feature_enabled":true,"jetpack_social_post_already_shared":true,"jetpack_social_options":{"image_generator_settings":{"template":"highway","default_image_id":0,"font":"","enabled":false},"version":2}},"categories":[3,32],"tags":[],"class_list":["post-4065","post","type-post","status-publish","format-standard","has-post-thumbnail","hentry","category-allgemein","category-wohnen-am-volkspark"],"acf":[],"jetpack_publicize_connections":[],"jetpack_featured_media_url":"https:\/\/i0.wp.com\/www.steenkamper.de\/wp-content\/uploads\/2016\/12\/plan.jpg?fit=1036%2C486&ssl=1","jetpack_sharing_enabled":true,"jetpack_shortlink":"https:\/\/wp.me\/p74Wuo-13z","jetpack_likes_enabled":true,"jetpack-related-posts":[{"id":577,"url":"https:\/\/www.steenkamper.de\/index.php\/2015\/12\/21\/planungswerksatt-wohnen-am-volkspark-am-30-1-16\/","url_meta":{"origin":4065,"position":0},"title":"Planungswerkstatt &#8220;Wohnen am Volkspark&#8221; am 30.1.16","author":"Max","date":"21\/12\/2015","format":false,"excerpt":"Die Beh\u00f6rde f\u00fcr Stadtentwicklung und Wohnen l\u00e4de zur B\u00fcrgerbeteiligung : \"Wohnen am Volkspark\"\u00a0(Bebauung der Trabrennbahn) In der Stadtteilschule Bahrenfeld, Regerstra\u00dfe 21-25 Beginn um 11h \u00a0 (bis ca. 16 Uhr). In Arbeitsgruppen sollen\u00a0Vorgaben f\u00fcr das Wettbewerbsverfahren entwickelt werden. Themen der Arbeitsgruppen: Bebauung und Nutzung, Freiraum und Umwelt,\u00a0Mobilit\u00e4t und Verkehr. Um Anmeldung\u2026","rel":"","context":"In &quot;Nachbarschaft&quot;","block_context":{"text":"Nachbarschaft","link":"https:\/\/www.steenkamper.de\/index.php\/category\/nachbarschaft\/"},"img":{"alt_text":"","src":"","width":0,"height":0},"classes":[]},{"id":3063,"url":"https:\/\/www.steenkamper.de\/index.php\/2016\/12\/17\/kreisverkehr-am-ebertplatz\/","url_meta":{"origin":4065,"position":1},"title":"Kreisverkehr am &#8220;Ebertplatz&#8221;","author":"Max","date":"17\/12\/2016","format":false,"excerpt":"Am Ende der Ebertallee wird 2018 ein Kreisverkehr entstehen, der den Verkehr verteilt, bremst und Fu\u00dfg\u00e4ngern und Radfahrern mehr Bewegungsfreiheit l\u00e4sst. Im Verkehrsausschuss der Bezirksversammlung Hamburg-Altona wurde am 7.11. die Planung zum \"Busbeschleunigungsprogramm Metrobuslinie 2&3, Teilbauma\u00dfnahme Umbau Ebertplatz\"\u00a0vorgestellt. (Der Platz am Ende der Ebertallee -Haltestelle Trabrennbahn- wird in den Planungen\u2026","rel":"","context":"In &quot;Planungen&quot;","block_context":{"text":"Planungen","link":"https:\/\/www.steenkamper.de\/index.php\/category\/planungen\/"},"img":{"alt_text":"","src":"https:\/\/i0.wp.com\/www.steenkamper.de\/wp-content\/uploads\/2016\/12\/EbertPlan-S.jpg?fit=746%2C206&ssl=1&resize=350%2C200","width":350,"height":200,"srcset":"https:\/\/i0.wp.com\/www.steenkamper.de\/wp-content\/uploads\/2016\/12\/EbertPlan-S.jpg?fit=746%2C206&ssl=1&resize=350%2C200 1x, https:\/\/i0.wp.com\/www.steenkamper.de\/wp-content\/uploads\/2016\/12\/EbertPlan-S.jpg?fit=746%2C206&ssl=1&resize=525%2C300 1.5x, https:\/\/i0.wp.com\/www.steenkamper.de\/wp-content\/uploads\/2016\/12\/EbertPlan-S.jpg?fit=746%2C206&ssl=1&resize=700%2C400 2x"},"classes":[]},{"id":2952,"url":"https:\/\/www.steenkamper.de\/index.php\/2016\/11\/26\/sieger-des-wettbewerbs-wohnen-am-volkspark-steht-fest\/","url_meta":{"origin":4065,"position":2},"title":"Sieger des Wettbewerbs \u201eWohnen am Volkspark\u201c steht fest","author":"Max","date":"26\/11\/2016","format":false,"excerpt":"Pressemeldung der Beh\u00f6rde Stadtentwicklung und Wohnen vom\u00a022. November 2016 SCHWEIZER B\u00dcRO \u00dcBERZEUGT MIT KREATIVER VERBINDUNG VON ALTONAER VOLKSPARK UND WOHNBEBAUUNG Das Schweizer B\u00fcro Leismann AG\/Maurus Schifferli Landschaftsarchitekt hat den st\u00e4dtebaulich-landschaftsplanerischen Wettbewerb \u201eWohnen am Volkspark\u201c gewonnen. Geplant sind mindestens 2.200 neue Wohnungen, davon 1.300 auf dem alten Gel\u00e4nde der Trabrennbahn. 1.\u2026","rel":"","context":"In &quot;Allgemein&quot;","block_context":{"text":"Allgemein","link":"https:\/\/www.steenkamper.de\/index.php\/category\/allgemein\/"},"img":{"alt_text":"","src":"https:\/\/i0.wp.com\/www.steenkamper.de\/wp-content\/uploads\/2016\/10\/TrabPlan.jpg?fit=697%2C378&ssl=1&resize=350%2C200","width":350,"height":200,"srcset":"https:\/\/i0.wp.com\/www.steenkamper.de\/wp-content\/uploads\/2016\/10\/TrabPlan.jpg?fit=697%2C378&ssl=1&resize=350%2C200 1x, https:\/\/i0.wp.com\/www.steenkamper.de\/wp-content\/uploads\/2016\/10\/TrabPlan.jpg?fit=697%2C378&ssl=1&resize=525%2C300 1.5x"},"classes":[]},{"id":7591,"url":"https:\/\/www.steenkamper.de\/index.php\/2019\/01\/29\/infoveranstaltung-science-city\/","url_meta":{"origin":4065,"position":3},"title":"Infoveranstaltung \u201eScience City\u201c","author":"Max","date":"29\/01\/2019","format":false,"excerpt":"am 11. Februar um 18:30h auf dem DESY Gel\u00e4nde (H\u00f6rsaal) Ein \u00dcberblick \u00fcber die geplante \"Science City Bahrenfeld\" (Wohnen am Volkspark) und die geplante Verkahrsanbindung. Bekommen wir eine S- oder U-Bahn? \"Schienengebundener Nahverkehr\" wird von der Stadt versprochen...","rel":"","context":"In &quot;Allgemein&quot;","block_context":{"text":"Allgemein","link":"https:\/\/www.steenkamper.de\/index.php\/category\/allgemein\/"},"img":{"alt_text":"","src":"https:\/\/i0.wp.com\/www.steenkamper.de\/wp-content\/uploads\/2019\/01\/IMG_9844.jpg?fit=1200%2C357&ssl=1&resize=350%2C200","width":350,"height":200,"srcset":"https:\/\/i0.wp.com\/www.steenkamper.de\/wp-content\/uploads\/2019\/01\/IMG_9844.jpg?fit=1200%2C357&ssl=1&resize=350%2C200 1x, https:\/\/i0.wp.com\/www.steenkamper.de\/wp-content\/uploads\/2019\/01\/IMG_9844.jpg?fit=1200%2C357&ssl=1&resize=525%2C300 1.5x, https:\/\/i0.wp.com\/www.steenkamper.de\/wp-content\/uploads\/2019\/01\/IMG_9844.jpg?fit=1200%2C357&ssl=1&resize=700%2C400 2x, https:\/\/i0.wp.com\/www.steenkamper.de\/wp-content\/uploads\/2019\/01\/IMG_9844.jpg?fit=1200%2C357&ssl=1&resize=1050%2C600 3x"},"classes":[]},{"id":3023,"url":"https:\/\/www.steenkamper.de\/index.php\/2016\/12\/06\/ausstellung-wohnen-am-volkspark\/","url_meta":{"origin":4065,"position":4},"title":"Ausstellung  &#8220;Wohnen am Volkspark&#8221;","author":"Max","date":"06\/12\/2016","format":false,"excerpt":"Ausstellung der Ergebnisse zum Wettbewerb Wohnen am Volkspark Der pr\u00e4mierte Siegerentwurf und die sechs weiteren Entw\u00fcrfe der zweiten Wettbewerbsphase werden ausgestellt vom\u00a005. bis zum 16. Dezember 2016 im Foyer der Beh\u00f6rde f\u00fcr Stadtentwicklung und Wohnen\u00a0in der Neuenfelder Stra\u00dfe 19 in Wilhelmsburg und alle Arbeiten des Wettbewerbs Wohnen am Volkspark werden\u2026","rel":"","context":"In &quot;Planungen&quot;","block_context":{"text":"Planungen","link":"https:\/\/www.steenkamper.de\/index.php\/category\/planungen\/"},"img":{"alt_text":"","src":"https:\/\/i0.wp.com\/www.steenkamper.de\/wp-content\/uploads\/2016\/12\/plan.jpg?fit=1036%2C486&ssl=1&resize=350%2C200","width":350,"height":200,"srcset":"https:\/\/i0.wp.com\/www.steenkamper.de\/wp-content\/uploads\/2016\/12\/plan.jpg?fit=1036%2C486&ssl=1&resize=350%2C200 1x, https:\/\/i0.wp.com\/www.steenkamper.de\/wp-content\/uploads\/2016\/12\/plan.jpg?fit=1036%2C486&ssl=1&resize=525%2C300 1.5x, https:\/\/i0.wp.com\/www.steenkamper.de\/wp-content\/uploads\/2016\/12\/plan.jpg?fit=1036%2C486&ssl=1&resize=700%2C400 2x"},"classes":[]},{"id":2709,"url":"https:\/\/www.steenkamper.de\/index.php\/2016\/11\/07\/wohnen-am-volkspark-bebauung-trabrennbahn\/","url_meta":{"origin":4065,"position":5},"title":"Wohnen am Volkspark- Bebauung Trabrennbahn\u00a0","author":"Max","date":"07\/11\/2016","format":false,"excerpt":"Vorstellung der Planungen zur 2. Stufe des Wettbewerbs \"Wohnen am Volkspark\". Es soll das Angebot geschaffen werden, der Jury Hinweise und Anregungen f\u00fcr die am n\u00e4chsten Tag folgende Jurysitzung zu geben. Die Pr\u00e4sentation findet statt: Di. 15.11.2016 18.30 bis ca. 21.15h im: Rathaus Altona, Kollegiensaal, Platz der Republik 1, 22765\u2026","rel":"","context":"In &quot;Allgemein&quot;","block_context":{"text":"Allgemein","link":"https:\/\/www.steenkamper.de\/index.php\/category\/allgemein\/"},"img":{"alt_text":"","src":"https:\/\/i0.wp.com\/www.steenkamper.de\/wp-content\/uploads\/2016\/10\/TrabPlan.jpg?fit=697%2C378&ssl=1&resize=350%2C200","width":350,"height":200,"srcset":"https:\/\/i0.wp.com\/www.steenkamper.de\/wp-content\/uploads\/2016\/10\/TrabPlan.jpg?fit=697%2C378&ssl=1&resize=350%2C200 1x, https:\/\/i0.wp.com\/www.steenkamper.de\/wp-content\/uploads\/2016\/10\/TrabPlan.jpg?fit=697%2C378&ssl=1&resize=525%2C300 1.5x"},"classes":[]}],"_links":{"self":[{"href":"https:\/\/www.steenkamper.de\/index.php\/wp-json\/wp\/v2\/posts\/4065","targetHints":{"allow":["GET"]}}],"collection":[{"href":"https:\/\/www.steenkamper.de\/index.php\/wp-json\/wp\/v2\/posts"}],"about":[{"href":"https:\/\/www.steenkamper.de\/index.php\/wp-json\/wp\/v2\/types\/post"}],"author":[{"embeddable":true,"href":"https:\/\/www.steenkamper.de\/index.php\/wp-json\/wp\/v2\/users\/6"}],"replies":[{"embeddable":true,"href":"https:\/\/www.steenkamper.de\/index.php\/wp-json\/wp\/v2\/comments?post=4065"}],"version-history":[{"count":3,"href":"https:\/\/www.steenkamper.de\/index.php\/wp-json\/wp\/v2\/posts\/4065\/revisions"}],"predecessor-version":[{"id":4095,"href":"https:\/\/www.steenkamper.de\/index.php\/wp-json\/wp\/v2\/posts\/4065\/revisions\/4095"}],"wp:featuredmedia":[{"embeddable":true,"href":"https:\/\/www.steenkamper.de\/index.php\/wp-json\/wp\/v2\/media\/3026"}],"wp:attachment":[{"href":"https:\/\/www.steenkamper.de\/index.php\/wp-json\/wp\/v2\/media?parent=4065"}],"wp:term":[{"taxonomy":"category","embeddable":true,"href":"https:\/\/www.steenkamper.de\/index.php\/wp-json\/wp\/v2\/categories?post=4065"},{"taxonomy":"post_tag","embeddable":true,"href":"https:\/\/www.steenkamper.de\/index.php\/wp-json\/wp\/v2\/tags?post=4065"}],"curies":[{"name":"wp","href":"https:\/\/api.w.org\/{rel}","templated":true}]}}