{"id":37242,"date":"2026-09-01T08:55:23","date_gmt":"2026-09-01T06:55:23","guid":{"rendered":"https:\/\/www.steenkamper.de\/?p=37242"},"modified":"2026-09-01T08:55:27","modified_gmt":"2026-09-01T06:55:27","slug":"aufraeumen-der-vogelweide-das-sommerfest-kann-kommen","status":"publish","type":"post","link":"https:\/\/www.steenkamper.de\/index.php\/2026\/09\/01\/aufraeumen-der-vogelweide-das-sommerfest-kann-kommen\/","title":{"rendered":"Aufr\u00e4umen der Vogelweide: Das Sommerfest kann kommen!"},"content":{"rendered":"\n<p class=\"wp-block-paragraph\">An den letzten beiden Wochenenden fanden sich wieder einige flei\u00dfige Helfer, um die Vogelweide f\u00fcr das Sommerfest h\u00fcbsch zu machen. Es wurde gej\u00e4tet, geschnitten, Unkraut gezupft, gem\u00e4ht und noch vieles, vieles mehr. <\/p>\n\n\n\n<p class=\"wp-block-paragraph\">Vier&nbsp;Bigpacks&nbsp;und&nbsp;einige&nbsp;Arbeitsstunden sp\u00e4ter kann man sagen: Es hat sich gelohnt! Das Ergebnis ist wirklich beachtlich.&nbsp;<\/p>\n\n\n\n<p class=\"wp-block-paragraph\"><strong>Ein ganz gro\u00dfes Dankesch\u00f6n an unsere Superhelfer<\/strong>, die&nbsp;sich auch von Regen, Dornen, hartn\u00e4ckigem Unkraut und anderen Herausforderungen&nbsp;nicht haben abschrecken lassen. Vielen Dank f\u00fcr Eure tatkr\u00e4ftige Unterst\u00fctzung!&nbsp;<\/p>\n\n\n\n<p class=\"wp-block-paragraph\">Die Vogelweide ist bereit f\u00fcr das Sommerfest!&nbsp;<\/p>\n\n\n\n<p class=\"wp-block-paragraph\">Jetzt dr\u00fccken wir alle die Daumen, dass das Wetter wieder mitspielt und wir gemeinsam ein tolles Fest feiern k\u00f6nnen.&nbsp;<a><\/a><\/p>\n\n\n\n<figure class=\"wp-block-image size-large is-resized\"><img data-recalc-dims=\"1\" fetchpriority=\"high\" decoding=\"async\" width=\"955\" height=\"1024\" data-attachment-id=\"37245\" data-permalink=\"https:\/\/www.steenkamper.de\/bigpack-22-08-2026\/\" data-orig-file=\"https:\/\/i0.wp.com\/www.steenkamper.de\/wp-content\/uploads\/2026\/09\/bigpack-22.08.2026.jpg?fit=1865%2C2000&amp;ssl=1\" data-orig-size=\"1865,2000\" data-comments-opened=\"1\" data-image-meta=\"{&quot;aperture&quot;:&quot;0&quot;,&quot;credit&quot;:&quot;&quot;,&quot;camera&quot;:&quot;&quot;,&quot;caption&quot;:&quot;&quot;,&quot;created_timestamp&quot;:&quot;1787480741&quot;,&quot;copyright&quot;:&quot;&quot;,&quot;focal_length&quot;:&quot;0&quot;,&quot;iso&quot;:&quot;0&quot;,&quot;shutter_speed&quot;:&quot;0&quot;,&quot;title&quot;:&quot;&quot;,&quot;orientation&quot;:&quot;1&quot;,&quot;alt&quot;:&quot;&quot;}\" data-image-title=\"bigpack 22.08.2026\" data-image-description=\"\" data-image-caption=\"\" data-large-file=\"https:\/\/i0.wp.com\/www.steenkamper.de\/wp-content\/uploads\/2026\/09\/bigpack-22.08.2026.jpg?fit=955%2C1024&amp;ssl=1\" src=\"https:\/\/i0.wp.com\/www.steenkamper.de\/wp-content\/uploads\/2026\/09\/bigpack-22.08.2026.jpg?resize=955%2C1024&#038;ssl=1\" alt=\"\" class=\"wp-image-37245\" style=\"aspect-ratio:0.9326325848064978;width:593px;height:auto\" srcset=\"https:\/\/i0.wp.com\/www.steenkamper.de\/wp-content\/uploads\/2026\/09\/bigpack-22.08.2026.jpg?resize=955%2C1024&amp;ssl=1 955w, https:\/\/i0.wp.com\/www.steenkamper.de\/wp-content\/uploads\/2026\/09\/bigpack-22.08.2026.jpg?resize=280%2C300&amp;ssl=1 280w, https:\/\/i0.wp.com\/www.steenkamper.de\/wp-content\/uploads\/2026\/09\/bigpack-22.08.2026.jpg?resize=768%2C824&amp;ssl=1 768w, https:\/\/i0.wp.com\/www.steenkamper.de\/wp-content\/uploads\/2026\/09\/bigpack-22.08.2026.jpg?resize=1432%2C1536&amp;ssl=1 1432w, https:\/\/i0.wp.com\/www.steenkamper.de\/wp-content\/uploads\/2026\/09\/bigpack-22.08.2026.jpg?resize=300%2C322&amp;ssl=1 300w, https:\/\/i0.wp.com\/www.steenkamper.de\/wp-content\/uploads\/2026\/09\/bigpack-22.08.2026.jpg?resize=600%2C643&amp;ssl=1 600w, https:\/\/i0.wp.com\/www.steenkamper.de\/wp-content\/uploads\/2026\/09\/bigpack-22.08.2026.jpg?w=1865&amp;ssl=1 1865w\" sizes=\"(max-width: 955px) 100vw, 955px\" \/><\/figure>\n","protected":false},"excerpt":{"rendered":"<p>An den letzten beiden Wochenenden fanden sich wieder einige flei\u00dfige Helfer, um die Vogelweide f\u00fcr das Sommerfest h\u00fcbsch zu machen. Es wurde gej\u00e4tet, geschnitten, Unkraut gezupft, gem\u00e4ht und noch vieles, [&hellip;]<\/p>\n","protected":false},"author":6,"featured_media":37244,"comment_status":"open","ping_status":"open","sticky":false,"template":"","format":"standard","meta":{"_acf_changed":false,"site-sidebar-layout":"default","site-content-layout":"","ast-site-content-layout":"default","site-content-style":"default","site-sidebar-style":"default","ast-global-header-display":"","ast-banner-title-visibility":"","ast-main-header-display":"","ast-hfb-above-header-display":"","ast-hfb-below-header-display":"","ast-hfb-mobile-header-display":"","site-post-title":"disabled","ast-breadcrumbs-content":"","ast-featured-img":"","footer-sml-layout":"","ast-disable-related-posts":"","theme-transparent-header-meta":"","adv-header-id-meta":"","stick-header-meta":"","header-above-stick-meta":"","header-main-stick-meta":"","header-below-stick-meta":"","astra-migrate-meta-layouts":"default","ast-page-background-enabled":"default","ast-page-background-meta":{"desktop":{"background-color":"var(--ast-global-color-5)","background-image":"","background-repeat":"repeat","background-position":"center center","background-size":"auto","background-attachment":"scroll","background-type":"","background-media":"","overlay-type":"","overlay-color":"","overlay-opacity":"","overlay-gradient":""},"tablet":{"background-color":"","background-image":"","background-repeat":"repeat","background-position":"center center","background-size":"auto","background-attachment":"scroll","background-type":"","background-media":"","overlay-type":"","overlay-color":"","overlay-opacity":"","overlay-gradient":""},"mobile":{"background-color":"","background-image":"","background-repeat":"repeat","background-position":"center center","background-size":"auto","background-attachment":"scroll","background-type":"","background-media":"","overlay-type":"","overlay-color":"","overlay-opacity":"","overlay-gradient":""}},"ast-content-background-meta":{"desktop":{"background-color":"var(--ast-global-color-4)","background-image":"","background-repeat":"repeat","background-position":"center center","background-size":"auto","background-attachment":"scroll","background-type":"","background-media":"","overlay-type":"","overlay-color":"","overlay-opacity":"","overlay-gradient":""},"tablet":{"background-color":"var(--ast-global-color-4)","background-image":"","background-repeat":"repeat","background-position":"center center","background-size":"auto","background-attachment":"scroll","background-type":"","background-media":"","overlay-type":"","overlay-color":"","overlay-opacity":"","overlay-gradient":""},"mobile":{"background-color":"var(--ast-global-color-4)","background-image":"","background-repeat":"repeat","background-position":"center center","background-size":"auto","background-attachment":"scroll","background-type":"","background-media":"","overlay-type":"","overlay-color":"","overlay-opacity":"","overlay-gradient":""}},"_price":"","_stock":"","_tribe_ticket_header":"","_tribe_default_ticket_provider":"","_tribe_ticket_capacity":"","_ticket_start_date":"","_ticket_end_date":"","_tribe_ticket_show_description":"","_tribe_ticket_show_not_going":false,"_tribe_ticket_use_global_stock":"","_tribe_ticket_global_stock_level":"","_global_stock_mode":"","_global_stock_cap":"","_tribe_rsvp_for_event":"","_tribe_ticket_going_count":"","_tribe_ticket_not_going_count":"","_tribe_tickets_list":"[]","_tribe_ticket_has_attendee_info_fields":false,"_jetpack_newsletter_access":"","_jetpack_dont_email_post_to_subs":false,"_jetpack_newsletter_tier_id":0,"_jetpack_memberships_contains_paywalled_content":false,"_jetpack_feature_clip_id":0,"_jetpack_memberships_contains_paid_content":false,"footnotes":"","jetpack_publicize_message":"","jetpack_publicize_feature_enabled":true,"jetpack_social_post_already_shared":true,"jetpack_social_options":{"image_generator_settings":{"template":"highway","default_image_id":0,"font":"","enabled":false},"version":2},"jetpack_post_was_ever_published":false},"categories":[3],"tags":[],"class_list":["post-37242","post","type-post","status-publish","format-standard","has-post-thumbnail","hentry","category-allgemein"],"acf":[],"jetpack_publicize_connections":[],"jetpack_sharing_enabled":true,"jetpack_shortlink":"https:\/\/wp.me\/p74Wuo-9GG","jetpack_likes_enabled":true,"jetpack-related-posts":[{"id":37015,"url":"https:\/\/www.steenkamper.de\/index.php\/2026\/07\/25\/aufraeumen-auf-der-vogelweide-2026\/","url_meta":{"origin":37242,"position":0},"title":"Aufr\u00e4umen auf der Vogelweide 2026","author":"Max","date":"25\/07\/2026","format":false,"excerpt":"JETZT AM WOCHENENDE: Erster Termin! Der Sommer ist da und das Steenkamp-Sommerfest r\u00fcckt immer n\u00e4her.Daf\u00fcr m\u00f6chten wir gemeinsam unser \u201eFestivalgel\u00e4nde\u201c, die Vogelweide, wieder auf Vordermann bringen und Platz und Ordnung f\u00fcr ein sch\u00f6nes Miteinander schaffen. Wir treffen uns an zwei Terminen nach den Sommerferien: Samstag, 22.08.2026, ab 14:00 Uhr und\u00a0Sonntag,\u2026","rel":"","context":"In &quot;Allgemein&quot;","block_context":{"text":"Allgemein","link":"https:\/\/www.steenkamper.de\/index.php\/category\/allgemein\/"},"img":{"alt_text":"","src":"https:\/\/i0.wp.com\/www.steenkamper.de\/wp-content\/uploads\/2026\/07\/Vogelweide-scaled.jpg?fit=1200%2C746&ssl=1&resize=350%2C200","width":350,"height":200,"srcset":"https:\/\/i0.wp.com\/www.steenkamper.de\/wp-content\/uploads\/2026\/07\/Vogelweide-scaled.jpg?fit=1200%2C746&ssl=1&resize=350%2C200 1x, https:\/\/i0.wp.com\/www.steenkamper.de\/wp-content\/uploads\/2026\/07\/Vogelweide-scaled.jpg?fit=1200%2C746&ssl=1&resize=525%2C300 1.5x, https:\/\/i0.wp.com\/www.steenkamper.de\/wp-content\/uploads\/2026\/07\/Vogelweide-scaled.jpg?fit=1200%2C746&ssl=1&resize=700%2C400 2x, https:\/\/i0.wp.com\/www.steenkamper.de\/wp-content\/uploads\/2026\/07\/Vogelweide-scaled.jpg?fit=1200%2C746&ssl=1&resize=1050%2C600 3x"},"classes":[]},{"id":29927,"url":"https:\/\/www.steenkamper.de\/index.php\/2025\/07\/18\/vogelweide-aufraeumen-fuer-das-sommerfest\/","url_meta":{"origin":37242,"position":1},"title":"Vogelweide aufr\u00e4umen f\u00fcr das Sommerfest","author":"Max","date":"18\/07\/2025","format":false,"excerpt":"Am Sonntag 7.9. um 14Uhr ! Der Hamburger\u00a0Sommer ist\u00a0da! Der Mix aus\u00a0etwas Sonne und Regen ist super f\u00fcr die Natur, die\u00a0w\u00e4chst und\u00a0gedeiht. Das merkt\u00a0man\u00a0auch\u00a0auf unserem\u00a0Festivalgel\u00e4nder f\u00fcr das Sommerfest! Um\u00a0auf der Vogelweide\u00a0klar Schiff zu\u00a0schaffen, damit ausreichend Platz f\u00fcr alle Aktivit\u00e4ten ist und die Mauern und Wege wieder Fl\u00e4che zum Sitzen, Plaudern\u2026","rel":"","context":"In &quot;Allgemein&quot;","block_context":{"text":"Allgemein","link":"https:\/\/www.steenkamper.de\/index.php\/category\/allgemein\/"},"img":{"alt_text":"","src":"https:\/\/i0.wp.com\/www.steenkamper.de\/wp-content\/uploads\/2025\/09\/img_1098-1.jpg?fit=1200%2C907&ssl=1&resize=350%2C200","width":350,"height":200,"srcset":"https:\/\/i0.wp.com\/www.steenkamper.de\/wp-content\/uploads\/2025\/09\/img_1098-1.jpg?fit=1200%2C907&ssl=1&resize=350%2C200 1x, https:\/\/i0.wp.com\/www.steenkamper.de\/wp-content\/uploads\/2025\/09\/img_1098-1.jpg?fit=1200%2C907&ssl=1&resize=525%2C300 1.5x, https:\/\/i0.wp.com\/www.steenkamper.de\/wp-content\/uploads\/2025\/09\/img_1098-1.jpg?fit=1200%2C907&ssl=1&resize=700%2C400 2x, https:\/\/i0.wp.com\/www.steenkamper.de\/wp-content\/uploads\/2025\/09\/img_1098-1.jpg?fit=1200%2C907&ssl=1&resize=1050%2C600 3x"},"classes":[]},{"id":6736,"url":"https:\/\/www.steenkamper.de\/index.php\/2018\/08\/04\/sommerfest-2018-2\/","url_meta":{"origin":37242,"position":2},"title":"Sommerfest 2018","author":"Max","date":"04\/08\/2018","format":false,"excerpt":"Am ersten Wochenende im September 1. & 2.9.2018 ist wieder Sommerfest in der Steenkampsiedlung. Ein Wochenende vorher (Sa. 25.8.) findet das \"Weisse Dinner\" auf der Vogelweide statt.\u00a0 Dieses Jahr wird es einige Ver\u00e4nderungen geben. Auf der Zukunftswerkstatt im Fr\u00fchjahr hat sich eine neue Planungsgruppe \/ Ausschuss zusammen gefunden. Es gibt\u2026","rel":"","context":"In &quot;Allgemein&quot;","block_context":{"text":"Allgemein","link":"https:\/\/www.steenkamper.de\/index.php\/category\/allgemein\/"},"img":{"alt_text":"","src":"https:\/\/i0.wp.com\/www.steenkamper.de\/wp-content\/uploads\/2018\/07\/titel-2-18.jpg?fit=1200%2C960&ssl=1&resize=350%2C200","width":350,"height":200,"srcset":"https:\/\/i0.wp.com\/www.steenkamper.de\/wp-content\/uploads\/2018\/07\/titel-2-18.jpg?fit=1200%2C960&ssl=1&resize=350%2C200 1x, https:\/\/i0.wp.com\/www.steenkamper.de\/wp-content\/uploads\/2018\/07\/titel-2-18.jpg?fit=1200%2C960&ssl=1&resize=525%2C300 1.5x, https:\/\/i0.wp.com\/www.steenkamper.de\/wp-content\/uploads\/2018\/07\/titel-2-18.jpg?fit=1200%2C960&ssl=1&resize=700%2C400 2x, https:\/\/i0.wp.com\/www.steenkamper.de\/wp-content\/uploads\/2018\/07\/titel-2-18.jpg?fit=1200%2C960&ssl=1&resize=1050%2C600 3x"},"classes":[]},{"id":16169,"url":"https:\/\/www.steenkamper.de\/index.php\/2021\/07\/20\/sommerfest-2021\/","url_meta":{"origin":37242,"position":3},"title":"Sommerfest 2021 ?","author":"Max","date":"20\/07\/2021","format":false,"excerpt":"Durch die Pandemie ist schon 2020 unser Sommerfest ausgefallen. Jetzt r\u00fcckt der Termin 2021 n\u00e4her, an dem wir unser Sommerfest nachholen wollten (4.&5.9.). Es gibt verschieden Ideen dieses Jahr das Steenkamperfest zu feiern. Je nach dem was die Pandemie-Verordnung m\u00f6glich macht, z.B. nur am Samstag und nur drau\u00dfen auf der\u2026","rel":"","context":"In &quot;100 jahre&quot;","block_context":{"text":"100 jahre","link":"https:\/\/www.steenkamper.de\/index.php\/category\/100-jahre\/"},"img":{"alt_text":"","src":"https:\/\/i0.wp.com\/www.steenkamper.de\/wp-content\/uploads\/2017\/09\/IMG_0140.jpg?fit=1200%2C900&ssl=1&resize=350%2C200","width":350,"height":200,"srcset":"https:\/\/i0.wp.com\/www.steenkamper.de\/wp-content\/uploads\/2017\/09\/IMG_0140.jpg?fit=1200%2C900&ssl=1&resize=350%2C200 1x, https:\/\/i0.wp.com\/www.steenkamper.de\/wp-content\/uploads\/2017\/09\/IMG_0140.jpg?fit=1200%2C900&ssl=1&resize=525%2C300 1.5x, https:\/\/i0.wp.com\/www.steenkamper.de\/wp-content\/uploads\/2017\/09\/IMG_0140.jpg?fit=1200%2C900&ssl=1&resize=700%2C400 2x, https:\/\/i0.wp.com\/www.steenkamper.de\/wp-content\/uploads\/2017\/09\/IMG_0140.jpg?fit=1200%2C900&ssl=1&resize=1050%2C600 3x"},"classes":[]},{"id":16296,"url":"https:\/\/www.steenkamper.de\/index.php\/2021\/08\/16\/kein-sommerfest\/","url_meta":{"origin":37242,"position":4},"title":"KEIN Sommerfest","author":"Max","date":"16\/08\/2021","format":false,"excerpt":"Leider ein weiterer Sommer ohne Sommerfest! Das erste September-Wochenende 2021 war eigentlich daf\u00fcr vorgesehen, das im letzten Jahr corona-bedingt ausgefallene Jubil\u00e4ums-Sommerfest nachzuholen. Doch die Lage hat sich bekannterma\u00dfen noch immer nicht so entspannt, dass eine zwanglose Begegnung mit vielen Nachbarn um die Vogelweide und im Steenkampsaal m\u00f6glich w\u00e4re. Auch kleinere\u2026","rel":"","context":"In &quot;Allgemein&quot;","block_context":{"text":"Allgemein","link":"https:\/\/www.steenkamper.de\/index.php\/category\/allgemein\/"},"img":{"alt_text":"","src":"https:\/\/i0.wp.com\/www.steenkamper.de\/wp-content\/uploads\/2019\/09\/img_2112-1.jpg?fit=1200%2C869&ssl=1&resize=350%2C200","width":350,"height":200,"srcset":"https:\/\/i0.wp.com\/www.steenkamper.de\/wp-content\/uploads\/2019\/09\/img_2112-1.jpg?fit=1200%2C869&ssl=1&resize=350%2C200 1x, https:\/\/i0.wp.com\/www.steenkamper.de\/wp-content\/uploads\/2019\/09\/img_2112-1.jpg?fit=1200%2C869&ssl=1&resize=525%2C300 1.5x, https:\/\/i0.wp.com\/www.steenkamper.de\/wp-content\/uploads\/2019\/09\/img_2112-1.jpg?fit=1200%2C869&ssl=1&resize=700%2C400 2x, https:\/\/i0.wp.com\/www.steenkamper.de\/wp-content\/uploads\/2019\/09\/img_2112-1.jpg?fit=1200%2C869&ssl=1&resize=1050%2C600 3x"},"classes":[]},{"id":23764,"url":"https:\/\/www.steenkamper.de\/index.php\/2023\/08\/02\/vogelweide-aufraeumen-fuer-das-sommerfest-2023\/","url_meta":{"origin":37242,"position":5},"title":"Vogelweide, aufr\u00e4umen f\u00fcr das Sommerfest 2023","author":"Max","date":"02\/08\/2023","format":false,"excerpt":"Wir wollen die Vogelweide aufr\u00e4umen f\u00fcr das Sommerfest. Wer hat Lust und Zeit am 5. August ab 14:00 Uhr und am 27. August ab 15:00 Uhr dabei zu sein? Gut w\u00e4re mitzubringen: Die eigene Bio Tonne und Gartenwerkzeuge wie z. B. Besen, Schaufel Harke, etc. Anmeldungsliste f\u00fcr den 27.8.: 27.8.\u2026","rel":"","context":"In &quot;Allgemein&quot;","block_context":{"text":"Allgemein","link":"https:\/\/www.steenkamper.de\/index.php\/category\/allgemein\/"},"img":{"alt_text":"","src":"https:\/\/i0.wp.com\/www.steenkamper.de\/wp-content\/uploads\/2016\/04\/IMG_2781-0.jpg?fit=802%2C531&ssl=1&resize=350%2C200","width":350,"height":200,"srcset":"https:\/\/i0.wp.com\/www.steenkamper.de\/wp-content\/uploads\/2016\/04\/IMG_2781-0.jpg?fit=802%2C531&ssl=1&resize=350%2C200 1x, https:\/\/i0.wp.com\/www.steenkamper.de\/wp-content\/uploads\/2016\/04\/IMG_2781-0.jpg?fit=802%2C531&ssl=1&resize=525%2C300 1.5x, https:\/\/i0.wp.com\/www.steenkamper.de\/wp-content\/uploads\/2016\/04\/IMG_2781-0.jpg?fit=802%2C531&ssl=1&resize=700%2C400 2x"},"classes":[]}],"jetpack_featured_media_url":"https:\/\/i0.wp.com\/www.steenkamper.de\/wp-content\/uploads\/2026\/09\/img_0613.jpg?fit=1946%2C2000&ssl=1","_links":{"self":[{"href":"https:\/\/www.steenkamper.de\/index.php\/wp-json\/wp\/v2\/posts\/37242","targetHints":{"allow":["GET"]}}],"collection":[{"href":"https:\/\/www.steenkamper.de\/index.php\/wp-json\/wp\/v2\/posts"}],"about":[{"href":"https:\/\/www.steenkamper.de\/index.php\/wp-json\/wp\/v2\/types\/post"}],"author":[{"embeddable":true,"href":"https:\/\/www.steenkamper.de\/index.php\/wp-json\/wp\/v2\/users\/6"}],"replies":[{"embeddable":true,"href":"https:\/\/www.steenkamper.de\/index.php\/wp-json\/wp\/v2\/comments?post=37242"}],"version-history":[{"count":2,"href":"https:\/\/www.steenkamper.de\/index.php\/wp-json\/wp\/v2\/posts\/37242\/revisions"}],"predecessor-version":[{"id":37246,"href":"https:\/\/www.steenkamper.de\/index.php\/wp-json\/wp\/v2\/posts\/37242\/revisions\/37246"}],"wp:featuredmedia":[{"embeddable":true,"href":"https:\/\/www.steenkamper.de\/index.php\/wp-json\/wp\/v2\/media\/37244"}],"wp:attachment":[{"href":"https:\/\/www.steenkamper.de\/index.php\/wp-json\/wp\/v2\/media?parent=37242"}],"wp:term":[{"taxonomy":"category","embeddable":true,"href":"https:\/\/www.steenkamper.de\/index.php\/wp-json\/wp\/v2\/categories?post=37242"},{"taxonomy":"post_tag","embeddable":true,"href":"https:\/\/www.steenkamper.de\/index.php\/wp-json\/wp\/v2\/tags?post=37242"}],"curies":[{"name":"wp","href":"https:\/\/api.w.org\/{rel}","templated":true}]}}