{"id":34737,"date":"2026-03-17T12:00:12","date_gmt":"2026-03-17T11:00:12","guid":{"rendered":"https:\/\/www.steenkamper.de\/?p=34737"},"modified":"2026-03-17T12:00:12","modified_gmt":"2026-03-17T11:00:12","slug":"leerstand-in-der-siedlung","status":"publish","type":"post","link":"https:\/\/www.steenkamper.de\/index.php\/2026\/03\/17\/leerstand-in-der-siedlung\/","title":{"rendered":"Leerstand in der Siedlung"},"content":{"rendered":"\n<p class=\"p1\"><strong>Vorstand informiert sich \u00fcber Sanierungsstand in der Steenkampsiedlung<\/strong><\/p>\n\n\n\n<p class=\"p1\">Der Vorstand wurde gestern eingeladen, sich vor Ort ein Bild vom Stand der Sanierungsarbeiten in der Steenkampsiedlung zu machen. Bei dem Termin verschafften sich der Ausschuss Baukultur, der Vorstand sowie die AG SteenkampEnergie einen \u00dcberblick \u00fcber den Fortschritt sowie die aktuell laufenden Ma\u00dfnahmen. <\/p>\n\n\n\n<p class=\"p1\">Die SAGA saniert derzeit insgesamt 17 Objekte, die zuvor \u00fcber einen l\u00e4ngeren Zeitraum leer standen. Der Leerstand war in den vergangenen Monaten mehrfach Thema in der Berichterstattung, unter anderem im Hamburger Abendblatt und beim NDR, wo auch Kritik aus der Nachbarschaft aufgegriffen wurde.<\/p>\n\n\n\n<p class=\"p1\">Inzwischen laufen die Arbeiten mit dem Ziel, die Geb\u00e4ude Schritt f\u00fcr Schritt wieder in die Vermietung zu nehmen. Dabei werden die H\u00e4user nicht alle gleichzeitig auf den gleichen Stand gebracht: Einige Objekte sind gerade erst in die Sanierung gestartet, andere sind bereits fertiggestellt und schon vermietet.<\/p>\n\n\n\n<p class=\"p1\">Zu den Ma\u00dfnahmen geh\u00f6ren unter anderem der Einbau von W\u00e4rmepumpen, neue Elektrik, D\u00e4mmung der obersten Geschossdecken sowie der Austausch der Fenster und einiges mehr. Die Sanierungsma\u00dfnahmen sind mit einem Energieberater abgestimmt, so dass Unterschiede in einzelnen Objekte durchaus gewollt sind. Die Umsetzung erfolgt nat\u00fcrlich im Rahmen der geltenden Gestaltungsverordnung.<\/p>\n\n\n\n<p class=\"p1\">Die Vermietung erfolgt nach und nach: Fertige Wohnungen werden schrittweise \u00fcber das Internetportal auf der Webseite der SAGA angeboten. Der geplante Mietpreis liegt voraussichtlich zwischen 13 und 15 Euro netto kalt pro Quadratmeter.<\/p>\n\n\n\n<p class=\"p1\">Der Vorstand zeigte sich erfreut dar\u00fcber, dass die Sanierung nun vorangeht und die Geb\u00e4ude nach und nach wieder in die Vermietung gehen.<\/p>\n","protected":false},"excerpt":{"rendered":"<p>Vorstand informiert sich \u00fcber Sanierungsstand in der Steenkampsiedlung Der Vorstand wurde gestern eingeladen, sich vor Ort ein Bild vom Stand der Sanierungsarbeiten in der Steenkampsiedlung zu machen. Bei dem Termin [&hellip;]<\/p>\n","protected":false},"author":6,"featured_media":34739,"comment_status":"open","ping_status":"open","sticky":false,"template":"","format":"standard","meta":{"_acf_changed":false,"site-sidebar-layout":"default","site-content-layout":"","ast-site-content-layout":"default","site-content-style":"default","site-sidebar-style":"default","ast-global-header-display":"","ast-banner-title-visibility":"","ast-main-header-display":"","ast-hfb-above-header-display":"","ast-hfb-below-header-display":"","ast-hfb-mobile-header-display":"","site-post-title":"","ast-breadcrumbs-content":"","ast-featured-img":"","footer-sml-layout":"","ast-disable-related-posts":"","theme-transparent-header-meta":"","adv-header-id-meta":"","stick-header-meta":"","header-above-stick-meta":"","header-main-stick-meta":"","header-below-stick-meta":"","astra-migrate-meta-layouts":"default","ast-page-background-enabled":"default","ast-page-background-meta":{"desktop":{"background-color":"var(--ast-global-color-5)","background-image":"","background-repeat":"repeat","background-position":"center center","background-size":"auto","background-attachment":"scroll","background-type":"","background-media":"","overlay-type":"","overlay-color":"","overlay-opacity":"","overlay-gradient":""},"tablet":{"background-color":"","background-image":"","background-repeat":"repeat","background-position":"center center","background-size":"auto","background-attachment":"scroll","background-type":"","background-media":"","overlay-type":"","overlay-color":"","overlay-opacity":"","overlay-gradient":""},"mobile":{"background-color":"","background-image":"","background-repeat":"repeat","background-position":"center center","background-size":"auto","background-attachment":"scroll","background-type":"","background-media":"","overlay-type":"","overlay-color":"","overlay-opacity":"","overlay-gradient":""}},"ast-content-background-meta":{"desktop":{"background-color":"var(--ast-global-color-4)","background-image":"","background-repeat":"repeat","background-position":"center center","background-size":"auto","background-attachment":"scroll","background-type":"","background-media":"","overlay-type":"","overlay-color":"","overlay-opacity":"","overlay-gradient":""},"tablet":{"background-color":"var(--ast-global-color-4)","background-image":"","background-repeat":"repeat","background-position":"center center","background-size":"auto","background-attachment":"scroll","background-type":"","background-media":"","overlay-type":"","overlay-color":"","overlay-opacity":"","overlay-gradient":""},"mobile":{"background-color":"var(--ast-global-color-4)","background-image":"","background-repeat":"repeat","background-position":"center center","background-size":"auto","background-attachment":"scroll","background-type":"","background-media":"","overlay-type":"","overlay-color":"","overlay-opacity":"","overlay-gradient":""}},"_price":"","_stock":"","_tribe_ticket_header":"","_tribe_default_ticket_provider":"","_tribe_ticket_capacity":"0","_ticket_start_date":"","_ticket_end_date":"","_tribe_ticket_show_description":"","_tribe_ticket_show_not_going":false,"_tribe_ticket_use_global_stock":"","_tribe_ticket_global_stock_level":"","_global_stock_mode":"","_global_stock_cap":"","_tribe_rsvp_for_event":"","_tribe_ticket_going_count":"","_tribe_ticket_not_going_count":"","_tribe_tickets_list":"[]","_tribe_ticket_has_attendee_info_fields":false,"jetpack_post_was_ever_published":false,"_jetpack_newsletter_access":"","_jetpack_dont_email_post_to_subs":false,"_jetpack_newsletter_tier_id":0,"_jetpack_memberships_contains_paywalled_content":false,"_jetpack_memberships_contains_paid_content":false,"footnotes":"","jetpack_publicize_message":"Leerstand in der Siedlung","jetpack_publicize_feature_enabled":true,"jetpack_social_post_already_shared":true,"jetpack_social_options":{"image_generator_settings":{"template":"highway","default_image_id":0,"font":"","enabled":false},"version":2}},"categories":[3,121,6],"tags":[],"class_list":["post-34737","post","type-post","status-publish","format-standard","has-post-thumbnail","hentry","category-allgemein","category-gestaltungsverordnung","category-nachbarschaft"],"acf":[],"jetpack_publicize_connections":[],"jetpack_featured_media_url":"https:\/\/i0.wp.com\/www.steenkamper.de\/wp-content\/uploads\/2026\/03\/img_8953.jpg?fit=2000%2C1500&ssl=1","jetpack_sharing_enabled":true,"jetpack_shortlink":"https:\/\/wp.me\/p74Wuo-92h","jetpack_likes_enabled":true,"jetpack-related-posts":[{"id":30185,"url":"https:\/\/www.steenkamper.de\/index.php\/2025\/08\/25\/leerstand-in-der-steenkampsiedlung\/","url_meta":{"origin":34737,"position":0},"title":"Leerstand in der Steenkampsiedlung","author":"Max","date":"25\/08\/2025","format":false,"excerpt":"Das NDR Hamburg Journal hat gestern folgenden Beitrag gesendet: L\u00e4sst die SAGA H\u00e4user in der Steenkampsiedlung leerstehen?\u00a0 auch das Hamburger Abendblatt hat \u00fcber die leerstehenden H\u00e4user in der Steenkampsiedlung geschrieben: Hamburger Abendblatt vom 23.8.25 Die SAGA hat sich bereits am 12.8. zu unserem Vorstand wie folgt ge\u00e4u\u00dfert: In den vergangenen\u2026","rel":"","context":"In &quot;Allgemein&quot;","block_context":{"text":"Allgemein","link":"https:\/\/www.steenkamper.de\/index.php\/category\/allgemein\/"},"img":{"alt_text":"","src":"https:\/\/i0.wp.com\/www.steenkamper.de\/wp-content\/uploads\/2025\/08\/img_6387.jpg?fit=1200%2C741&ssl=1&resize=350%2C200","width":350,"height":200,"srcset":"https:\/\/i0.wp.com\/www.steenkamper.de\/wp-content\/uploads\/2025\/08\/img_6387.jpg?fit=1200%2C741&ssl=1&resize=350%2C200 1x, https:\/\/i0.wp.com\/www.steenkamper.de\/wp-content\/uploads\/2025\/08\/img_6387.jpg?fit=1200%2C741&ssl=1&resize=525%2C300 1.5x, https:\/\/i0.wp.com\/www.steenkamper.de\/wp-content\/uploads\/2025\/08\/img_6387.jpg?fit=1200%2C741&ssl=1&resize=700%2C400 2x, https:\/\/i0.wp.com\/www.steenkamper.de\/wp-content\/uploads\/2025\/08\/img_6387.jpg?fit=1200%2C741&ssl=1&resize=1050%2C600 3x"},"classes":[]},{"id":18880,"url":"https:\/\/www.steenkamper.de\/index.php\/2022\/04\/09\/neuer-vorstand\/","url_meta":{"origin":34737,"position":1},"title":"neuer Vorstand","author":"Max","date":"09\/04\/2022","format":false,"excerpt":"Auf unserer Mitgliederversammlung am 6.4.2022 wurde ein neuer Vorstand gew\u00e4hlt.Zwei Vorstandsmitglieder sind nach vielen Jahren toller Mitarbeit nun ausgeschieden. Neu hinzu wurden auf die Positionen des 1. & 2. Schriftf\u00fchrers gew\u00e4hlt: Alexander Schwertner und Sebastian Buchholz. Claus Lahner \u00fcbernimmt nun das Amt des 1. Kassierers. Alle anderen standen weiter zur\u2026","rel":"","context":"In &quot;Allgemein&quot;","block_context":{"text":"Allgemein","link":"https:\/\/www.steenkamper.de\/index.php\/category\/allgemein\/"},"img":{"alt_text":"","src":"https:\/\/i0.wp.com\/www.steenkamper.de\/wp-content\/uploads\/2022\/04\/MV2022.jpg?fit=800%2C431&ssl=1&resize=350%2C200","width":350,"height":200,"srcset":"https:\/\/i0.wp.com\/www.steenkamper.de\/wp-content\/uploads\/2022\/04\/MV2022.jpg?fit=800%2C431&ssl=1&resize=350%2C200 1x, https:\/\/i0.wp.com\/www.steenkamper.de\/wp-content\/uploads\/2022\/04\/MV2022.jpg?fit=800%2C431&ssl=1&resize=525%2C300 1.5x, https:\/\/i0.wp.com\/www.steenkamper.de\/wp-content\/uploads\/2022\/04\/MV2022.jpg?fit=800%2C431&ssl=1&resize=700%2C400 2x"},"classes":[]},{"id":30262,"url":"https:\/\/www.steenkamper.de\/index.php\/2025\/09\/02\/leerstand-in-der-steenkampsiedlung-2\/","url_meta":{"origin":34737,"position":2},"title":"Leerstand in der Steenkampsiedlung","author":"Max","date":"02\/09\/2025","format":false,"excerpt":"Sitzung des Ausschusses f\u00fcr Wirtschaft, Klima und Verbraucherschutz Am Montag, den 08.09.2025 um 18.00 Uhr\u00a0im Sitzungsraum Technisches Rathaus \/\u00a0Jessenstra\u00dfe 1\u00a0tagt der Ausschuss f\u00fcr Wirtschaft, Klima und Verbraucherschutz. Auf der Tagesordnung: \u00d6\u00a04 Jahrelanger Leerstand von H\u00e4usern in der Steenkampsiedlung Eingabe vom 06.07.2025 (Fortsetzung der Beratungen aus der Sitzung vom 14.07.2025. Referierende:\u2026","rel":"","context":"In &quot;Allgemein&quot;","block_context":{"text":"Allgemein","link":"https:\/\/www.steenkamper.de\/index.php\/category\/allgemein\/"},"img":{"alt_text":"","src":"https:\/\/i0.wp.com\/www.steenkamper.de\/wp-content\/uploads\/2023\/11\/img_9489-1.jpg?fit=800%2C447&ssl=1&resize=350%2C200","width":350,"height":200,"srcset":"https:\/\/i0.wp.com\/www.steenkamper.de\/wp-content\/uploads\/2023\/11\/img_9489-1.jpg?fit=800%2C447&ssl=1&resize=350%2C200 1x, https:\/\/i0.wp.com\/www.steenkamper.de\/wp-content\/uploads\/2023\/11\/img_9489-1.jpg?fit=800%2C447&ssl=1&resize=525%2C300 1.5x, https:\/\/i0.wp.com\/www.steenkamper.de\/wp-content\/uploads\/2023\/11\/img_9489-1.jpg?fit=800%2C447&ssl=1&resize=700%2C400 2x"},"classes":[]},{"id":30089,"url":"https:\/\/www.steenkamper.de\/index.php\/2025\/08\/12\/leerstaende-und-sanierungen-in-der-steenkampsiedlung\/","url_meta":{"origin":34737,"position":3},"title":"Leerst\u00e4nde und Sanierungen in der Steenkampsiedlung","author":"Max","date":"12\/08\/2025","format":false,"excerpt":"Nach einem Treffen mit dem Vorstand der Heimst\u00e4ttervereinigung Steenkamp e.v. und den zust\u00e4ndigen f\u00fcr die Steenkampsiedlung von der SAGA, erreichte uns diese Info: Stand Sommer 2025 In den vergangenen Monaten mehrten sich die Fragen zur Situation der leerstehenden H\u00e4user in der Steenkampsiedlung \u2013 insbesondere rund um den Grotenkamp. Die SAGA\u2026","rel":"","context":"In &quot;Allgemein&quot;","block_context":{"text":"Allgemein","link":"https:\/\/www.steenkamper.de\/index.php\/category\/allgemein\/"},"img":{"alt_text":"","src":"https:\/\/i0.wp.com\/www.steenkamper.de\/wp-content\/uploads\/2025\/08\/SAGA.png?fit=598%2C212&ssl=1&resize=350%2C200","width":350,"height":200,"srcset":"https:\/\/i0.wp.com\/www.steenkamper.de\/wp-content\/uploads\/2025\/08\/SAGA.png?fit=598%2C212&ssl=1&resize=350%2C200 1x, https:\/\/i0.wp.com\/www.steenkamper.de\/wp-content\/uploads\/2025\/08\/SAGA.png?fit=598%2C212&ssl=1&resize=525%2C300 1.5x"},"classes":[]},{"id":10470,"url":"https:\/\/www.steenkamper.de\/index.php\/2020\/04\/19\/coronafolgen-fuer-die-steenkampsiedlung-und-die-heimstaettervereinigung\/","url_meta":{"origin":34737,"position":4},"title":"Coronafolgen f\u00fcr die Steenkampsiedlung und die Heimst\u00e4ttervereinigung","author":"Max","date":"19\/04\/2020","format":false,"excerpt":"Liebe Steenkamperinnen und Steenkamper,\u00a0 die Nachrichten zur Coronavirus-Pandemie\u00a0haben sich in den letzten Wochen \u00fcberschlagen. Die Ausbreitung des Virus kann derzeit nur durch eine erhebliche Einschr\u00e4nkung von Sozialkontakten verlangsamt werden, auch wenn wir um eine Ausgangssperre herum gekommen sind.\u00a0Unsere Nachbarschaft lebt von regelm\u00e4\u00dfigen Kontakten \u2013 und wir befinden uns im Jubil\u00e4umsjahr!\u2026","rel":"","context":"In &quot;100 jahre&quot;","block_context":{"text":"100 jahre","link":"https:\/\/www.steenkamper.de\/index.php\/category\/100-jahre\/"},"img":{"alt_text":"","src":"https:\/\/i0.wp.com\/www.steenkamper.de\/wp-content\/uploads\/2020\/03\/image.jpg?fit=587%2C652&ssl=1&resize=350%2C200","width":350,"height":200,"srcset":"https:\/\/i0.wp.com\/www.steenkamper.de\/wp-content\/uploads\/2020\/03\/image.jpg?fit=587%2C652&ssl=1&resize=350%2C200 1x, https:\/\/i0.wp.com\/www.steenkamper.de\/wp-content\/uploads\/2020\/03\/image.jpg?fit=587%2C652&ssl=1&resize=525%2C300 1.5x"},"classes":[]},{"id":307,"url":"https:\/\/www.steenkamper.de\/index.php\/2015\/12\/16\/einladung-zur-ausserordentlichen-mitgliederversammlung\/","url_meta":{"origin":34737,"position":5},"title":"Einladung zur  au\u00dferordentlichen Mitgliederversammlung am 6.1.16","author":"Max","date":"16\/12\/2015","format":false,"excerpt":"Wie geht es weiter mit dem Steenkampsaal? Einladung zur\u00a0au\u00dferordentlichen Mitgliederversammlung\u00a0auch f\u00fcr Nichtmitglieder\u00a0am Mittwoch, den 6. Januar, um 19:30 Uhr,\u00a0nat\u00fcrlich im Steenkampsaal Am 31.3. 2016 endet unser Mietvertrag f\u00fcr den Saal. Die Eigent\u00fcmerin Saga Gwg hat eine Verl\u00e4ngerung um weitere 5 Jahre angeboten, fordert nun aber eine Miete, von etwa 13.000\u20ac\u2026","rel":"","context":"In &quot;Allgemein&quot;","block_context":{"text":"Allgemein","link":"https:\/\/www.steenkamper.de\/index.php\/category\/allgemein\/"},"img":{"alt_text":"","src":"https:\/\/i0.wp.com\/www.steenkamper.de\/wp-content\/uploads\/2015\/12\/steenkamp.jpg?fit=512%2C244&ssl=1&resize=350%2C200","width":350,"height":200},"classes":[]}],"_links":{"self":[{"href":"https:\/\/www.steenkamper.de\/index.php\/wp-json\/wp\/v2\/posts\/34737","targetHints":{"allow":["GET"]}}],"collection":[{"href":"https:\/\/www.steenkamper.de\/index.php\/wp-json\/wp\/v2\/posts"}],"about":[{"href":"https:\/\/www.steenkamper.de\/index.php\/wp-json\/wp\/v2\/types\/post"}],"author":[{"embeddable":true,"href":"https:\/\/www.steenkamper.de\/index.php\/wp-json\/wp\/v2\/users\/6"}],"replies":[{"embeddable":true,"href":"https:\/\/www.steenkamper.de\/index.php\/wp-json\/wp\/v2\/comments?post=34737"}],"version-history":[{"count":1,"href":"https:\/\/www.steenkamper.de\/index.php\/wp-json\/wp\/v2\/posts\/34737\/revisions"}],"predecessor-version":[{"id":34738,"href":"https:\/\/www.steenkamper.de\/index.php\/wp-json\/wp\/v2\/posts\/34737\/revisions\/34738"}],"wp:featuredmedia":[{"embeddable":true,"href":"https:\/\/www.steenkamper.de\/index.php\/wp-json\/wp\/v2\/media\/34739"}],"wp:attachment":[{"href":"https:\/\/www.steenkamper.de\/index.php\/wp-json\/wp\/v2\/media?parent=34737"}],"wp:term":[{"taxonomy":"category","embeddable":true,"href":"https:\/\/www.steenkamper.de\/index.php\/wp-json\/wp\/v2\/categories?post=34737"},{"taxonomy":"post_tag","embeddable":true,"href":"https:\/\/www.steenkamper.de\/index.php\/wp-json\/wp\/v2\/tags?post=34737"}],"curies":[{"name":"wp","href":"https:\/\/api.w.org\/{rel}","templated":true}]}}