{"id":30634,"date":"2025-11-20T09:44:33","date_gmt":"2025-11-20T08:44:33","guid":{"rendered":"https:\/\/www.steenkamper.de\/index.php\/2025\/11\/20\/pause-bei-den-steenkamp-singers\/"},"modified":"2025-11-20T09:44:33","modified_gmt":"2025-11-20T08:44:33","slug":"pause-bei-den-steenkamp-singers","status":"publish","type":"post","link":"https:\/\/www.steenkamper.de\/index.php\/2025\/11\/20\/pause-bei-den-steenkamp-singers\/","title":{"rendered":"Pause bei den \u201eSteenkamp Singers\u201c"},"content":{"rendered":"\n<p>Die Chorproben der Steenkamp Singers finden bis auf weiteres nicht statt.&nbsp; Hintergrund ist die derzeitige Erkrankung von mir,&nbsp; Kristiana G\u00e4rtner, Chorleiterin der Steenkamp Singers .&nbsp; Wann die Chorproben in 2026 wieder stattfinden werden,&nbsp; ist in einem der n\u00e4chsten Newsletter zu lesen. Ich w\u00fcnsche allen Steenkampern und Steenkamperinnen eine besinnliche Advents- und Weihnachtszeit. <br>Bleibt alle gesund.&nbsp; <br><br>Freundliche Gr\u00fc\u00dfe <br>Kristiana G\u00e4rtner<\/p>\n","protected":false},"excerpt":{"rendered":"<p>Die Chorproben der Steenkamp Singers finden bis auf weiteres nicht statt.&nbsp; Hintergrund ist die derzeitige Erkrankung von mir,&nbsp; Kristiana G\u00e4rtner, Chorleiterin der Steenkamp Singers .&nbsp; Wann die Chorproben in 2026 [&hellip;]<\/p>\n","protected":false},"author":6,"featured_media":2763,"comment_status":"open","ping_status":"open","sticky":false,"template":"","format":"standard","meta":{"_acf_changed":false,"site-sidebar-layout":"default","site-content-layout":"","ast-site-content-layout":"default","site-content-style":"default","site-sidebar-style":"default","ast-global-header-display":"","ast-banner-title-visibility":"","ast-main-header-display":"","ast-hfb-above-header-display":"","ast-hfb-below-header-display":"","ast-hfb-mobile-header-display":"","site-post-title":"","ast-breadcrumbs-content":"","ast-featured-img":"","footer-sml-layout":"","ast-disable-related-posts":"","theme-transparent-header-meta":"","adv-header-id-meta":"","stick-header-meta":"","header-above-stick-meta":"","header-main-stick-meta":"","header-below-stick-meta":"","astra-migrate-meta-layouts":"default","ast-page-background-enabled":"default","ast-page-background-meta":{"desktop":{"background-color":"var(--ast-global-color-5)","background-image":"","background-repeat":"repeat","background-position":"center center","background-size":"auto","background-attachment":"scroll","background-type":"","background-media":"","overlay-type":"","overlay-color":"","overlay-opacity":"","overlay-gradient":""},"tablet":{"background-color":"","background-image":"","background-repeat":"repeat","background-position":"center center","background-size":"auto","background-attachment":"scroll","background-type":"","background-media":"","overlay-type":"","overlay-color":"","overlay-opacity":"","overlay-gradient":""},"mobile":{"background-color":"","background-image":"","background-repeat":"repeat","background-position":"center center","background-size":"auto","background-attachment":"scroll","background-type":"","background-media":"","overlay-type":"","overlay-color":"","overlay-opacity":"","overlay-gradient":""}},"ast-content-background-meta":{"desktop":{"background-color":"var(--ast-global-color-4)","background-image":"","background-repeat":"repeat","background-position":"center center","background-size":"auto","background-attachment":"scroll","background-type":"","background-media":"","overlay-type":"","overlay-color":"","overlay-opacity":"","overlay-gradient":""},"tablet":{"background-color":"var(--ast-global-color-4)","background-image":"","background-repeat":"repeat","background-position":"center center","background-size":"auto","background-attachment":"scroll","background-type":"","background-media":"","overlay-type":"","overlay-color":"","overlay-opacity":"","overlay-gradient":""},"mobile":{"background-color":"var(--ast-global-color-4)","background-image":"","background-repeat":"repeat","background-position":"center center","background-size":"auto","background-attachment":"scroll","background-type":"","background-media":"","overlay-type":"","overlay-color":"","overlay-opacity":"","overlay-gradient":""}},"_price":"","_stock":"","_tribe_ticket_header":"","_tribe_default_ticket_provider":"","_tribe_ticket_capacity":"0","_ticket_start_date":"","_ticket_end_date":"","_tribe_ticket_show_description":"","_tribe_ticket_show_not_going":false,"_tribe_ticket_use_global_stock":"","_tribe_ticket_global_stock_level":"","_global_stock_mode":"","_global_stock_cap":"","_tribe_rsvp_for_event":"","_tribe_ticket_going_count":"","_tribe_ticket_not_going_count":"","_tribe_tickets_list":"[]","_tribe_ticket_has_attendee_info_fields":false,"jetpack_post_was_ever_published":false,"_jetpack_newsletter_access":"","_jetpack_dont_email_post_to_subs":false,"_jetpack_newsletter_tier_id":0,"_jetpack_memberships_contains_paywalled_content":false,"_jetpack_memberships_contains_paid_content":false,"footnotes":"","jetpack_publicize_message":"Pause der Steenkamp Singers","jetpack_publicize_feature_enabled":true,"jetpack_social_post_already_shared":true,"jetpack_social_options":{"image_generator_settings":{"template":"highway","default_image_id":0,"font":"","enabled":false},"version":2}},"categories":[3,6,7],"tags":[],"class_list":["post-30634","post","type-post","status-publish","format-standard","has-post-thumbnail","hentry","category-allgemein","category-nachbarschaft","category-saal"],"acf":[],"jetpack_publicize_connections":[],"jetpack_featured_media_url":"https:\/\/i0.wp.com\/www.steenkamper.de\/wp-content\/uploads\/2016\/11\/gospeldinnerX.jpg?fit=566%2C222&ssl=1","jetpack_sharing_enabled":true,"jetpack_shortlink":"https:\/\/wp.me\/p74Wuo-7Y6","jetpack_likes_enabled":true,"jetpack-related-posts":[{"id":11496,"url":"https:\/\/www.steenkamper.de\/index.php\/2020\/08\/31\/steenkamp-singers-am-6-9\/","url_meta":{"origin":30634,"position":0},"title":"Steenkamp-Singers am 6.9.?","author":"Max","date":"31\/08\/2020","format":false,"excerpt":"Irrt\u00fcmlich wurde im Gemeindebrief der Melanchthonkirche gedruckt, dass die Steenkamp-Singers am Openair-Gottesdienst auf der Vogelweide am 6.9. singen werden. Dem ist leider nicht so. ???? Seit M\u00e4rz 2020 fand wegen Corona keine einzige Chorprobe statt. Der Steenkampsaal ist seitdem bis auf Weiteres f\u00fcr S\u00e4nger gesperrt. Daher werden die Steenkampsingers nicht\u2026","rel":"","context":"In &quot;100 jahre&quot;","block_context":{"text":"100 jahre","link":"https:\/\/www.steenkamper.de\/index.php\/category\/100-jahre\/"},"img":{"alt_text":"","src":"https:\/\/i0.wp.com\/www.steenkamper.de\/wp-content\/uploads\/2016\/11\/gospeldinnerX.jpg?fit=566%2C222&ssl=1&resize=350%2C200","width":350,"height":200,"srcset":"https:\/\/i0.wp.com\/www.steenkamper.de\/wp-content\/uploads\/2016\/11\/gospeldinnerX.jpg?fit=566%2C222&ssl=1&resize=350%2C200 1x, https:\/\/i0.wp.com\/www.steenkamper.de\/wp-content\/uploads\/2016\/11\/gospeldinnerX.jpg?fit=566%2C222&ssl=1&resize=525%2C300 1.5x"},"classes":[]},{"id":5209,"url":"https:\/\/www.steenkamper.de\/index.php\/2017\/11\/15\/steenkamp-singers-gospeldinner\/","url_meta":{"origin":30634,"position":1},"title":"Steenkamp-Singers Gospeldinner","author":"Max","date":"15\/11\/2017","format":false,"excerpt":"Am Samstag 25.11. um 17h laden die Steenkamp-Singers wieder zum Gospeldinner mit anschlie\u00dfendem Imbiss in den Steenkampsaal ein.","rel":"","context":"In &quot;Nachbarschaft&quot;","block_context":{"text":"Nachbarschaft","link":"https:\/\/www.steenkamper.de\/index.php\/category\/nachbarschaft\/"},"img":{"alt_text":"","src":"https:\/\/i0.wp.com\/www.steenkamper.de\/wp-content\/uploads\/2016\/11\/gospeldinnerX.jpg?fit=566%2C222&ssl=1&resize=350%2C200","width":350,"height":200,"srcset":"https:\/\/i0.wp.com\/www.steenkamper.de\/wp-content\/uploads\/2016\/11\/gospeldinnerX.jpg?fit=566%2C222&ssl=1&resize=350%2C200 1x, https:\/\/i0.wp.com\/www.steenkamper.de\/wp-content\/uploads\/2016\/11\/gospeldinnerX.jpg?fit=566%2C222&ssl=1&resize=525%2C300 1.5x"},"classes":[]},{"id":1982,"url":"https:\/\/www.steenkamper.de\/index.php\/2016\/04\/05\/steenkamp-singers-einmal-anders\/","url_meta":{"origin":30634,"position":2},"title":"Steenkamp Singers einmal anders","author":"Max","date":"05\/04\/2016","format":false,"excerpt":"Die Steenkamp Singers laden ein zu einem musikalischen Streifzug mit alten Volksliedern bei Kaffee und Kuchen. Am 17.4. 15-17h","rel":"","context":"In &quot;Allgemein&quot;","block_context":{"text":"Allgemein","link":"https:\/\/www.steenkamper.de\/index.php\/category\/allgemein\/"},"img":{"alt_text":"","src":"","width":0,"height":0},"classes":[]},{"id":16982,"url":"https:\/\/www.steenkamper.de\/index.php\/2021\/11\/22\/buchpraesentation-premiere\/","url_meta":{"origin":30634,"position":3},"title":"Buchpr\u00e4sentation \/ Premiere","author":"Max","date":"22\/11\/2021","format":false,"excerpt":"Es ist soweit! Unsere Festschrift \u201e100 Jahre Steenkamp\u201c kommt.\u00a0 Am\u00a012.12.2021 ab 15.30h\u00a0werden die ersten Exemplare\u00a0im Steenkampsaal* verkauft! Eine einzigartige Festschrift\u00a0zum 100. Geburtstag der Steenkampsiedlung.\u00a0Sebastian Buchholz hat f\u00fcr die Heimst\u00e4ttervereinigung Steenkamp historisches, erlebtes und Zeitdokumente aus dem umfangreichen Archiv der Heimst\u00e4ttervereinigung und vielen neuen Quellen zusammengetragen. Es ist ein bunter Blumenstrau\u00df\u2026","rel":"","context":"In &quot;100 jahre&quot;","block_context":{"text":"100 jahre","link":"https:\/\/www.steenkamper.de\/index.php\/category\/100-jahre\/"},"img":{"alt_text":"","src":"https:\/\/i0.wp.com\/www.steenkamper.de\/wp-content\/uploads\/2021\/11\/100JahreBanner-KL.jpg?fit=800%2C320&ssl=1&resize=350%2C200","width":350,"height":200,"srcset":"https:\/\/i0.wp.com\/www.steenkamper.de\/wp-content\/uploads\/2021\/11\/100JahreBanner-KL.jpg?fit=800%2C320&ssl=1&resize=350%2C200 1x, https:\/\/i0.wp.com\/www.steenkamper.de\/wp-content\/uploads\/2021\/11\/100JahreBanner-KL.jpg?fit=800%2C320&ssl=1&resize=525%2C300 1.5x, https:\/\/i0.wp.com\/www.steenkamper.de\/wp-content\/uploads\/2021\/11\/100JahreBanner-KL.jpg?fit=800%2C320&ssl=1&resize=700%2C400 2x"},"classes":[]},{"id":6853,"url":"https:\/\/www.steenkamper.de\/index.php\/2018\/08\/17\/benefizkonzert-der-steenkamp-singer\/","url_meta":{"origin":30634,"position":4},"title":"Benefizkonzert der Steenkamp-Singer","author":"Max","date":"17\/08\/2018","format":false,"excerpt":"Die Steenkamp-Singers\u00a0laden ein zu einem\u00a0Benefizkonzert f\u00fcr Ishinde in der Melanchthonkirche Ebertallee 30, Gro\u00df-Flottbek am Sonntag, 9. September, um 17h Wir singen afrikanische Gospel und anschlie\u00dfend l\u00e4dt uns die Social Business Stiftung zum Infoabend (18-20h) \u00fcber das Kindergartenprojekt Ishinde ein. Zu Gast: Noel Kiphesa (Leiter der Ishinde Youth Organisation). Eintritt frei\u2026","rel":"","context":"In &quot;Nachbarschaft&quot;","block_context":{"text":"Nachbarschaft","link":"https:\/\/www.steenkamper.de\/index.php\/category\/nachbarschaft\/"},"img":{"alt_text":"","src":"https:\/\/i0.wp.com\/www.steenkamper.de\/wp-content\/uploads\/2016\/11\/gospeldinnerX.jpg?fit=566%2C222&ssl=1&resize=350%2C200","width":350,"height":200,"srcset":"https:\/\/i0.wp.com\/www.steenkamper.de\/wp-content\/uploads\/2016\/11\/gospeldinnerX.jpg?fit=566%2C222&ssl=1&resize=350%2C200 1x, https:\/\/i0.wp.com\/www.steenkamper.de\/wp-content\/uploads\/2016\/11\/gospeldinnerX.jpg?fit=566%2C222&ssl=1&resize=525%2C300 1.5x"},"classes":[]},{"id":30864,"url":"https:\/\/www.steenkamper.de\/index.php\/2026\/01\/29\/steenkampsingers-proben-wieder\/","url_meta":{"origin":30634,"position":5},"title":"Steenkamp-Singers proben wieder","author":"Max","date":"29\/01\/2026","format":false,"excerpt":"Im Februar starten die Proben wieder. Die Pause ist vorbei. Immer dienstags um 19.30h im Steenkampsaal.","rel":"","context":"In &quot;Saal&quot;","block_context":{"text":"Saal","link":"https:\/\/www.steenkamper.de\/index.php\/category\/saal\/"},"img":{"alt_text":"","src":"https:\/\/i0.wp.com\/www.steenkamper.de\/wp-content\/uploads\/2016\/11\/gospeldinnerX.jpg?fit=566%2C222&ssl=1&resize=350%2C200","width":350,"height":200,"srcset":"https:\/\/i0.wp.com\/www.steenkamper.de\/wp-content\/uploads\/2016\/11\/gospeldinnerX.jpg?fit=566%2C222&ssl=1&resize=350%2C200 1x, https:\/\/i0.wp.com\/www.steenkamper.de\/wp-content\/uploads\/2016\/11\/gospeldinnerX.jpg?fit=566%2C222&ssl=1&resize=525%2C300 1.5x"},"classes":[]}],"_links":{"self":[{"href":"https:\/\/www.steenkamper.de\/index.php\/wp-json\/wp\/v2\/posts\/30634","targetHints":{"allow":["GET"]}}],"collection":[{"href":"https:\/\/www.steenkamper.de\/index.php\/wp-json\/wp\/v2\/posts"}],"about":[{"href":"https:\/\/www.steenkamper.de\/index.php\/wp-json\/wp\/v2\/types\/post"}],"author":[{"embeddable":true,"href":"https:\/\/www.steenkamper.de\/index.php\/wp-json\/wp\/v2\/users\/6"}],"replies":[{"embeddable":true,"href":"https:\/\/www.steenkamper.de\/index.php\/wp-json\/wp\/v2\/comments?post=30634"}],"version-history":[{"count":0,"href":"https:\/\/www.steenkamper.de\/index.php\/wp-json\/wp\/v2\/posts\/30634\/revisions"}],"wp:featuredmedia":[{"embeddable":true,"href":"https:\/\/www.steenkamper.de\/index.php\/wp-json\/wp\/v2\/media\/2763"}],"wp:attachment":[{"href":"https:\/\/www.steenkamper.de\/index.php\/wp-json\/wp\/v2\/media?parent=30634"}],"wp:term":[{"taxonomy":"category","embeddable":true,"href":"https:\/\/www.steenkamper.de\/index.php\/wp-json\/wp\/v2\/categories?post=30634"},{"taxonomy":"post_tag","embeddable":true,"href":"https:\/\/www.steenkamper.de\/index.php\/wp-json\/wp\/v2\/tags?post=30634"}],"curies":[{"name":"wp","href":"https:\/\/api.w.org\/{rel}","templated":true}]}}