{"id":30521,"date":"2025-10-13T17:14:55","date_gmt":"2025-10-13T15:14:55","guid":{"rendered":"https:\/\/www.steenkamper.de\/?p=30521"},"modified":"2025-10-13T17:14:55","modified_gmt":"2025-10-13T15:14:55","slug":"bahnhof-laesst-auf-sich-warten","status":"publish","type":"post","link":"https:\/\/www.steenkamper.de\/index.php\/2025\/10\/13\/bahnhof-laesst-auf-sich-warten\/","title":{"rendered":"Bahnhof, l\u00e4sst auf sich warten\u2026"},"content":{"rendered":"\n<p class=\"p1\">Der neue Fern- und Regionalbahnhof Hamburg-Altona \/ Diebsteich sollte urspr\u00fcnglich Ende 2027 in Betrieb gehen. <\/p>\n\n\n\n<p class=\"p3\">Wie Deutsche Bahn und <a href=\"https:\/\/www.ndr.de\/nachrichten\/hamburg\/neuer-fernbahnhof-altona-wird-spaeter-fertig-als-geplant,bahnhofaltona-100.html\" target=\"_blank\" rel=\"noreferrer noopener\">NDR berichten<\/a>, rechnet man nun erst Ende 2029 mit der Er\u00f6ffnung.<\/p>\n\n\n\n<p class=\"p3\">Grund sind komplizierte Bauabschnitte, Schadstofffunde (Asbest, Blei) und Fachkr\u00e4ftemangel bei Pr\u00fcfingenieuren.<\/p>\n\n\n\n<p class=\"p3\">Das verz\u00f6gert auch die geplante Neugestaltung des alten Bahnhofsareals in Altona \u2013 eines der wichtigsten Stadtentwicklungsgebiete im Hamburger Westen.<\/p>\n\n\n\n<p class=\"p1\"><strong>Science City: Forschung trifft Geduld<\/strong><\/p>\n\n\n\n<p class=\"p3\">W\u00e4hrend am Diebsteich die Gleise warten, nehmen die Planungen auf der Trabrennbahn Bahrenfeld \u201eScience City\u201c Form an.<\/p>\n\n\n\n<p class=\"p3\">Hier entstehen bis in die 2040er Jahre neue Quartiere f\u00fcr Wissenschaft, Lehre, Wohnen und Arbeiten. Doch auch hier l\u00e4uft nicht alles nach Fahrplan: Die <a href=\"https:\/\/www.ndr.de\/nachrichten\/hamburg\/hamburg-will-u5-bis-lurup-und-osdorfer-born-verlaengern,ubahn-126.html\" target=\"_blank\" rel=\"noreferrer noopener\">geplante S-Bahn-Anbindung wird fr\u00fchestens nach 2040 erwartet<\/a>.<\/p>\n\n\n\n<p class=\"p3\">Die Entwicklung erfolgt schrittweise \u2013 Bebauungspl\u00e4ne und Wettbewerbe laufen, erste Bauphasen starten voraussichtlich ab 2027\/2028.<\/p>\n\n\n\n<p class=\"p1\"><strong>Zwei Projekte \u2013 ein gemeinsames Muster<\/strong><\/p>\n\n\n\n<p class=\"p1\">Der Fernbahnhof Diebsteich ist ein klar umrissenes Infrastrukturprojekt \u2013 sichtbar, aber versp\u00e4tet. Die Science City Bahrenfeld ist ein Jahrzehntprojekt, das sich \u00fcber Generationen entfalten soll.<\/p>\n\n\n\n<p class=\"p3\">Beide stehen f\u00fcr Hamburgs Anspruch, Mobilit\u00e4t, Stadtentwicklung und Forschung zu verbinden \u2013 und f\u00fcr die Realit\u00e4t, dass gro\u00dfe Visionen in der Praxis Zeit brauchen. Hamburg baut an der Zukunft. Nur eben etwas l\u00e4nger.<\/p>\n","protected":false},"excerpt":{"rendered":"<p>Der neue Fern- und Regionalbahnhof Hamburg-Altona \/ Diebsteich sollte urspr\u00fcnglich Ende 2027 in Betrieb gehen. Wie Deutsche Bahn und NDR berichten, rechnet man nun erst Ende 2029 mit der Er\u00f6ffnung&#8230;. <\/p>\n<p><a class=\"teaser-more\" href=\"https:\/\/www.steenkamper.de\/index.php\/2025\/10\/13\/bahnhof-laesst-auf-sich-warten\/\">weiter lesen<\/a><\/p>\n","protected":false},"author":6,"featured_media":30520,"comment_status":"open","ping_status":"open","sticky":false,"template":"","format":"standard","meta":{"_acf_changed":false,"_price":"","_stock":"","_tribe_ticket_header":"","_tribe_default_ticket_provider":"","_tribe_ticket_capacity":"0","_ticket_start_date":"","_ticket_end_date":"","_tribe_ticket_show_description":"","_tribe_ticket_show_not_going":false,"_tribe_ticket_use_global_stock":"","_tribe_ticket_global_stock_level":"","_global_stock_mode":"","_global_stock_cap":"","_tribe_rsvp_for_event":"","_tribe_ticket_going_count":"","_tribe_ticket_not_going_count":"","_tribe_tickets_list":"[]","_tribe_ticket_has_attendee_info_fields":false,"jetpack_post_was_ever_published":false,"_jetpack_newsletter_access":"","_jetpack_dont_email_post_to_subs":false,"_jetpack_newsletter_tier_id":0,"_jetpack_memberships_contains_paywalled_content":false,"_jetpack_memberships_contains_paid_content":false,"footnotes":"","jetpack_publicize_message":"","jetpack_publicize_feature_enabled":true,"jetpack_social_post_already_shared":true,"jetpack_social_options":{"image_generator_settings":{"template":"highway","default_image_id":0,"font":"","enabled":false},"version":2}},"categories":[3,108,8],"tags":[],"class_list":["post-30521","post","type-post","status-publish","format-standard","has-post-thumbnail","hentry","category-allgemein","category-science-city-bahrenfeld","category-verkehr"],"acf":[],"jetpack_publicize_connections":[],"jetpack_featured_media_url":"https:\/\/i0.wp.com\/www.steenkamper.de\/wp-content\/uploads\/2025\/10\/5082c9d2-7b88-4864-a745-1fd59ffe178e.png?fit=1536%2C1024&ssl=1","jetpack_sharing_enabled":true,"jetpack_shortlink":"https:\/\/wp.me\/p74Wuo-7Wh","jetpack_likes_enabled":true,"jetpack-related-posts":[{"id":21625,"url":"https:\/\/www.steenkamper.de\/index.php\/2022\/11\/15\/bezirksversammlung-altona-laed-ein\/","url_meta":{"origin":30521,"position":0},"title":"Bezirksversammlung Altona l\u00e4d ein","author":"Max","date":"15\/11\/2022","format":false,"excerpt":"zur \u201e\u00d6ffentlichen Sondersitzung des Sonderausschusses Science City Bahrenfeld\u201c Am 29.11.2022 findet ab 18 Uhr eine Sondersitzung des Sonderausschusses Science City Bahrenfeld der Bezirksversammlung Altona zum Thema \u201eAuswertung der bisherigen B\u00fcrger:innenbeteiligung bez\u00fcglich des Projekts Science City Hamburg Bahrenfeld\u201c in der Aula der Stadtteilschule Bahrenfeld, Regerstra\u00dfe 21-25, 22761 Hamburg statt. Interessierte B\u00fcrger:innen\u2026","rel":"","context":"In &quot;Planungen&quot;","block_context":{"text":"Planungen","link":"https:\/\/www.steenkamper.de\/index.php\/category\/planungen\/"},"img":{"alt_text":"","src":"https:\/\/i0.wp.com\/www.steenkamper.de\/wp-content\/uploads\/2022\/11\/img_5793.jpg?fit=800%2C600&ssl=1&resize=350%2C200","width":350,"height":200,"srcset":"https:\/\/i0.wp.com\/www.steenkamper.de\/wp-content\/uploads\/2022\/11\/img_5793.jpg?fit=800%2C600&ssl=1&resize=350%2C200 1x, https:\/\/i0.wp.com\/www.steenkamper.de\/wp-content\/uploads\/2022\/11\/img_5793.jpg?fit=800%2C600&ssl=1&resize=525%2C300 1.5x, https:\/\/i0.wp.com\/www.steenkamper.de\/wp-content\/uploads\/2022\/11\/img_5793.jpg?fit=800%2C600&ssl=1&resize=700%2C400 2x"},"classes":[]},{"id":20519,"url":"https:\/\/www.steenkamper.de\/index.php\/2022\/08\/21\/sportflaechenkonzept\/","url_meta":{"origin":30521,"position":1},"title":"Sportfl\u00e4chenkonzept","author":"Max","date":"21\/08\/2022","format":false,"excerpt":"\u00d6ffentliche Anh\u00f6rung (\u00d6A) am 30.08.2022 \u201eSportfl\u00e4chenkonzept f\u00fcr die Science City Hamburg Bahrenfeld\u201c Das vom Hamburger Sportbund e.V. erstellte Sportfl\u00e4chenkonzept f\u00fcr die Science City Bahrenfeld ist im Transparenzportal einsehbar:\u00a0https:\/\/t1p.de\/Sportflaechenbedarfsanalyse. Wenn Sie an der \u00d6A vor Ort (19:00 Uhr, im H\u00f6rsaal des DESY, Geb\u00e4ude 5, Notkestra\u00dfe 85, 22607 Hamburg) teilnehmen m\u00f6chten, f\u00fcllen\u2026","rel":"","context":"In &quot;Planungen&quot;","block_context":{"text":"Planungen","link":"https:\/\/www.steenkamper.de\/index.php\/category\/planungen\/"},"img":{"alt_text":"","src":"https:\/\/i0.wp.com\/www.steenkamper.de\/wp-content\/uploads\/2022\/08\/IMG_4982.jpg?fit=1195%2C1200&ssl=1&resize=350%2C200","width":350,"height":200,"srcset":"https:\/\/i0.wp.com\/www.steenkamper.de\/wp-content\/uploads\/2022\/08\/IMG_4982.jpg?fit=1195%2C1200&ssl=1&resize=350%2C200 1x, https:\/\/i0.wp.com\/www.steenkamper.de\/wp-content\/uploads\/2022\/08\/IMG_4982.jpg?fit=1195%2C1200&ssl=1&resize=525%2C300 1.5x, https:\/\/i0.wp.com\/www.steenkamper.de\/wp-content\/uploads\/2022\/08\/IMG_4982.jpg?fit=1195%2C1200&ssl=1&resize=700%2C400 2x, https:\/\/i0.wp.com\/www.steenkamper.de\/wp-content\/uploads\/2022\/08\/IMG_4982.jpg?fit=1195%2C1200&ssl=1&resize=1050%2C600 3x"},"classes":[]},{"id":17127,"url":"https:\/\/www.steenkamper.de\/index.php\/2021\/11\/13\/oeffentlichen-fragestunde\/","url_meta":{"origin":30521,"position":2},"title":"\u00f6ffentlichen Fragestunde","author":"Max","date":"13\/11\/2021","format":false,"excerpt":"Am Mittwoch tagt der Sonderausschuss Science City der Bezirksversammlung Altona. In der \u00f6ffentlichen Fragestunde (TOP1) sind Fragen der B\u00fcrger erlaubt. Fragen gibt es viele. Die \u201eGruppe Bahrenfeld\u201c hatte zur Sondersitzung am 26.10. einen Strau\u00df von Fragen eingereicht, die dort aus Zeitgr\u00fcnden nicht alle beantwortet werden konnten. Die Auswertung der Workshops\u2026","rel":"","context":"In &quot;Allgemein&quot;","block_context":{"text":"Allgemein","link":"https:\/\/www.steenkamper.de\/index.php\/category\/allgemein\/"},"img":{"alt_text":"","src":"","width":0,"height":0},"classes":[]},{"id":23298,"url":"https:\/\/www.steenkamper.de\/index.php\/2023\/05\/19\/s-bahn-aenderung-der-planung\/","url_meta":{"origin":30521,"position":3},"title":"S-Bahn &#8211; \u00c4nderung der Planung","author":"Max","date":"19\/05\/2023","format":false,"excerpt":"Die geplante S-Bahn, die den Osdorfer Born und die Science City Bahrenfeld anbinden soll, wird aufgrund von Bedenken bez\u00fcglich St\u00f6rung des Forschungszentrums DESY ihren Kurs \u00e4ndern. Die Verkehrsbeh\u00f6rde hat letzten Montagabend im Verkehrsausschuss der Bezirksversammlung Altona die Plan\u00e4nderungen vorgestellt: Die geplante Station \"Stadionstra\u00dfe\" wird gestrichen und die S32 wird um\u2026","rel":"","context":"In &quot;Allgemein&quot;","block_context":{"text":"Allgemein","link":"https:\/\/www.steenkamper.de\/index.php\/category\/allgemein\/"},"img":{"alt_text":"","src":"https:\/\/i0.wp.com\/www.steenkamper.de\/wp-content\/uploads\/2023\/05\/img_7320.jpg?fit=750%2C429&ssl=1&resize=350%2C200","width":350,"height":200,"srcset":"https:\/\/i0.wp.com\/www.steenkamper.de\/wp-content\/uploads\/2023\/05\/img_7320.jpg?fit=750%2C429&ssl=1&resize=350%2C200 1x, https:\/\/i0.wp.com\/www.steenkamper.de\/wp-content\/uploads\/2023\/05\/img_7320.jpg?fit=750%2C429&ssl=1&resize=525%2C300 1.5x, https:\/\/i0.wp.com\/www.steenkamper.de\/wp-content\/uploads\/2023\/05\/img_7320.jpg?fit=750%2C429&ssl=1&resize=700%2C400 2x"},"classes":[]},{"id":28703,"url":"https:\/\/www.steenkamper.de\/index.php\/2024\/09\/10\/science-city-dialoge\/","url_meta":{"origin":30521,"position":4},"title":"Science City Dialoge","author":"Max","date":"10\/09\/2024","format":false,"excerpt":"Am 17.9. 17.30-20.30h auch im Fundb\u00fcro Innovationspark Altona - \u00d6ffentliche Endpr\u00e4sentation Vorstellung der drei Entw\u00fcrfe zur Funktionsplanung Unsere Meinung ist gefragt!","rel":"","context":"In &quot;Allgemein&quot;","block_context":{"text":"Allgemein","link":"https:\/\/www.steenkamper.de\/index.php\/category\/allgemein\/"},"img":{"alt_text":"","src":"https:\/\/i0.wp.com\/www.steenkamper.de\/wp-content\/uploads\/2024\/09\/img_2428-1.jpg?fit=1200%2C900&ssl=1&resize=350%2C200","width":350,"height":200,"srcset":"https:\/\/i0.wp.com\/www.steenkamper.de\/wp-content\/uploads\/2024\/09\/img_2428-1.jpg?fit=1200%2C900&ssl=1&resize=350%2C200 1x, https:\/\/i0.wp.com\/www.steenkamper.de\/wp-content\/uploads\/2024\/09\/img_2428-1.jpg?fit=1200%2C900&ssl=1&resize=525%2C300 1.5x, https:\/\/i0.wp.com\/www.steenkamper.de\/wp-content\/uploads\/2024\/09\/img_2428-1.jpg?fit=1200%2C900&ssl=1&resize=700%2C400 2x, https:\/\/i0.wp.com\/www.steenkamper.de\/wp-content\/uploads\/2024\/09\/img_2428-1.jpg?fit=1200%2C900&ssl=1&resize=1050%2C600 3x"},"classes":[]},{"id":14448,"url":"https:\/\/www.steenkamper.de\/index.php\/2021\/01\/24\/bezirksversammlung\/","url_meta":{"origin":30521,"position":5},"title":"Bezirksversammlung","author":"Max","date":"24\/01\/2021","format":false,"excerpt":"Thema: \"alte Schule Steenkamp\" Am Do., den 28.01.202 tagt um 18h im Bezirk Altona der Hauptausschusses der Bezirksversammlung. Die Sitzung findet aufgrund der aktuellen Corona-Situation unter Ausschluss der \u00d6ffentlichkeit statt, wird aber ab 18 Uhr live im Internet \u00fcbertragen:Sitzung des Hauptausschusses der Bezirksversammlung Altona am 28.01.2021 - bei YouTube Auf\u2026","rel":"","context":"In &quot;Allgemein&quot;","block_context":{"text":"Allgemein","link":"https:\/\/www.steenkamper.de\/index.php\/category\/allgemein\/"},"img":{"alt_text":"","src":"https:\/\/i0.wp.com\/www.steenkamper.de\/wp-content\/uploads\/2020\/09\/juno23.jpg?fit=1200%2C674&ssl=1&resize=350%2C200","width":350,"height":200,"srcset":"https:\/\/i0.wp.com\/www.steenkamper.de\/wp-content\/uploads\/2020\/09\/juno23.jpg?fit=1200%2C674&ssl=1&resize=350%2C200 1x, https:\/\/i0.wp.com\/www.steenkamper.de\/wp-content\/uploads\/2020\/09\/juno23.jpg?fit=1200%2C674&ssl=1&resize=525%2C300 1.5x, https:\/\/i0.wp.com\/www.steenkamper.de\/wp-content\/uploads\/2020\/09\/juno23.jpg?fit=1200%2C674&ssl=1&resize=700%2C400 2x, https:\/\/i0.wp.com\/www.steenkamper.de\/wp-content\/uploads\/2020\/09\/juno23.jpg?fit=1200%2C674&ssl=1&resize=1050%2C600 3x"},"classes":[]}],"_links":{"self":[{"href":"https:\/\/www.steenkamper.de\/index.php\/wp-json\/wp\/v2\/posts\/30521","targetHints":{"allow":["GET"]}}],"collection":[{"href":"https:\/\/www.steenkamper.de\/index.php\/wp-json\/wp\/v2\/posts"}],"about":[{"href":"https:\/\/www.steenkamper.de\/index.php\/wp-json\/wp\/v2\/types\/post"}],"author":[{"embeddable":true,"href":"https:\/\/www.steenkamper.de\/index.php\/wp-json\/wp\/v2\/users\/6"}],"replies":[{"embeddable":true,"href":"https:\/\/www.steenkamper.de\/index.php\/wp-json\/wp\/v2\/comments?post=30521"}],"version-history":[{"count":2,"href":"https:\/\/www.steenkamper.de\/index.php\/wp-json\/wp\/v2\/posts\/30521\/revisions"}],"predecessor-version":[{"id":30526,"href":"https:\/\/www.steenkamper.de\/index.php\/wp-json\/wp\/v2\/posts\/30521\/revisions\/30526"}],"wp:featuredmedia":[{"embeddable":true,"href":"https:\/\/www.steenkamper.de\/index.php\/wp-json\/wp\/v2\/media\/30520"}],"wp:attachment":[{"href":"https:\/\/www.steenkamper.de\/index.php\/wp-json\/wp\/v2\/media?parent=30521"}],"wp:term":[{"taxonomy":"category","embeddable":true,"href":"https:\/\/www.steenkamper.de\/index.php\/wp-json\/wp\/v2\/categories?post=30521"},{"taxonomy":"post_tag","embeddable":true,"href":"https:\/\/www.steenkamper.de\/index.php\/wp-json\/wp\/v2\/tags?post=30521"}],"curies":[{"name":"wp","href":"https:\/\/api.w.org\/{rel}","templated":true}]}}