{"id":30339,"date":"2025-09-10T08:31:58","date_gmt":"2025-09-10T06:31:58","guid":{"rendered":"https:\/\/www.steenkamper.de\/?p=30339"},"modified":"2025-09-15T06:54:38","modified_gmt":"2025-09-15T04:54:38","slug":"sperrungen-sommerfest","status":"publish","type":"post","link":"https:\/\/www.steenkamper.de\/index.php\/2025\/09\/10\/sperrungen-sommerfest\/","title":{"rendered":"SPERRUNGEN Sommerfest"},"content":{"rendered":"\n<p>\u26a0\ufe0f\u2b55\ufe0f\ud83d\udea7 Von <strong>Sa. 08:00 Uhr bis So. 20:00 Uhr<\/strong> ist unser \u201eFestivalgel\u00e4nde\u201c f\u00fcr den Autoverkehr gesperrt. <br>Bitte haltet den Abgesperrten Bereich (siehe Karte unten) frei von Autos. <br><mark style=\"background-color:rgba(0, 0, 0, 0)\" class=\"has-inline-color has-vivid-red-color\">Das <strong>Befahren<\/strong> des abgesperrten Bereiches ist in der genehmigten Zeit <strong>nicht m\u00f6glich.<\/strong> <\/mark><\/p>\n\n\n\n<p><strong>Im Notfall\u2028 ist f\u00fcr Rettungsfahrzeuge die Zufahrt&nbsp;\u00fcber die&nbsp;Sievertstrasse&nbsp;m\u00f6glich.\u2028<\/strong><br>Die Polizei &amp; Rettungsleitstelle sind informiert.<strong>\u2028&nbsp;<\/strong><br>Daf\u00fcr bitte Tel. Nr. anrufen:&nbsp;<strong>\u20280176 210 65 400<\/strong><\/p>\n\n\n\n<p>Im Abgesperrten Bereich (siehe Karte) bitte keine Fahrzeuge abstellen, bzw. bitte f\u00fcr den Zeitraum rechtzeitig wegfahren. Unsere Sperrungen f\u00fcr das Sommerfest sind vom Sa. 13.9.  08:00 Uhr bis So. 14.9.  20:00 Uhr genehmigt.<\/p>\n\n\n\n<figure class=\"wp-block-image size-full is-resized\"><img data-recalc-dims=\"1\" fetchpriority=\"high\" decoding=\"async\" width=\"750\" height=\"1061\" data-attachment-id=\"30340\" data-permalink=\"https:\/\/www.steenkamper.de\/index.php\/2025\/09\/10\/sperrungen-sommerfest\/plan_steenkamp-sommerfest\/\" data-orig-file=\"https:\/\/i0.wp.com\/www.steenkamper.de\/wp-content\/uploads\/2025\/09\/PLAN_Steenkamp-Sommerfest-scaled.jpg?fit=1810%2C2560&amp;ssl=1\" data-orig-size=\"1810,2560\" data-comments-opened=\"1\" data-image-meta=\"{&quot;aperture&quot;:&quot;0&quot;,&quot;credit&quot;:&quot;&quot;,&quot;camera&quot;:&quot;&quot;,&quot;caption&quot;:&quot;&quot;,&quot;created_timestamp&quot;:&quot;0&quot;,&quot;copyright&quot;:&quot;&quot;,&quot;focal_length&quot;:&quot;0&quot;,&quot;iso&quot;:&quot;0&quot;,&quot;shutter_speed&quot;:&quot;0&quot;,&quot;title&quot;:&quot;&quot;,&quot;orientation&quot;:&quot;1&quot;}\" data-image-title=\"PLAN_Steenkamp-Sommerfest\" data-image-description=\"\" data-image-caption=\"\" data-large-file=\"https:\/\/i0.wp.com\/www.steenkamper.de\/wp-content\/uploads\/2025\/09\/PLAN_Steenkamp-Sommerfest-scaled.jpg?fit=724%2C1024&amp;ssl=1\" src=\"https:\/\/i0.wp.com\/www.steenkamper.de\/wp-content\/uploads\/2025\/09\/PLAN_Steenkamp-Sommerfest-scaled.jpg?resize=750%2C1061&#038;ssl=1\" alt=\"\" class=\"wp-image-30340\" style=\"width:694px;height:auto\" srcset=\"https:\/\/i0.wp.com\/www.steenkamper.de\/wp-content\/uploads\/2025\/09\/PLAN_Steenkamp-Sommerfest-scaled.jpg?w=1810&amp;ssl=1 1810w, https:\/\/i0.wp.com\/www.steenkamper.de\/wp-content\/uploads\/2025\/09\/PLAN_Steenkamp-Sommerfest-scaled.jpg?resize=212%2C300&amp;ssl=1 212w, https:\/\/i0.wp.com\/www.steenkamper.de\/wp-content\/uploads\/2025\/09\/PLAN_Steenkamp-Sommerfest-scaled.jpg?resize=724%2C1024&amp;ssl=1 724w, https:\/\/i0.wp.com\/www.steenkamper.de\/wp-content\/uploads\/2025\/09\/PLAN_Steenkamp-Sommerfest-scaled.jpg?resize=768%2C1086&amp;ssl=1 768w, https:\/\/i0.wp.com\/www.steenkamper.de\/wp-content\/uploads\/2025\/09\/PLAN_Steenkamp-Sommerfest-scaled.jpg?resize=1086%2C1536&amp;ssl=1 1086w, https:\/\/i0.wp.com\/www.steenkamper.de\/wp-content\/uploads\/2025\/09\/PLAN_Steenkamp-Sommerfest-scaled.jpg?resize=1448%2C2048&amp;ssl=1 1448w, https:\/\/i0.wp.com\/www.steenkamper.de\/wp-content\/uploads\/2025\/09\/PLAN_Steenkamp-Sommerfest-scaled.jpg?resize=450%2C636&amp;ssl=1 450w, https:\/\/i0.wp.com\/www.steenkamper.de\/wp-content\/uploads\/2025\/09\/PLAN_Steenkamp-Sommerfest-scaled.jpg?resize=300%2C424&amp;ssl=1 300w, https:\/\/i0.wp.com\/www.steenkamper.de\/wp-content\/uploads\/2025\/09\/PLAN_Steenkamp-Sommerfest-scaled.jpg?resize=600%2C848&amp;ssl=1 600w, https:\/\/i0.wp.com\/www.steenkamper.de\/wp-content\/uploads\/2025\/09\/PLAN_Steenkamp-Sommerfest-scaled.jpg?w=1500&amp;ssl=1 1500w\" sizes=\"(max-width: 750px) 100vw, 750px\" \/><\/figure>\n","protected":false},"excerpt":{"rendered":"<p>\u26a0\ufe0f\u2b55\ufe0f\ud83d\udea7 Von Sa. 08:00 Uhr bis So. 20:00 Uhr ist unser \u201eFestivalgel\u00e4nde\u201c f\u00fcr den Autoverkehr gesperrt. Bitte haltet den Abgesperrten Bereich (siehe Karte unten) frei von Autos. Das Befahren des&#8230; <\/p>\n<p><a class=\"teaser-more\" href=\"https:\/\/www.steenkamper.de\/index.php\/2025\/09\/10\/sperrungen-sommerfest\/\">weiter lesen<\/a><\/p>\n","protected":false},"author":6,"featured_media":7002,"comment_status":"open","ping_status":"open","sticky":false,"template":"","format":"standard","meta":{"_acf_changed":false,"_price":"","_stock":"","_tribe_ticket_header":"","_tribe_default_ticket_provider":"","_tribe_ticket_capacity":"0","_ticket_start_date":"","_ticket_end_date":"","_tribe_ticket_show_description":"","_tribe_ticket_show_not_going":false,"_tribe_ticket_use_global_stock":"","_tribe_ticket_global_stock_level":"","_global_stock_mode":"","_global_stock_cap":"","_tribe_rsvp_for_event":"","_tribe_ticket_going_count":"","_tribe_ticket_not_going_count":"","_tribe_tickets_list":"[]","_tribe_ticket_has_attendee_info_fields":false,"jetpack_post_was_ever_published":false,"_jetpack_newsletter_access":"","_jetpack_dont_email_post_to_subs":false,"_jetpack_newsletter_tier_id":0,"_jetpack_memberships_contains_paywalled_content":false,"_jetpack_memberships_contains_paid_content":false,"footnotes":"","jetpack_publicize_message":"","jetpack_publicize_feature_enabled":true,"jetpack_social_post_already_shared":true,"jetpack_social_options":{"image_generator_settings":{"template":"highway","default_image_id":0,"font":"","enabled":false},"version":2}},"categories":[3,104],"tags":[],"class_list":["post-30339","post","type-post","status-publish","format-standard","has-post-thumbnail","hentry","category-allgemein","category-sommerfest"],"acf":[],"jetpack_publicize_connections":[],"jetpack_featured_media_url":"https:\/\/i0.wp.com\/www.steenkamper.de\/wp-content\/uploads\/2018\/08\/img_8457.jpg?fit=1372%2C750&ssl=1","jetpack_sharing_enabled":true,"jetpack_shortlink":"https:\/\/wp.me\/p74Wuo-7Tl","jetpack_likes_enabled":true,"jetpack-related-posts":[{"id":28682,"url":"https:\/\/www.steenkamper.de\/index.php\/2024\/09\/04\/sommerfest-autofrei-2\/","url_meta":{"origin":30339,"position":0},"title":"Sommerfest AUTOFREI","author":"Max","date":"04\/09\/2024","format":false,"excerpt":"Bitte haltet alle am\u00a0Sa. und So.\u00a0die Strassen rund\u00a0um die Vogelweide und im Steenkamp\u00a0frei, damit wir ein sch\u00f6nes\u00a0autofreies Sommerfest\u00a0feiern k\u00f6nnen! Im Abgesperrten Bereich (siehe Karte) bitte keine Fahrzeuge abstellen, bzw. bitte f\u00fcr den Zeitraum rechtzeitig wegfahren. Unsere Sperrungen f\u00fcr das Sommerfest sind vom Sa. 08:00 Uhr bis So. 20:00 Uhr genehmigt.","rel":"","context":"In &quot;Allgemein&quot;","block_context":{"text":"Allgemein","link":"https:\/\/www.steenkamper.de\/index.php\/category\/allgemein\/"},"img":{"alt_text":"","src":"https:\/\/i0.wp.com\/www.steenkamper.de\/wp-content\/uploads\/2018\/08\/img_8457.jpg?fit=1200%2C656&ssl=1&resize=350%2C200","width":350,"height":200,"srcset":"https:\/\/i0.wp.com\/www.steenkamper.de\/wp-content\/uploads\/2018\/08\/img_8457.jpg?fit=1200%2C656&ssl=1&resize=350%2C200 1x, https:\/\/i0.wp.com\/www.steenkamper.de\/wp-content\/uploads\/2018\/08\/img_8457.jpg?fit=1200%2C656&ssl=1&resize=525%2C300 1.5x, https:\/\/i0.wp.com\/www.steenkamper.de\/wp-content\/uploads\/2018\/08\/img_8457.jpg?fit=1200%2C656&ssl=1&resize=700%2C400 2x, https:\/\/i0.wp.com\/www.steenkamper.de\/wp-content\/uploads\/2018\/08\/img_8457.jpg?fit=1200%2C656&ssl=1&resize=1050%2C600 3x"},"classes":[]},{"id":23976,"url":"https:\/\/www.steenkamper.de\/index.php\/2023\/09\/01\/autofreies-sommerfest-2\/","url_meta":{"origin":30339,"position":1},"title":"Autofreies Sommerfest","author":"Max","date":"01\/09\/2023","format":false,"excerpt":"Bitte haltet alle am Sa. 2.9. und So. 3.9. die Strassen rund um die Vogelweide und im Steenkamp frei, damit wir ein sch\u00f6nes autofreies Sommerfest feiern k\u00f6nnen! Dieses Jahr findet auf der Trabrennbahn parallel ein Open Air Konzert von \u201eFettes Brot\u201c statt! Fr. 1. & Sa. 2.9. Einlass: 16h \u2013\u2026","rel":"","context":"In &quot;Sommerfest&quot;","block_context":{"text":"Sommerfest","link":"https:\/\/www.steenkamper.de\/index.php\/category\/sommerfest\/"},"img":{"alt_text":"","src":"https:\/\/i0.wp.com\/www.steenkamper.de\/wp-content\/uploads\/2018\/08\/img_8457.jpg?fit=1200%2C656&ssl=1&resize=350%2C200","width":350,"height":200,"srcset":"https:\/\/i0.wp.com\/www.steenkamper.de\/wp-content\/uploads\/2018\/08\/img_8457.jpg?fit=1200%2C656&ssl=1&resize=350%2C200 1x, https:\/\/i0.wp.com\/www.steenkamper.de\/wp-content\/uploads\/2018\/08\/img_8457.jpg?fit=1200%2C656&ssl=1&resize=525%2C300 1.5x, https:\/\/i0.wp.com\/www.steenkamper.de\/wp-content\/uploads\/2018\/08\/img_8457.jpg?fit=1200%2C656&ssl=1&resize=700%2C400 2x, https:\/\/i0.wp.com\/www.steenkamper.de\/wp-content\/uploads\/2018\/08\/img_8457.jpg?fit=1200%2C656&ssl=1&resize=1050%2C600 3x"},"classes":[]},{"id":4166,"url":"https:\/\/www.steenkamper.de\/index.php\/2017\/06\/16\/wir-suchen-helfer-fuer-unser-sommerfest-2017\/","url_meta":{"origin":30339,"position":2},"title":"Wir suchen Helfer f\u00fcr unser Sommerfest 2017","author":"Max","date":"16\/06\/2017","format":false,"excerpt":"Liebe Steenkamper, die Planungen f\u00fcr unser buntes Sommerfest 2.\/3.September laufen auf vollen Touren. Es gibt viel zu sehen und zu erleben. Wenn sich reichlich Helfer f\u00fcr je eine zeitlich begrenzte Aufgabe (ca. 3 Stunden) melden, bleibt es f\u00fcr alle entspannt. Folgendes ist noch offen: Sa.2.9. 9-11 Uhr: 6-8 Helfer Zeltaufbau\u2026","rel":"","context":"In &quot;Kinder&quot;","block_context":{"text":"Kinder","link":"https:\/\/www.steenkamper.de\/index.php\/category\/kinder\/"},"img":{"alt_text":"","src":"","width":0,"height":0},"classes":[]},{"id":23345,"url":"https:\/\/www.steenkamper.de\/index.php\/2023\/05\/26\/musikerinnen-kuenstlerinnen-fuer-das-sommerfest-gesucht\/","url_meta":{"origin":30339,"position":3},"title":"Musikerinnen \/ K\u00fcnstlerinnen f\u00fcr das Sommerfest gesucht!","author":"Max","date":"26\/05\/2023","format":false,"excerpt":"F\u00fcr unser Sommerfest 2023 suchen wir wieder Steenkamp -Talente! F\u00fcr unser diesj\u00e4hriges Steenkamp-Sommerfest am 2. & 3. September suchen wir wieder K\u00fcnstler aller Art, die Lust haben, etwas auf unserer kleinen B\u00fchne aufzuf\u00fchren. Es sind noch Zeitfenster frei!Von klein bis gro\u00df von Blockfl\u00f6tenspiel bis Rock-Band oder Hip-Hop-Tanz bis Zauberei, alles\u2026","rel":"","context":"In &quot;Allgemein&quot;","block_context":{"text":"Allgemein","link":"https:\/\/www.steenkamper.de\/index.php\/category\/allgemein\/"},"img":{"alt_text":"","src":"https:\/\/i0.wp.com\/www.steenkamper.de\/wp-content\/uploads\/2022\/10\/3F1BD513-475E-4777-9B1F-B2246D977825.jpg?fit=1200%2C900&ssl=1&resize=350%2C200","width":350,"height":200,"srcset":"https:\/\/i0.wp.com\/www.steenkamper.de\/wp-content\/uploads\/2022\/10\/3F1BD513-475E-4777-9B1F-B2246D977825.jpg?fit=1200%2C900&ssl=1&resize=350%2C200 1x, https:\/\/i0.wp.com\/www.steenkamper.de\/wp-content\/uploads\/2022\/10\/3F1BD513-475E-4777-9B1F-B2246D977825.jpg?fit=1200%2C900&ssl=1&resize=525%2C300 1.5x, https:\/\/i0.wp.com\/www.steenkamper.de\/wp-content\/uploads\/2022\/10\/3F1BD513-475E-4777-9B1F-B2246D977825.jpg?fit=1200%2C900&ssl=1&resize=700%2C400 2x, https:\/\/i0.wp.com\/www.steenkamper.de\/wp-content\/uploads\/2022\/10\/3F1BD513-475E-4777-9B1F-B2246D977825.jpg?fit=1200%2C900&ssl=1&resize=1050%2C600 3x"},"classes":[]},{"id":27302,"url":"https:\/\/www.steenkamper.de\/index.php\/2024\/04\/10\/musikerinnen-kuenstlerinnen-fuer-das-sommerfest-2024-gesucht\/","url_meta":{"origin":30339,"position":4},"title":"Musiker*innen \/ K\u00fcnstler*innen f\u00fcr das Sommerfest 2024 gesucht!","author":"Max","date":"10\/04\/2024","format":false,"excerpt":"F\u00fcr unser Sommerfest 2024 suchen wir wieder Steenkamp -Talente!F\u00fcr unser diesj\u00e4hriges Steenkamp-Sommerfest am 7. & 8. September suchen wir wieder K\u00fcnstler aller Art, die Lust haben, etwas auf unserer kleinen B\u00fchne aufzuf\u00fchren. Es sind noch Zeitfenster frei!Von klein bis gro\u00df, von Blockfl\u00f6tenspiel bis Rock-Band oder Hip-Hop-Tanz bis Zauberei, alles ist\u2026","rel":"","context":"In &quot;Allgemein&quot;","block_context":{"text":"Allgemein","link":"https:\/\/www.steenkamper.de\/index.php\/category\/allgemein\/"},"img":{"alt_text":"","src":"https:\/\/i0.wp.com\/www.steenkamper.de\/wp-content\/uploads\/2022\/10\/12F86552-0B89-4171-B018-3DFC4F94C915.jpg?fit=1200%2C900&ssl=1&resize=350%2C200","width":350,"height":200,"srcset":"https:\/\/i0.wp.com\/www.steenkamper.de\/wp-content\/uploads\/2022\/10\/12F86552-0B89-4171-B018-3DFC4F94C915.jpg?fit=1200%2C900&ssl=1&resize=350%2C200 1x, https:\/\/i0.wp.com\/www.steenkamper.de\/wp-content\/uploads\/2022\/10\/12F86552-0B89-4171-B018-3DFC4F94C915.jpg?fit=1200%2C900&ssl=1&resize=525%2C300 1.5x, https:\/\/i0.wp.com\/www.steenkamper.de\/wp-content\/uploads\/2022\/10\/12F86552-0B89-4171-B018-3DFC4F94C915.jpg?fit=1200%2C900&ssl=1&resize=700%2C400 2x, https:\/\/i0.wp.com\/www.steenkamper.de\/wp-content\/uploads\/2022\/10\/12F86552-0B89-4171-B018-3DFC4F94C915.jpg?fit=1200%2C900&ssl=1&resize=1050%2C600 3x"},"classes":[]},{"id":20499,"url":"https:\/\/www.steenkamper.de\/index.php\/2022\/08\/21\/sommerfest-2022\/","url_meta":{"origin":30339,"position":5},"title":"Sommerfest 2022","author":"Max","date":"21\/08\/2022","format":false,"excerpt":"Endlich wieder ein Sommerfest! Am 3. & 4.9. feiern wir. Wie jedes Jahr sind wir auf viele freiwillige Helfer*innen angewiesen. Unsere Helferliste ist ab sofort online: https:\/\/lukify.app\/akhnoa Bitte tragt euch zahlreich ein. Auch gibt es schon die M\u00f6glichkeit sich f\u00fcr den Steenkamplauf anzumelden. Achtung: Bitte Teller und Becher mitbringen um\u2026","rel":"","context":"In &quot;Allgemein&quot;","block_context":{"text":"Allgemein","link":"https:\/\/www.steenkamper.de\/index.php\/category\/allgemein\/"},"img":{"alt_text":"","src":"https:\/\/i0.wp.com\/www.steenkamper.de\/wp-content\/uploads\/2022\/07\/img_4479-1.jpg?fit=727%2C472&ssl=1&resize=350%2C200","width":350,"height":200,"srcset":"https:\/\/i0.wp.com\/www.steenkamper.de\/wp-content\/uploads\/2022\/07\/img_4479-1.jpg?fit=727%2C472&ssl=1&resize=350%2C200 1x, https:\/\/i0.wp.com\/www.steenkamper.de\/wp-content\/uploads\/2022\/07\/img_4479-1.jpg?fit=727%2C472&ssl=1&resize=525%2C300 1.5x, https:\/\/i0.wp.com\/www.steenkamper.de\/wp-content\/uploads\/2022\/07\/img_4479-1.jpg?fit=727%2C472&ssl=1&resize=700%2C400 2x"},"classes":[]}],"_links":{"self":[{"href":"https:\/\/www.steenkamper.de\/index.php\/wp-json\/wp\/v2\/posts\/30339","targetHints":{"allow":["GET"]}}],"collection":[{"href":"https:\/\/www.steenkamper.de\/index.php\/wp-json\/wp\/v2\/posts"}],"about":[{"href":"https:\/\/www.steenkamper.de\/index.php\/wp-json\/wp\/v2\/types\/post"}],"author":[{"embeddable":true,"href":"https:\/\/www.steenkamper.de\/index.php\/wp-json\/wp\/v2\/users\/6"}],"replies":[{"embeddable":true,"href":"https:\/\/www.steenkamper.de\/index.php\/wp-json\/wp\/v2\/comments?post=30339"}],"version-history":[{"count":2,"href":"https:\/\/www.steenkamper.de\/index.php\/wp-json\/wp\/v2\/posts\/30339\/revisions"}],"predecessor-version":[{"id":30342,"href":"https:\/\/www.steenkamper.de\/index.php\/wp-json\/wp\/v2\/posts\/30339\/revisions\/30342"}],"wp:featuredmedia":[{"embeddable":true,"href":"https:\/\/www.steenkamper.de\/index.php\/wp-json\/wp\/v2\/media\/7002"}],"wp:attachment":[{"href":"https:\/\/www.steenkamper.de\/index.php\/wp-json\/wp\/v2\/media?parent=30339"}],"wp:term":[{"taxonomy":"category","embeddable":true,"href":"https:\/\/www.steenkamper.de\/index.php\/wp-json\/wp\/v2\/categories?post=30339"},{"taxonomy":"post_tag","embeddable":true,"href":"https:\/\/www.steenkamper.de\/index.php\/wp-json\/wp\/v2\/tags?post=30339"}],"curies":[{"name":"wp","href":"https:\/\/api.w.org\/{rel}","templated":true}]}}