{"id":30227,"date":"2026-09-04T18:13:33","date_gmt":"2026-09-04T16:13:33","guid":{"rendered":"https:\/\/www.steenkamper.de\/?p=30227"},"modified":"2026-09-04T18:13:38","modified_gmt":"2026-09-04T16:13:38","slug":"strassensperren-sommerfest","status":"publish","type":"post","link":"https:\/\/www.steenkamper.de\/index.php\/2026\/09\/04\/strassensperren-sommerfest\/","title":{"rendered":"Stra\u00dfensperren Sommerfest"},"content":{"rendered":"\n<p class=\"wp-block-paragraph\">Von\u00a0<strong>Sa. 8:00 Uhr bis So. 20:00 Uhr<\/strong>\u00a0ist unser \u201eFestivalgel\u00e4nde\u201c f\u00fcr den Autoverkehr gesperrt.\u00a0<br>Das\u00a0<strong>Befahren<\/strong>\u00a0des abgesperrten Bereiches ist in dieser Zeit\u00a0<strong>nicht m\u00f6glich<\/strong>.\u00a0<\/p>\n\n\n\n<p class=\"wp-block-paragraph\">Auch dieses Jahr haben wir wieder die Auflage der Stadt, den Bereich des Sommerfestes wirklich wirksam von Autos freizuhalten! (keine Paketboten, Lieferdienste etc.) <br><strong>Es werden wieder an den Sperren quer gestellte Fahrzeuge die Zufahrten versperren.\u00a0<\/strong> <\/p>\n\n\n\n<p class=\"wp-block-paragraph\">Bitte haltet alle am<strong>\u00a0Samstag\u00a0und Sonntag<\/strong>\u00a0die Stra\u00dfen rund\u00a0<strong>um die Vogelweide und im Steenkamp<\/strong>\u00a0frei, damit wir ein sch\u00f6nes\u00a0<strong>autofreies Sommerfest<\/strong>\u00a0feiern k\u00f6nnen! <br><strong>Im abgesperrten Bereich (siehe Karte) bitte keine Fahrzeuge abstellen<\/strong>, bzw. bitte f\u00fcr den Zeitraum rechtzeitig wegfahren.\u00a0<\/p>\n\n\n\n<p class=\"has-border-color has-vivid-red-border-color has-white-background-color has-background has-medium-font-size wp-block-paragraph\" style=\"border-width:3px\"><mark style=\"background-color:rgba(0, 0, 0, 0);color:#cf2e2e\" class=\"has-inline-color\">\u26a0\ufe0f \ud83d\udea8\u203c\ufe0f <\/mark><br><mark style=\"background-color:rgba(0, 0, 0, 0);color:#cf2e2e\" class=\"has-inline-color\"><strong>Im Notfall<\/strong> ist das Befahren der Abgesperrten Fl\u00e4che<\/mark> <br><mark style=\"background-color:rgba(0, 0, 0, 0);color:#cf2e2e\" class=\"has-inline-color\"><strong>\u00fcber die Sievertstrasse<\/strong> m\u00f6glich. <br>Daf\u00fcr bitte bei folgender <\/mark><br><mark style=\"background-color:rgba(0, 0, 0, 0);color:#cf2e2e\" class=\"has-inline-color\"><strong>Tel. Nr. melden: &nbsp;017621065400<\/strong> <\/mark><br><mark style=\"background-color:rgba(0, 0, 0, 0);color:#cf2e2e\" class=\"has-inline-color\">\u26a0\ufe0f<\/mark>\ud83c\udd98\ud83d\ude91\ud83d\ude92\ud83d\ude93<\/p>\n\n\n\n<p class=\"wp-block-paragraph\">Die Polizei &amp; Rettungsleitstelle sind informiert.<strong>\u2028&nbsp;<\/strong><\/p>\n\n\n\n<figure class=\"wp-block-image size-large\"><a href=\"https:\/\/i0.wp.com\/www.steenkamper.de\/wp-content\/uploads\/2025\/09\/PLAN_Steenkamp-Sommerfest-scaled.jpg?ssl=1\"><img data-recalc-dims=\"1\" fetchpriority=\"high\" decoding=\"async\" width=\"724\" height=\"1024\" data-attachment-id=\"30340\" data-permalink=\"https:\/\/www.steenkamper.de\/index.php\/2025\/09\/10\/sperrungen-sommerfest\/plan_steenkamp-sommerfest\/\" data-orig-file=\"https:\/\/i0.wp.com\/www.steenkamper.de\/wp-content\/uploads\/2025\/09\/PLAN_Steenkamp-Sommerfest-scaled.jpg?fit=1810%2C2560&amp;ssl=1\" data-orig-size=\"1810,2560\" data-comments-opened=\"1\" data-image-meta=\"{&quot;aperture&quot;:&quot;0&quot;,&quot;credit&quot;:&quot;&quot;,&quot;camera&quot;:&quot;&quot;,&quot;caption&quot;:&quot;&quot;,&quot;created_timestamp&quot;:&quot;0&quot;,&quot;copyright&quot;:&quot;&quot;,&quot;focal_length&quot;:&quot;0&quot;,&quot;iso&quot;:&quot;0&quot;,&quot;shutter_speed&quot;:&quot;0&quot;,&quot;title&quot;:&quot;&quot;,&quot;orientation&quot;:&quot;1&quot;}\" data-image-title=\"PLAN_Steenkamp-Sommerfest\" data-image-description=\"\" data-image-caption=\"\" data-large-file=\"https:\/\/i0.wp.com\/www.steenkamper.de\/wp-content\/uploads\/2025\/09\/PLAN_Steenkamp-Sommerfest-scaled.jpg?fit=724%2C1024&amp;ssl=1\" src=\"https:\/\/i0.wp.com\/www.steenkamper.de\/wp-content\/uploads\/2025\/09\/PLAN_Steenkamp-Sommerfest.jpg?resize=724%2C1024&#038;ssl=1\" alt=\"\" class=\"wp-image-30340\" srcset=\"https:\/\/i0.wp.com\/www.steenkamper.de\/wp-content\/uploads\/2025\/09\/PLAN_Steenkamp-Sommerfest-scaled.jpg?resize=724%2C1024&amp;ssl=1 724w, https:\/\/i0.wp.com\/www.steenkamper.de\/wp-content\/uploads\/2025\/09\/PLAN_Steenkamp-Sommerfest-scaled.jpg?resize=212%2C300&amp;ssl=1 212w, https:\/\/i0.wp.com\/www.steenkamper.de\/wp-content\/uploads\/2025\/09\/PLAN_Steenkamp-Sommerfest-scaled.jpg?resize=768%2C1086&amp;ssl=1 768w, https:\/\/i0.wp.com\/www.steenkamper.de\/wp-content\/uploads\/2025\/09\/PLAN_Steenkamp-Sommerfest-scaled.jpg?resize=1086%2C1536&amp;ssl=1 1086w, https:\/\/i0.wp.com\/www.steenkamper.de\/wp-content\/uploads\/2025\/09\/PLAN_Steenkamp-Sommerfest-scaled.jpg?resize=1448%2C2048&amp;ssl=1 1448w, https:\/\/i0.wp.com\/www.steenkamper.de\/wp-content\/uploads\/2025\/09\/PLAN_Steenkamp-Sommerfest-scaled.jpg?resize=450%2C636&amp;ssl=1 450w, https:\/\/i0.wp.com\/www.steenkamper.de\/wp-content\/uploads\/2025\/09\/PLAN_Steenkamp-Sommerfest-scaled.jpg?resize=300%2C424&amp;ssl=1 300w, https:\/\/i0.wp.com\/www.steenkamper.de\/wp-content\/uploads\/2025\/09\/PLAN_Steenkamp-Sommerfest-scaled.jpg?resize=600%2C848&amp;ssl=1 600w, https:\/\/i0.wp.com\/www.steenkamper.de\/wp-content\/uploads\/2025\/09\/PLAN_Steenkamp-Sommerfest-scaled.jpg?w=1810&amp;ssl=1 1810w\" sizes=\"(max-width: 724px) 100vw, 724px\" \/><\/a><\/figure>\n\n\n\n<figure class=\"wp-block-image size-large\"><img data-recalc-dims=\"1\" decoding=\"async\" width=\"1024\" height=\"560\" data-attachment-id=\"7002\" data-permalink=\"https:\/\/www.steenkamper.de\/img_8457\/\" data-orig-file=\"https:\/\/i0.wp.com\/www.steenkamper.de\/wp-content\/uploads\/2018\/08\/img_8457.jpg?fit=1372%2C750&amp;ssl=1\" data-orig-size=\"1372,750\" data-comments-opened=\"1\" data-image-meta=\"{&quot;aperture&quot;:&quot;0&quot;,&quot;credit&quot;:&quot;&quot;,&quot;camera&quot;:&quot;&quot;,&quot;caption&quot;:&quot;&quot;,&quot;created_timestamp&quot;:&quot;0&quot;,&quot;copyright&quot;:&quot;&quot;,&quot;focal_length&quot;:&quot;0&quot;,&quot;iso&quot;:&quot;0&quot;,&quot;shutter_speed&quot;:&quot;0&quot;,&quot;title&quot;:&quot;&quot;,&quot;orientation&quot;:&quot;1&quot;}\" data-image-title=\"\" data-image-description=\"\" data-image-caption=\"\" data-large-file=\"https:\/\/i0.wp.com\/www.steenkamper.de\/wp-content\/uploads\/2018\/08\/img_8457.jpg?fit=1024%2C560&amp;ssl=1\" src=\"https:\/\/i0.wp.com\/www.steenkamper.de\/wp-content\/uploads\/2018\/08\/img_8457.jpg?resize=1024%2C560&#038;ssl=1\" alt=\"\" class=\"wp-image-7002\" srcset=\"https:\/\/i0.wp.com\/www.steenkamper.de\/wp-content\/uploads\/2018\/08\/img_8457.jpg?resize=1024%2C560&amp;ssl=1 1024w, https:\/\/i0.wp.com\/www.steenkamper.de\/wp-content\/uploads\/2018\/08\/img_8457.jpg?resize=300%2C164&amp;ssl=1 300w, https:\/\/i0.wp.com\/www.steenkamper.de\/wp-content\/uploads\/2018\/08\/img_8457.jpg?resize=768%2C420&amp;ssl=1 768w, https:\/\/i0.wp.com\/www.steenkamper.de\/wp-content\/uploads\/2018\/08\/img_8457.jpg?resize=500%2C273&amp;ssl=1 500w, https:\/\/i0.wp.com\/www.steenkamper.de\/wp-content\/uploads\/2018\/08\/img_8457.jpg?resize=450%2C246&amp;ssl=1 450w, https:\/\/i0.wp.com\/www.steenkamper.de\/wp-content\/uploads\/2018\/08\/img_8457.jpg?w=1372&amp;ssl=1 1372w\" sizes=\"(max-width: 1000px) 100vw, 1000px\" \/><\/figure>\n\n\n\n<p class=\"wp-block-paragraph\">Die Polizei &amp; Rettungsleitstelle sind informiert.<strong>\u2028\u00a0<\/strong><\/p>\n\n\n\n<p class=\"wp-block-paragraph\">Die Sperrungen f\u00fcr das Sommerfest sind&nbsp;<strong>vom Sa. 08:00 Uhr bis So. 20:00 Uhr<\/strong>&nbsp;genehmigt.&nbsp;<br>Das&nbsp;<strong>Befahren<\/strong>&nbsp;des abgesperrten Bereiches ist in der genehmigten Zeit&nbsp;<strong>nicht m\u00f6glich<\/strong>.<\/p>\n","protected":false},"excerpt":{"rendered":"<p>Von\u00a0Sa. 8:00 Uhr bis So. 20:00 Uhr\u00a0ist unser \u201eFestivalgel\u00e4nde\u201c f\u00fcr den Autoverkehr gesperrt.\u00a0Das\u00a0Befahren\u00a0des abgesperrten Bereiches ist in dieser Zeit\u00a0nicht m\u00f6glich.\u00a0 Auch dieses Jahr haben wir wieder die Auflage der Stadt, [&hellip;]<\/p>\n","protected":false},"author":6,"featured_media":37057,"comment_status":"open","ping_status":"open","sticky":false,"template":"","format":"standard","meta":{"_acf_changed":false,"site-sidebar-layout":"default","site-content-layout":"","ast-site-content-layout":"default","site-content-style":"default","site-sidebar-style":"default","ast-global-header-display":"","ast-banner-title-visibility":"","ast-main-header-display":"","ast-hfb-above-header-display":"","ast-hfb-below-header-display":"","ast-hfb-mobile-header-display":"","site-post-title":"disabled","ast-breadcrumbs-content":"","ast-featured-img":"","footer-sml-layout":"","ast-disable-related-posts":"","theme-transparent-header-meta":"","adv-header-id-meta":"","stick-header-meta":"","header-above-stick-meta":"","header-main-stick-meta":"","header-below-stick-meta":"","astra-migrate-meta-layouts":"default","ast-page-background-enabled":"default","ast-page-background-meta":{"desktop":{"background-color":"var(--ast-global-color-5)","background-image":"","background-repeat":"repeat","background-position":"center center","background-size":"auto","background-attachment":"scroll","background-type":"","background-media":"","overlay-type":"","overlay-color":"","overlay-opacity":"","overlay-gradient":""},"tablet":{"background-color":"","background-image":"","background-repeat":"repeat","background-position":"center center","background-size":"auto","background-attachment":"scroll","background-type":"","background-media":"","overlay-type":"","overlay-color":"","overlay-opacity":"","overlay-gradient":""},"mobile":{"background-color":"","background-image":"","background-repeat":"repeat","background-position":"center center","background-size":"auto","background-attachment":"scroll","background-type":"","background-media":"","overlay-type":"","overlay-color":"","overlay-opacity":"","overlay-gradient":""}},"ast-content-background-meta":{"desktop":{"background-color":"var(--ast-global-color-4)","background-image":"","background-repeat":"repeat","background-position":"center center","background-size":"auto","background-attachment":"scroll","background-type":"","background-media":"","overlay-type":"","overlay-color":"","overlay-opacity":"","overlay-gradient":""},"tablet":{"background-color":"var(--ast-global-color-4)","background-image":"","background-repeat":"repeat","background-position":"center center","background-size":"auto","background-attachment":"scroll","background-type":"","background-media":"","overlay-type":"","overlay-color":"","overlay-opacity":"","overlay-gradient":""},"mobile":{"background-color":"var(--ast-global-color-4)","background-image":"","background-repeat":"repeat","background-position":"center center","background-size":"auto","background-attachment":"scroll","background-type":"","background-media":"","overlay-type":"","overlay-color":"","overlay-opacity":"","overlay-gradient":""}},"_price":"","_stock":"","_tribe_ticket_header":"","_tribe_default_ticket_provider":"","_tribe_ticket_capacity":"0","_ticket_start_date":"","_ticket_end_date":"","_tribe_ticket_show_description":"","_tribe_ticket_show_not_going":false,"_tribe_ticket_use_global_stock":"","_tribe_ticket_global_stock_level":"","_global_stock_mode":"","_global_stock_cap":"","_tribe_rsvp_for_event":"","_tribe_ticket_going_count":"","_tribe_ticket_not_going_count":"","_tribe_tickets_list":"[]","_tribe_ticket_has_attendee_info_fields":false,"_jetpack_newsletter_access":"","_jetpack_dont_email_post_to_subs":false,"_jetpack_newsletter_tier_id":0,"_jetpack_memberships_contains_paywalled_content":false,"_jetpack_feature_clip_id":0,"_jetpack_memberships_contains_paid_content":false,"footnotes":"","jetpack_publicize_message":"","jetpack_publicize_feature_enabled":true,"jetpack_social_post_already_shared":true,"jetpack_social_options":{"image_generator_settings":{"template":"highway","default_image_id":0,"font":"","enabled":false},"version":2},"jetpack_post_was_ever_published":false},"categories":[3,104],"tags":[],"class_list":["post-30227","post","type-post","status-publish","format-standard","has-post-thumbnail","hentry","category-allgemein","category-sommerfest"],"acf":[],"jetpack_publicize_connections":[],"jetpack_sharing_enabled":true,"jetpack_shortlink":"https:\/\/wp.me\/p74Wuo-7Rx","jetpack_likes_enabled":true,"jetpack-related-posts":[{"id":30339,"url":"https:\/\/www.steenkamper.de\/index.php\/2025\/09\/10\/sperrungen-sommerfest\/","url_meta":{"origin":30227,"position":0},"title":"SPERRUNGEN Sommerfest","author":"Max","date":"10\/09\/2025","format":false,"excerpt":"\u26a0\ufe0f\u2b55\ufe0f\ud83d\udea7 Von Sa. 08:00 Uhr bis So. 20:00 Uhr ist unser \u201eFestivalgel\u00e4nde\u201c f\u00fcr den Autoverkehr gesperrt. Bitte haltet den Abgesperrten Bereich (siehe Karte unten) frei von Autos. Das Befahren des abgesperrten Bereiches ist in der genehmigten Zeit nicht m\u00f6glich. Im Notfall\u2028 ist f\u00fcr Rettungsfahrzeuge die Zufahrt\u00a0\u00fcber die\u00a0Sievertstrasse\u00a0m\u00f6glich.\u2028Die Polizei & Rettungsleitstelle\u2026","rel":"","context":"In &quot;Allgemein&quot;","block_context":{"text":"Allgemein","link":"https:\/\/www.steenkamper.de\/index.php\/category\/allgemein\/"},"img":{"alt_text":"","src":"https:\/\/i0.wp.com\/www.steenkamper.de\/wp-content\/uploads\/2018\/08\/img_8457.jpg?fit=1200%2C656&ssl=1&resize=350%2C200","width":350,"height":200,"srcset":"https:\/\/i0.wp.com\/www.steenkamper.de\/wp-content\/uploads\/2018\/08\/img_8457.jpg?fit=1200%2C656&ssl=1&resize=350%2C200 1x, https:\/\/i0.wp.com\/www.steenkamper.de\/wp-content\/uploads\/2018\/08\/img_8457.jpg?fit=1200%2C656&ssl=1&resize=525%2C300 1.5x, https:\/\/i0.wp.com\/www.steenkamper.de\/wp-content\/uploads\/2018\/08\/img_8457.jpg?fit=1200%2C656&ssl=1&resize=700%2C400 2x, https:\/\/i0.wp.com\/www.steenkamper.de\/wp-content\/uploads\/2018\/08\/img_8457.jpg?fit=1200%2C656&ssl=1&resize=1050%2C600 3x"},"classes":[]},{"id":28682,"url":"https:\/\/www.steenkamper.de\/index.php\/2024\/09\/04\/sommerfest-autofrei-2\/","url_meta":{"origin":30227,"position":1},"title":"Sommerfest AUTOFREI","author":"Max","date":"04\/09\/2024","format":false,"excerpt":"Bitte haltet alle am\u00a0Sa. und So.\u00a0die Strassen rund\u00a0um die Vogelweide und im Steenkamp\u00a0frei, damit wir ein sch\u00f6nes\u00a0autofreies Sommerfest\u00a0feiern k\u00f6nnen! Im Abgesperrten Bereich (siehe Karte) bitte keine Fahrzeuge abstellen, bzw. bitte f\u00fcr den Zeitraum rechtzeitig wegfahren. Unsere Sperrungen f\u00fcr das Sommerfest sind vom Sa. 08:00 Uhr bis So. 20:00 Uhr genehmigt.","rel":"","context":"In &quot;Allgemein&quot;","block_context":{"text":"Allgemein","link":"https:\/\/www.steenkamper.de\/index.php\/category\/allgemein\/"},"img":{"alt_text":"","src":"https:\/\/i0.wp.com\/www.steenkamper.de\/wp-content\/uploads\/2018\/08\/img_8457.jpg?fit=1200%2C656&ssl=1&resize=350%2C200","width":350,"height":200,"srcset":"https:\/\/i0.wp.com\/www.steenkamper.de\/wp-content\/uploads\/2018\/08\/img_8457.jpg?fit=1200%2C656&ssl=1&resize=350%2C200 1x, https:\/\/i0.wp.com\/www.steenkamper.de\/wp-content\/uploads\/2018\/08\/img_8457.jpg?fit=1200%2C656&ssl=1&resize=525%2C300 1.5x, https:\/\/i0.wp.com\/www.steenkamper.de\/wp-content\/uploads\/2018\/08\/img_8457.jpg?fit=1200%2C656&ssl=1&resize=700%2C400 2x, https:\/\/i0.wp.com\/www.steenkamper.de\/wp-content\/uploads\/2018\/08\/img_8457.jpg?fit=1200%2C656&ssl=1&resize=1050%2C600 3x"},"classes":[]},{"id":23976,"url":"https:\/\/www.steenkamper.de\/index.php\/2023\/09\/01\/autofreies-sommerfest-2\/","url_meta":{"origin":30227,"position":2},"title":"Autofreies Sommerfest","author":"Max","date":"01\/09\/2023","format":false,"excerpt":"Bitte haltet alle am Sa. 2.9. und So. 3.9. die Strassen rund um die Vogelweide und im Steenkamp frei, damit wir ein sch\u00f6nes autofreies Sommerfest feiern k\u00f6nnen! Dieses Jahr findet auf der Trabrennbahn parallel ein Open Air Konzert von \u201eFettes Brot\u201c statt! Fr. 1. & Sa. 2.9. Einlass: 16h \u2013\u2026","rel":"","context":"In &quot;Sommerfest&quot;","block_context":{"text":"Sommerfest","link":"https:\/\/www.steenkamper.de\/index.php\/category\/sommerfest\/"},"img":{"alt_text":"","src":"https:\/\/i0.wp.com\/www.steenkamper.de\/wp-content\/uploads\/2018\/08\/img_8457.jpg?fit=1200%2C656&ssl=1&resize=350%2C200","width":350,"height":200,"srcset":"https:\/\/i0.wp.com\/www.steenkamper.de\/wp-content\/uploads\/2018\/08\/img_8457.jpg?fit=1200%2C656&ssl=1&resize=350%2C200 1x, https:\/\/i0.wp.com\/www.steenkamper.de\/wp-content\/uploads\/2018\/08\/img_8457.jpg?fit=1200%2C656&ssl=1&resize=525%2C300 1.5x, https:\/\/i0.wp.com\/www.steenkamper.de\/wp-content\/uploads\/2018\/08\/img_8457.jpg?fit=1200%2C656&ssl=1&resize=700%2C400 2x, https:\/\/i0.wp.com\/www.steenkamper.de\/wp-content\/uploads\/2018\/08\/img_8457.jpg?fit=1200%2C656&ssl=1&resize=1050%2C600 3x"},"classes":[]},{"id":37015,"url":"https:\/\/www.steenkamper.de\/index.php\/2026\/07\/25\/aufraeumen-auf-der-vogelweide-2026\/","url_meta":{"origin":30227,"position":3},"title":"Aufr\u00e4umen auf der Vogelweide 2026","author":"Max","date":"25\/07\/2026","format":false,"excerpt":"JETZT AM WOCHENENDE: Erster Termin! Der Sommer ist da und das Steenkamp-Sommerfest r\u00fcckt immer n\u00e4her.Daf\u00fcr m\u00f6chten wir gemeinsam unser \u201eFestivalgel\u00e4nde\u201c, die Vogelweide, wieder auf Vordermann bringen und Platz und Ordnung f\u00fcr ein sch\u00f6nes Miteinander schaffen. Wir treffen uns an zwei Terminen nach den Sommerferien: Samstag, 22.08.2026, ab 14:00 Uhr und\u00a0Sonntag,\u2026","rel":"","context":"In &quot;Allgemein&quot;","block_context":{"text":"Allgemein","link":"https:\/\/www.steenkamper.de\/index.php\/category\/allgemein\/"},"img":{"alt_text":"","src":"https:\/\/i0.wp.com\/www.steenkamper.de\/wp-content\/uploads\/2026\/07\/Vogelweide-scaled.jpg?fit=1200%2C746&ssl=1&resize=350%2C200","width":350,"height":200,"srcset":"https:\/\/i0.wp.com\/www.steenkamper.de\/wp-content\/uploads\/2026\/07\/Vogelweide-scaled.jpg?fit=1200%2C746&ssl=1&resize=350%2C200 1x, https:\/\/i0.wp.com\/www.steenkamper.de\/wp-content\/uploads\/2026\/07\/Vogelweide-scaled.jpg?fit=1200%2C746&ssl=1&resize=525%2C300 1.5x, https:\/\/i0.wp.com\/www.steenkamper.de\/wp-content\/uploads\/2026\/07\/Vogelweide-scaled.jpg?fit=1200%2C746&ssl=1&resize=700%2C400 2x, https:\/\/i0.wp.com\/www.steenkamper.de\/wp-content\/uploads\/2026\/07\/Vogelweide-scaled.jpg?fit=1200%2C746&ssl=1&resize=1050%2C600 3x"},"classes":[]},{"id":10257,"url":"https:\/\/www.steenkamper.de\/index.php\/2020\/03\/01\/musiker-gesucht-2\/","url_meta":{"origin":30227,"position":4},"title":"Musiker gesucht","author":"Max","date":"01\/03\/2020","format":false,"excerpt":"Musikprogramm Sommerfest 2020 F\u00fcr unser Sommerfest 2020 suchen wir wieder Steenkamp -Talente! F\u00fcr unser diesj\u00e4hriges Steenkamp-Sommerfest am 5.&6. September suchen wir wieder K\u00fcnstler aller Art, die Lust haben, etwas auf unserer kleinen B\u00fchne aufzuf\u00fchren. Von klein bis gro\u00df von Blockfl\u00f6tenspiel bis Rock-Band oder Hip-Hop-Tanz bis Zauberei, alles ist erlaubt. Da\u2026","rel":"","context":"In &quot;Allgemein&quot;","block_context":{"text":"Allgemein","link":"https:\/\/www.steenkamper.de\/index.php\/category\/allgemein\/"},"img":{"alt_text":"","src":"https:\/\/i0.wp.com\/www.steenkamper.de\/wp-content\/uploads\/2017\/09\/IMG_0140.jpg?fit=1200%2C900&ssl=1&resize=350%2C200","width":350,"height":200,"srcset":"https:\/\/i0.wp.com\/www.steenkamper.de\/wp-content\/uploads\/2017\/09\/IMG_0140.jpg?fit=1200%2C900&ssl=1&resize=350%2C200 1x, https:\/\/i0.wp.com\/www.steenkamper.de\/wp-content\/uploads\/2017\/09\/IMG_0140.jpg?fit=1200%2C900&ssl=1&resize=525%2C300 1.5x, https:\/\/i0.wp.com\/www.steenkamper.de\/wp-content\/uploads\/2017\/09\/IMG_0140.jpg?fit=1200%2C900&ssl=1&resize=700%2C400 2x, https:\/\/i0.wp.com\/www.steenkamper.de\/wp-content\/uploads\/2017\/09\/IMG_0140.jpg?fit=1200%2C900&ssl=1&resize=1050%2C600 3x"},"classes":[]},{"id":7771,"url":"https:\/\/www.steenkamper.de\/index.php\/2019\/02\/19\/musiker-gesucht\/","url_meta":{"origin":30227,"position":5},"title":"Musiker gesucht","author":"Max","date":"19\/02\/2019","format":false,"excerpt":"Sommerfest 2019... der Sommer naht! Nur noch 200 Tage!!!F\u00fcr unser Sommerfest 2019 suchen wir wieder Steenkamp -Talente! F\u00fcr unser diesj\u00e4hriges Steenkamp-Sommerfest am 7. & 8. September suchen wir wieder K\u00fcnstler aller Art, die Lust haben, etwas auf unserer kleinen B\u00fchne aufzuf\u00fchren. Sehr gerne w\u00fcrden wir den Anteil an K\u00fcnstlern aus\u2026","rel":"","context":"In &quot;Planungen&quot;","block_context":{"text":"Planungen","link":"https:\/\/www.steenkamper.de\/index.php\/category\/planungen\/"},"img":{"alt_text":"","src":"https:\/\/i0.wp.com\/www.steenkamper.de\/wp-content\/uploads\/2017\/09\/IMG_0140.jpg?fit=1200%2C900&ssl=1&resize=350%2C200","width":350,"height":200,"srcset":"https:\/\/i0.wp.com\/www.steenkamper.de\/wp-content\/uploads\/2017\/09\/IMG_0140.jpg?fit=1200%2C900&ssl=1&resize=350%2C200 1x, https:\/\/i0.wp.com\/www.steenkamper.de\/wp-content\/uploads\/2017\/09\/IMG_0140.jpg?fit=1200%2C900&ssl=1&resize=525%2C300 1.5x, https:\/\/i0.wp.com\/www.steenkamper.de\/wp-content\/uploads\/2017\/09\/IMG_0140.jpg?fit=1200%2C900&ssl=1&resize=700%2C400 2x, https:\/\/i0.wp.com\/www.steenkamper.de\/wp-content\/uploads\/2017\/09\/IMG_0140.jpg?fit=1200%2C900&ssl=1&resize=1050%2C600 3x"},"classes":[]}],"jetpack_featured_media_url":"https:\/\/i0.wp.com\/www.steenkamper.de\/wp-content\/uploads\/2026\/08\/img_6780-1.jpg?fit=2000%2C1459&ssl=1","_links":{"self":[{"href":"https:\/\/www.steenkamper.de\/index.php\/wp-json\/wp\/v2\/posts\/30227","targetHints":{"allow":["GET"]}}],"collection":[{"href":"https:\/\/www.steenkamper.de\/index.php\/wp-json\/wp\/v2\/posts"}],"about":[{"href":"https:\/\/www.steenkamper.de\/index.php\/wp-json\/wp\/v2\/types\/post"}],"author":[{"embeddable":true,"href":"https:\/\/www.steenkamper.de\/index.php\/wp-json\/wp\/v2\/users\/6"}],"replies":[{"embeddable":true,"href":"https:\/\/www.steenkamper.de\/index.php\/wp-json\/wp\/v2\/comments?post=30227"}],"version-history":[{"count":18,"href":"https:\/\/www.steenkamper.de\/index.php\/wp-json\/wp\/v2\/posts\/30227\/revisions"}],"predecessor-version":[{"id":37267,"href":"https:\/\/www.steenkamper.de\/index.php\/wp-json\/wp\/v2\/posts\/30227\/revisions\/37267"}],"wp:featuredmedia":[{"embeddable":true,"href":"https:\/\/www.steenkamper.de\/index.php\/wp-json\/wp\/v2\/media\/37057"}],"wp:attachment":[{"href":"https:\/\/www.steenkamper.de\/index.php\/wp-json\/wp\/v2\/media?parent=30227"}],"wp:term":[{"taxonomy":"category","embeddable":true,"href":"https:\/\/www.steenkamper.de\/index.php\/wp-json\/wp\/v2\/categories?post=30227"},{"taxonomy":"post_tag","embeddable":true,"href":"https:\/\/www.steenkamper.de\/index.php\/wp-json\/wp\/v2\/tags?post=30227"}],"curies":[{"name":"wp","href":"https:\/\/api.w.org\/{rel}","templated":true}]}}