{"id":30138,"date":"2025-08-19T06:58:09","date_gmt":"2025-08-19T04:58:09","guid":{"rendered":"https:\/\/www.steenkamper.de\/index.php\/2025\/08\/19\/bahrenfeld-feiert-2\/"},"modified":"2025-08-19T07:00:07","modified_gmt":"2025-08-19T05:00:07","slug":"bahrenfeld-feiert-2","status":"publish","type":"post","link":"https:\/\/www.steenkamper.de\/index.php\/2025\/08\/19\/bahrenfeld-feiert-2\/","title":{"rendered":"Bahrenfeld feiert!"},"content":{"rendered":"\n<p class=\"elementtoproof\">Am&nbsp;<strong>6. September 2025<\/strong>, l\u00e4dt Bahrenfeld alle Bewohnerinnen und Bewohner herzlich zum&nbsp;<strong>Sommerfest &#8220;Bahrenfeld feiert!&#8221;<\/strong>&nbsp;ein.  Von&nbsp;<strong>13 bis 17 Uhr<\/strong>&nbsp;verwandelt sich die gro\u00dfe Spiel- und Liegewiese im&nbsp;<strong>Volkspark<\/strong>&nbsp;in einen lebendigen Treffpunkt f\u00fcr Jung und Alt. <\/p>\n\n\n\n<p class=\"elementtoproof\">Das Fest bietet ein buntes Programm  mit&nbsp;<strong>Musik<\/strong>,&nbsp;<strong>Infost\u00e4nden<\/strong>,&nbsp;<strong>Spielen<\/strong>&nbsp;und&nbsp;<strong>Leckereien vom Grill und anderen K\u00f6stlichkeiten&nbsp;<\/strong>.<\/p>\n\n\n\n<p class=\"elementtoproof\">Besucherinnen und Besucher sind eingeladen, ihre&nbsp;<strong>eigene Picknickdecke<\/strong>&nbsp;mitzubringen und gemeinsam einen entspannten Nachmittag unter freiem Himmel zu genie\u00dfen.<\/p>\n\n\n\n<p class=\"elementtoproof\"><a href=\"https:\/\/www.bahrenfeldauftrab.de\/\" target=\"_blank\" rel=\"noreferrer noopener\">\u2026 weiter lesen<\/a><\/p>\n\n\n\n<figure class=\"wp-block-image size-large\"><a href=\"https:\/\/www.bahrenfeldauftrab.de\/\"><img data-recalc-dims=\"1\" fetchpriority=\"high\" decoding=\"async\" width=\"726\" height=\"1024\" data-attachment-id=\"30137\" data-permalink=\"https:\/\/www.steenkamper.de\/img_6384-2-1\/\" data-orig-file=\"https:\/\/i0.wp.com\/www.steenkamper.de\/wp-content\/uploads\/2025\/08\/img_6384-2-1.jpg?fit=1033%2C1457&amp;ssl=1\" data-orig-size=\"1033,1457\" data-comments-opened=\"1\" data-image-meta=\"{&quot;aperture&quot;:&quot;0&quot;,&quot;credit&quot;:&quot;&quot;,&quot;camera&quot;:&quot;&quot;,&quot;caption&quot;:&quot;&quot;,&quot;created_timestamp&quot;:&quot;0&quot;,&quot;copyright&quot;:&quot;&quot;,&quot;focal_length&quot;:&quot;0&quot;,&quot;iso&quot;:&quot;0&quot;,&quot;shutter_speed&quot;:&quot;0&quot;,&quot;title&quot;:&quot;&quot;,&quot;orientation&quot;:&quot;1&quot;}\" data-image-title=\"img_6384-2-1\" data-image-description=\"\" data-image-caption=\"\" data-large-file=\"https:\/\/i0.wp.com\/www.steenkamper.de\/wp-content\/uploads\/2025\/08\/img_6384-2-1.jpg?fit=726%2C1024&amp;ssl=1\" src=\"https:\/\/i0.wp.com\/www.steenkamper.de\/wp-content\/uploads\/2025\/08\/img_6384-2-1.jpg?resize=726%2C1024&#038;ssl=1\" alt=\"\" class=\"wp-image-30137\" srcset=\"https:\/\/i0.wp.com\/www.steenkamper.de\/wp-content\/uploads\/2025\/08\/img_6384-2-1.jpg?resize=726%2C1024&amp;ssl=1 726w, https:\/\/i0.wp.com\/www.steenkamper.de\/wp-content\/uploads\/2025\/08\/img_6384-2-1.jpg?resize=213%2C300&amp;ssl=1 213w, https:\/\/i0.wp.com\/www.steenkamper.de\/wp-content\/uploads\/2025\/08\/img_6384-2-1.jpg?resize=768%2C1083&amp;ssl=1 768w, https:\/\/i0.wp.com\/www.steenkamper.de\/wp-content\/uploads\/2025\/08\/img_6384-2-1.jpg?resize=450%2C635&amp;ssl=1 450w, https:\/\/i0.wp.com\/www.steenkamper.de\/wp-content\/uploads\/2025\/08\/img_6384-2-1.jpg?resize=300%2C423&amp;ssl=1 300w, https:\/\/i0.wp.com\/www.steenkamper.de\/wp-content\/uploads\/2025\/08\/img_6384-2-1.jpg?resize=600%2C846&amp;ssl=1 600w, https:\/\/i0.wp.com\/www.steenkamper.de\/wp-content\/uploads\/2025\/08\/img_6384-2-1.jpg?w=1033&amp;ssl=1 1033w\" sizes=\"(max-width: 726px) 100vw, 726px\" \/><\/a><\/figure>\n","protected":false},"excerpt":{"rendered":"<p>Am&nbsp;6. September 2025, l\u00e4dt Bahrenfeld alle Bewohnerinnen und Bewohner herzlich zum&nbsp;Sommerfest &#8220;Bahrenfeld feiert!&#8221;&nbsp;ein. Von&nbsp;13 bis 17 Uhr&nbsp;verwandelt sich die gro\u00dfe Spiel- und Liegewiese im&nbsp;Volkspark&nbsp;in einen lebendigen Treffpunkt f\u00fcr Jung und [&hellip;]<\/p>\n","protected":false},"author":6,"featured_media":30137,"comment_status":"open","ping_status":"open","sticky":false,"template":"","format":"standard","meta":{"_acf_changed":false,"site-sidebar-layout":"default","site-content-layout":"","ast-site-content-layout":"default","site-content-style":"default","site-sidebar-style":"default","ast-global-header-display":"","ast-banner-title-visibility":"","ast-main-header-display":"","ast-hfb-above-header-display":"","ast-hfb-below-header-display":"","ast-hfb-mobile-header-display":"","site-post-title":"","ast-breadcrumbs-content":"","ast-featured-img":"","footer-sml-layout":"","ast-disable-related-posts":"","theme-transparent-header-meta":"","adv-header-id-meta":"","stick-header-meta":"","header-above-stick-meta":"","header-main-stick-meta":"","header-below-stick-meta":"","astra-migrate-meta-layouts":"default","ast-page-background-enabled":"default","ast-page-background-meta":{"desktop":{"background-color":"var(--ast-global-color-5)","background-image":"","background-repeat":"repeat","background-position":"center center","background-size":"auto","background-attachment":"scroll","background-type":"","background-media":"","overlay-type":"","overlay-color":"","overlay-opacity":"","overlay-gradient":""},"tablet":{"background-color":"","background-image":"","background-repeat":"repeat","background-position":"center center","background-size":"auto","background-attachment":"scroll","background-type":"","background-media":"","overlay-type":"","overlay-color":"","overlay-opacity":"","overlay-gradient":""},"mobile":{"background-color":"","background-image":"","background-repeat":"repeat","background-position":"center center","background-size":"auto","background-attachment":"scroll","background-type":"","background-media":"","overlay-type":"","overlay-color":"","overlay-opacity":"","overlay-gradient":""}},"ast-content-background-meta":{"desktop":{"background-color":"var(--ast-global-color-4)","background-image":"","background-repeat":"repeat","background-position":"center center","background-size":"auto","background-attachment":"scroll","background-type":"","background-media":"","overlay-type":"","overlay-color":"","overlay-opacity":"","overlay-gradient":""},"tablet":{"background-color":"var(--ast-global-color-4)","background-image":"","background-repeat":"repeat","background-position":"center center","background-size":"auto","background-attachment":"scroll","background-type":"","background-media":"","overlay-type":"","overlay-color":"","overlay-opacity":"","overlay-gradient":""},"mobile":{"background-color":"var(--ast-global-color-4)","background-image":"","background-repeat":"repeat","background-position":"center center","background-size":"auto","background-attachment":"scroll","background-type":"","background-media":"","overlay-type":"","overlay-color":"","overlay-opacity":"","overlay-gradient":""}},"_price":"","_stock":"","_tribe_ticket_header":"","_tribe_default_ticket_provider":"","_tribe_ticket_capacity":"0","_ticket_start_date":"","_ticket_end_date":"","_tribe_ticket_show_description":"","_tribe_ticket_show_not_going":false,"_tribe_ticket_use_global_stock":"","_tribe_ticket_global_stock_level":"","_global_stock_mode":"","_global_stock_cap":"","_tribe_rsvp_for_event":"","_tribe_ticket_going_count":"","_tribe_ticket_not_going_count":"","_tribe_tickets_list":"[]","_tribe_ticket_has_attendee_info_fields":false,"jetpack_post_was_ever_published":false,"_jetpack_newsletter_access":"","_jetpack_dont_email_post_to_subs":false,"_jetpack_newsletter_tier_id":0,"_jetpack_memberships_contains_paywalled_content":false,"_jetpack_memberships_contains_paid_content":false,"footnotes":"","jetpack_publicize_message":"","jetpack_publicize_feature_enabled":true,"jetpack_social_post_already_shared":true,"jetpack_social_options":{"image_generator_settings":{"template":"highway","default_image_id":0,"font":"","enabled":false},"version":2}},"categories":[3,5,6,108,32],"tags":[],"class_list":["post-30138","post","type-post","status-publish","format-standard","has-post-thumbnail","hentry","category-allgemein","category-kinder","category-nachbarschaft","category-science-city-bahrenfeld","category-wohnen-am-volkspark"],"acf":[],"jetpack_publicize_connections":[],"jetpack_featured_media_url":"https:\/\/i0.wp.com\/www.steenkamper.de\/wp-content\/uploads\/2025\/08\/img_6384-2-1.jpg?fit=1033%2C1457&ssl=1","jetpack_sharing_enabled":true,"jetpack_shortlink":"https:\/\/wp.me\/p74Wuo-7Q6","jetpack_likes_enabled":true,"jetpack-related-posts":[{"id":23554,"url":"https:\/\/www.steenkamper.de\/index.php\/2023\/06\/29\/bahrenfeld-feiert\/","url_meta":{"origin":30138,"position":0},"title":"Bahrenfeld feiert !","author":"Max","date":"29\/06\/2023","format":false,"excerpt":"Bahrenfeld auf Trab organisiert ein Sommerfest im Volkspark. Am Samstag, den 8. Juli ab 14 Uhr auf der gro\u00dfen Wiese: Wie schon in den letzten Jahren wollen wir uns gemeinsam treffen, kl\u00f6nen, essen, Musik h\u00f6ren und Spa\u00df haben. Dabei soll es Informationen und Aktionen von Menschen aus Bahrenfeld, Spielaktionen f\u00fcr\u2026","rel":"","context":"In &quot;Allgemein&quot;","block_context":{"text":"Allgemein","link":"https:\/\/www.steenkamper.de\/index.php\/category\/allgemein\/"},"img":{"alt_text":"","src":"https:\/\/i0.wp.com\/www.steenkamper.de\/wp-content\/uploads\/2023\/06\/img_7872-scaled.jpg?fit=1200%2C837&ssl=1&resize=350%2C200","width":350,"height":200,"srcset":"https:\/\/i0.wp.com\/www.steenkamper.de\/wp-content\/uploads\/2023\/06\/img_7872-scaled.jpg?fit=1200%2C837&ssl=1&resize=350%2C200 1x, https:\/\/i0.wp.com\/www.steenkamper.de\/wp-content\/uploads\/2023\/06\/img_7872-scaled.jpg?fit=1200%2C837&ssl=1&resize=525%2C300 1.5x, https:\/\/i0.wp.com\/www.steenkamper.de\/wp-content\/uploads\/2023\/06\/img_7872-scaled.jpg?fit=1200%2C837&ssl=1&resize=700%2C400 2x, https:\/\/i0.wp.com\/www.steenkamper.de\/wp-content\/uploads\/2023\/06\/img_7872-scaled.jpg?fit=1200%2C837&ssl=1&resize=1050%2C600 3x"},"classes":[]},{"id":19931,"url":"https:\/\/www.steenkamper.de\/index.php\/2022\/06\/22\/stadtteilfest\/","url_meta":{"origin":30138,"position":1},"title":"Stadtteilfest","author":"Max","date":"22\/06\/2022","format":false,"excerpt":"am 3.7. 11-16h auf dem Ebertplatz an der Trabrennbahn Die IdeeDie Initiative \u201eBahrenfeld auf Trab\u201c m\u00f6chte ein Stra\u00dfen- und Nachbarschaftsfest auf der Flohmarktfl\u00e4che an der Trabrennbahn veranstalten. Themen f\u00fcr das Fest sollen Verkehr und Nachbarschaft sein. Alle Menschen in Bahrenfeld und die umliegenden Institutionen und Einrichtungen sind eingeladen, sich zu\u2026","rel":"","context":"In &quot;Allgemein&quot;","block_context":{"text":"Allgemein","link":"https:\/\/www.steenkamper.de\/index.php\/category\/allgemein\/"},"img":{"alt_text":"","src":"https:\/\/i0.wp.com\/www.steenkamper.de\/wp-content\/uploads\/2022\/06\/img_4306.jpg?fit=1200%2C682&ssl=1&resize=350%2C200","width":350,"height":200,"srcset":"https:\/\/i0.wp.com\/www.steenkamper.de\/wp-content\/uploads\/2022\/06\/img_4306.jpg?fit=1200%2C682&ssl=1&resize=350%2C200 1x, https:\/\/i0.wp.com\/www.steenkamper.de\/wp-content\/uploads\/2022\/06\/img_4306.jpg?fit=1200%2C682&ssl=1&resize=525%2C300 1.5x, https:\/\/i0.wp.com\/www.steenkamper.de\/wp-content\/uploads\/2022\/06\/img_4306.jpg?fit=1200%2C682&ssl=1&resize=700%2C400 2x, https:\/\/i0.wp.com\/www.steenkamper.de\/wp-content\/uploads\/2022\/06\/img_4306.jpg?fit=1200%2C682&ssl=1&resize=1050%2C600 3x"},"classes":[]},{"id":7901,"url":"https:\/\/www.steenkamper.de\/index.php\/2019\/03\/26\/bahrenfelder-appell\/","url_meta":{"origin":30138,"position":2},"title":"Bahrenfelder Appell","author":"Max","date":"26\/03\/2019","format":false,"excerpt":"Die BI-Volkspark hat mit verschieden anderen Organisationen (s.u.) einen Appell an die Politik ins Leben gerufen. Es geht um ein durchdachtes Verkehrskonzept und einen \u00d6PNV-Bahnanschluss (U-\/S-Bahn). Und der Bahrenfelder Appell zeigt erste Wirkungen.\u201eDie Bezirksversammlung m\u00f6ge beschlie\u00dfen, den \u201eBahrenfelder Appell\u201c zu \u00fcbernehmen \u2026\u201c beginnt ein Antrag f\u00fcr die n\u00e4chste Sitzung der\u2026","rel":"","context":"In &quot;Planungen&quot;","block_context":{"text":"Planungen","link":"https:\/\/www.steenkamper.de\/index.php\/category\/planungen\/"},"img":{"alt_text":"","src":"https:\/\/i0.wp.com\/www.steenkamper.de\/wp-content\/uploads\/2019\/03\/img_2731.jpg?fit=962%2C613&ssl=1&resize=350%2C200","width":350,"height":200,"srcset":"https:\/\/i0.wp.com\/www.steenkamper.de\/wp-content\/uploads\/2019\/03\/img_2731.jpg?fit=962%2C613&ssl=1&resize=350%2C200 1x, https:\/\/i0.wp.com\/www.steenkamper.de\/wp-content\/uploads\/2019\/03\/img_2731.jpg?fit=962%2C613&ssl=1&resize=525%2C300 1.5x, https:\/\/i0.wp.com\/www.steenkamper.de\/wp-content\/uploads\/2019\/03\/img_2731.jpg?fit=962%2C613&ssl=1&resize=700%2C400 2x"},"classes":[]},{"id":28457,"url":"https:\/\/www.steenkamper.de\/index.php\/2024\/06\/27\/bahrenfelder-gespraeche-moderiertes-picknick-im-volkspark\/","url_meta":{"origin":30138,"position":3},"title":"Bahrenfelder Gespr\u00e4che -Moderiertes Picknick im Volkspark","author":"Max","date":"27\/06\/2024","format":false,"excerpt":"Das Quartiersmanagement Bahrenfeld, Q8 altona und das Bezirksamt Altona laden ein: Montag, 1. Juli um 18:00 Uhr Bei gutem Wetter: Auf der Spiel- und Liegewiese im Volkspark Bei Regen: Im Heilgarten Hamburg, August-Kirch-Stra\u00dfe 55 Bahrenfeld ist ein Stadtteil, in dem seit Jahren viele gefl\u00fcchtete Menschen leben. Ankn\u00fcpfend an die Auftaktveranstaltung\u2026","rel":"","context":"In &quot;Fl\u00fcchtlingsunterst\u00fctzung&quot;","block_context":{"text":"Fl\u00fcchtlingsunterst\u00fctzung","link":"https:\/\/www.steenkamper.de\/index.php\/category\/fluchtlingsunterstutzung\/"},"img":{"alt_text":"","src":"https:\/\/i0.wp.com\/www.steenkamper.de\/wp-content\/uploads\/2024\/06\/BahrenfelderGrespraeche-1.jpg?fit=898%2C483&ssl=1&resize=350%2C200","width":350,"height":200,"srcset":"https:\/\/i0.wp.com\/www.steenkamper.de\/wp-content\/uploads\/2024\/06\/BahrenfelderGrespraeche-1.jpg?fit=898%2C483&ssl=1&resize=350%2C200 1x, https:\/\/i0.wp.com\/www.steenkamper.de\/wp-content\/uploads\/2024\/06\/BahrenfelderGrespraeche-1.jpg?fit=898%2C483&ssl=1&resize=525%2C300 1.5x, https:\/\/i0.wp.com\/www.steenkamper.de\/wp-content\/uploads\/2024\/06\/BahrenfelderGrespraeche-1.jpg?fit=898%2C483&ssl=1&resize=700%2C400 2x"},"classes":[]},{"id":8974,"url":"https:\/\/www.steenkamper.de\/index.php\/2019\/10\/19\/science-city-bahrenfeld-rundgang\/","url_meta":{"origin":30138,"position":4},"title":"\u201eScience City Bahrenfeld\u201c Rundgang","author":"Max","date":"19\/10\/2019","format":false,"excerpt":"N\u00e4chsten Samstag gibt es einen Rundgang zur Science City mit den Gr\u00fcnen. Sa. 26. Oktober 2019 um 14 \u2013 16hTreffpunkt: DESYNotkestra\u00dfe 85, Geb\u00e4ude 1 (DESY-Gel\u00e4nde) In Bahrenfeld entsteht ein neuer Stadtteil, die \u201eScience City Bahrenfeld\u201c.Um einen Eindruck zu gewinnen, was es dort schon gibt und was geplant ist, l\u00e4dt Mareike\u2026","rel":"","context":"In &quot;Kinder&quot;","block_context":{"text":"Kinder","link":"https:\/\/www.steenkamper.de\/index.php\/category\/kinder\/"},"img":{"alt_text":"","src":"https:\/\/i0.wp.com\/www.steenkamper.de\/wp-content\/uploads\/2019\/01\/Science-City-C-S%C3%BCd-Ost-800px.jpg?fit=800%2C534&ssl=1&resize=350%2C200","width":350,"height":200,"srcset":"https:\/\/i0.wp.com\/www.steenkamper.de\/wp-content\/uploads\/2019\/01\/Science-City-C-S%C3%BCd-Ost-800px.jpg?fit=800%2C534&ssl=1&resize=350%2C200 1x, https:\/\/i0.wp.com\/www.steenkamper.de\/wp-content\/uploads\/2019\/01\/Science-City-C-S%C3%BCd-Ost-800px.jpg?fit=800%2C534&ssl=1&resize=525%2C300 1.5x, https:\/\/i0.wp.com\/www.steenkamper.de\/wp-content\/uploads\/2019\/01\/Science-City-C-S%C3%BCd-Ost-800px.jpg?fit=800%2C534&ssl=1&resize=700%2C400 2x"},"classes":[]},{"id":23432,"url":"https:\/\/www.steenkamper.de\/index.php\/2023\/06\/09\/neuer-wettbewerb\/","url_meta":{"origin":30138,"position":5},"title":"neuer Wettbewerb","author":"Max","date":"09\/06\/2023","format":false,"excerpt":"Nachdem es zuletzt sehr ruhig war, aber nun das ein oder andere Gutachten fertig ist, soll es ab Sommer mit dem st\u00e4dtebaulichen Wettbewerb f\u00fcr die Trabrennbahn weitergehen. Im Vorfeld soll es auch wieder mehr Informationen und Beteiligungsm\u00f6glichkeiten geben. Auch hat die ScienceCity GmbH nach dem Weggang von Andr\u00e9 Stark mit\u2026","rel":"","context":"In &quot;Allgemein&quot;","block_context":{"text":"Allgemein","link":"https:\/\/www.steenkamper.de\/index.php\/category\/allgemein\/"},"img":{"alt_text":"","src":"https:\/\/i0.wp.com\/www.steenkamper.de\/wp-content\/uploads\/2023\/06\/img_7540.jpg?fit=1200%2C519&ssl=1&resize=350%2C200","width":350,"height":200,"srcset":"https:\/\/i0.wp.com\/www.steenkamper.de\/wp-content\/uploads\/2023\/06\/img_7540.jpg?fit=1200%2C519&ssl=1&resize=350%2C200 1x, https:\/\/i0.wp.com\/www.steenkamper.de\/wp-content\/uploads\/2023\/06\/img_7540.jpg?fit=1200%2C519&ssl=1&resize=525%2C300 1.5x, https:\/\/i0.wp.com\/www.steenkamper.de\/wp-content\/uploads\/2023\/06\/img_7540.jpg?fit=1200%2C519&ssl=1&resize=700%2C400 2x, https:\/\/i0.wp.com\/www.steenkamper.de\/wp-content\/uploads\/2023\/06\/img_7540.jpg?fit=1200%2C519&ssl=1&resize=1050%2C600 3x"},"classes":[]}],"_links":{"self":[{"href":"https:\/\/www.steenkamper.de\/index.php\/wp-json\/wp\/v2\/posts\/30138","targetHints":{"allow":["GET"]}}],"collection":[{"href":"https:\/\/www.steenkamper.de\/index.php\/wp-json\/wp\/v2\/posts"}],"about":[{"href":"https:\/\/www.steenkamper.de\/index.php\/wp-json\/wp\/v2\/types\/post"}],"author":[{"embeddable":true,"href":"https:\/\/www.steenkamper.de\/index.php\/wp-json\/wp\/v2\/users\/6"}],"replies":[{"embeddable":true,"href":"https:\/\/www.steenkamper.de\/index.php\/wp-json\/wp\/v2\/comments?post=30138"}],"version-history":[{"count":1,"href":"https:\/\/www.steenkamper.de\/index.php\/wp-json\/wp\/v2\/posts\/30138\/revisions"}],"predecessor-version":[{"id":30139,"href":"https:\/\/www.steenkamper.de\/index.php\/wp-json\/wp\/v2\/posts\/30138\/revisions\/30139"}],"wp:featuredmedia":[{"embeddable":true,"href":"https:\/\/www.steenkamper.de\/index.php\/wp-json\/wp\/v2\/media\/30137"}],"wp:attachment":[{"href":"https:\/\/www.steenkamper.de\/index.php\/wp-json\/wp\/v2\/media?parent=30138"}],"wp:term":[{"taxonomy":"category","embeddable":true,"href":"https:\/\/www.steenkamper.de\/index.php\/wp-json\/wp\/v2\/categories?post=30138"},{"taxonomy":"post_tag","embeddable":true,"href":"https:\/\/www.steenkamper.de\/index.php\/wp-json\/wp\/v2\/tags?post=30138"}],"curies":[{"name":"wp","href":"https:\/\/api.w.org\/{rel}","templated":true}]}}