{"id":29756,"date":"2025-07-04T21:04:40","date_gmt":"2025-07-04T19:04:40","guid":{"rendered":"https:\/\/www.steenkamper.de\/?p=29756"},"modified":"2025-07-04T21:04:40","modified_gmt":"2025-07-04T19:04:40","slug":"online-beteiligung-bf-altona","status":"publish","type":"post","link":"https:\/\/www.steenkamper.de\/index.php\/2025\/07\/04\/online-beteiligung-bf-altona\/","title":{"rendered":"Online-Beteiligung &#8211; Bf. Altona"},"content":{"rendered":"\n<h1 class=\"wp-block-heading\">Bahnhofsumfeld Altona &#8211; Gestaltungsideen f\u00fcr das Zentrum. <\/h1>\n\n\n\n<p>Der heutige Altonaer Bahnhofskomplex und sein Umfeld sollen neugestaltet werden. Mit einer Online-Beteiligung haben wir vom 01.07. bis 01.08.2025 die M\u00f6glichkeit, unsere Vorschl\u00e4ge und Anregungen daf\u00fcr einzubringen! Im Herbst 2025 startet dann ein Wettbewerbsverfahren, in das unsere Beitr\u00e4ge dann einflie\u00dfen werden.<\/p>\n\n\n\n<p><a href=\"https:\/\/bahnhof-altona.beteiligung.hamburg\">https:\/\/bahnhof-altona.beteiligung.hamburg<\/a><a href=\"https:\/\/bahnhof-altona.beteiligung.hamburg\/#\/\" target=\"_blank\" rel=\"noreferrer noopener\">https:\/\/bahnhof-altona.beteiligung.hamburg\/#\/<\/a><\/p>\n\n\n\n<figure class=\"wp-block-image size-large\"><img data-recalc-dims=\"1\" fetchpriority=\"high\" decoding=\"async\" width=\"1024\" height=\"683\" data-attachment-id=\"29754\" data-permalink=\"https:\/\/www.steenkamper.de\/f503e62b-7dad-46ea-bbde-43bcb135c61f-1\/\" data-orig-file=\"https:\/\/i0.wp.com\/www.steenkamper.de\/wp-content\/uploads\/2025\/07\/f503e62b-7dad-46ea-bbde-43bcb135c61f-1.png?fit=1536%2C1024&amp;ssl=1\" data-orig-size=\"1536,1024\" data-comments-opened=\"1\" data-image-meta=\"{&quot;aperture&quot;:&quot;0&quot;,&quot;credit&quot;:&quot;&quot;,&quot;camera&quot;:&quot;&quot;,&quot;caption&quot;:&quot;&quot;,&quot;created_timestamp&quot;:&quot;0&quot;,&quot;copyright&quot;:&quot;&quot;,&quot;focal_length&quot;:&quot;0&quot;,&quot;iso&quot;:&quot;0&quot;,&quot;shutter_speed&quot;:&quot;0&quot;,&quot;title&quot;:&quot;&quot;,&quot;orientation&quot;:&quot;0&quot;}\" data-image-title=\"f503e62b-7dad-46ea-bbde-43bcb135c61f-1\" data-image-description=\"\" data-image-caption=\"\" data-large-file=\"https:\/\/i0.wp.com\/www.steenkamper.de\/wp-content\/uploads\/2025\/07\/f503e62b-7dad-46ea-bbde-43bcb135c61f-1.png?fit=1024%2C683&amp;ssl=1\" src=\"https:\/\/i0.wp.com\/www.steenkamper.de\/wp-content\/uploads\/2025\/07\/f503e62b-7dad-46ea-bbde-43bcb135c61f-1.png?resize=1024%2C683&#038;ssl=1\" class=\"wp-image-29754\" srcset=\"https:\/\/i0.wp.com\/www.steenkamper.de\/wp-content\/uploads\/2025\/07\/f503e62b-7dad-46ea-bbde-43bcb135c61f-1.png?resize=1024%2C683&amp;ssl=1 1024w, https:\/\/i0.wp.com\/www.steenkamper.de\/wp-content\/uploads\/2025\/07\/f503e62b-7dad-46ea-bbde-43bcb135c61f-1.png?resize=300%2C200&amp;ssl=1 300w, https:\/\/i0.wp.com\/www.steenkamper.de\/wp-content\/uploads\/2025\/07\/f503e62b-7dad-46ea-bbde-43bcb135c61f-1.png?resize=768%2C512&amp;ssl=1 768w, https:\/\/i0.wp.com\/www.steenkamper.de\/wp-content\/uploads\/2025\/07\/f503e62b-7dad-46ea-bbde-43bcb135c61f-1.png?resize=450%2C300&amp;ssl=1 450w, https:\/\/i0.wp.com\/www.steenkamper.de\/wp-content\/uploads\/2025\/07\/f503e62b-7dad-46ea-bbde-43bcb135c61f-1.png?resize=600%2C400&amp;ssl=1 600w, https:\/\/i0.wp.com\/www.steenkamper.de\/wp-content\/uploads\/2025\/07\/f503e62b-7dad-46ea-bbde-43bcb135c61f-1.png?w=1536&amp;ssl=1 1536w\" sizes=\"(max-width: 1000px) 100vw, 1000px\" \/><\/figure>\n","protected":false},"excerpt":{"rendered":"<p>Bahnhofsumfeld Altona &#8211; Gestaltungsideen f\u00fcr das Zentrum. Der heutige Altonaer Bahnhofskomplex und sein Umfeld sollen neugestaltet werden. Mit einer Online-Beteiligung haben wir vom 01.07. bis 01.08.2025 die M\u00f6glichkeit, unsere Vorschl\u00e4ge [&hellip;]<\/p>\n","protected":false},"author":6,"featured_media":29755,"comment_status":"open","ping_status":"open","sticky":false,"template":"","format":"standard","meta":{"_acf_changed":false,"site-sidebar-layout":"default","site-content-layout":"","ast-site-content-layout":"default","site-content-style":"default","site-sidebar-style":"default","ast-global-header-display":"","ast-banner-title-visibility":"","ast-main-header-display":"","ast-hfb-above-header-display":"","ast-hfb-below-header-display":"","ast-hfb-mobile-header-display":"","site-post-title":"","ast-breadcrumbs-content":"","ast-featured-img":"","footer-sml-layout":"","ast-disable-related-posts":"","theme-transparent-header-meta":"","adv-header-id-meta":"","stick-header-meta":"","header-above-stick-meta":"","header-main-stick-meta":"","header-below-stick-meta":"","astra-migrate-meta-layouts":"default","ast-page-background-enabled":"default","ast-page-background-meta":{"desktop":{"background-color":"var(--ast-global-color-5)","background-image":"","background-repeat":"repeat","background-position":"center center","background-size":"auto","background-attachment":"scroll","background-type":"","background-media":"","overlay-type":"","overlay-color":"","overlay-opacity":"","overlay-gradient":""},"tablet":{"background-color":"","background-image":"","background-repeat":"repeat","background-position":"center center","background-size":"auto","background-attachment":"scroll","background-type":"","background-media":"","overlay-type":"","overlay-color":"","overlay-opacity":"","overlay-gradient":""},"mobile":{"background-color":"","background-image":"","background-repeat":"repeat","background-position":"center center","background-size":"auto","background-attachment":"scroll","background-type":"","background-media":"","overlay-type":"","overlay-color":"","overlay-opacity":"","overlay-gradient":""}},"ast-content-background-meta":{"desktop":{"background-color":"var(--ast-global-color-4)","background-image":"","background-repeat":"repeat","background-position":"center center","background-size":"auto","background-attachment":"scroll","background-type":"","background-media":"","overlay-type":"","overlay-color":"","overlay-opacity":"","overlay-gradient":""},"tablet":{"background-color":"var(--ast-global-color-4)","background-image":"","background-repeat":"repeat","background-position":"center center","background-size":"auto","background-attachment":"scroll","background-type":"","background-media":"","overlay-type":"","overlay-color":"","overlay-opacity":"","overlay-gradient":""},"mobile":{"background-color":"var(--ast-global-color-4)","background-image":"","background-repeat":"repeat","background-position":"center center","background-size":"auto","background-attachment":"scroll","background-type":"","background-media":"","overlay-type":"","overlay-color":"","overlay-opacity":"","overlay-gradient":""}},"_price":"","_stock":"","_tribe_ticket_header":"","_tribe_default_ticket_provider":"","_tribe_ticket_capacity":"0","_ticket_start_date":"","_ticket_end_date":"","_tribe_ticket_show_description":"","_tribe_ticket_show_not_going":false,"_tribe_ticket_use_global_stock":"","_tribe_ticket_global_stock_level":"","_global_stock_mode":"","_global_stock_cap":"","_tribe_rsvp_for_event":"","_tribe_ticket_going_count":"","_tribe_ticket_not_going_count":"","_tribe_tickets_list":"[]","_tribe_ticket_has_attendee_info_fields":false,"jetpack_post_was_ever_published":false,"_jetpack_newsletter_access":"","_jetpack_dont_email_post_to_subs":false,"_jetpack_newsletter_tier_id":0,"_jetpack_memberships_contains_paywalled_content":false,"_jetpack_memberships_contains_paid_content":false,"footnotes":"","jetpack_publicize_message":"","jetpack_publicize_feature_enabled":true,"jetpack_social_post_already_shared":true,"jetpack_social_options":{"image_generator_settings":{"template":"highway","default_image_id":0,"font":"","enabled":false},"version":2}},"categories":[3,31],"tags":[],"class_list":["post-29756","post","type-post","status-publish","format-standard","has-post-thumbnail","hentry","category-allgemein","category-planungen"],"acf":[],"jetpack_publicize_connections":[],"jetpack_featured_media_url":"https:\/\/i0.wp.com\/www.steenkamper.de\/wp-content\/uploads\/2025\/07\/4984fcfe-67fc-4bf7-9c3a-1441cdb6eb1f-1.png?fit=1536%2C1024&ssl=1","jetpack_sharing_enabled":true,"jetpack_shortlink":"https:\/\/wp.me\/p74Wuo-7JW","jetpack_likes_enabled":true,"jetpack-related-posts":[{"id":35425,"url":"https:\/\/www.steenkamper.de\/index.php\/2026\/04\/22\/bf-altona-entwuerfe-stehen-fest\/","url_meta":{"origin":29756,"position":0},"title":"Bf. Altona Entw\u00fcrfe stehen fest","author":"Max","date":"22\/04\/2026","format":false,"excerpt":"Ergebnis des Ideenwettbewerbs steht fest - Bahnhof Altona: Zwei Ideen f\u00fcr die Zukunft des Zentrums Rund um den Bahnhof Altona wird sich in den kommenden Jahren einiges ver\u00e4ndern. Jetzt ist ein wichtiger Zwischenschritt geschafft: Aus f\u00fcnf Entw\u00fcrfen f\u00fcr die Neugestaltung des Bahnhofsumfeldes hat eine Jury zwei Konzepte ausgew\u00e4hlt, die nun\u2026","rel":"","context":"In &quot;Allgemein&quot;","block_context":{"text":"Allgemein","link":"https:\/\/www.steenkamper.de\/index.php\/category\/allgemein\/"},"img":{"alt_text":"","src":"https:\/\/i0.wp.com\/www.steenkamper.de\/wp-content\/uploads\/2025\/07\/4984fcfe-67fc-4bf7-9c3a-1441cdb6eb1f-1.png?fit=1200%2C800&ssl=1&resize=350%2C200","width":350,"height":200,"srcset":"https:\/\/i0.wp.com\/www.steenkamper.de\/wp-content\/uploads\/2025\/07\/4984fcfe-67fc-4bf7-9c3a-1441cdb6eb1f-1.png?fit=1200%2C800&ssl=1&resize=350%2C200 1x, https:\/\/i0.wp.com\/www.steenkamper.de\/wp-content\/uploads\/2025\/07\/4984fcfe-67fc-4bf7-9c3a-1441cdb6eb1f-1.png?fit=1200%2C800&ssl=1&resize=525%2C300 1.5x, https:\/\/i0.wp.com\/www.steenkamper.de\/wp-content\/uploads\/2025\/07\/4984fcfe-67fc-4bf7-9c3a-1441cdb6eb1f-1.png?fit=1200%2C800&ssl=1&resize=700%2C400 2x, https:\/\/i0.wp.com\/www.steenkamper.de\/wp-content\/uploads\/2025\/07\/4984fcfe-67fc-4bf7-9c3a-1441cdb6eb1f-1.png?fit=1200%2C800&ssl=1&resize=1050%2C600 3x"},"classes":[]},{"id":34788,"url":"https:\/\/www.steenkamper.de\/index.php\/2026\/04\/04\/neue-perspektiven-fuer-den-bahnhof-altona\/","url_meta":{"origin":29756,"position":1},"title":"Neue Perspektiven f\u00fcr den Bahnhof Altona","author":"Max","date":"04\/04\/2026","format":false,"excerpt":"Der geplante Umzug des Fern- und Regionalbahnhofs Altona an den Diebsteich bis Ende 2029 er\u00f6ffnet gro\u00dfe Chancen f\u00fcr die Stadtentwicklung im Hamburger Westen. Konkret geht es um die Zukunft des Umfelds rund um den heutigen Bahnhof Altona: Dieses Areal soll komplett neu gedacht werden \u2013 mit modernen Geb\u00e4uden, attraktiven Pl\u00e4tzen,\u2026","rel":"","context":"In &quot;Allgemein&quot;","block_context":{"text":"Allgemein","link":"https:\/\/www.steenkamper.de\/index.php\/category\/allgemein\/"},"img":{"alt_text":"","src":"https:\/\/i0.wp.com\/www.steenkamper.de\/wp-content\/uploads\/2025\/07\/4984fcfe-67fc-4bf7-9c3a-1441cdb6eb1f-1.png?fit=1200%2C800&ssl=1&resize=350%2C200","width":350,"height":200,"srcset":"https:\/\/i0.wp.com\/www.steenkamper.de\/wp-content\/uploads\/2025\/07\/4984fcfe-67fc-4bf7-9c3a-1441cdb6eb1f-1.png?fit=1200%2C800&ssl=1&resize=350%2C200 1x, https:\/\/i0.wp.com\/www.steenkamper.de\/wp-content\/uploads\/2025\/07\/4984fcfe-67fc-4bf7-9c3a-1441cdb6eb1f-1.png?fit=1200%2C800&ssl=1&resize=525%2C300 1.5x, https:\/\/i0.wp.com\/www.steenkamper.de\/wp-content\/uploads\/2025\/07\/4984fcfe-67fc-4bf7-9c3a-1441cdb6eb1f-1.png?fit=1200%2C800&ssl=1&resize=700%2C400 2x, https:\/\/i0.wp.com\/www.steenkamper.de\/wp-content\/uploads\/2025\/07\/4984fcfe-67fc-4bf7-9c3a-1441cdb6eb1f-1.png?fit=1200%2C800&ssl=1&resize=1050%2C600 3x"},"classes":[]},{"id":28417,"url":"https:\/\/www.steenkamper.de\/index.php\/2024\/06\/02\/fahrradparken-digitale-beteiligung\/","url_meta":{"origin":29756,"position":2},"title":"Fahrradparken &#8211; Digitale Beteiligung","author":"Max","date":"02\/06\/2024","format":false,"excerpt":"Wir sind die Experten f\u00fcr unsere Nachbarschaft \u2013 und genau deswegen setzt das Bezirksamt Altona beim Thema Fahrradparken auf die Mithilfe der Menschen vor Ort. Vom 16. Mai bis zum 13. Juni k\u00f6nnen sich B\u00fcrger*innen mit Anregungen und Ideen bei einem digitalen Beteiligungsformat einbringen und so wichtige Impulse f\u00fcr Fahrrad-Parkpl\u00e4tze\u2026","rel":"","context":"In &quot;Allgemein&quot;","block_context":{"text":"Allgemein","link":"https:\/\/www.steenkamper.de\/index.php\/category\/allgemein\/"},"img":{"alt_text":"","src":"https:\/\/i0.wp.com\/www.steenkamper.de\/wp-content\/uploads\/2022\/05\/img_4295.jpg?fit=1200%2C633&ssl=1&resize=350%2C200","width":350,"height":200,"srcset":"https:\/\/i0.wp.com\/www.steenkamper.de\/wp-content\/uploads\/2022\/05\/img_4295.jpg?fit=1200%2C633&ssl=1&resize=350%2C200 1x, https:\/\/i0.wp.com\/www.steenkamper.de\/wp-content\/uploads\/2022\/05\/img_4295.jpg?fit=1200%2C633&ssl=1&resize=525%2C300 1.5x, https:\/\/i0.wp.com\/www.steenkamper.de\/wp-content\/uploads\/2022\/05\/img_4295.jpg?fit=1200%2C633&ssl=1&resize=700%2C400 2x, https:\/\/i0.wp.com\/www.steenkamper.de\/wp-content\/uploads\/2022\/05\/img_4295.jpg?fit=1200%2C633&ssl=1&resize=1050%2C600 3x"},"classes":[]},{"id":12202,"url":"https:\/\/www.steenkamper.de\/index.php\/2020\/10\/02\/sitzung-des-planungsausschusses\/","url_meta":{"origin":29756,"position":3},"title":"Sitzung des Planungsausschusses","author":"Max","date":"02\/10\/2020","format":false,"excerpt":"am Mittwoch, 07.10.2020, 18h im Kollegiensaal (Rathaus Altona), Platz der Republik 1, 22765 Hamburg. Es geht um die Eingabe der BI-Volkspark und der Luthergemeinde Bahrenfeld zur B\u00fcrgerbeteiligung. 1 \u00d6ffentliche Fragestunde2 Bericht aus der Sprecherinnensitzung 3 Bebauungsplan S\u00fclldorf 25 \/ geplante Magistralenbebauung Eingabe vom 02.08.2020 4 Magistralenentwicklung in Altona - Beteiligung\u2026","rel":"","context":"In &quot;Allgemein&quot;","block_context":{"text":"Allgemein","link":"https:\/\/www.steenkamper.de\/index.php\/category\/allgemein\/"},"img":{"alt_text":"","src":"https:\/\/i0.wp.com\/www.steenkamper.de\/wp-content\/uploads\/2020\/10\/img_3712.jpg?fit=1200%2C505&ssl=1&resize=350%2C200","width":350,"height":200,"srcset":"https:\/\/i0.wp.com\/www.steenkamper.de\/wp-content\/uploads\/2020\/10\/img_3712.jpg?fit=1200%2C505&ssl=1&resize=350%2C200 1x, https:\/\/i0.wp.com\/www.steenkamper.de\/wp-content\/uploads\/2020\/10\/img_3712.jpg?fit=1200%2C505&ssl=1&resize=525%2C300 1.5x, https:\/\/i0.wp.com\/www.steenkamper.de\/wp-content\/uploads\/2020\/10\/img_3712.jpg?fit=1200%2C505&ssl=1&resize=700%2C400 2x, https:\/\/i0.wp.com\/www.steenkamper.de\/wp-content\/uploads\/2020\/10\/img_3712.jpg?fit=1200%2C505&ssl=1&resize=1050%2C600 3x"},"classes":[]},{"id":19962,"url":"https:\/\/www.steenkamper.de\/index.php\/2022\/06\/24\/online-beteiligung-ideen-und-anregungen-fuer-altonas-radverkehr\/","url_meta":{"origin":29756,"position":4},"title":"Online Beteiligung &#8211; Ideen und Anregungen f\u00fcr Altonas Radverkehr","author":"Max","date":"24\/06\/2022","format":false,"excerpt":"Das Bezirksamt Altona m\u00f6chte das bezirkliche Radverkehrskonzept weiterentwickeln \u2013 und setzt dabei auf die Impulse der Menschen vor Ort. Vom 15. Juni bis zum 10. Juli k\u00f6nnen sich B\u00fcrger*innen mit Anregungen und Ideen zur F\u00f6rderung des Radverkehrs einbringen. So k\u00f6nnen wir wichtige Strecken benennen, Alternativrouten vorschlagen sowie Konfliktstellen f\u00fcr Radfahrende\u2026","rel":"","context":"In &quot;Allgemein&quot;","block_context":{"text":"Allgemein","link":"https:\/\/www.steenkamper.de\/index.php\/category\/allgemein\/"},"img":{"alt_text":"","src":"https:\/\/i0.wp.com\/www.steenkamper.de\/wp-content\/uploads\/2022\/05\/img_4295.jpg?fit=1200%2C633&ssl=1&resize=350%2C200","width":350,"height":200,"srcset":"https:\/\/i0.wp.com\/www.steenkamper.de\/wp-content\/uploads\/2022\/05\/img_4295.jpg?fit=1200%2C633&ssl=1&resize=350%2C200 1x, https:\/\/i0.wp.com\/www.steenkamper.de\/wp-content\/uploads\/2022\/05\/img_4295.jpg?fit=1200%2C633&ssl=1&resize=525%2C300 1.5x, https:\/\/i0.wp.com\/www.steenkamper.de\/wp-content\/uploads\/2022\/05\/img_4295.jpg?fit=1200%2C633&ssl=1&resize=700%2C400 2x, https:\/\/i0.wp.com\/www.steenkamper.de\/wp-content\/uploads\/2022\/05\/img_4295.jpg?fit=1200%2C633&ssl=1&resize=1050%2C600 3x"},"classes":[]},{"id":8829,"url":"https:\/\/www.steenkamper.de\/index.php\/2019\/09\/25\/radverkehr\/","url_meta":{"origin":29756,"position":5},"title":"Radverkehr","author":"Max","date":"25\/09\/2019","format":false,"excerpt":"Veranstaltungen: 1. Workshop\u00a0 zum Radschnellweg Elmshorn-Hamburg W\u00e4hrend des Workshops k\u00f6nnen sich interessierte B\u00fcrgerinnen und B\u00fcrger \u00fcber Radschnellwege sowie den Inhalt und den zeitlichen Ablauf der Machbarkeitsstudie zum Radschnellweg Elmshorn-Hamburg informieren.Zeit:\u00a0Dienstag, 1. Oktober 2019 - 18:00 UhrOrt:\u00a0Forum im Goethe-Gymnasium, Rispenweg 28, 22547 HamburgInfos:\u00a0https:\/\/metropolregion.hamburg.de\/rsw-elmshorn-hh\/ 2. Mobilit\u00e4tsdialog on Tour\u00a0 Bahnhof Altona Ort: Bahnhof\u2026","rel":"","context":"In &quot;Allgemein&quot;","block_context":{"text":"Allgemein","link":"https:\/\/www.steenkamper.de\/index.php\/category\/allgemein\/"},"img":{"alt_text":"","src":"https:\/\/i0.wp.com\/www.steenkamper.de\/wp-content\/uploads\/2017\/12\/fahrrad.png?fit=880%2C720&ssl=1&resize=350%2C200","width":350,"height":200,"srcset":"https:\/\/i0.wp.com\/www.steenkamper.de\/wp-content\/uploads\/2017\/12\/fahrrad.png?fit=880%2C720&ssl=1&resize=350%2C200 1x, https:\/\/i0.wp.com\/www.steenkamper.de\/wp-content\/uploads\/2017\/12\/fahrrad.png?fit=880%2C720&ssl=1&resize=525%2C300 1.5x, https:\/\/i0.wp.com\/www.steenkamper.de\/wp-content\/uploads\/2017\/12\/fahrrad.png?fit=880%2C720&ssl=1&resize=700%2C400 2x"},"classes":[]}],"_links":{"self":[{"href":"https:\/\/www.steenkamper.de\/index.php\/wp-json\/wp\/v2\/posts\/29756","targetHints":{"allow":["GET"]}}],"collection":[{"href":"https:\/\/www.steenkamper.de\/index.php\/wp-json\/wp\/v2\/posts"}],"about":[{"href":"https:\/\/www.steenkamper.de\/index.php\/wp-json\/wp\/v2\/types\/post"}],"author":[{"embeddable":true,"href":"https:\/\/www.steenkamper.de\/index.php\/wp-json\/wp\/v2\/users\/6"}],"replies":[{"embeddable":true,"href":"https:\/\/www.steenkamper.de\/index.php\/wp-json\/wp\/v2\/comments?post=29756"}],"version-history":[{"count":1,"href":"https:\/\/www.steenkamper.de\/index.php\/wp-json\/wp\/v2\/posts\/29756\/revisions"}],"predecessor-version":[{"id":29757,"href":"https:\/\/www.steenkamper.de\/index.php\/wp-json\/wp\/v2\/posts\/29756\/revisions\/29757"}],"wp:featuredmedia":[{"embeddable":true,"href":"https:\/\/www.steenkamper.de\/index.php\/wp-json\/wp\/v2\/media\/29755"}],"wp:attachment":[{"href":"https:\/\/www.steenkamper.de\/index.php\/wp-json\/wp\/v2\/media?parent=29756"}],"wp:term":[{"taxonomy":"category","embeddable":true,"href":"https:\/\/www.steenkamper.de\/index.php\/wp-json\/wp\/v2\/categories?post=29756"},{"taxonomy":"post_tag","embeddable":true,"href":"https:\/\/www.steenkamper.de\/index.php\/wp-json\/wp\/v2\/tags?post=29756"}],"curies":[{"name":"wp","href":"https:\/\/api.w.org\/{rel}","templated":true}]}}