{"id":29594,"date":"2025-06-27T21:06:45","date_gmt":"2025-06-27T19:06:45","guid":{"rendered":"https:\/\/www.steenkamper.de\/index.php\/2025\/06\/27\/olympia-und-die-science-city\/"},"modified":"2025-07-18T20:47:07","modified_gmt":"2025-07-18T18:47:07","slug":"olympia-und-die-science-city","status":"publish","type":"post","link":"https:\/\/www.steenkamper.de\/index.php\/2025\/06\/27\/olympia-und-die-science-city\/","title":{"rendered":"Olympia und die Science City?"},"content":{"rendered":"\n<p><strong>Wird jetzt Olympia zum Beschleuniger f\u00fcr die Science City und steigert das die Chancen auf einen S-Bahanschluss?&nbsp;<\/strong><\/p>\n\n\n\n<p>Nach einer langen Pausen wollen wir die aktuellen Ereignisse zum Anlass nehmen und uns wieder im Ausschuss Science City treffen, auf den aktuellen Stand schauen und \u00fcberlegen, wie es zusammen weitergehen kann. <\/p>\n\n\n\n<p>Im Projekt selber wird gerade an vielen Grundlagen f\u00fcr die Rahmenplanung des St\u00e4dtebaus gearbeitet.&nbsp;Gleichzeitig l\u00e4uft der Architekturwettbewerb f\u00fcr das Zentrale H\u00f6rsaalgeb\u00e4ude.&nbsp;<\/p>\n\n\n\n<p>Und was machen wir eigentlich mit der Trabrennbahnfl\u00e4che im Osten, wenn dort noch lange Brache ist, w\u00e4hrend im Westen gebaut wird? Und schlie\u00dflich, wie vernetzen wir uns besser mit den anderen Initiativen im Stadtteil?<\/p>\n\n\n\n<p>Es ist also dringend an der Zeit unser Engagament an dieser Stelle wieder zu beleben. <\/p>\n\n\n\n<p>Das machen wir am:&nbsp;<strong>Mittwoch, 16. Juli, 19 Uhr&nbsp;im Steenkampsaal.&nbsp;<\/strong><\/p>\n\n\n\n<p>Wir freuen uns auf rege Beteiligung<\/p>\n\n\n\n<p>Tanja, Jule und Alexander<\/p>\n","protected":false},"excerpt":{"rendered":"<p>Wird jetzt Olympia zum Beschleuniger f\u00fcr die Science City und steigert das die Chancen auf einen S-Bahanschluss?&nbsp; Nach einer langen Pausen wollen wir die aktuellen Ereignisse zum Anlass nehmen und&#8230; <\/p>\n<p><a class=\"teaser-more\" href=\"https:\/\/www.steenkamper.de\/index.php\/2025\/06\/27\/olympia-und-die-science-city\/\">weiter lesen<\/a><\/p>\n","protected":false},"author":6,"featured_media":29597,"comment_status":"open","ping_status":"open","sticky":false,"template":"","format":"standard","meta":{"_acf_changed":false,"_price":"","_stock":"","_tribe_ticket_header":"","_tribe_default_ticket_provider":"","_tribe_ticket_capacity":"0","_ticket_start_date":"","_ticket_end_date":"","_tribe_ticket_show_description":"","_tribe_ticket_show_not_going":false,"_tribe_ticket_use_global_stock":"","_tribe_ticket_global_stock_level":"","_global_stock_mode":"","_global_stock_cap":"","_tribe_rsvp_for_event":"","_tribe_ticket_going_count":"","_tribe_ticket_not_going_count":"","_tribe_tickets_list":"[]","_tribe_ticket_has_attendee_info_fields":false,"jetpack_post_was_ever_published":false,"_jetpack_newsletter_access":"","_jetpack_dont_email_post_to_subs":false,"_jetpack_newsletter_tier_id":0,"_jetpack_memberships_contains_paywalled_content":false,"_jetpack_memberships_contains_paid_content":false,"footnotes":"","jetpack_publicize_message":"","jetpack_publicize_feature_enabled":true,"jetpack_social_post_already_shared":true,"jetpack_social_options":{"image_generator_settings":{"template":"highway","default_image_id":0,"font":"","enabled":false},"version":2}},"categories":[3,31,108],"tags":[],"class_list":["post-29594","post","type-post","status-publish","format-standard","has-post-thumbnail","hentry","category-allgemein","category-planungen","category-science-city-bahrenfeld"],"acf":[],"jetpack_publicize_connections":[],"jetpack_featured_media_url":"https:\/\/i0.wp.com\/www.steenkamper.de\/wp-content\/uploads\/2025\/06\/eac958db-ceaa-4a6e-a20b-5c8dbb460a3f-1.png?fit=1024%2C1024&ssl=1","jetpack_sharing_enabled":true,"jetpack_shortlink":"https:\/\/wp.me\/p74Wuo-7Hk","jetpack_likes_enabled":true,"jetpack-related-posts":[{"id":16282,"url":"https:\/\/www.steenkamper.de\/index.php\/2021\/08\/11\/buergerbeteiligung-science-city-bahrenfeld\/","url_meta":{"origin":29594,"position":0},"title":"B\u00fcrgerbeteiligung &#8211; Science City Bahrenfeld","author":"Max","date":"11\/08\/2021","format":false,"excerpt":"Gut m\u00f6glich, dass direkt bei uns \u201eums Eck\u201c in den n\u00e4chsten Jahren und Jahrzehnten wortw\u00f6rtlich kaum ein Stein auf dem anderen bleiben wird: die A7 wird \u00fcberdeckelt (wof\u00fcr allerdings u.a. Schreberg\u00e4rten werden weichen m\u00fcssen)sehr gro\u00dfe Wohnungsbauvorhaben stehen an (die Trabrennbahn zieht nach Horn, die dann freigewordene Fl\u00e4che wird u.a. mit\u2026","rel":"","context":"In &quot;Planungen&quot;","block_context":{"text":"Planungen","link":"https:\/\/www.steenkamper.de\/index.php\/category\/planungen\/"},"img":{"alt_text":"","src":"https:\/\/i0.wp.com\/www.steenkamper.de\/wp-content\/uploads\/2021\/08\/Flyer-Beteiligungs-Werkstaetten-Science-City.jpg?fit=1200%2C600&ssl=1&resize=350%2C200","width":350,"height":200,"srcset":"https:\/\/i0.wp.com\/www.steenkamper.de\/wp-content\/uploads\/2021\/08\/Flyer-Beteiligungs-Werkstaetten-Science-City.jpg?fit=1200%2C600&ssl=1&resize=350%2C200 1x, https:\/\/i0.wp.com\/www.steenkamper.de\/wp-content\/uploads\/2021\/08\/Flyer-Beteiligungs-Werkstaetten-Science-City.jpg?fit=1200%2C600&ssl=1&resize=525%2C300 1.5x, https:\/\/i0.wp.com\/www.steenkamper.de\/wp-content\/uploads\/2021\/08\/Flyer-Beteiligungs-Werkstaetten-Science-City.jpg?fit=1200%2C600&ssl=1&resize=700%2C400 2x, https:\/\/i0.wp.com\/www.steenkamper.de\/wp-content\/uploads\/2021\/08\/Flyer-Beteiligungs-Werkstaetten-Science-City.jpg?fit=1200%2C600&ssl=1&resize=1050%2C600 3x"},"classes":[]},{"id":27346,"url":"https:\/\/www.steenkamper.de\/index.php\/2024\/04\/21\/treffen-ausschuss-science-city-15-5\/","url_meta":{"origin":29594,"position":1},"title":"Treffen Ausschuss Science City 15.5.","author":"Max","date":"21\/04\/2024","format":false,"excerpt":"Am 15.5. trifft sich wieder der Steenkamper Ausschuss \u201eScience City\u201c im Steenkampsaal. Interessierte sind herzlich willkommen! Am 15.5., um 19:30 Uhr, treffen wir uns im Steenkampsaal. Es w\u00e4re toll, wenn ein paar von euch dabei sein k\u00f6nnten, da wir an dem Abend die Stellw\u00e4nde f\u00fcr den Science City-Tag vorbereiten wollen.\u2026","rel":"","context":"In &quot;Saal&quot;","block_context":{"text":"Saal","link":"https:\/\/www.steenkamper.de\/index.php\/category\/saal\/"},"img":{"alt_text":"","src":"https:\/\/i0.wp.com\/www.steenkamper.de\/wp-content\/uploads\/2024\/02\/img_5128.jpg?fit=800%2C534&ssl=1&resize=350%2C200","width":350,"height":200,"srcset":"https:\/\/i0.wp.com\/www.steenkamper.de\/wp-content\/uploads\/2024\/02\/img_5128.jpg?fit=800%2C534&ssl=1&resize=350%2C200 1x, https:\/\/i0.wp.com\/www.steenkamper.de\/wp-content\/uploads\/2024\/02\/img_5128.jpg?fit=800%2C534&ssl=1&resize=525%2C300 1.5x, https:\/\/i0.wp.com\/www.steenkamper.de\/wp-content\/uploads\/2024\/02\/img_5128.jpg?fit=800%2C534&ssl=1&resize=700%2C400 2x"},"classes":[]},{"id":34728,"url":"https:\/\/www.steenkamper.de\/index.php\/2026\/03\/13\/podiumsdiskussion-bahrenfeld-auf-trab\/","url_meta":{"origin":29594,"position":2},"title":"Podiumsdiskussion \u201eBahrenfeld auf Trab\u201c","author":"Max","date":"13\/03\/2026","format":false,"excerpt":"Podiumsdiskussion \u201eNOlympJA: Olympia in Bahrenfeld \u2013 Chance oder Risiko?\u201c am 13.4.\u00a0 Eine m\u00f6gliche Austragung der Olympischen und Paralympischen Spiele in Hamburg w\u00fcrde Bahrenfeld stark ver\u00e4ndern. Geplant sind unter anderem ein Olympisches Dorf mit rund 16.000 Betten, ein neues Leichtathletikstadion sowie der Umbau des Volksparkstadions zum Schwimmstadion.\u00a0 Auch die Science City\u2026","rel":"","context":"In &quot;Allgemein&quot;","block_context":{"text":"Allgemein","link":"https:\/\/www.steenkamper.de\/index.php\/category\/allgemein\/"},"img":{"alt_text":"","src":"https:\/\/i0.wp.com\/www.steenkamper.de\/wp-content\/uploads\/2026\/03\/img_8978-1.jpg?fit=735%2C626&ssl=1&resize=350%2C200","width":350,"height":200,"srcset":"https:\/\/i0.wp.com\/www.steenkamper.de\/wp-content\/uploads\/2026\/03\/img_8978-1.jpg?fit=735%2C626&ssl=1&resize=350%2C200 1x, https:\/\/i0.wp.com\/www.steenkamper.de\/wp-content\/uploads\/2026\/03\/img_8978-1.jpg?fit=735%2C626&ssl=1&resize=525%2C300 1.5x, https:\/\/i0.wp.com\/www.steenkamper.de\/wp-content\/uploads\/2026\/03\/img_8978-1.jpg?fit=735%2C626&ssl=1&resize=700%2C400 2x"},"classes":[]},{"id":30436,"url":"https:\/\/www.steenkamper.de\/index.php\/2025\/09\/28\/u-bahn-statt-s-bahn\/","url_meta":{"origin":29594,"position":3},"title":"U-Bahn statt S-Bahn?","author":"Max","date":"28\/09\/2025","format":false,"excerpt":"In den letzten Tagen ist so einiges in der Presse zu lesen\u2026 NDR,\u00a0WELT,\u00a0NahverkehrHamburg,\u00a0Zeit,\u00a0MoPo, hamburg.de Wer morgens im 2er, 3er oder im Expressbus X3 unterwegs ist, wei\u00df: Hamburgs Westen ist am Limit. \u00dcberf\u00fcllte Fahrzeuge, Versp\u00e4tungen im Stau und ein Gedr\u00e4nge, das schon an der Haltestelle beginnt. Mit der U5 gibt es\u2026","rel":"","context":"In &quot;Allgemein&quot;","block_context":{"text":"Allgemein","link":"https:\/\/www.steenkamper.de\/index.php\/category\/allgemein\/"},"img":{"alt_text":"","src":"https:\/\/i0.wp.com\/www.steenkamper.de\/wp-content\/uploads\/2025\/09\/58a63b07-5e47-43c1-b4f2-d8286f647e93.jpg?fit=1200%2C800&ssl=1&resize=350%2C200","width":350,"height":200,"srcset":"https:\/\/i0.wp.com\/www.steenkamper.de\/wp-content\/uploads\/2025\/09\/58a63b07-5e47-43c1-b4f2-d8286f647e93.jpg?fit=1200%2C800&ssl=1&resize=350%2C200 1x, https:\/\/i0.wp.com\/www.steenkamper.de\/wp-content\/uploads\/2025\/09\/58a63b07-5e47-43c1-b4f2-d8286f647e93.jpg?fit=1200%2C800&ssl=1&resize=525%2C300 1.5x, https:\/\/i0.wp.com\/www.steenkamper.de\/wp-content\/uploads\/2025\/09\/58a63b07-5e47-43c1-b4f2-d8286f647e93.jpg?fit=1200%2C800&ssl=1&resize=700%2C400 2x, https:\/\/i0.wp.com\/www.steenkamper.de\/wp-content\/uploads\/2025\/09\/58a63b07-5e47-43c1-b4f2-d8286f647e93.jpg?fit=1200%2C800&ssl=1&resize=1050%2C600 3x"},"classes":[]},{"id":16511,"url":"https:\/\/www.steenkamper.de\/index.php\/2021\/09\/21\/zukunftswerkstatt-2021\/","url_meta":{"origin":29594,"position":4},"title":"Zukunftswerkstatt 2021","author":"Max","date":"21\/09\/2021","format":false,"excerpt":"Zukunftswerkstatt in der Steenkampsiedlung am 23. Oktober Liebe Steenkamper*innen, wir laden Euch ein zur Steenkamp-Zukunftswerkstatt zur geplanten ScienceCity Bahrenfeld am 23. Oktober von 15 Uhr bis etwa 19 Uhr im Steenkampsaal. Anlass ist, dass die Stadt direkt neben der Steenkampsiedlung eines der gr\u00f6\u00dften Stadtentwicklungsprojekte Hamburgs plant. Aktuell befindet sich die\u2026","rel":"","context":"In &quot;Allgemein&quot;","block_context":{"text":"Allgemein","link":"https:\/\/www.steenkamper.de\/index.php\/category\/allgemein\/"},"img":{"alt_text":"","src":"https:\/\/i0.wp.com\/www.steenkamper.de\/wp-content\/uploads\/2021\/09\/zukunftswerkstatt-21.jpg?fit=1200%2C838&ssl=1&resize=350%2C200","width":350,"height":200,"srcset":"https:\/\/i0.wp.com\/www.steenkamper.de\/wp-content\/uploads\/2021\/09\/zukunftswerkstatt-21.jpg?fit=1200%2C838&ssl=1&resize=350%2C200 1x, https:\/\/i0.wp.com\/www.steenkamper.de\/wp-content\/uploads\/2021\/09\/zukunftswerkstatt-21.jpg?fit=1200%2C838&ssl=1&resize=525%2C300 1.5x, https:\/\/i0.wp.com\/www.steenkamper.de\/wp-content\/uploads\/2021\/09\/zukunftswerkstatt-21.jpg?fit=1200%2C838&ssl=1&resize=700%2C400 2x, https:\/\/i0.wp.com\/www.steenkamper.de\/wp-content\/uploads\/2021\/09\/zukunftswerkstatt-21.jpg?fit=1200%2C838&ssl=1&resize=1050%2C600 3x"},"classes":[]},{"id":30605,"url":"https:\/\/www.steenkamper.de\/index.php\/2025\/11\/06\/bahrenfeld-sonntag-9-11\/","url_meta":{"origin":29594,"position":5},"title":"\u201e&amp;Bahrenfeld\u201c Sonntag 9.11.","author":"Max","date":"06\/11\/2025","format":false,"excerpt":"Wasser-Lauf. Ein Spazier-Experiment durch die Science City Bahrenfeld\u00a0 H20 ist die chemische Bezeichnung von Wasser, dem Baustoff allen Lebens. Doch was ist dieses H20 genau? Auf unserem Spaziergang wollen wir uns diesem lebenswichtigen Stoff aus verschiedenen Richtungen ann\u00e4hern (die Klimakrise, in der sich Trockenheit und Starkregen abwechseln, macht dies dringender\u2026","rel":"","context":"In &quot;Allgemein&quot;","block_context":{"text":"Allgemein","link":"https:\/\/www.steenkamper.de\/index.php\/category\/allgemein\/"},"img":{"alt_text":"","src":"https:\/\/i0.wp.com\/www.steenkamper.de\/wp-content\/uploads\/2025\/11\/img_6524-1.jpg?fit=725%2C1041&ssl=1&resize=350%2C200","width":350,"height":200,"srcset":"https:\/\/i0.wp.com\/www.steenkamper.de\/wp-content\/uploads\/2025\/11\/img_6524-1.jpg?fit=725%2C1041&ssl=1&resize=350%2C200 1x, https:\/\/i0.wp.com\/www.steenkamper.de\/wp-content\/uploads\/2025\/11\/img_6524-1.jpg?fit=725%2C1041&ssl=1&resize=525%2C300 1.5x, https:\/\/i0.wp.com\/www.steenkamper.de\/wp-content\/uploads\/2025\/11\/img_6524-1.jpg?fit=725%2C1041&ssl=1&resize=700%2C400 2x"},"classes":[]}],"_links":{"self":[{"href":"https:\/\/www.steenkamper.de\/index.php\/wp-json\/wp\/v2\/posts\/29594","targetHints":{"allow":["GET"]}}],"collection":[{"href":"https:\/\/www.steenkamper.de\/index.php\/wp-json\/wp\/v2\/posts"}],"about":[{"href":"https:\/\/www.steenkamper.de\/index.php\/wp-json\/wp\/v2\/types\/post"}],"author":[{"embeddable":true,"href":"https:\/\/www.steenkamper.de\/index.php\/wp-json\/wp\/v2\/users\/6"}],"replies":[{"embeddable":true,"href":"https:\/\/www.steenkamper.de\/index.php\/wp-json\/wp\/v2\/comments?post=29594"}],"version-history":[{"count":1,"href":"https:\/\/www.steenkamper.de\/index.php\/wp-json\/wp\/v2\/posts\/29594\/revisions"}],"predecessor-version":[{"id":29596,"href":"https:\/\/www.steenkamper.de\/index.php\/wp-json\/wp\/v2\/posts\/29594\/revisions\/29596"}],"wp:featuredmedia":[{"embeddable":true,"href":"https:\/\/www.steenkamper.de\/index.php\/wp-json\/wp\/v2\/media\/29597"}],"wp:attachment":[{"href":"https:\/\/www.steenkamper.de\/index.php\/wp-json\/wp\/v2\/media?parent=29594"}],"wp:term":[{"taxonomy":"category","embeddable":true,"href":"https:\/\/www.steenkamper.de\/index.php\/wp-json\/wp\/v2\/categories?post=29594"},{"taxonomy":"post_tag","embeddable":true,"href":"https:\/\/www.steenkamper.de\/index.php\/wp-json\/wp\/v2\/tags?post=29594"}],"curies":[{"name":"wp","href":"https:\/\/api.w.org\/{rel}","templated":true}]}}