{"id":29592,"date":"2025-06-23T06:46:51","date_gmt":"2025-06-23T04:46:51","guid":{"rendered":"https:\/\/www.steenkamper.de\/?p=29592"},"modified":"2025-06-23T06:46:51","modified_gmt":"2025-06-23T04:46:51","slug":"openair-konzerte-2025","status":"publish","type":"post","link":"https:\/\/www.steenkamper.de\/index.php\/2025\/06\/23\/openair-konzerte-2025\/","title":{"rendered":"Openair Konzerte 2025"},"content":{"rendered":"\n<p class=\"p1\">Vom 4. bis 6. Juli geht in Hamburg richtig was ab: <\/p>\n\n\n\n<p class=\"p1\">Ed Sheeran spielt gleich drei Mega-Konzerte im Volksparkstadion \u2013 mit insgesamt 150.000 Fans. <\/p>\n\n\n\n<p class=\"p1\">Dazu kommt am 5. Juli der Schlagermove, bei dem die halbe Stadt tanzt \u2013 und die andere H\u00e4lfte im Stau steht. <\/p>\n\n\n\n<p class=\"p1\">Die A7 (Elbtunnel) wird von Freitag, 22 Uhr, bis Montag, 5 Uhr, komplett gesperrt.&nbsp;<\/p>\n\n\n\n<p>Meistens sorgt die Elbtunnelsperrung ja f\u00fcr Ruhe im Hamburger Westen, dass wird diesmal vermutlich etwas anders. <\/p>\n\n\n\n<p>F\u00fcr die weitere Jahresplanung, folgende Open-Air-Veranstaltungen f\u00fcr 2025 sind beim Bezirksamt angek\u00fcndigt worden:<\/p>\n\n\n\n<p><strong>Volksparkstadion<\/strong> <\/p>\n\n\n\n<p><em>Veranstalter:&nbsp;FKP Scorpio:<\/em> <\/p>\n\n\n\n<p>07.06.2025:&nbsp;Chris Tall <\/p>\n\n\n\n<p>04.07.2025:&nbsp;Ed Sheeran <\/p>\n\n\n\n<p>05.07.2025:&nbsp;Ed Sheeran <\/p>\n\n\n\n<p>06.07.2025:&nbsp;Ed Sheeran <\/p>\n\n\n\n<p><strong>Volksparkstadion<\/strong> <\/p>\n\n\n\n<p><em>Veranstalter: Live Nation:<\/em> <\/p>\n\n\n\n<p>11.06.2025: Chris Brown <\/p>\n\n\n\n<p>16.07.2025:&nbsp;Imagine Dragons <\/p>\n\n\n\n<p>14.08.2025:&nbsp;t.b.a. (optional) <\/p>\n\n\n\n<p><strong>Parkplatz Wei\u00df&nbsp;des Volksparkstadions<\/strong> <\/p>\n\n\n\n<p><em>Veranstalter:&nbsp;STP Hamburg Konzerte<\/em> <\/p>\n\n\n\n<p>01.08.2025: Bonez MC<\/p>\n\n\n\n<p>02.08.2025: Sido<\/p>\n\n\n\n<p><strong>Trabrennbahn Bahrenfeld Hauptgel\u00e4nde\/&nbsp;Hamburger Kultursommer gro\u00dfe&nbsp;B\u00fchne<\/strong><\/p>\n\n\n\n<p><em>Veranstalter:&nbsp;FKP Scorpio:<\/em><\/p>\n\n\n\n<p>08.08.2025:&nbsp;Provinz<\/p>\n\n\n\n<p>09.08.2025:&nbsp;K.I.Z.<\/p>\n\n\n\n<p>22.08.2025:&nbsp;Ski Aggu<\/p>\n\n\n\n<p>29.08.2025:&nbsp;Cro<\/p>\n\n\n\n<p>30.08.2025:&nbsp;Scooter<\/p>\n\n\n\n<p><strong>Trabrennbahn Bahrenfeld&nbsp;Parkb\u00fchne \/&nbsp;Hamburger Kultursommer kleine&nbsp;B\u00fchne<\/strong><\/p>\n\n\n\n<p><em>Veranstalter:&nbsp;FKP Scorpio:<\/em><\/p>\n\n\n\n<p>20.08.2025:&nbsp;Paula Hartmann<\/p>\n\n\n\n<p>23.08.2025:&nbsp;t.b.a.<\/p>\n\n\n\n<p><\/p>\n\n\n\n<p><em>Quelle: https:\/\/bv-hh.de\/altona\/documents\/veranstaltungsankuendigungen-mitteilungsdrucksache-des-amtes-194933<\/em><\/p>\n\n\n\n<p><\/p>\n","protected":false},"excerpt":{"rendered":"<p>Vom 4. bis 6. Juli geht in Hamburg richtig was ab: Ed Sheeran spielt gleich drei Mega-Konzerte im Volksparkstadion \u2013 mit insgesamt 150.000 Fans. Dazu kommt am 5. Juli der&#8230; <\/p>\n<p><a class=\"teaser-more\" href=\"https:\/\/www.steenkamper.de\/index.php\/2025\/06\/23\/openair-konzerte-2025\/\">weiter lesen<\/a><\/p>\n","protected":false},"author":6,"featured_media":6575,"comment_status":"open","ping_status":"open","sticky":false,"template":"","format":"standard","meta":{"_acf_changed":false,"_price":"","_stock":"","_tribe_ticket_header":"","_tribe_default_ticket_provider":"","_tribe_ticket_capacity":"0","_ticket_start_date":"","_ticket_end_date":"","_tribe_ticket_show_description":"","_tribe_ticket_show_not_going":false,"_tribe_ticket_use_global_stock":"","_tribe_ticket_global_stock_level":"","_global_stock_mode":"","_global_stock_cap":"","_tribe_rsvp_for_event":"","_tribe_ticket_going_count":"","_tribe_ticket_not_going_count":"","_tribe_tickets_list":"[]","_tribe_ticket_has_attendee_info_fields":false,"jetpack_post_was_ever_published":false,"_jetpack_newsletter_access":"","_jetpack_dont_email_post_to_subs":false,"_jetpack_newsletter_tier_id":0,"_jetpack_memberships_contains_paywalled_content":false,"_jetpack_memberships_contains_paid_content":false,"footnotes":"","jetpack_publicize_message":"","jetpack_publicize_feature_enabled":true,"jetpack_social_post_already_shared":true,"jetpack_social_options":{"image_generator_settings":{"template":"highway","default_image_id":0,"font":"","enabled":false},"version":2}},"categories":[3,6],"tags":[],"class_list":["post-29592","post","type-post","status-publish","format-standard","has-post-thumbnail","hentry","category-allgemein","category-nachbarschaft"],"acf":[],"jetpack_publicize_connections":[],"jetpack_featured_media_url":"https:\/\/i0.wp.com\/www.steenkamper.de\/wp-content\/uploads\/2018\/06\/img_0171.jpg?fit=3124%2C1536&ssl=1","jetpack_sharing_enabled":true,"jetpack_shortlink":"https:\/\/wp.me\/p74Wuo-7Hi","jetpack_likes_enabled":true,"jetpack-related-posts":[{"id":23976,"url":"https:\/\/www.steenkamper.de\/index.php\/2023\/09\/01\/autofreies-sommerfest-2\/","url_meta":{"origin":29592,"position":0},"title":"Autofreies Sommerfest","author":"Max","date":"01\/09\/2023","format":false,"excerpt":"Bitte haltet alle am Sa. 2.9. und So. 3.9. die Strassen rund um die Vogelweide und im Steenkamp frei, damit wir ein sch\u00f6nes autofreies Sommerfest feiern k\u00f6nnen! Dieses Jahr findet auf der Trabrennbahn parallel ein Open Air Konzert von \u201eFettes Brot\u201c statt! Fr. 1. & Sa. 2.9. Einlass: 16h \u2013\u2026","rel":"","context":"In &quot;Sommerfest&quot;","block_context":{"text":"Sommerfest","link":"https:\/\/www.steenkamper.de\/index.php\/category\/sommerfest\/"},"img":{"alt_text":"","src":"https:\/\/i0.wp.com\/www.steenkamper.de\/wp-content\/uploads\/2018\/08\/img_8457.jpg?fit=1200%2C656&ssl=1&resize=350%2C200","width":350,"height":200,"srcset":"https:\/\/i0.wp.com\/www.steenkamper.de\/wp-content\/uploads\/2018\/08\/img_8457.jpg?fit=1200%2C656&ssl=1&resize=350%2C200 1x, https:\/\/i0.wp.com\/www.steenkamper.de\/wp-content\/uploads\/2018\/08\/img_8457.jpg?fit=1200%2C656&ssl=1&resize=525%2C300 1.5x, https:\/\/i0.wp.com\/www.steenkamper.de\/wp-content\/uploads\/2018\/08\/img_8457.jpg?fit=1200%2C656&ssl=1&resize=700%2C400 2x, https:\/\/i0.wp.com\/www.steenkamper.de\/wp-content\/uploads\/2018\/08\/img_8457.jpg?fit=1200%2C656&ssl=1&resize=1050%2C600 3x"},"classes":[]},{"id":18716,"url":"https:\/\/www.steenkamper.de\/index.php\/2022\/03\/16\/openair-konzerte-2022\/","url_meta":{"origin":29592,"position":1},"title":"Openair Konzerte 2022","author":"Max","date":"16\/03\/2022","format":false,"excerpt":"Beim Bezirksamt sind folgende Open-Air-Veranstaltung f\u00fcr 2022 angek\u00fcndigt worden: Trabrennbahn Bahrenfeld (im Rahmen des Hamburger Kultursommer 2022) Veranstalter: FKP Scorpio \/ maximale Besucherzahl 22.500: 16.08.2022: Mark Forster 19.08.2022: Casper 20.08.2022: Deichkind 23.08.2022: Die \u00c4rzte 24.08.2022: Die \u00c4rzte 26.08.2022: AnnenMayknatereit 27.08.2022: Scooter Parkplatz Wei\u00df des Volksparkstadions Veranstalter: STP Hamburg Konzerte GmbH\u2026","rel":"","context":"In &quot;Allgemein&quot;","block_context":{"text":"Allgemein","link":"https:\/\/www.steenkamper.de\/index.php\/category\/allgemein\/"},"img":{"alt_text":"","src":"https:\/\/i0.wp.com\/www.steenkamper.de\/wp-content\/uploads\/2018\/06\/img_8107-2.jpg?fit=1200%2C590&ssl=1&resize=350%2C200","width":350,"height":200,"srcset":"https:\/\/i0.wp.com\/www.steenkamper.de\/wp-content\/uploads\/2018\/06\/img_8107-2.jpg?fit=1200%2C590&ssl=1&resize=350%2C200 1x, https:\/\/i0.wp.com\/www.steenkamper.de\/wp-content\/uploads\/2018\/06\/img_8107-2.jpg?fit=1200%2C590&ssl=1&resize=525%2C300 1.5x, https:\/\/i0.wp.com\/www.steenkamper.de\/wp-content\/uploads\/2018\/06\/img_8107-2.jpg?fit=1200%2C590&ssl=1&resize=700%2C400 2x, https:\/\/i0.wp.com\/www.steenkamper.de\/wp-content\/uploads\/2018\/06\/img_8107-2.jpg?fit=1200%2C590&ssl=1&resize=1050%2C600 3x"},"classes":[]},{"id":27485,"url":"https:\/\/www.steenkamper.de\/index.php\/2024\/04\/21\/openair-konzerte-2024\/","url_meta":{"origin":29592,"position":2},"title":"Openair Konzerte 2024","author":"Max","date":"21\/04\/2024","format":false,"excerpt":"Beim Bezirksamt Altona sind folgende Open-Air-Veranstaltung f\u00fcr 2024 angek\u00fcndigt worden: Trabrennbahn BahrenfeldVeranstalter: FKP Konzertproduktionen GmbH 11.06.2024: Green Day 30.08.2024: Deichkind 31.08.2024: SDP 01.09.2024: SDP Zusatzkonzert Veranstalter: Semmel 06.07.2024: Roland Kaiser07.07.2024: Peter Maffay Trabrennbahn Bahrenfeld \/ Parkb\u00fchneVeranstalter: FKP Konzertproduktionen GmbH 20.08.2024: to be announced (t.b.a)21.08.2024: t.b.a22.08.2024: Robbie Williams*23.08.2024: Robbie Williams*24.08.2024: Jan\u2026","rel":"","context":"In &quot;Allgemein&quot;","block_context":{"text":"Allgemein","link":"https:\/\/www.steenkamper.de\/index.php\/category\/allgemein\/"},"img":{"alt_text":"","src":"https:\/\/i0.wp.com\/www.steenkamper.de\/wp-content\/uploads\/2018\/06\/img_0171.jpg?fit=1200%2C590&ssl=1&resize=350%2C200","width":350,"height":200,"srcset":"https:\/\/i0.wp.com\/www.steenkamper.de\/wp-content\/uploads\/2018\/06\/img_0171.jpg?fit=1200%2C590&ssl=1&resize=350%2C200 1x, https:\/\/i0.wp.com\/www.steenkamper.de\/wp-content\/uploads\/2018\/06\/img_0171.jpg?fit=1200%2C590&ssl=1&resize=525%2C300 1.5x, https:\/\/i0.wp.com\/www.steenkamper.de\/wp-content\/uploads\/2018\/06\/img_0171.jpg?fit=1200%2C590&ssl=1&resize=700%2C400 2x, https:\/\/i0.wp.com\/www.steenkamper.de\/wp-content\/uploads\/2018\/06\/img_0171.jpg?fit=1200%2C590&ssl=1&resize=1050%2C600 3x"},"classes":[]},{"id":28423,"url":"https:\/\/www.steenkamper.de\/index.php\/2024\/06\/07\/em-spiele-in-hamburg\/","url_meta":{"origin":29592,"position":3},"title":"EM Spiele in Hamburg","author":"Max","date":"07\/06\/2024","format":false,"excerpt":"\u26bd\ufe0f EM Spiele im Volksparkstadion werden an folgenden Tagen stattfinden: \u2043 So. 16.6. 15h (Polen gegen Niederlande) \u2043 Mi. 19.6. 15h (Kroatien gegen Albanien) \u2043 Sa. 22.6. 15h (Georgien gegen Tschechien) \u2043 Mi. 26.6. 21h (Tschechien gegen T\u00fcrkei) \u2043 Fr. 5.7. 21h (Viertelfinale) Bei den Spielen der EM wird das\u2026","rel":"","context":"In &quot;Allgemein&quot;","block_context":{"text":"Allgemein","link":"https:\/\/www.steenkamper.de\/index.php\/category\/allgemein\/"},"img":{"alt_text":"","src":"https:\/\/i0.wp.com\/www.steenkamper.de\/wp-content\/uploads\/2024\/06\/img_1535-1.jpg?fit=1200%2C837&ssl=1&resize=350%2C200","width":350,"height":200,"srcset":"https:\/\/i0.wp.com\/www.steenkamper.de\/wp-content\/uploads\/2024\/06\/img_1535-1.jpg?fit=1200%2C837&ssl=1&resize=350%2C200 1x, https:\/\/i0.wp.com\/www.steenkamper.de\/wp-content\/uploads\/2024\/06\/img_1535-1.jpg?fit=1200%2C837&ssl=1&resize=525%2C300 1.5x, https:\/\/i0.wp.com\/www.steenkamper.de\/wp-content\/uploads\/2024\/06\/img_1535-1.jpg?fit=1200%2C837&ssl=1&resize=700%2C400 2x, https:\/\/i0.wp.com\/www.steenkamper.de\/wp-content\/uploads\/2024\/06\/img_1535-1.jpg?fit=1200%2C837&ssl=1&resize=1050%2C600 3x"},"classes":[]},{"id":28412,"url":"https:\/\/www.steenkamper.de\/index.php\/2024\/06\/02\/nachbarschaftsinfo\/","url_meta":{"origin":29592,"position":4},"title":"Nachbarschaftsinfo","author":"Max","date":"02\/06\/2024","format":false,"excerpt":"Die FKP Scorpio Konzertproduktion informiert: Trabrennbahn Bahrenfeld 11.06.2024 bis 07.07.2024 Sehr geehrte Damen und Herren, im Zeitraum von 11.06.2024 bis 07.07.2024 finden auf der Trabrennbahn Bahrenfeld drei Konzerte statt. Wir m\u00f6chten Sie mit diesem Schreiben dar\u00fcber informieren. Einlass und Beginn der einzelnen Konzerte sind wie folgt: 11.06.2024 - Green Day\u2026","rel":"","context":"In &quot;Allgemein&quot;","block_context":{"text":"Allgemein","link":"https:\/\/www.steenkamper.de\/index.php\/category\/allgemein\/"},"img":{"alt_text":"","src":"https:\/\/i0.wp.com\/www.steenkamper.de\/wp-content\/uploads\/2024\/06\/img_1495-1.jpg?fit=1200%2C754&ssl=1&resize=350%2C200","width":350,"height":200,"srcset":"https:\/\/i0.wp.com\/www.steenkamper.de\/wp-content\/uploads\/2024\/06\/img_1495-1.jpg?fit=1200%2C754&ssl=1&resize=350%2C200 1x, https:\/\/i0.wp.com\/www.steenkamper.de\/wp-content\/uploads\/2024\/06\/img_1495-1.jpg?fit=1200%2C754&ssl=1&resize=525%2C300 1.5x, https:\/\/i0.wp.com\/www.steenkamper.de\/wp-content\/uploads\/2024\/06\/img_1495-1.jpg?fit=1200%2C754&ssl=1&resize=700%2C400 2x, https:\/\/i0.wp.com\/www.steenkamper.de\/wp-content\/uploads\/2024\/06\/img_1495-1.jpg?fit=1200%2C754&ssl=1&resize=1050%2C600 3x"},"classes":[]},{"id":28525,"url":"https:\/\/www.steenkamper.de\/index.php\/2024\/07\/26\/openair-trabrennbahn-august-24\/","url_meta":{"origin":29592,"position":5},"title":"Openair Trabrennbahn August 24","author":"Max","date":"26\/07\/2024","format":false,"excerpt":"Im Zeitraum 22.08.2024 bis 01.09.2024 findet wieder Konzerte auf der Trabrennbahn Bahrenfeld statt. Es ist mit Verkehrsbehinderungen zu rechnen! \ud83d\ude8c\ud83d\ude90\ud83d\ude99\ud83d\ude95\ud83d\ude97\ud83d\ude93 Einlass und Beginn der einzelnen Konzerte sind wie folgt: 22.08.2024 & 23.08.2024 \u2013 Let HaspaJoker Entertain You \u2013 Robbie WilliamsEinlass: 16:30 Uhr - Beginn: 18:30 Uhr 24.08.2024 \u2013 Jan DelayEinlass:\u2026","rel":"","context":"In &quot;Allgemein&quot;","block_context":{"text":"Allgemein","link":"https:\/\/www.steenkamper.de\/index.php\/category\/allgemein\/"},"img":{"alt_text":"","src":"https:\/\/i0.wp.com\/www.steenkamper.de\/wp-content\/uploads\/2018\/06\/img_0171.jpg?fit=1200%2C590&ssl=1&resize=350%2C200","width":350,"height":200,"srcset":"https:\/\/i0.wp.com\/www.steenkamper.de\/wp-content\/uploads\/2018\/06\/img_0171.jpg?fit=1200%2C590&ssl=1&resize=350%2C200 1x, https:\/\/i0.wp.com\/www.steenkamper.de\/wp-content\/uploads\/2018\/06\/img_0171.jpg?fit=1200%2C590&ssl=1&resize=525%2C300 1.5x, https:\/\/i0.wp.com\/www.steenkamper.de\/wp-content\/uploads\/2018\/06\/img_0171.jpg?fit=1200%2C590&ssl=1&resize=700%2C400 2x, https:\/\/i0.wp.com\/www.steenkamper.de\/wp-content\/uploads\/2018\/06\/img_0171.jpg?fit=1200%2C590&ssl=1&resize=1050%2C600 3x"},"classes":[]}],"_links":{"self":[{"href":"https:\/\/www.steenkamper.de\/index.php\/wp-json\/wp\/v2\/posts\/29592","targetHints":{"allow":["GET"]}}],"collection":[{"href":"https:\/\/www.steenkamper.de\/index.php\/wp-json\/wp\/v2\/posts"}],"about":[{"href":"https:\/\/www.steenkamper.de\/index.php\/wp-json\/wp\/v2\/types\/post"}],"author":[{"embeddable":true,"href":"https:\/\/www.steenkamper.de\/index.php\/wp-json\/wp\/v2\/users\/6"}],"replies":[{"embeddable":true,"href":"https:\/\/www.steenkamper.de\/index.php\/wp-json\/wp\/v2\/comments?post=29592"}],"version-history":[{"count":1,"href":"https:\/\/www.steenkamper.de\/index.php\/wp-json\/wp\/v2\/posts\/29592\/revisions"}],"predecessor-version":[{"id":29593,"href":"https:\/\/www.steenkamper.de\/index.php\/wp-json\/wp\/v2\/posts\/29592\/revisions\/29593"}],"wp:featuredmedia":[{"embeddable":true,"href":"https:\/\/www.steenkamper.de\/index.php\/wp-json\/wp\/v2\/media\/6575"}],"wp:attachment":[{"href":"https:\/\/www.steenkamper.de\/index.php\/wp-json\/wp\/v2\/media?parent=29592"}],"wp:term":[{"taxonomy":"category","embeddable":true,"href":"https:\/\/www.steenkamper.de\/index.php\/wp-json\/wp\/v2\/categories?post=29592"},{"taxonomy":"post_tag","embeddable":true,"href":"https:\/\/www.steenkamper.de\/index.php\/wp-json\/wp\/v2\/tags?post=29592"}],"curies":[{"name":"wp","href":"https:\/\/api.w.org\/{rel}","templated":true}]}}