{"id":29329,"date":"2025-04-27T13:09:57","date_gmt":"2025-04-27T11:09:57","guid":{"rendered":"https:\/\/www.steenkamper.de\/?p=29329"},"modified":"2025-04-27T13:09:57","modified_gmt":"2025-04-27T11:09:57","slug":"waermepumpe-im-vorgarten","status":"publish","type":"post","link":"https:\/\/www.steenkamper.de\/index.php\/2025\/04\/27\/waermepumpe-im-vorgarten\/","title":{"rendered":"W\u00e4rmepumpe im Vorgarten?"},"content":{"rendered":"\n<p class=\"p1\">Die Energiewende bewegt auch die Steenkampsiedlung. Ein aktueller Bericht des <a href=\"https:\/\/www.abendblatt.de\/hamburg\/wirtschaft\/article408814137\/heizen-hamburg-altona-wie-der-umstieg-auf-waermepumpe-am-bezirk-scheitert.html\" target=\"_blank\" rel=\"noreferrer noopener\">Hamburger Abendblattes vom 26. April 2025<\/a> zeigt: Der Wunsch vieler Hausbesitzer, ihre alten Gasheizungen durch moderne W\u00e4rmepumpen zu ersetzen, st\u00f6\u00dft nicht immer auf einfache Genehmigungswege. Konkret wurde die Aufstellung einer Luft-W\u00e4rmepumpe im Vorgarten eines Reihenhauses abgelehnt \u2013 mit Hinweis auf die Gestaltungsverordnung und damit den Schutz des historischen Siedlungsbildes.<\/p>\n\n\n\n<p class=\"p1\"><em>\u201eIm Rathaus Altona, mit Stefanie von Berg von einer Gr\u00fcnen gef\u00fchrt, ist man sich des Problems bewusst. Kurz vor Ostern hat sich ein Fachausschuss der Bezirksversammlung mit dem Thema befasst, und kommende Woche soll es einen Vor-Ort-Termin mit Wennrich geben. Auch der Senat ist im Hintergrund bereits aktiv. Denn dieser Fall hat nicht nur Pr\u00e4zedenzcharakter f\u00fcr die Steenkampsiedlung, wie der Bezirk selbst schrieb, sondern in gewisser Hinsicht f\u00fcr ganz Hamburg. Rund 22.700 Geb\u00e4ude mit noch viel mehr Wohneinheiten liegen nach Auskunft der Stadtentwicklungsbeh\u00f6rde in den 21 Gebieten mit st\u00e4dtebaulicher Erhaltungsverordnung. Viele von ihnen sind alt und ben\u00f6tigen in den kommenden Jahren eine neue Heizung. Doch was ist dann h\u00f6her zu bewerten: der Milieu- oder der Klimaschutz?\u201c<\/em><\/p>\n\n\n\n<p><em>\u201eGenau diese Frage haben SPD und Gr\u00fcne in der B\u00fcrgerschaft bereits 2024 aufgeworfen: \u201eBeschleunigter Klimaschutz in Gebieten mit st\u00e4dtebaulicher Erhaltungsverordnung\u201c war ihr Antrag \u00fcberschrieben, mit dem sie den Senat aufforderten, eine L\u00f6sung f\u00fcr das Problem zu finden. Doch daran hapert es nach wie vor. Auf Abendblatt-Anfrage bekannte sich der Senat zwar zu dem \u201eZiel, eine klimaschonende Energieversorgung auch in Gebieten mit st\u00e4dtebaulicher Erhaltungsverordnung voranzubringen\u201c, teilte eine Sprecherin der Stadtentwicklungsbeh\u00f6rde mit. Man strebe \u201eeine einheitliche und transparente Genehmigungspraxis\u201c an. Aber bis auf einen \u201eLeitfaden f\u00fcr Solaranlagen\u201c liegt noch nicht viel Konkretes vor. \u201eZuk\u00fcnftig\u201c w\u00fcrden auch \u201eandere st\u00e4dtebaulich pr\u00e4gende Elemente wie W\u00e4rmepumpen betrachtet\u201c, hie\u00df es. Mit anderen Worten: Man hat noch keine L\u00f6sung.\u201c <\/em><\/p>\n\n\n\n<p class=\"p1\"><em>\u201eIm Ergebnis unterst\u00fctzt die \u00fcbergeordnete Beh\u00f6rde die Ablehnung der W\u00e4rmepumpe: \u201eDie Argumentation des Bezirksamtes ist nachvollziehbar.\u201c Neben den genannten Alternativvorschl\u00e4gen sei auch ein \u201eQuartiersl\u00f6sung\u201c denkbar, also eine gr\u00f6\u00dfere W\u00e4rmepumpe oder sonstige Heizung f\u00fcr mehrere Geb\u00e4ude oder ganze Stra\u00dfenz\u00fcge. Dies k\u00f6nne \u201einsbesondere in Reihenhaussiedlungen potenziell eine st\u00e4dtebaulich vertr\u00e4gliche L\u00f6sung\u201c darstellen.\u201c<\/em><\/p>\n\n\n\n<p class=\"p1\"><strong>Energie-Gruppe der Heimst\u00e4ttervereinigung Steenkamp e.V.<\/strong><br \/>Innerhalb des Vereins der Heimst\u00e4ttervereinigung Steenkamp e.V. besch\u00e4ftigt sich eine engagierte Gruppe bereits seit 2024 mit der Zukunft der Energieversorgung in unserer Siedlung. Ihr Ziel ist es, nachhaltige, praktikable und zugleich st\u00e4dtebaulich passende L\u00f6sungen zu entwickeln \u2013 als diskussionsw\u00fcrdige Beispiele: gemeinschaftlich genutzten Erdw\u00e4rmepumpen bis zu r\u00fcckseitig installierten Photovoltaikanlagen. <br \/>Siehe auch <a href=\"https:\/\/www.steenkamper.de\/index.php\/ausschuss-energie\/\">Bericht aus dem Steenkamper 1\/2025<\/a><\/p>\n\n\n\n<p class=\"p1\">Geplante <strong>Infoveranstaltung am 25. Juni 2025<\/strong> <strong>im Steenkampsaal <\/strong><\/p>\n\n\n\n<p class=\"p1\">Wer sich f\u00fcr die Arbeit der Energiegruppe interessiert oder Fragen und Anregungen einbringen m\u00f6chte, kann sich gerne \u00fcber den E-Mail-Verteiler energie@steenkamper.de melden.<\/p>\n","protected":false},"excerpt":{"rendered":"<p>Die Energiewende bewegt auch die Steenkampsiedlung. Ein aktueller Bericht des Hamburger Abendblattes vom 26. April 2025 zeigt: Der Wunsch vieler Hausbesitzer, ihre alten Gasheizungen durch moderne W\u00e4rmepumpen zu ersetzen, st\u00f6\u00dft [&hellip;]<\/p>\n","protected":false},"author":6,"featured_media":29328,"comment_status":"open","ping_status":"open","sticky":false,"template":"","format":"standard","meta":{"_acf_changed":false,"site-sidebar-layout":"default","site-content-layout":"","ast-site-content-layout":"default","site-content-style":"default","site-sidebar-style":"default","ast-global-header-display":"","ast-banner-title-visibility":"","ast-main-header-display":"","ast-hfb-above-header-display":"","ast-hfb-below-header-display":"","ast-hfb-mobile-header-display":"","site-post-title":"","ast-breadcrumbs-content":"","ast-featured-img":"","footer-sml-layout":"","ast-disable-related-posts":"","theme-transparent-header-meta":"","adv-header-id-meta":"","stick-header-meta":"","header-above-stick-meta":"","header-main-stick-meta":"","header-below-stick-meta":"","astra-migrate-meta-layouts":"default","ast-page-background-enabled":"default","ast-page-background-meta":{"desktop":{"background-color":"var(--ast-global-color-5)","background-image":"","background-repeat":"repeat","background-position":"center center","background-size":"auto","background-attachment":"scroll","background-type":"","background-media":"","overlay-type":"","overlay-color":"","overlay-opacity":"","overlay-gradient":""},"tablet":{"background-color":"","background-image":"","background-repeat":"repeat","background-position":"center center","background-size":"auto","background-attachment":"scroll","background-type":"","background-media":"","overlay-type":"","overlay-color":"","overlay-opacity":"","overlay-gradient":""},"mobile":{"background-color":"","background-image":"","background-repeat":"repeat","background-position":"center center","background-size":"auto","background-attachment":"scroll","background-type":"","background-media":"","overlay-type":"","overlay-color":"","overlay-opacity":"","overlay-gradient":""}},"ast-content-background-meta":{"desktop":{"background-color":"var(--ast-global-color-4)","background-image":"","background-repeat":"repeat","background-position":"center center","background-size":"auto","background-attachment":"scroll","background-type":"","background-media":"","overlay-type":"","overlay-color":"","overlay-opacity":"","overlay-gradient":""},"tablet":{"background-color":"var(--ast-global-color-4)","background-image":"","background-repeat":"repeat","background-position":"center center","background-size":"auto","background-attachment":"scroll","background-type":"","background-media":"","overlay-type":"","overlay-color":"","overlay-opacity":"","overlay-gradient":""},"mobile":{"background-color":"var(--ast-global-color-4)","background-image":"","background-repeat":"repeat","background-position":"center center","background-size":"auto","background-attachment":"scroll","background-type":"","background-media":"","overlay-type":"","overlay-color":"","overlay-opacity":"","overlay-gradient":""}},"_price":"","_stock":"","_tribe_ticket_header":"","_tribe_default_ticket_provider":"","_tribe_ticket_capacity":"0","_ticket_start_date":"","_ticket_end_date":"","_tribe_ticket_show_description":"","_tribe_ticket_show_not_going":false,"_tribe_ticket_use_global_stock":"","_tribe_ticket_global_stock_level":"","_global_stock_mode":"","_global_stock_cap":"","_tribe_rsvp_for_event":"","_tribe_ticket_going_count":"","_tribe_ticket_not_going_count":"","_tribe_tickets_list":"[]","_tribe_ticket_has_attendee_info_fields":false,"jetpack_post_was_ever_published":false,"_jetpack_newsletter_access":"","_jetpack_dont_email_post_to_subs":false,"_jetpack_newsletter_tier_id":0,"_jetpack_memberships_contains_paywalled_content":false,"_jetpack_memberships_contains_paid_content":false,"footnotes":"","jetpack_publicize_message":"","jetpack_publicize_feature_enabled":true,"jetpack_social_post_already_shared":true,"jetpack_social_options":{"image_generator_settings":{"template":"highway","default_image_id":0,"font":"","enabled":false},"version":2}},"categories":[3,121,6,107],"tags":[],"class_list":["post-29329","post","type-post","status-publish","format-standard","has-post-thumbnail","hentry","category-allgemein","category-gestaltungsverordnung","category-nachbarschaft","category-umweltschutz"],"acf":[],"jetpack_publicize_connections":[],"jetpack_featured_media_url":"https:\/\/i0.wp.com\/www.steenkamper.de\/wp-content\/uploads\/2025\/04\/img_5729-1.jpg?fit=1789%2C932&ssl=1","jetpack_sharing_enabled":true,"jetpack_shortlink":"https:\/\/wp.me\/p74Wuo-7D3","jetpack_likes_enabled":true,"jetpack-related-posts":[{"id":29350,"url":"https:\/\/www.steenkamper.de\/index.php\/2025\/05\/02\/waermepumpe-in-der-steenkampsiedlung-nun-doch-genehmigt\/","url_meta":{"origin":29329,"position":0},"title":"W\u00e4rmepumpe in der Steenkampsiedlung nun doch genehmigt","author":"Max","date":"02\/05\/2025","format":false,"excerpt":"In der Steenkampsiedlung wurde der Einbau einer W\u00e4rmepumpe im Vorgarten zun\u00e4chst aufgrund der geltenden Gestaltungsverordnung abgelehnt. Diese Verordnung regelt detailliert die \u00e4u\u00dfere Gestaltung von Geb\u00e4uden und Freifl\u00e4chen, um das charakteristische Erscheinungsbild der Siedlung zu bewahren. Nach erneuter Pr\u00fcfung hat das Bezirksamt Altona die Entscheidung nun revidiert: Die W\u00e4rmepumpe darf gebaut\u2026","rel":"","context":"In &quot;Allgemein&quot;","block_context":{"text":"Allgemein","link":"https:\/\/www.steenkamper.de\/index.php\/category\/allgemein\/"},"img":{"alt_text":"","src":"https:\/\/i0.wp.com\/www.steenkamper.de\/wp-content\/uploads\/2025\/04\/img_5729-1.jpg?fit=1200%2C625&ssl=1&resize=350%2C200","width":350,"height":200,"srcset":"https:\/\/i0.wp.com\/www.steenkamper.de\/wp-content\/uploads\/2025\/04\/img_5729-1.jpg?fit=1200%2C625&ssl=1&resize=350%2C200 1x, https:\/\/i0.wp.com\/www.steenkamper.de\/wp-content\/uploads\/2025\/04\/img_5729-1.jpg?fit=1200%2C625&ssl=1&resize=525%2C300 1.5x, https:\/\/i0.wp.com\/www.steenkamper.de\/wp-content\/uploads\/2025\/04\/img_5729-1.jpg?fit=1200%2C625&ssl=1&resize=700%2C400 2x, https:\/\/i0.wp.com\/www.steenkamper.de\/wp-content\/uploads\/2025\/04\/img_5729-1.jpg?fit=1200%2C625&ssl=1&resize=1050%2C600 3x"},"classes":[]},{"id":29899,"url":"https:\/\/www.steenkamper.de\/index.php\/2025\/07\/12\/waermepumpen\/","url_meta":{"origin":29329,"position":1},"title":"W\u00e4rmepumpen?","author":"Max","date":"12\/07\/2025","format":false,"excerpt":"Momentan\u00a0sind W\u00e4rmepumpen in Vorg\u00e4rten genehmigungsfrei, weil die ehemalige Bezirksamtsleiterin Frau von Berg entschieden hat: \u201e\u2026..dass W\u00e4rmepumpen zur modernen, klimagerechten Infrastruktur eines Hauses geh\u00f6ren -und nicht Teil der st\u00e4dtebaulichen Gestaltung sind.\u201c Aber\u00a0es sind weiterhin die Schallschutzanforderungen gem. der TA-L\u00e4rm ( Technische Anleitung zum Schutz gegen L\u00e4rm ) einzuhalten. Daraus ergeben sich\u2026","rel":"","context":"In &quot;Allgemein&quot;","block_context":{"text":"Allgemein","link":"https:\/\/www.steenkamper.de\/index.php\/category\/allgemein\/"},"img":{"alt_text":"","src":"https:\/\/i0.wp.com\/www.steenkamper.de\/wp-content\/uploads\/2025\/04\/img_5729-1.jpg?fit=1200%2C625&ssl=1&resize=350%2C200","width":350,"height":200,"srcset":"https:\/\/i0.wp.com\/www.steenkamper.de\/wp-content\/uploads\/2025\/04\/img_5729-1.jpg?fit=1200%2C625&ssl=1&resize=350%2C200 1x, https:\/\/i0.wp.com\/www.steenkamper.de\/wp-content\/uploads\/2025\/04\/img_5729-1.jpg?fit=1200%2C625&ssl=1&resize=525%2C300 1.5x, https:\/\/i0.wp.com\/www.steenkamper.de\/wp-content\/uploads\/2025\/04\/img_5729-1.jpg?fit=1200%2C625&ssl=1&resize=700%2C400 2x, https:\/\/i0.wp.com\/www.steenkamper.de\/wp-content\/uploads\/2025\/04\/img_5729-1.jpg?fit=1200%2C625&ssl=1&resize=1050%2C600 3x"},"classes":[]},{"id":10662,"url":"https:\/\/www.steenkamper.de\/index.php\/2020\/04\/27\/gestaltungsverordnung\/","url_meta":{"origin":29329,"position":2},"title":"Gestaltungsverordnung","author":"Max","date":"27\/04\/2020","format":false,"excerpt":"Stellplatz im Vorgarten? Ist die Verordnung noch zeitgem\u00e4\u00df? Am 24. 3. wurde auf einer Sitzung vom Altonaer Bauausschuss und am 26.3. auf einer Sitzung im Hauptausschuss der Bezirksversammlung Altona eine \"kleine Anfrage\" auf die Tagesordnung genommen: Steenkamp-Verordnung - Kleine Anfrage von Gesche Boehlich (Fraktion GR\u00dcNE), Gregor Werner (SPD-Fraktion), Hagen Okun\u2026","rel":"","context":"In &quot;100 jahre&quot;","block_context":{"text":"100 jahre","link":"https:\/\/www.steenkamper.de\/index.php\/category\/100-jahre\/"},"img":{"alt_text":"","src":"https:\/\/i0.wp.com\/www.steenkamper.de\/wp-content\/uploads\/2017\/09\/FullSizeRender-12.jpg?fit=1200%2C900&ssl=1&resize=350%2C200","width":350,"height":200,"srcset":"https:\/\/i0.wp.com\/www.steenkamper.de\/wp-content\/uploads\/2017\/09\/FullSizeRender-12.jpg?fit=1200%2C900&ssl=1&resize=350%2C200 1x, https:\/\/i0.wp.com\/www.steenkamper.de\/wp-content\/uploads\/2017\/09\/FullSizeRender-12.jpg?fit=1200%2C900&ssl=1&resize=525%2C300 1.5x, https:\/\/i0.wp.com\/www.steenkamper.de\/wp-content\/uploads\/2017\/09\/FullSizeRender-12.jpg?fit=1200%2C900&ssl=1&resize=700%2C400 2x, https:\/\/i0.wp.com\/www.steenkamper.de\/wp-content\/uploads\/2017\/09\/FullSizeRender-12.jpg?fit=1200%2C900&ssl=1&resize=1050%2C600 3x"},"classes":[]},{"id":4079,"url":"https:\/\/www.steenkamper.de\/index.php\/2017\/06\/05\/parkplaetze-in-vorgaerten\/","url_meta":{"origin":29329,"position":3},"title":"Parkpl\u00e4tze in Vorg\u00e4rten","author":"Max","date":"05\/06\/2017","format":false,"excerpt":"Auf der Sitzung der Bezirksversammlung am 1.6. r\u00fcckte unsere Steenkampsiedlung in den Mittelpunkt.\u00a0 Auf der Tagesordnung gab es folgenden Antrag: \"Herstellung ordnungsgem\u00e4\u00dfer Zust\u00e4nde im Bereich der Steenkamp-Siedlung in Bezug auf ungenehmigte Nutzungen der Vorg\u00e4rten\" Weiter hei\u00dft es:\u00a0 Die Steenkamp-Siedlung stellt ein herausragendes Beispiel f\u00fcr eine Siedlung dar, welche die Ideen\u2026","rel":"","context":"In &quot;Allgemein&quot;","block_context":{"text":"Allgemein","link":"https:\/\/www.steenkamper.de\/index.php\/category\/allgemein\/"},"img":{"alt_text":"","src":"https:\/\/i0.wp.com\/www.steenkamper.de\/wp-content\/uploads\/2017\/06\/img_0102.jpg?fit=1200%2C899&ssl=1&resize=350%2C200","width":350,"height":200,"srcset":"https:\/\/i0.wp.com\/www.steenkamper.de\/wp-content\/uploads\/2017\/06\/img_0102.jpg?fit=1200%2C899&ssl=1&resize=350%2C200 1x, https:\/\/i0.wp.com\/www.steenkamper.de\/wp-content\/uploads\/2017\/06\/img_0102.jpg?fit=1200%2C899&ssl=1&resize=525%2C300 1.5x, https:\/\/i0.wp.com\/www.steenkamper.de\/wp-content\/uploads\/2017\/06\/img_0102.jpg?fit=1200%2C899&ssl=1&resize=700%2C400 2x, https:\/\/i0.wp.com\/www.steenkamper.de\/wp-content\/uploads\/2017\/06\/img_0102.jpg?fit=1200%2C899&ssl=1&resize=1050%2C600 3x"},"classes":[]},{"id":30477,"url":"https:\/\/www.steenkamper.de\/index.php\/2025\/10\/02\/pv-und-waermepumpen\/","url_meta":{"origin":29329,"position":4},"title":"PV und W\u00e4rmepumpen","author":"Max","date":"02\/10\/2025","format":false,"excerpt":"Beschluss des Stadtentwicklungsausschusses des Bezirksamts Altona zur Genehmigung von PV auf Stra\u00dfend\u00e4chern und W\u00e4rmepumpen im Vorgarten. Der\u00a0Stadtentwicklungsausschuss hat folgendes zu PV und WP beschlossen: 1.\u00a0\u00a0\u00a0\u00a0F\u00fcr PV-Anlagen und W\u00e4rmepumpen sind Bauantr\u00e4ge einzureichen 2.\u00a0\u00a0\u00a0\u00a0Diese Antr\u00e4ge \u2013 sofern notwendig \u2013 sind mit Beratung (-sgespr\u00e4chen)\u00a0zur Gestaltung zu begleiten 3.\u00a0\u00a0\u00a0\u00a0Bei PV Anlagen gelten\u00a0 a.\u00a0\u00a0\u00a0\u00a0weiterhin die\u2026","rel":"","context":"In &quot;Allgemein&quot;","block_context":{"text":"Allgemein","link":"https:\/\/www.steenkamper.de\/index.php\/category\/allgemein\/"},"img":{"alt_text":"","src":"https:\/\/i0.wp.com\/www.steenkamper.de\/wp-content\/uploads\/2025\/10\/9dea2319-2067-485e-b63b-fc7e236b8e9f-1.png?fit=1200%2C800&ssl=1&resize=350%2C200","width":350,"height":200,"srcset":"https:\/\/i0.wp.com\/www.steenkamper.de\/wp-content\/uploads\/2025\/10\/9dea2319-2067-485e-b63b-fc7e236b8e9f-1.png?fit=1200%2C800&ssl=1&resize=350%2C200 1x, https:\/\/i0.wp.com\/www.steenkamper.de\/wp-content\/uploads\/2025\/10\/9dea2319-2067-485e-b63b-fc7e236b8e9f-1.png?fit=1200%2C800&ssl=1&resize=525%2C300 1.5x, https:\/\/i0.wp.com\/www.steenkamper.de\/wp-content\/uploads\/2025\/10\/9dea2319-2067-485e-b63b-fc7e236b8e9f-1.png?fit=1200%2C800&ssl=1&resize=700%2C400 2x, https:\/\/i0.wp.com\/www.steenkamper.de\/wp-content\/uploads\/2025\/10\/9dea2319-2067-485e-b63b-fc7e236b8e9f-1.png?fit=1200%2C800&ssl=1&resize=1050%2C600 3x"},"classes":[]},{"id":10078,"url":"https:\/\/www.steenkamper.de\/index.php\/2020\/02\/10\/diskussion-zu-parkplaetzen-in-den-vorgaerten\/","url_meta":{"origin":29329,"position":5},"title":"Diskussion zu Parkpl\u00e4tzen in den Vorg\u00e4rten","author":"Max","date":"10\/02\/2020","format":false,"excerpt":"Das Hamburger Abenblatt schreibt in seiner Ausgabe am 27.1.2020: \u201eAnwohner streiten um Parken im Vorgarten\u201c und das Elbe Wochenblatt schreibt am 4.2.2020: \u201eEin Parkplatzstreit zum 100. Geburtstag\u201c Am 13.2.2020 trifft sich um 21h eine Gruppe von Betroffenen Anwohnern im Steenkampsaal und hat die Altonaer Bezirkspolitik zur Diskussion eingeladen. Zugesagt haben:\u2026","rel":"","context":"In &quot;Allgemein&quot;","block_context":{"text":"Allgemein","link":"https:\/\/www.steenkamper.de\/index.php\/category\/allgemein\/"},"img":{"alt_text":"","src":"https:\/\/i0.wp.com\/www.steenkamper.de\/wp-content\/uploads\/2020\/01\/M%C3%BCllwagen.jpeg?fit=1200%2C640&ssl=1&resize=350%2C200","width":350,"height":200,"srcset":"https:\/\/i0.wp.com\/www.steenkamper.de\/wp-content\/uploads\/2020\/01\/M%C3%BCllwagen.jpeg?fit=1200%2C640&ssl=1&resize=350%2C200 1x, https:\/\/i0.wp.com\/www.steenkamper.de\/wp-content\/uploads\/2020\/01\/M%C3%BCllwagen.jpeg?fit=1200%2C640&ssl=1&resize=525%2C300 1.5x, https:\/\/i0.wp.com\/www.steenkamper.de\/wp-content\/uploads\/2020\/01\/M%C3%BCllwagen.jpeg?fit=1200%2C640&ssl=1&resize=700%2C400 2x, https:\/\/i0.wp.com\/www.steenkamper.de\/wp-content\/uploads\/2020\/01\/M%C3%BCllwagen.jpeg?fit=1200%2C640&ssl=1&resize=1050%2C600 3x"},"classes":[]}],"_links":{"self":[{"href":"https:\/\/www.steenkamper.de\/index.php\/wp-json\/wp\/v2\/posts\/29329","targetHints":{"allow":["GET"]}}],"collection":[{"href":"https:\/\/www.steenkamper.de\/index.php\/wp-json\/wp\/v2\/posts"}],"about":[{"href":"https:\/\/www.steenkamper.de\/index.php\/wp-json\/wp\/v2\/types\/post"}],"author":[{"embeddable":true,"href":"https:\/\/www.steenkamper.de\/index.php\/wp-json\/wp\/v2\/users\/6"}],"replies":[{"embeddable":true,"href":"https:\/\/www.steenkamper.de\/index.php\/wp-json\/wp\/v2\/comments?post=29329"}],"version-history":[{"count":5,"href":"https:\/\/www.steenkamper.de\/index.php\/wp-json\/wp\/v2\/posts\/29329\/revisions"}],"predecessor-version":[{"id":29334,"href":"https:\/\/www.steenkamper.de\/index.php\/wp-json\/wp\/v2\/posts\/29329\/revisions\/29334"}],"wp:featuredmedia":[{"embeddable":true,"href":"https:\/\/www.steenkamper.de\/index.php\/wp-json\/wp\/v2\/media\/29328"}],"wp:attachment":[{"href":"https:\/\/www.steenkamper.de\/index.php\/wp-json\/wp\/v2\/media?parent=29329"}],"wp:term":[{"taxonomy":"category","embeddable":true,"href":"https:\/\/www.steenkamper.de\/index.php\/wp-json\/wp\/v2\/categories?post=29329"},{"taxonomy":"post_tag","embeddable":true,"href":"https:\/\/www.steenkamper.de\/index.php\/wp-json\/wp\/v2\/tags?post=29329"}],"curies":[{"name":"wp","href":"https:\/\/api.w.org\/{rel}","templated":true}]}}