{"id":29320,"date":"2025-04-25T10:28:01","date_gmt":"2025-04-25T08:28:01","guid":{"rendered":"https:\/\/www.steenkamper.de\/?p=29320"},"modified":"2025-04-25T10:28:52","modified_gmt":"2025-04-25T08:28:52","slug":"gemeinsam-abpflastern-fuer-ein-klimaresilientes-hamburg","status":"publish","type":"post","link":"https:\/\/www.steenkamper.de\/index.php\/2025\/04\/25\/gemeinsam-abpflastern-fuer-ein-klimaresilientes-hamburg\/","title":{"rendered":"Gemeinsam abpflastern \u2013 F\u00fcr ein klimaresilientes Hamburg"},"content":{"rendered":"\n<p>\u201eAbpflastern \u2013 von Grau zu Gr\u00fcn: Gemeinsam entsiegeln wir unsere Stadt!\u201c <\/p>\n\n\n\n<p>Gemeinsam wollen wir Hamburg St\u00fcck f\u00fcr St\u00fcck gr\u00fcner, cooler und zukunftsf\u00e4higer machen \u2013 im wahrsten Sinne des Wortes.<\/p>\n\n\n\n<p>Auf der Seite <a href=\"https:\/\/abpflastern.beteilige.me\/\">https:\/\/abpflastern.beteilige.me<\/a>  k\u00f6nnt ihr ganz einfach&nbsp;<strong>private Fl\u00e4chen eintragen<\/strong>, die ihr entsiegelt habt \u2013 also z.\u202fB. Pflastersteine rausgerupft und Erde oder Gr\u00fcn reingeholt. Au\u00dferdem k\u00f6nnt ihr&nbsp;<strong>\u00f6ffentliche Orte vorschlagen<\/strong>, bei denen ihr euch vorstellen k\u00f6nnt, dass dort Beton weichen darf. Die Stadt schaut sich das dann an und pr\u00fcft, ob da was geht.<\/p>\n\n\n\n<p>Wichtig: Ob tats\u00e4chlich entsiegelt wird, entscheiden nat\u00fcrlich die jeweiligen Beh\u00f6rden oder Eigent\u00fcmer:innen. Aber: Jeder Vorschlag z\u00e4hlt und zeigt, dass wir was bewegen wollen.<\/p>\n\n\n\n<p><strong>Warum das Ganze?<\/strong><\/p>\n\n\n\n<p>Mehr Gr\u00fcn = weniger Hitze, bessere Versickerung bei Starkregen, mehr Lebensqualit\u00e4t. Und mal ehrlich: ein bisschen Wildblumen statt grauer Steine \u2013 das sieht doch auch einfach besser aus, oder?<\/p>\n\n\n\n<p><strong>Was k\u00f6nnt ihr tun?<\/strong><\/p>\n\n\n\n<ul class=\"wp-block-list\">\n<li>Tragt eure bereits entsiegelten Fl\u00e4chen ein \u2013 egal ob Garten, Einfahrt oder Hinterhof.<\/li>\n\n\n\n<li>Schickt Vorschl\u00e4ge f\u00fcr \u00f6ffentliche Fl\u00e4chen, bei denen ihr denkt: Hier k\u00f6nnte was wachsen!<\/li>\n\n\n\n<li>Schaut, wie viel Fl\u00e4che wir schon gemeinsam \u201eabgepflastert\u201c haben \u2013 die \u00dcbersicht w\u00e4chst mit jedem Eintrag.<\/li>\n\n\n\n<li>Und wer Lust hat: Mitmachen lohnt sich doppelt \u2013 denn es gibt auch Wettbewerbe, bei denen tolle Ideen ausgezeichnet werden!<\/li>\n<\/ul>\n\n\n\n<p>Also, ran an den Beton \u2013 lasst uns Hamburg St\u00fcck f\u00fcr St\u00fcck gr\u00fcner machen.<br><br><a href=\"https:\/\/abpflastern.beteilige.me\/#\/contributions\/map\" target=\"_blank\" rel=\"noreferrer noopener\">Hier eintragen und vorschlagen!<\/a><\/p>\n\n\n\n<p>\ud83c\udf31<\/p>\n\n\n\n<p>Siehe auch: <a href=\"https:\/\/www.ndr.de\/nachrichten\/hamburg\/Abpflastern-und-Gruen-pflanzen-Hamburger-sollen-Vorschlaege-machen,tegelwippen102.html\" target=\"_blank\" rel=\"noreferrer noopener\">NDR Beitrag vom 24.4.2025<\/a><\/p>\n","protected":false},"excerpt":{"rendered":"<p>\u201eAbpflastern \u2013 von Grau zu Gr\u00fcn: Gemeinsam entsiegeln wir unsere Stadt!\u201c Gemeinsam wollen wir Hamburg St\u00fcck f\u00fcr St\u00fcck gr\u00fcner, cooler und zukunftsf\u00e4higer machen \u2013 im wahrsten Sinne des Wortes. Auf&#8230; <\/p>\n<p><a class=\"teaser-more\" href=\"https:\/\/www.steenkamper.de\/index.php\/2025\/04\/25\/gemeinsam-abpflastern-fuer-ein-klimaresilientes-hamburg\/\">weiter lesen<\/a><\/p>\n","protected":false},"author":6,"featured_media":29321,"comment_status":"open","ping_status":"open","sticky":false,"template":"","format":"standard","meta":{"_acf_changed":false,"_price":"","_stock":"","_tribe_ticket_header":"","_tribe_default_ticket_provider":"","_tribe_ticket_capacity":"0","_ticket_start_date":"","_ticket_end_date":"","_tribe_ticket_show_description":"","_tribe_ticket_show_not_going":false,"_tribe_ticket_use_global_stock":"","_tribe_ticket_global_stock_level":"","_global_stock_mode":"","_global_stock_cap":"","_tribe_rsvp_for_event":"","_tribe_ticket_going_count":"","_tribe_ticket_not_going_count":"","_tribe_tickets_list":"[]","_tribe_ticket_has_attendee_info_fields":false,"jetpack_post_was_ever_published":false,"_jetpack_newsletter_access":"","_jetpack_dont_email_post_to_subs":false,"_jetpack_newsletter_tier_id":0,"_jetpack_memberships_contains_paywalled_content":false,"_jetpack_memberships_contains_paid_content":false,"footnotes":"","jetpack_publicize_message":"","jetpack_publicize_feature_enabled":true,"jetpack_social_post_already_shared":true,"jetpack_social_options":{"image_generator_settings":{"template":"highway","default_image_id":0,"font":"","enabled":false},"version":2}},"categories":[3],"tags":[],"class_list":["post-29320","post","type-post","status-publish","format-standard","has-post-thumbnail","hentry","category-allgemein"],"acf":[],"jetpack_publicize_connections":[],"jetpack_featured_media_url":"https:\/\/i0.wp.com\/www.steenkamper.de\/wp-content\/uploads\/2025\/04\/Abpflastern.png?fit=1542%2C912&ssl=1","jetpack_sharing_enabled":true,"jetpack_shortlink":"https:\/\/wp.me\/p74Wuo-7CU","jetpack_likes_enabled":true,"jetpack-related-posts":[{"id":34741,"url":"https:\/\/www.steenkamper.de\/index.php\/2026\/03\/19\/abpflastern-2026\/","url_meta":{"origin":29320,"position":0},"title":"Abpflastern 2026","author":"Max","date":"19\/03\/2026","format":false,"excerpt":"Der Abpflastern-Wettbewerb 2026 startet \u2013 Hamburg macht wieder mit! Nach dem erfolgreichen ersten Wettbewerbsjahr geht der Hamburger\u00a0Abpflastern-Wettbewerb\u00a0jetzt in die n\u00e4chste Runde. Auch 2026 sind wieder alle Hamburger:innen eingeladen, aktiv zur Entsiegelung ihrer Stadt beizutragen \u2013 ob mit der eigenen Einfahrt, einem begr\u00fcnten Hof oder einer entsiegelten Schulfl\u00e4che. Im vergangenen Jahr\u2026","rel":"","context":"In &quot;Allgemein&quot;","block_context":{"text":"Allgemein","link":"https:\/\/www.steenkamper.de\/index.php\/category\/allgemein\/"},"img":{"alt_text":"","src":"https:\/\/i0.wp.com\/www.steenkamper.de\/wp-content\/uploads\/2026\/03\/7fcd5df9-cf76-4339-a006-8d4f519d4d86.png?fit=1200%2C800&ssl=1&resize=350%2C200","width":350,"height":200,"srcset":"https:\/\/i0.wp.com\/www.steenkamper.de\/wp-content\/uploads\/2026\/03\/7fcd5df9-cf76-4339-a006-8d4f519d4d86.png?fit=1200%2C800&ssl=1&resize=350%2C200 1x, https:\/\/i0.wp.com\/www.steenkamper.de\/wp-content\/uploads\/2026\/03\/7fcd5df9-cf76-4339-a006-8d4f519d4d86.png?fit=1200%2C800&ssl=1&resize=525%2C300 1.5x, https:\/\/i0.wp.com\/www.steenkamper.de\/wp-content\/uploads\/2026\/03\/7fcd5df9-cf76-4339-a006-8d4f519d4d86.png?fit=1200%2C800&ssl=1&resize=700%2C400 2x, https:\/\/i0.wp.com\/www.steenkamper.de\/wp-content\/uploads\/2026\/03\/7fcd5df9-cf76-4339-a006-8d4f519d4d86.png?fit=1200%2C800&ssl=1&resize=1050%2C600 3x"},"classes":[]},{"id":16339,"url":"https:\/\/www.steenkamper.de\/index.php\/2021\/08\/23\/kinder-rekorde-der-steenkampsiedlung\/","url_meta":{"origin":29320,"position":1},"title":"Kinder-Rekorde der Steenkampsiedlung","author":"Max","date":"23\/08\/2021","format":false,"excerpt":"AN ALLE KINDER DER STEENKAMPSIEDLUNG Wir suchen die Kinder-Rekorde der Steenkampsiedlung! Du hast ein besonderes Talent und bist in irgendetwas richtig gut? Hier ein paar Beispiele: Du kannst richtig lange ohne Pause auf Stelzen laufen?Du kennst alle Nachbarn eurer Stra\u00dfe mit Namen und kannst sie(vielleicht sogar inklusive Hausnummer) auswendig aufz\u00e4hlen?Du\u2026","rel":"","context":"In &quot;Allgemein&quot;","block_context":{"text":"Allgemein","link":"https:\/\/www.steenkamper.de\/index.php\/category\/allgemein\/"},"img":{"alt_text":"","src":"https:\/\/i0.wp.com\/www.steenkamper.de\/wp-content\/uploads\/2021\/08\/img_3856.jpg?fit=716%2C516&ssl=1&resize=350%2C200","width":350,"height":200,"srcset":"https:\/\/i0.wp.com\/www.steenkamper.de\/wp-content\/uploads\/2021\/08\/img_3856.jpg?fit=716%2C516&ssl=1&resize=350%2C200 1x, https:\/\/i0.wp.com\/www.steenkamper.de\/wp-content\/uploads\/2021\/08\/img_3856.jpg?fit=716%2C516&ssl=1&resize=525%2C300 1.5x, https:\/\/i0.wp.com\/www.steenkamper.de\/wp-content\/uploads\/2021\/08\/img_3856.jpg?fit=716%2C516&ssl=1&resize=700%2C400 2x"},"classes":[]},{"id":29325,"url":"https:\/\/www.steenkamper.de\/index.php\/2025\/05\/01\/im-mai-nicht-maehen-und-abpflastern\/","url_meta":{"origin":29320,"position":2},"title":"im Mai nicht m\u00e4hen und \u201eabpflastern\u201c","author":"Max","date":"01\/05\/2025","format":false,"excerpt":"\ud83c\udf3c Fr\u00fchlingstipp: Warum ich in meinem Garten im Mai nicht mehr m\u00e4he \u2013 und was das mit \u201eAbpflastern\u201c zu tun hat. \ud83c\udfe1 In der Steenkampsiedlung genie\u00dfe ich jeden Fr\u00fchling aufs Neue die bl\u00fchenden G\u00e4rten und das viele Gr\u00fcn \u2013 doch seit letztem Jahr mache ich eine Sache ganz bewusst anders:\u2026","rel":"","context":"In &quot;Allgemein&quot;","block_context":{"text":"Allgemein","link":"https:\/\/www.steenkamper.de\/index.php\/category\/allgemein\/"},"img":{"alt_text":"","src":"https:\/\/i0.wp.com\/www.steenkamper.de\/wp-content\/uploads\/2025\/04\/b614ccd1-af87-4125-9c62-d6c3ac35723e-1.jpg?fit=1200%2C686&ssl=1&resize=350%2C200","width":350,"height":200,"srcset":"https:\/\/i0.wp.com\/www.steenkamper.de\/wp-content\/uploads\/2025\/04\/b614ccd1-af87-4125-9c62-d6c3ac35723e-1.jpg?fit=1200%2C686&ssl=1&resize=350%2C200 1x, https:\/\/i0.wp.com\/www.steenkamper.de\/wp-content\/uploads\/2025\/04\/b614ccd1-af87-4125-9c62-d6c3ac35723e-1.jpg?fit=1200%2C686&ssl=1&resize=525%2C300 1.5x, https:\/\/i0.wp.com\/www.steenkamper.de\/wp-content\/uploads\/2025\/04\/b614ccd1-af87-4125-9c62-d6c3ac35723e-1.jpg?fit=1200%2C686&ssl=1&resize=700%2C400 2x, https:\/\/i0.wp.com\/www.steenkamper.de\/wp-content\/uploads\/2025\/04\/b614ccd1-af87-4125-9c62-d6c3ac35723e-1.jpg?fit=1200%2C686&ssl=1&resize=1050%2C600 3x"},"classes":[]},{"id":20129,"url":"https:\/\/www.steenkamper.de\/index.php\/2022\/07\/15\/initiative-tempo30-in-der-ebertallee\/","url_meta":{"origin":29320,"position":3},"title":"Initiative Tempo30 in der Ebertallee","author":"Max","date":"15\/07\/2022","format":false,"excerpt":"Nach einem ersten virtuellen Treffen von Vertreterinnen der n\u00f6rdlichen Ebertallee (Kreisel Trabrennbahn bis Osdorfer Landstra\u00dfe) und der s\u00fcdlichen Ebertallee (s\u00fcdlich Osdorfer Landstra\u00dfe) haben wir beschlossen zusammen zu arbeiten. Unser Ziel ist es, uns mit vereinten Kr\u00e4ften bei der Verkehrsplanung Geh\u00f6r zu verschaffen und mitzugestalten. Im Rahmen der Hamburger Mobilit\u00e4tswende und\u2026","rel":"","context":"In &quot;Allgemein&quot;","block_context":{"text":"Allgemein","link":"https:\/\/www.steenkamper.de\/index.php\/category\/allgemein\/"},"img":{"alt_text":"","src":"https:\/\/i0.wp.com\/www.steenkamper.de\/wp-content\/uploads\/2022\/06\/img_4304.jpg?fit=1200%2C751&ssl=1&resize=350%2C200","width":350,"height":200,"srcset":"https:\/\/i0.wp.com\/www.steenkamper.de\/wp-content\/uploads\/2022\/06\/img_4304.jpg?fit=1200%2C751&ssl=1&resize=350%2C200 1x, https:\/\/i0.wp.com\/www.steenkamper.de\/wp-content\/uploads\/2022\/06\/img_4304.jpg?fit=1200%2C751&ssl=1&resize=525%2C300 1.5x, https:\/\/i0.wp.com\/www.steenkamper.de\/wp-content\/uploads\/2022\/06\/img_4304.jpg?fit=1200%2C751&ssl=1&resize=700%2C400 2x, https:\/\/i0.wp.com\/www.steenkamper.de\/wp-content\/uploads\/2022\/06\/img_4304.jpg?fit=1200%2C751&ssl=1&resize=1050%2C600 3x"},"classes":[]},{"id":16662,"url":"https:\/\/www.steenkamper.de\/index.php\/2021\/10\/17\/planungswerkstatt-fuer-jugendliche\/","url_meta":{"origin":29320,"position":4},"title":"Planungswerkstatt f\u00fcr Jugendliche","author":"Max","date":"17\/10\/2021","format":false,"excerpt":"\u201eJugend macht Stadt\u201c F\u00fcr Jugendliche von 12 bis 20 Jahren. Dienstag, 26.Oktober 2021 15.00 - 18.30 Uhr Infocenter Science City Albert-Einstein-Ring 10 Gemeinsam gehen wir auf Entdeckungstour durch Bahrenfeld. Wo seid ihr gerne? Welche Orte sind besonders spannend? Und welche sollten sich ver\u00e4ndern?Anschlie\u00dfend gestalten wir mit digitaler Unterst\u00fctzung die Science\u2026","rel":"","context":"In &quot;Allgemein&quot;","block_context":{"text":"Allgemein","link":"https:\/\/www.steenkamper.de\/index.php\/category\/allgemein\/"},"img":{"alt_text":"","src":"https:\/\/i0.wp.com\/www.steenkamper.de\/wp-content\/uploads\/2021\/10\/211004-schb-flyer-jugend-macht-stadt-1.jpg?fit=800%2C400&ssl=1&resize=350%2C200","width":350,"height":200,"srcset":"https:\/\/i0.wp.com\/www.steenkamper.de\/wp-content\/uploads\/2021\/10\/211004-schb-flyer-jugend-macht-stadt-1.jpg?fit=800%2C400&ssl=1&resize=350%2C200 1x, https:\/\/i0.wp.com\/www.steenkamper.de\/wp-content\/uploads\/2021\/10\/211004-schb-flyer-jugend-macht-stadt-1.jpg?fit=800%2C400&ssl=1&resize=525%2C300 1.5x, https:\/\/i0.wp.com\/www.steenkamper.de\/wp-content\/uploads\/2021\/10\/211004-schb-flyer-jugend-macht-stadt-1.jpg?fit=800%2C400&ssl=1&resize=700%2C400 2x"},"classes":[]},{"id":8312,"url":"https:\/\/www.steenkamper.de\/index.php\/2019\/05\/30\/altonaer-deklaration\/","url_meta":{"origin":29320,"position":5},"title":"Altonaer Deklaration","author":"Max","date":"30\/05\/2019","format":false,"excerpt":"unsere Meinung z\u00e4hlt! Das Bezirksamt Altona l\u00e4d ein: Wir laden Sie herzlich ein,\u00a0 Ihre Ideen und Gedanken f\u00fcr eine\u00a0Altonaer Deklaration\u00a0einzubringen! Die Deklaration ist als eine Art Wertekanon zu verstehen \u2013 eine gemeinsam entwickelte Grundlage daf\u00fcr, wie wir in Altona leben wollen. Was ist uns wichtig f\u00fcr das Miteinander? Wie k\u00f6nnen\u2026","rel":"","context":"In &quot;Nachbarschaft&quot;","block_context":{"text":"Nachbarschaft","link":"https:\/\/www.steenkamper.de\/index.php\/category\/nachbarschaft\/"},"img":{"alt_text":"","src":"https:\/\/i0.wp.com\/www.steenkamper.de\/wp-content\/uploads\/2017\/03\/image.jpg?fit=1200%2C310&ssl=1&resize=350%2C200","width":350,"height":200,"srcset":"https:\/\/i0.wp.com\/www.steenkamper.de\/wp-content\/uploads\/2017\/03\/image.jpg?fit=1200%2C310&ssl=1&resize=350%2C200 1x, https:\/\/i0.wp.com\/www.steenkamper.de\/wp-content\/uploads\/2017\/03\/image.jpg?fit=1200%2C310&ssl=1&resize=525%2C300 1.5x, https:\/\/i0.wp.com\/www.steenkamper.de\/wp-content\/uploads\/2017\/03\/image.jpg?fit=1200%2C310&ssl=1&resize=700%2C400 2x, https:\/\/i0.wp.com\/www.steenkamper.de\/wp-content\/uploads\/2017\/03\/image.jpg?fit=1200%2C310&ssl=1&resize=1050%2C600 3x"},"classes":[]}],"_links":{"self":[{"href":"https:\/\/www.steenkamper.de\/index.php\/wp-json\/wp\/v2\/posts\/29320","targetHints":{"allow":["GET"]}}],"collection":[{"href":"https:\/\/www.steenkamper.de\/index.php\/wp-json\/wp\/v2\/posts"}],"about":[{"href":"https:\/\/www.steenkamper.de\/index.php\/wp-json\/wp\/v2\/types\/post"}],"author":[{"embeddable":true,"href":"https:\/\/www.steenkamper.de\/index.php\/wp-json\/wp\/v2\/users\/6"}],"replies":[{"embeddable":true,"href":"https:\/\/www.steenkamper.de\/index.php\/wp-json\/wp\/v2\/comments?post=29320"}],"version-history":[{"count":2,"href":"https:\/\/www.steenkamper.de\/index.php\/wp-json\/wp\/v2\/posts\/29320\/revisions"}],"predecessor-version":[{"id":29323,"href":"https:\/\/www.steenkamper.de\/index.php\/wp-json\/wp\/v2\/posts\/29320\/revisions\/29323"}],"wp:featuredmedia":[{"embeddable":true,"href":"https:\/\/www.steenkamper.de\/index.php\/wp-json\/wp\/v2\/media\/29321"}],"wp:attachment":[{"href":"https:\/\/www.steenkamper.de\/index.php\/wp-json\/wp\/v2\/media?parent=29320"}],"wp:term":[{"taxonomy":"category","embeddable":true,"href":"https:\/\/www.steenkamper.de\/index.php\/wp-json\/wp\/v2\/categories?post=29320"},{"taxonomy":"post_tag","embeddable":true,"href":"https:\/\/www.steenkamper.de\/index.php\/wp-json\/wp\/v2\/tags?post=29320"}],"curies":[{"name":"wp","href":"https:\/\/api.w.org\/{rel}","templated":true}]}}