{"id":29148,"date":"2025-02-23T13:20:32","date_gmt":"2025-02-23T12:20:32","guid":{"rendered":"https:\/\/www.steenkamper.de\/index.php\/2025\/02\/23\/steenkampsaal-ist-wieder-benutzbar\/"},"modified":"2025-03-03T22:04:42","modified_gmt":"2025-03-03T21:04:42","slug":"steenkampsaal-ist-wieder-benutzbar","status":"publish","type":"post","link":"https:\/\/www.steenkamper.de\/index.php\/2025\/02\/23\/steenkampsaal-ist-wieder-benutzbar\/","title":{"rendered":"Steenkampsaal ist wieder benutzbar"},"content":{"rendered":"\n<p>Danke an alle Helferinnen und Helfer f\u00fcr das wieder Einr\u00e4umen und Saubermachen! <\/p>\n\n\n\n<p><strong>Alle Gruppen finden wieder statt. <\/strong><\/p>\n\n\n\n<p>Der Fu\u00dfboden des Saals erstrahlt in neuem Glanz. <\/p>\n\n\n\n<p>Einzige Ausnahmen der Benutzbarkeit: <\/p>\n\n\n\n<p>&#8211; die rechte Sp\u00fclmaschine funktioniert nicht (weil es keinen Anschlu\u00df unter der Sp\u00fcle mit R\u00fcckstauventil gibt. Es wird demn\u00e4chst Abhilfe geben) <br>und<br>&#8211; man kann am Wasserhahn weder kalt noch warm Wasser zapfen, weil der Durchlauferhitzer leckt und deshalb komplett aus dem Saal entfernt wurde. Wir ben\u00f6tigen einen neuen Durchlauferhitzer (wird demn\u00e4chst Abhilfe geben). <\/p>\n\n\n\n<p>Als Ausguss ist das Waschbecken normal nutzbar, die linke Sp\u00fclmaschine funktioniert. <\/p>\n\n\n\n<p><em><strong>Update 1.3.2025:<\/strong> Wasser, Boiler und beide Sp\u00fclmaschinen sind wieder angeschlossen und funktionieren.<br>Jetzt fehlt nur noch der Unterschrank.<\/em><\/p>\n\n\n\n<p>Die Sp\u00fclen-Arbeitsplatte liegt auf den beiden Sp\u00fclmaschinen (fest) auf, daran kann man gut arbeiten.<br>Der Bereich unter der Sp\u00fcle ist in n\u00e4chster Zeit leider noch ohne Unterschrank offen, weil kein Unterschrank eingebaut ist (der alte ist beim Ausbau zerfallen). <br>Grund f\u00fcr die fehlende Neuanschaffung eines Unterschrankes ist, dass zwar einen super passenden Unterschrank von IKEA gibt, der optisch wie die Oberschr\u00e4nke w\u00e4re, aber momentan in ganz Deutschland nicht zu bekommen ist. Daher nutzen wir es erst mal so in offener Form, bis der Unterschrank wieder vorr\u00e4tig ist. <\/p>\n\n\n\n<figure class=\"wp-block-gallery has-nested-images columns-default is-cropped wp-block-gallery-1 is-layout-flex wp-block-gallery-is-layout-flex\">\n<figure class=\"wp-block-image size-large\"><img data-recalc-dims=\"1\" fetchpriority=\"high\" decoding=\"async\" width=\"750\" height=\"563\" data-attachment-id=\"29146\" data-permalink=\"https:\/\/www.steenkamper.de\/img_4111-1\/\" data-orig-file=\"https:\/\/i0.wp.com\/www.steenkamper.de\/wp-content\/uploads\/2025\/02\/img_4111-1.jpg?fit=2000%2C1500&amp;ssl=1\" data-orig-size=\"2000,1500\" data-comments-opened=\"1\" data-image-meta=\"{&quot;aperture&quot;:&quot;1.8&quot;,&quot;credit&quot;:&quot;&quot;,&quot;camera&quot;:&quot;iPhone 11&quot;,&quot;caption&quot;:&quot;&quot;,&quot;created_timestamp&quot;:&quot;1740314770&quot;,&quot;copyright&quot;:&quot;&quot;,&quot;focal_length&quot;:&quot;4.25&quot;,&quot;iso&quot;:&quot;160&quot;,&quot;shutter_speed&quot;:&quot;0.016666666666667&quot;,&quot;title&quot;:&quot;&quot;,&quot;orientation&quot;:&quot;1&quot;}\" data-image-title=\"img_4111-1\" data-image-description=\"\" data-image-caption=\"\" data-large-file=\"https:\/\/i0.wp.com\/www.steenkamper.de\/wp-content\/uploads\/2025\/02\/img_4111-1.jpg?fit=750%2C563&amp;ssl=1\" data-id=\"29146\" src=\"https:\/\/i0.wp.com\/www.steenkamper.de\/wp-content\/uploads\/2025\/02\/img_4111-1.jpg?resize=750%2C563&#038;ssl=1\" alt=\"\" class=\"wp-image-29146\" srcset=\"https:\/\/i0.wp.com\/www.steenkamper.de\/wp-content\/uploads\/2025\/02\/img_4111-1.jpg?resize=1024%2C768&amp;ssl=1 1024w, https:\/\/i0.wp.com\/www.steenkamper.de\/wp-content\/uploads\/2025\/02\/img_4111-1.jpg?resize=300%2C225&amp;ssl=1 300w, https:\/\/i0.wp.com\/www.steenkamper.de\/wp-content\/uploads\/2025\/02\/img_4111-1.jpg?resize=768%2C576&amp;ssl=1 768w, https:\/\/i0.wp.com\/www.steenkamper.de\/wp-content\/uploads\/2025\/02\/img_4111-1.jpg?resize=1536%2C1152&amp;ssl=1 1536w, https:\/\/i0.wp.com\/www.steenkamper.de\/wp-content\/uploads\/2025\/02\/img_4111-1.jpg?resize=450%2C338&amp;ssl=1 450w, https:\/\/i0.wp.com\/www.steenkamper.de\/wp-content\/uploads\/2025\/02\/img_4111-1.jpg?resize=1000%2C750&amp;ssl=1 1000w, https:\/\/i0.wp.com\/www.steenkamper.de\/wp-content\/uploads\/2025\/02\/img_4111-1.jpg?resize=600%2C450&amp;ssl=1 600w, https:\/\/i0.wp.com\/www.steenkamper.de\/wp-content\/uploads\/2025\/02\/img_4111-1.jpg?w=2000&amp;ssl=1 2000w\" sizes=\"(max-width: 750px) 100vw, 750px\" \/><\/figure>\n\n\n\n<figure class=\"wp-block-image size-large\"><img data-recalc-dims=\"1\" decoding=\"async\" width=\"750\" height=\"563\" data-attachment-id=\"29144\" data-permalink=\"https:\/\/www.steenkamper.de\/img_4110-1\/\" data-orig-file=\"https:\/\/i0.wp.com\/www.steenkamper.de\/wp-content\/uploads\/2025\/02\/img_4110-1.jpg?fit=2000%2C1500&amp;ssl=1\" data-orig-size=\"2000,1500\" data-comments-opened=\"1\" data-image-meta=\"{&quot;aperture&quot;:&quot;2.4&quot;,&quot;credit&quot;:&quot;&quot;,&quot;camera&quot;:&quot;iPhone 11&quot;,&quot;caption&quot;:&quot;&quot;,&quot;created_timestamp&quot;:&quot;1740314742&quot;,&quot;copyright&quot;:&quot;&quot;,&quot;focal_length&quot;:&quot;1.54&quot;,&quot;iso&quot;:&quot;250&quot;,&quot;shutter_speed&quot;:&quot;0.016666666666667&quot;,&quot;title&quot;:&quot;&quot;,&quot;orientation&quot;:&quot;1&quot;}\" data-image-title=\"img_4110-1\" data-image-description=\"\" data-image-caption=\"&lt;p&gt;neue Stufe zur B\u00fchne und neuer B\u00fchnenboden 2\/2025&lt;\/p&gt;\n\" data-large-file=\"https:\/\/i0.wp.com\/www.steenkamper.de\/wp-content\/uploads\/2025\/02\/img_4110-1.jpg?fit=750%2C563&amp;ssl=1\" data-id=\"29144\" src=\"https:\/\/i0.wp.com\/www.steenkamper.de\/wp-content\/uploads\/2025\/02\/img_4110-1.jpg?resize=750%2C563&#038;ssl=1\" alt=\"\" class=\"wp-image-29144\" srcset=\"https:\/\/i0.wp.com\/www.steenkamper.de\/wp-content\/uploads\/2025\/02\/img_4110-1.jpg?resize=1024%2C768&amp;ssl=1 1024w, https:\/\/i0.wp.com\/www.steenkamper.de\/wp-content\/uploads\/2025\/02\/img_4110-1.jpg?resize=300%2C225&amp;ssl=1 300w, https:\/\/i0.wp.com\/www.steenkamper.de\/wp-content\/uploads\/2025\/02\/img_4110-1.jpg?resize=768%2C576&amp;ssl=1 768w, https:\/\/i0.wp.com\/www.steenkamper.de\/wp-content\/uploads\/2025\/02\/img_4110-1.jpg?resize=1536%2C1152&amp;ssl=1 1536w, https:\/\/i0.wp.com\/www.steenkamper.de\/wp-content\/uploads\/2025\/02\/img_4110-1.jpg?resize=450%2C338&amp;ssl=1 450w, https:\/\/i0.wp.com\/www.steenkamper.de\/wp-content\/uploads\/2025\/02\/img_4110-1.jpg?resize=1000%2C750&amp;ssl=1 1000w, https:\/\/i0.wp.com\/www.steenkamper.de\/wp-content\/uploads\/2025\/02\/img_4110-1.jpg?resize=600%2C450&amp;ssl=1 600w, https:\/\/i0.wp.com\/www.steenkamper.de\/wp-content\/uploads\/2025\/02\/img_4110-1.jpg?w=2000&amp;ssl=1 2000w\" sizes=\"(max-width: 750px) 100vw, 750px\" \/><figcaption class=\"wp-element-caption\">Neue Stufe zur B\u00fchne<\/figcaption><\/figure>\n\n\n\n<figure class=\"wp-block-image size-large\"><img data-recalc-dims=\"1\" decoding=\"async\" width=\"750\" height=\"563\" data-attachment-id=\"29145\" data-permalink=\"https:\/\/www.steenkamper.de\/img_4109-1\/\" data-orig-file=\"https:\/\/i0.wp.com\/www.steenkamper.de\/wp-content\/uploads\/2025\/02\/img_4109-1.jpg?fit=2000%2C1500&amp;ssl=1\" data-orig-size=\"2000,1500\" data-comments-opened=\"1\" data-image-meta=\"{&quot;aperture&quot;:&quot;2.4&quot;,&quot;credit&quot;:&quot;&quot;,&quot;camera&quot;:&quot;iPhone 11&quot;,&quot;caption&quot;:&quot;&quot;,&quot;created_timestamp&quot;:&quot;1740314729&quot;,&quot;copyright&quot;:&quot;&quot;,&quot;focal_length&quot;:&quot;1.54&quot;,&quot;iso&quot;:&quot;125&quot;,&quot;shutter_speed&quot;:&quot;0.0081967213114754&quot;,&quot;title&quot;:&quot;&quot;,&quot;orientation&quot;:&quot;1&quot;}\" data-image-title=\"img_4109-1\" data-image-description=\"\" data-image-caption=\"&lt;p&gt;neuer Fu\u00dfboden 2\/2025&lt;\/p&gt;\n\" data-large-file=\"https:\/\/i0.wp.com\/www.steenkamper.de\/wp-content\/uploads\/2025\/02\/img_4109-1.jpg?fit=750%2C563&amp;ssl=1\" data-id=\"29145\" src=\"https:\/\/i0.wp.com\/www.steenkamper.de\/wp-content\/uploads\/2025\/02\/img_4109-1.jpg?resize=750%2C563&#038;ssl=1\" alt=\"\" class=\"wp-image-29145\" srcset=\"https:\/\/i0.wp.com\/www.steenkamper.de\/wp-content\/uploads\/2025\/02\/img_4109-1.jpg?resize=1024%2C768&amp;ssl=1 1024w, https:\/\/i0.wp.com\/www.steenkamper.de\/wp-content\/uploads\/2025\/02\/img_4109-1.jpg?resize=300%2C225&amp;ssl=1 300w, https:\/\/i0.wp.com\/www.steenkamper.de\/wp-content\/uploads\/2025\/02\/img_4109-1.jpg?resize=768%2C576&amp;ssl=1 768w, https:\/\/i0.wp.com\/www.steenkamper.de\/wp-content\/uploads\/2025\/02\/img_4109-1.jpg?resize=1536%2C1152&amp;ssl=1 1536w, https:\/\/i0.wp.com\/www.steenkamper.de\/wp-content\/uploads\/2025\/02\/img_4109-1.jpg?resize=450%2C338&amp;ssl=1 450w, https:\/\/i0.wp.com\/www.steenkamper.de\/wp-content\/uploads\/2025\/02\/img_4109-1.jpg?resize=1000%2C750&amp;ssl=1 1000w, https:\/\/i0.wp.com\/www.steenkamper.de\/wp-content\/uploads\/2025\/02\/img_4109-1.jpg?resize=600%2C450&amp;ssl=1 600w, https:\/\/i0.wp.com\/www.steenkamper.de\/wp-content\/uploads\/2025\/02\/img_4109-1.jpg?w=2000&amp;ssl=1 2000w\" sizes=\"(max-width: 750px) 100vw, 750px\" \/><figcaption class=\"wp-element-caption\">toller neuer Boden<\/figcaption><\/figure>\n\n\n\n<figure class=\"wp-block-image size-large\"><img data-recalc-dims=\"1\" loading=\"lazy\" decoding=\"async\" width=\"750\" height=\"563\" data-attachment-id=\"29147\" data-permalink=\"https:\/\/www.steenkamper.de\/img_4108-2-1\/\" data-orig-file=\"https:\/\/i0.wp.com\/www.steenkamper.de\/wp-content\/uploads\/2025\/02\/img_4108-2-1.jpg?fit=2000%2C1500&amp;ssl=1\" data-orig-size=\"2000,1500\" data-comments-opened=\"1\" data-image-meta=\"{&quot;aperture&quot;:&quot;2.4&quot;,&quot;credit&quot;:&quot;&quot;,&quot;camera&quot;:&quot;iPhone 11&quot;,&quot;caption&quot;:&quot;&quot;,&quot;created_timestamp&quot;:&quot;1740314667&quot;,&quot;copyright&quot;:&quot;&quot;,&quot;focal_length&quot;:&quot;1.54&quot;,&quot;iso&quot;:&quot;200&quot;,&quot;shutter_speed&quot;:&quot;0.0082644628099174&quot;,&quot;title&quot;:&quot;&quot;,&quot;orientation&quot;:&quot;1&quot;}\" data-image-title=\"img_4108-2-1\" data-image-description=\"\" data-image-caption=\"\" data-large-file=\"https:\/\/i0.wp.com\/www.steenkamper.de\/wp-content\/uploads\/2025\/02\/img_4108-2-1.jpg?fit=750%2C563&amp;ssl=1\" data-id=\"29147\" src=\"https:\/\/i0.wp.com\/www.steenkamper.de\/wp-content\/uploads\/2025\/02\/img_4108-2-1.jpg?resize=750%2C563&#038;ssl=1\" alt=\"\" class=\"wp-image-29147\" srcset=\"https:\/\/i0.wp.com\/www.steenkamper.de\/wp-content\/uploads\/2025\/02\/img_4108-2-1.jpg?resize=1024%2C768&amp;ssl=1 1024w, https:\/\/i0.wp.com\/www.steenkamper.de\/wp-content\/uploads\/2025\/02\/img_4108-2-1.jpg?resize=300%2C225&amp;ssl=1 300w, https:\/\/i0.wp.com\/www.steenkamper.de\/wp-content\/uploads\/2025\/02\/img_4108-2-1.jpg?resize=768%2C576&amp;ssl=1 768w, https:\/\/i0.wp.com\/www.steenkamper.de\/wp-content\/uploads\/2025\/02\/img_4108-2-1.jpg?resize=1536%2C1152&amp;ssl=1 1536w, https:\/\/i0.wp.com\/www.steenkamper.de\/wp-content\/uploads\/2025\/02\/img_4108-2-1.jpg?resize=450%2C338&amp;ssl=1 450w, https:\/\/i0.wp.com\/www.steenkamper.de\/wp-content\/uploads\/2025\/02\/img_4108-2-1.jpg?resize=1000%2C750&amp;ssl=1 1000w, https:\/\/i0.wp.com\/www.steenkamper.de\/wp-content\/uploads\/2025\/02\/img_4108-2-1.jpg?resize=600%2C450&amp;ssl=1 600w, https:\/\/i0.wp.com\/www.steenkamper.de\/wp-content\/uploads\/2025\/02\/img_4108-2-1.jpg?w=2000&amp;ssl=1 2000w\" sizes=\"(max-width: 750px) 100vw, 750px\" \/><figcaption class=\"wp-element-caption\">\ud83d\udc4d\ud83c\udffc\ud83d\ude0a<\/figcaption><\/figure>\n<\/figure>\n","protected":false},"excerpt":{"rendered":"<p>Danke an alle Helferinnen und Helfer f\u00fcr das wieder Einr\u00e4umen und Saubermachen! Alle Gruppen finden wieder statt. Der Fu\u00dfboden des Saals erstrahlt in neuem Glanz. Einzige Ausnahmen der Benutzbarkeit: &#8211;&#8230; <\/p>\n<p><a class=\"teaser-more\" href=\"https:\/\/www.steenkamper.de\/index.php\/2025\/02\/23\/steenkampsaal-ist-wieder-benutzbar\/\">weiter lesen<\/a><\/p>\n","protected":false},"author":6,"featured_media":29143,"comment_status":"open","ping_status":"open","sticky":false,"template":"","format":"standard","meta":{"_acf_changed":false,"_price":"","_stock":"","_tribe_ticket_header":"","_tribe_default_ticket_provider":"","_tribe_ticket_capacity":"0","_ticket_start_date":"","_ticket_end_date":"","_tribe_ticket_show_description":"","_tribe_ticket_show_not_going":false,"_tribe_ticket_use_global_stock":"","_tribe_ticket_global_stock_level":"","_global_stock_mode":"","_global_stock_cap":"","_tribe_rsvp_for_event":"","_tribe_ticket_going_count":"","_tribe_ticket_not_going_count":"","_tribe_tickets_list":"[]","_tribe_ticket_has_attendee_info_fields":false,"jetpack_post_was_ever_published":false,"_jetpack_newsletter_access":"","_jetpack_dont_email_post_to_subs":false,"_jetpack_newsletter_tier_id":0,"_jetpack_memberships_contains_paywalled_content":false,"_jetpack_memberships_contains_paid_content":false,"footnotes":"","jetpack_publicize_message":"","jetpack_publicize_feature_enabled":true,"jetpack_social_post_already_shared":true,"jetpack_social_options":{"image_generator_settings":{"template":"highway","default_image_id":0,"font":"","enabled":false},"version":2}},"categories":[3,7],"tags":[],"class_list":["post-29148","post","type-post","status-publish","format-standard","has-post-thumbnail","hentry","category-allgemein","category-saal"],"acf":[],"jetpack_publicize_connections":[],"jetpack_featured_media_url":"https:\/\/i0.wp.com\/www.steenkamper.de\/wp-content\/uploads\/2025\/02\/img_4108-1.jpg?fit=2000%2C1500&ssl=1","jetpack_sharing_enabled":true,"jetpack_shortlink":"https:\/\/wp.me\/p74Wuo-7A8","jetpack_likes_enabled":true,"jetpack-related-posts":[{"id":28858,"url":"https:\/\/www.steenkamper.de\/index.php\/2024\/11\/19\/adventsbasar-2024\/","url_meta":{"origin":29148,"position":0},"title":"Adventsbasar 2024","author":"Max","date":"19\/11\/2024","format":false,"excerpt":"Am\u00a01. Advent Sonntag den 1.12.\u00a0findet im Saal wieder unser\u00a0Adventsbasar\u00a0statt. In weihnachtlicher Atmosph\u00e4re gibt es Caf\u00e9 und Kuchen und Selbstgemachtes.\u00a0 Dieses Jahr wird es\u00a0erstmals auch selbstgemachte Gl\u00fchwein\u00a0vor dem Saal geben. Es lohnt sich also vorbei zu kommen!","rel":"","context":"In &quot;Allgemein&quot;","block_context":{"text":"Allgemein","link":"https:\/\/www.steenkamper.de\/index.php\/category\/allgemein\/"},"img":{"alt_text":"","src":"https:\/\/i0.wp.com\/www.steenkamper.de\/wp-content\/uploads\/2024\/11\/img_2973-1.jpg?fit=734%2C496&ssl=1&resize=350%2C200","width":350,"height":200,"srcset":"https:\/\/i0.wp.com\/www.steenkamper.de\/wp-content\/uploads\/2024\/11\/img_2973-1.jpg?fit=734%2C496&ssl=1&resize=350%2C200 1x, https:\/\/i0.wp.com\/www.steenkamper.de\/wp-content\/uploads\/2024\/11\/img_2973-1.jpg?fit=734%2C496&ssl=1&resize=525%2C300 1.5x, https:\/\/i0.wp.com\/www.steenkamper.de\/wp-content\/uploads\/2024\/11\/img_2973-1.jpg?fit=734%2C496&ssl=1&resize=700%2C400 2x"},"classes":[]},{"id":30618,"url":"https:\/\/www.steenkamper.de\/index.php\/2025\/11\/11\/adventsbasar-2025\/","url_meta":{"origin":29148,"position":1},"title":"Adventsbasar 2025","author":"Max","date":"11\/11\/2025","format":false,"excerpt":"Sonntag 30.11. 14:00 - 18:00 Uhr Am 1. Advent: Adventsbasar im Steenkampsaal Kaffee & Kuchen und Hausgemachter Gl\u00fchwein vor dem Saal In weihnachtlicher Atmosph\u00e4re gibt es Caf\u00e9 und Kuchen und Selbstgemachtes.\u00a0\u00a0Dieses Jahr wird es\u00a0wieder selbstgemachten Gl\u00fchwein\u00a0vor dem Saal geben.\u00a0Es lohnt sich also vorbei zu kommen! Hausgemachter Gl\u00fchwein","rel":"","context":"In &quot;Allgemein&quot;","block_context":{"text":"Allgemein","link":"https:\/\/www.steenkamper.de\/index.php\/category\/allgemein\/"},"img":{"alt_text":"","src":"https:\/\/i0.wp.com\/www.steenkamper.de\/wp-content\/uploads\/2025\/11\/img_7529.jpg?fit=750%2C710&ssl=1&resize=350%2C200","width":350,"height":200,"srcset":"https:\/\/i0.wp.com\/www.steenkamper.de\/wp-content\/uploads\/2025\/11\/img_7529.jpg?fit=750%2C710&ssl=1&resize=350%2C200 1x, https:\/\/i0.wp.com\/www.steenkamper.de\/wp-content\/uploads\/2025\/11\/img_7529.jpg?fit=750%2C710&ssl=1&resize=525%2C300 1.5x, https:\/\/i0.wp.com\/www.steenkamper.de\/wp-content\/uploads\/2025\/11\/img_7529.jpg?fit=750%2C710&ssl=1&resize=700%2C400 2x"},"classes":[]},{"id":6736,"url":"https:\/\/www.steenkamper.de\/index.php\/2018\/08\/04\/sommerfest-2018-2\/","url_meta":{"origin":29148,"position":2},"title":"Sommerfest 2018","author":"Max","date":"04\/08\/2018","format":false,"excerpt":"Am ersten Wochenende im September 1. & 2.9.2018 ist wieder Sommerfest in der Steenkampsiedlung. Ein Wochenende vorher (Sa. 25.8.) findet das \"Weisse Dinner\" auf der Vogelweide statt.\u00a0 Dieses Jahr wird es einige Ver\u00e4nderungen geben. Auf der Zukunftswerkstatt im Fr\u00fchjahr hat sich eine neue Planungsgruppe \/ Ausschuss zusammen gefunden. Es gibt\u2026","rel":"","context":"In &quot;Allgemein&quot;","block_context":{"text":"Allgemein","link":"https:\/\/www.steenkamper.de\/index.php\/category\/allgemein\/"},"img":{"alt_text":"","src":"https:\/\/i0.wp.com\/www.steenkamper.de\/wp-content\/uploads\/2018\/07\/titel-2-18.jpg?fit=1200%2C960&ssl=1&resize=350%2C200","width":350,"height":200,"srcset":"https:\/\/i0.wp.com\/www.steenkamper.de\/wp-content\/uploads\/2018\/07\/titel-2-18.jpg?fit=1200%2C960&ssl=1&resize=350%2C200 1x, https:\/\/i0.wp.com\/www.steenkamper.de\/wp-content\/uploads\/2018\/07\/titel-2-18.jpg?fit=1200%2C960&ssl=1&resize=525%2C300 1.5x, https:\/\/i0.wp.com\/www.steenkamper.de\/wp-content\/uploads\/2018\/07\/titel-2-18.jpg?fit=1200%2C960&ssl=1&resize=700%2C400 2x, https:\/\/i0.wp.com\/www.steenkamper.de\/wp-content\/uploads\/2018\/07\/titel-2-18.jpg?fit=1200%2C960&ssl=1&resize=1050%2C600 3x"},"classes":[]},{"id":1399,"url":"https:\/\/www.steenkamper.de\/index.php\/2016\/01\/26\/was-bedeutet-uns-der-saal\/","url_meta":{"origin":29148,"position":3},"title":"Was bedeutet uns der Saal?","author":"Max","date":"26\/01\/2016","format":false,"excerpt":"Welchen Wert hat der Steenkampsaal? Warum die SAGA, die Politik und wir Nachbarn alles f\u00fcr den Saalerhalt tun sollten aus dem Steenkamper Ausgabe 1\/2016 Nun ist es soweit. Seit fast einem Jahrhundert nutzen wir unseren Steenkampsaal und der Mietvertrag l\u00e4uft aus. Ein neuer Vertrag wurde uns angeboten, leider sollen sich\u2026","rel":"","context":"In &quot;Der Steenkamper&quot;","block_context":{"text":"Der Steenkamper","link":"https:\/\/www.steenkamper.de\/index.php\/category\/der-steenkamper\/"},"img":{"alt_text":"","src":"","width":0,"height":0},"classes":[]},{"id":9648,"url":"https:\/\/www.steenkamper.de\/index.php\/2019\/12\/26\/der-steenkamper-1-2020\/","url_meta":{"origin":29148,"position":4},"title":"Der Steenkamper 1\/2020","author":"Max","date":"26\/12\/2019","format":false,"excerpt":"ist frisch aus dem Druck und wird in der Siedlung verteilt.(Wer sich am Verteilen beteiligen m\u00f6chte, tr\u00e4gt sich bitte hier ein.) Er liegt demn\u00e4chst auch an verschiedenen Orten, wie z.B. im Saal und bei einigen unserer\u00a0Inserenten aus. Hier online die aktuelle Ausgabe lesen.","rel":"","context":"In &quot;Der Steenkamper&quot;","block_context":{"text":"Der Steenkamper","link":"https:\/\/www.steenkamper.de\/index.php\/category\/der-steenkamper\/"},"img":{"alt_text":"","src":"https:\/\/i0.wp.com\/www.steenkamper.de\/wp-content\/uploads\/2017\/07\/2_2017-2-e1500232746131.jpg?fit=450%2C258&ssl=1&resize=350%2C200","width":350,"height":200},"classes":[]},{"id":7206,"url":"https:\/\/www.steenkamper.de\/index.php\/2018\/12\/02\/fassadenfarben\/","url_meta":{"origin":29148,"position":5},"title":"Fassadenfarben","author":"Max","date":"02\/12\/2018","format":false,"excerpt":"Der\u00a0Ausschuss Baukultur hat auf dem Sommerfest Vorschl\u00e4ge f\u00fcr Fassadenfarben pr\u00e4sentiert. Ziel ist es, interessierten Eigent\u00fcmern eine Auswahl von aufeinander abgestimmten Farbt\u00f6nen zur Verf\u00fcgung zu stellen, einschlie\u00dflich gro\u00dfformatiger Mustertafeln. In der Gestaltungs- und Erhaltungssatzung sind keine genauen Farben vorgegeben - es ist nur die Rede von \"hellen Pastellt\u00f6nen\". (Zitat: \u201eF\u00fcr Putzfassaden\u2026","rel":"","context":"In &quot;Nachbarschaft&quot;","block_context":{"text":"Nachbarschaft","link":"https:\/\/www.steenkamper.de\/index.php\/category\/nachbarschaft\/"},"img":{"alt_text":"","src":"https:\/\/i0.wp.com\/www.steenkamper.de\/wp-content\/uploads\/2018\/11\/fassadenfarben.jpg?fit=760%2C640&ssl=1&resize=350%2C200","width":350,"height":200,"srcset":"https:\/\/i0.wp.com\/www.steenkamper.de\/wp-content\/uploads\/2018\/11\/fassadenfarben.jpg?fit=760%2C640&ssl=1&resize=350%2C200 1x, https:\/\/i0.wp.com\/www.steenkamper.de\/wp-content\/uploads\/2018\/11\/fassadenfarben.jpg?fit=760%2C640&ssl=1&resize=525%2C300 1.5x, https:\/\/i0.wp.com\/www.steenkamper.de\/wp-content\/uploads\/2018\/11\/fassadenfarben.jpg?fit=760%2C640&ssl=1&resize=700%2C400 2x"},"classes":[]}],"_links":{"self":[{"href":"https:\/\/www.steenkamper.de\/index.php\/wp-json\/wp\/v2\/posts\/29148","targetHints":{"allow":["GET"]}}],"collection":[{"href":"https:\/\/www.steenkamper.de\/index.php\/wp-json\/wp\/v2\/posts"}],"about":[{"href":"https:\/\/www.steenkamper.de\/index.php\/wp-json\/wp\/v2\/types\/post"}],"author":[{"embeddable":true,"href":"https:\/\/www.steenkamper.de\/index.php\/wp-json\/wp\/v2\/users\/6"}],"replies":[{"embeddable":true,"href":"https:\/\/www.steenkamper.de\/index.php\/wp-json\/wp\/v2\/comments?post=29148"}],"version-history":[{"count":3,"href":"https:\/\/www.steenkamper.de\/index.php\/wp-json\/wp\/v2\/posts\/29148\/revisions"}],"predecessor-version":[{"id":29172,"href":"https:\/\/www.steenkamper.de\/index.php\/wp-json\/wp\/v2\/posts\/29148\/revisions\/29172"}],"wp:featuredmedia":[{"embeddable":true,"href":"https:\/\/www.steenkamper.de\/index.php\/wp-json\/wp\/v2\/media\/29143"}],"wp:attachment":[{"href":"https:\/\/www.steenkamper.de\/index.php\/wp-json\/wp\/v2\/media?parent=29148"}],"wp:term":[{"taxonomy":"category","embeddable":true,"href":"https:\/\/www.steenkamper.de\/index.php\/wp-json\/wp\/v2\/categories?post=29148"},{"taxonomy":"post_tag","embeddable":true,"href":"https:\/\/www.steenkamper.de\/index.php\/wp-json\/wp\/v2\/tags?post=29148"}],"curies":[{"name":"wp","href":"https:\/\/api.w.org\/{rel}","templated":true}]}}