{"id":28657,"date":"2024-09-01T21:11:32","date_gmt":"2024-09-01T19:11:32","guid":{"rendered":"https:\/\/www.steenkamper.de\/index.php\/2024\/09\/01\/kein-steenkamp-express\/"},"modified":"2024-09-01T21:11:32","modified_gmt":"2024-09-01T19:11:32","slug":"kein-steenkamp-express","status":"publish","type":"post","link":"https:\/\/www.steenkamper.de\/index.php\/2024\/09\/01\/kein-steenkamp-express\/","title":{"rendered":"KEIN Steenkamp-Express"},"content":{"rendered":"\n<p>Dieses Jahr wird es leider keinen Steenkamp-Express geben. Es haben sich leider keine Helferinnen und Helfer gefunden. <\/p>\n\n\n\n<p>Vielleicht wird es ja 2025 wieder was\u2026 \ud83d\ude82<\/p>\n","protected":false},"excerpt":{"rendered":"<p>Dieses Jahr wird es leider keinen Steenkamp-Express geben. Es haben sich leider keine Helferinnen und Helfer gefunden. Vielleicht wird es ja 2025 wieder was\u2026 \ud83d\ude82<\/p>\n","protected":false},"author":6,"featured_media":28656,"comment_status":"open","ping_status":"open","sticky":false,"template":"","format":"standard","meta":{"_acf_changed":false,"_price":"","_stock":"","_tribe_ticket_header":"","_tribe_default_ticket_provider":"","_tribe_ticket_capacity":"0","_ticket_start_date":"","_ticket_end_date":"","_tribe_ticket_show_description":"","_tribe_ticket_show_not_going":false,"_tribe_ticket_use_global_stock":"","_tribe_ticket_global_stock_level":"","_global_stock_mode":"","_global_stock_cap":"","_tribe_rsvp_for_event":"","_tribe_ticket_going_count":"","_tribe_ticket_not_going_count":"","_tribe_tickets_list":"[]","_tribe_ticket_has_attendee_info_fields":false,"jetpack_post_was_ever_published":false,"_jetpack_newsletter_access":"","_jetpack_dont_email_post_to_subs":false,"_jetpack_newsletter_tier_id":0,"_jetpack_memberships_contains_paywalled_content":false,"_jetpack_memberships_contains_paid_content":false,"footnotes":"","jetpack_publicize_message":"","jetpack_publicize_feature_enabled":true,"jetpack_social_post_already_shared":true,"jetpack_social_options":{"image_generator_settings":{"template":"highway","default_image_id":0,"font":"","enabled":false},"version":2}},"categories":[3,104],"tags":[],"class_list":["post-28657","post","type-post","status-publish","format-standard","has-post-thumbnail","hentry","category-allgemein","category-sommerfest"],"acf":[],"jetpack_publicize_connections":[],"jetpack_featured_media_url":"https:\/\/i0.wp.com\/www.steenkamper.de\/wp-content\/uploads\/2024\/09\/img_2336-1.jpg?fit=750%2C555&ssl=1","jetpack_sharing_enabled":true,"jetpack_shortlink":"https:\/\/wp.me\/p74Wuo-7sd","jetpack_likes_enabled":true,"jetpack-related-posts":[{"id":11496,"url":"https:\/\/www.steenkamper.de\/index.php\/2020\/08\/31\/steenkamp-singers-am-6-9\/","url_meta":{"origin":28657,"position":0},"title":"Steenkamp-Singers am 6.9.?","author":"Max","date":"31\/08\/2020","format":false,"excerpt":"Irrt\u00fcmlich wurde im Gemeindebrief der Melanchthonkirche gedruckt, dass die Steenkamp-Singers am Openair-Gottesdienst auf der Vogelweide am 6.9. singen werden. Dem ist leider nicht so. ???? Seit M\u00e4rz 2020 fand wegen Corona keine einzige Chorprobe statt. Der Steenkampsaal ist seitdem bis auf Weiteres f\u00fcr S\u00e4nger gesperrt. Daher werden die Steenkampsingers nicht\u2026","rel":"","context":"In &quot;100 jahre&quot;","block_context":{"text":"100 jahre","link":"https:\/\/www.steenkamper.de\/index.php\/category\/100-jahre\/"},"img":{"alt_text":"","src":"https:\/\/i0.wp.com\/www.steenkamper.de\/wp-content\/uploads\/2016\/11\/gospeldinnerX.jpg?fit=566%2C222&ssl=1&resize=350%2C200","width":350,"height":200,"srcset":"https:\/\/i0.wp.com\/www.steenkamper.de\/wp-content\/uploads\/2016\/11\/gospeldinnerX.jpg?fit=566%2C222&ssl=1&resize=350%2C200 1x, https:\/\/i0.wp.com\/www.steenkamper.de\/wp-content\/uploads\/2016\/11\/gospeldinnerX.jpg?fit=566%2C222&ssl=1&resize=525%2C300 1.5x"},"classes":[]},{"id":6736,"url":"https:\/\/www.steenkamper.de\/index.php\/2018\/08\/04\/sommerfest-2018-2\/","url_meta":{"origin":28657,"position":1},"title":"Sommerfest 2018","author":"Max","date":"04\/08\/2018","format":false,"excerpt":"Am ersten Wochenende im September 1. & 2.9.2018 ist wieder Sommerfest in der Steenkampsiedlung. Ein Wochenende vorher (Sa. 25.8.) findet das \"Weisse Dinner\" auf der Vogelweide statt.\u00a0 Dieses Jahr wird es einige Ver\u00e4nderungen geben. Auf der Zukunftswerkstatt im Fr\u00fchjahr hat sich eine neue Planungsgruppe \/ Ausschuss zusammen gefunden. Es gibt\u2026","rel":"","context":"In &quot;Allgemein&quot;","block_context":{"text":"Allgemein","link":"https:\/\/www.steenkamper.de\/index.php\/category\/allgemein\/"},"img":{"alt_text":"","src":"https:\/\/i0.wp.com\/www.steenkamper.de\/wp-content\/uploads\/2018\/07\/titel-2-18.jpg?fit=1200%2C960&ssl=1&resize=350%2C200","width":350,"height":200,"srcset":"https:\/\/i0.wp.com\/www.steenkamper.de\/wp-content\/uploads\/2018\/07\/titel-2-18.jpg?fit=1200%2C960&ssl=1&resize=350%2C200 1x, https:\/\/i0.wp.com\/www.steenkamper.de\/wp-content\/uploads\/2018\/07\/titel-2-18.jpg?fit=1200%2C960&ssl=1&resize=525%2C300 1.5x, https:\/\/i0.wp.com\/www.steenkamper.de\/wp-content\/uploads\/2018\/07\/titel-2-18.jpg?fit=1200%2C960&ssl=1&resize=700%2C400 2x, https:\/\/i0.wp.com\/www.steenkamper.de\/wp-content\/uploads\/2018\/07\/titel-2-18.jpg?fit=1200%2C960&ssl=1&resize=1050%2C600 3x"},"classes":[]},{"id":16296,"url":"https:\/\/www.steenkamper.de\/index.php\/2021\/08\/16\/kein-sommerfest\/","url_meta":{"origin":28657,"position":2},"title":"KEIN Sommerfest","author":"Max","date":"16\/08\/2021","format":false,"excerpt":"Leider ein weiterer Sommer ohne Sommerfest! Das erste September-Wochenende 2021 war eigentlich daf\u00fcr vorgesehen, das im letzten Jahr corona-bedingt ausgefallene Jubil\u00e4ums-Sommerfest nachzuholen. Doch die Lage hat sich bekannterma\u00dfen noch immer nicht so entspannt, dass eine zwanglose Begegnung mit vielen Nachbarn um die Vogelweide und im Steenkampsaal m\u00f6glich w\u00e4re. Auch kleinere\u2026","rel":"","context":"In &quot;Allgemein&quot;","block_context":{"text":"Allgemein","link":"https:\/\/www.steenkamper.de\/index.php\/category\/allgemein\/"},"img":{"alt_text":"","src":"https:\/\/i0.wp.com\/www.steenkamper.de\/wp-content\/uploads\/2019\/09\/img_2112-1.jpg?fit=1200%2C869&ssl=1&resize=350%2C200","width":350,"height":200,"srcset":"https:\/\/i0.wp.com\/www.steenkamper.de\/wp-content\/uploads\/2019\/09\/img_2112-1.jpg?fit=1200%2C869&ssl=1&resize=350%2C200 1x, https:\/\/i0.wp.com\/www.steenkamper.de\/wp-content\/uploads\/2019\/09\/img_2112-1.jpg?fit=1200%2C869&ssl=1&resize=525%2C300 1.5x, https:\/\/i0.wp.com\/www.steenkamper.de\/wp-content\/uploads\/2019\/09\/img_2112-1.jpg?fit=1200%2C869&ssl=1&resize=700%2C400 2x, https:\/\/i0.wp.com\/www.steenkamper.de\/wp-content\/uploads\/2019\/09\/img_2112-1.jpg?fit=1200%2C869&ssl=1&resize=1050%2C600 3x"},"classes":[]},{"id":11756,"url":"https:\/\/www.steenkamper.de\/index.php\/2020\/09\/07\/das-war-das-sommerfest-2020\/","url_meta":{"origin":28657,"position":3},"title":"das war das Sommerfest 2020","author":"Max","date":"07\/09\/2020","format":false,"excerpt":"Das Sommerfest wurde Corona bedingt abgesagt. Es wurde aber von vielen Nachbarn dann doch klein und mit sicherem Abstand gefeiert. Es gab kleine Flohmarkt-St\u00e4nde, Grillwurst, Getr\u00e4nke, Gespr\u00e4che, Musik, Bilder, Wunderkerzen, Feuerwerk und nat\u00fcrlich am Sonntag den Open-Air Gottesdienst auf der Vogelweide. Hier eine kleine Bildershow: B\u00f6kenkampRosenwinkelRosenwinkelRosenwinkelRosenwinkelAm QuickbornStutsmoorRosenwinkelRosenwinkelRosenwinkelGrotenkampVogelweide um 21hVogelweide um\u2026","rel":"","context":"In &quot;100 jahre&quot;","block_context":{"text":"100 jahre","link":"https:\/\/www.steenkamper.de\/index.php\/category\/100-jahre\/"},"img":{"alt_text":"","src":"https:\/\/i0.wp.com\/www.steenkamper.de\/wp-content\/uploads\/2020\/09\/Sommerfest2020.png?fit=600%2C485&ssl=1&resize=350%2C200","width":350,"height":200,"srcset":"https:\/\/i0.wp.com\/www.steenkamper.de\/wp-content\/uploads\/2020\/09\/Sommerfest2020.png?fit=600%2C485&ssl=1&resize=350%2C200 1x, https:\/\/i0.wp.com\/www.steenkamper.de\/wp-content\/uploads\/2020\/09\/Sommerfest2020.png?fit=600%2C485&ssl=1&resize=525%2C300 1.5x"},"classes":[]},{"id":1659,"url":"https:\/\/www.steenkamper.de\/index.php\/2016\/02\/21\/das-gemeinschaftsleben-im-steenkamp\/","url_meta":{"origin":28657,"position":4},"title":"Das Gemeinschaftsleben im Steenkamp 1920","author":"Max","date":"21\/02\/2016","format":false,"excerpt":"Aus der Chronik:\u00a0Auszug aus dem \u201eSteenkamper\u201c von 1920\/1930, ein Zeitzeuge schrieb: Freundschaftliches Verhalten? Bei allen? So etwas gibt es im Steenkamp, ein echter Siedlungsgeist hat es gezeigt. Gewiss, einzelne m\u00fcssen das nachbarliche R\u00fccksicht nehmen noch \u00fcben. Sie werden sich aber an diese nachbarliche Freundlichkeit gew\u00f6hnen m\u00fcssen, soll der Steenkamp f\u00fcr\u2026","rel":"","context":"In &quot;Allgemein&quot;","block_context":{"text":"Allgemein","link":"https:\/\/www.steenkamper.de\/index.php\/category\/allgemein\/"},"img":{"alt_text":"","src":"","width":0,"height":0},"classes":[]},{"id":11781,"url":"https:\/\/www.steenkamper.de\/index.php\/2020\/09\/08\/geschichtswerkstatt\/","url_meta":{"origin":28657,"position":5},"title":"Geschichtswerkstatt","author":"Max","date":"08\/09\/2020","format":false,"excerpt":"\u201eSteenkamp History\u201c Es wird bis auf weiteres kein Treffen der Geschichtswerkstatt im Saal stattfinden, also auch nicht an diesem Mittwoch, an dem turnusgem\u00e4\u00df wieder ein Termin anst\u00fcnde. Aktuell h\u00e4ngen drei Stra\u00dfenschilder (Hempel, Hartmann und Nordmeier). Die Schaufensterausstellung Hempel l\u00e4uft noch, leider noch nicht mit dem Schmuck. Und bedauerlicherweise sind uns\u2026","rel":"","context":"In &quot;100 jahre&quot;","block_context":{"text":"100 jahre","link":"https:\/\/www.steenkamper.de\/index.php\/category\/100-jahre\/"},"img":{"alt_text":"","src":"https:\/\/i0.wp.com\/www.steenkamper.de\/wp-content\/uploads\/2020\/09\/image0.jpg?fit=478%2C415&ssl=1&resize=350%2C200","width":350,"height":200},"classes":[]}],"_links":{"self":[{"href":"https:\/\/www.steenkamper.de\/index.php\/wp-json\/wp\/v2\/posts\/28657","targetHints":{"allow":["GET"]}}],"collection":[{"href":"https:\/\/www.steenkamper.de\/index.php\/wp-json\/wp\/v2\/posts"}],"about":[{"href":"https:\/\/www.steenkamper.de\/index.php\/wp-json\/wp\/v2\/types\/post"}],"author":[{"embeddable":true,"href":"https:\/\/www.steenkamper.de\/index.php\/wp-json\/wp\/v2\/users\/6"}],"replies":[{"embeddable":true,"href":"https:\/\/www.steenkamper.de\/index.php\/wp-json\/wp\/v2\/comments?post=28657"}],"version-history":[{"count":0,"href":"https:\/\/www.steenkamper.de\/index.php\/wp-json\/wp\/v2\/posts\/28657\/revisions"}],"wp:featuredmedia":[{"embeddable":true,"href":"https:\/\/www.steenkamper.de\/index.php\/wp-json\/wp\/v2\/media\/28656"}],"wp:attachment":[{"href":"https:\/\/www.steenkamper.de\/index.php\/wp-json\/wp\/v2\/media?parent=28657"}],"wp:term":[{"taxonomy":"category","embeddable":true,"href":"https:\/\/www.steenkamper.de\/index.php\/wp-json\/wp\/v2\/categories?post=28657"},{"taxonomy":"post_tag","embeddable":true,"href":"https:\/\/www.steenkamper.de\/index.php\/wp-json\/wp\/v2\/tags?post=28657"}],"curies":[{"name":"wp","href":"https:\/\/api.w.org\/{rel}","templated":true}]}}