{"id":28653,"date":"2024-09-01T21:08:28","date_gmt":"2024-09-01T19:08:28","guid":{"rendered":"https:\/\/www.steenkamper.de\/?p=28653"},"modified":"2024-09-01T21:08:31","modified_gmt":"2024-09-01T19:08:31","slug":"steenkamp-lauf-2024-infos","status":"publish","type":"post","link":"https:\/\/www.steenkamper.de\/index.php\/2024\/09\/01\/steenkamp-lauf-2024-infos\/","title":{"rendered":"Steenkamp Lauf 2024 &#8211; Infos"},"content":{"rendered":"\n<p>Liebe L\u00e4uferinnen und L\u00e4ufer, <br>hier nun die fehlenden Informationen zum Steenkamplauf am 07.08. <br>Es werden dieses Jahr etwas l\u00e4ngere Strecken gelaufen und die Altersgruppen laufen als komplette Gruppe und nicht mehr in einzelne Starts unterteilt. Gleich bleiben nur die Bobby-Car und Laufstrecken f\u00fcr die ganz Kleinen, wobei jedes Kind bitte nur an einem der Rennen teilnimmt.<\/p>\n\n\n\n<p><strong>Folgende Altersgruppen \/ Strecken werden angeboten:<\/strong><br>1. Bobby-Car f\u00fcr 3-4 J\u00e4hrige, 30m<br>2. Laufen 3-4 Jahre, 30m<br>3. Laufen 5-6 Jahre, einmal um die Vogelweide<br>4. Laufen 7-8 Jahre, einmal um die Vogelweide<br>5. Laufen 9-10 Jahre, zweimal um die Vogelweide<br>6. Laufen 11-13 Jahre, zweimal um die Vogelweide<br>7. Laufen 14-15 Jahre, zweimal um die Vogelweide<br>8. Laufen Erwachsene, alle Altersklassen, ca. 800m<\/p>\n\n\n\n<p>Wie schon ver\u00f6ffentlicht l\u00e4uft die Anmeldung vor Ort von\u00a0<strong>10.45 bis 11.45h<\/strong>. <br>Wer nicht bis 11.45h angemeldet ist, kann nicht mehr mitlaufen. <\/p>\n\n\n\n<p><strong>Und denkt bitte alle daran, dass Helfer f\u00fcr den Lauf wie f\u00fcr alle anderen Aktivit\u00e4ten immer willkommen sind!<\/strong><\/p>\n","protected":false},"excerpt":{"rendered":"<p>Liebe L\u00e4uferinnen und L\u00e4ufer, hier nun die fehlenden Informationen zum Steenkamplauf am 07.08. Es werden dieses Jahr etwas l\u00e4ngere Strecken gelaufen und die Altersgruppen laufen als komplette Gruppe und nicht&#8230; <\/p>\n<p><a class=\"teaser-more\" href=\"https:\/\/www.steenkamper.de\/index.php\/2024\/09\/01\/steenkamp-lauf-2024-infos\/\">weiter lesen<\/a><\/p>\n","protected":false},"author":6,"featured_media":23953,"comment_status":"open","ping_status":"open","sticky":false,"template":"","format":"standard","meta":{"_acf_changed":false,"_price":"","_stock":"","_tribe_ticket_header":"","_tribe_default_ticket_provider":"","_tribe_ticket_capacity":"0","_ticket_start_date":"","_ticket_end_date":"","_tribe_ticket_show_description":"","_tribe_ticket_show_not_going":false,"_tribe_ticket_use_global_stock":"","_tribe_ticket_global_stock_level":"","_global_stock_mode":"","_global_stock_cap":"","_tribe_rsvp_for_event":"","_tribe_ticket_going_count":"","_tribe_ticket_not_going_count":"","_tribe_tickets_list":"[]","_tribe_ticket_has_attendee_info_fields":false,"jetpack_post_was_ever_published":false,"_jetpack_newsletter_access":"","_jetpack_dont_email_post_to_subs":false,"_jetpack_newsletter_tier_id":0,"_jetpack_memberships_contains_paywalled_content":false,"_jetpack_memberships_contains_paid_content":false,"footnotes":"","jetpack_publicize_message":"","jetpack_publicize_feature_enabled":true,"jetpack_social_post_already_shared":true,"jetpack_social_options":{"image_generator_settings":{"template":"highway","default_image_id":0,"font":"","enabled":false},"version":2}},"categories":[3,104],"tags":[],"class_list":["post-28653","post","type-post","status-publish","format-standard","has-post-thumbnail","hentry","category-allgemein","category-sommerfest"],"acf":[],"jetpack_publicize_connections":[],"jetpack_featured_media_url":"https:\/\/i0.wp.com\/www.steenkamper.de\/wp-content\/uploads\/2023\/08\/IMG_8508.jpg?fit=651%2C382&ssl=1","jetpack_sharing_enabled":true,"jetpack_shortlink":"https:\/\/wp.me\/p74Wuo-7s9","jetpack_likes_enabled":true,"jetpack-related-posts":[{"id":30320,"url":"https:\/\/www.steenkamper.de\/index.php\/2025\/09\/07\/steenkamplauf-2025\/","url_meta":{"origin":28653,"position":0},"title":"Steenkamplauf 2025","author":"Max","date":"07\/09\/2025","format":false,"excerpt":"Liebe L\u00e4uferinnen und L\u00e4ufer,\u00a0 wir freuen uns schon auf den traditionell zur Er\u00f6ffnung des Sommerfests stattfindenden Steenkamplauf. Es werden dieses Jahr die gleichen Strecken wie im letzten Jahr angeboten: 1. Bobby-Car f\u00fcr 3-4 J\u00e4hrige, 30m2. Laufen 3-4 Jahre, 30m (entweder Bobby-Car ODER Laufen)3. Laufen 5-6 Jahre, einmal um die Vogelweide4.\u2026","rel":"","context":"In &quot;Sommerfest&quot;","block_context":{"text":"Sommerfest","link":"https:\/\/www.steenkamper.de\/index.php\/category\/sommerfest\/"},"img":{"alt_text":"","src":"https:\/\/i0.wp.com\/www.steenkamper.de\/wp-content\/uploads\/2023\/08\/IMG_8508.jpg?fit=651%2C382&ssl=1&resize=350%2C200","width":350,"height":200,"srcset":"https:\/\/i0.wp.com\/www.steenkamper.de\/wp-content\/uploads\/2023\/08\/IMG_8508.jpg?fit=651%2C382&ssl=1&resize=350%2C200 1x, https:\/\/i0.wp.com\/www.steenkamper.de\/wp-content\/uploads\/2023\/08\/IMG_8508.jpg?fit=651%2C382&ssl=1&resize=525%2C300 1.5x"},"classes":[]},{"id":8738,"url":"https:\/\/www.steenkamper.de\/index.php\/2019\/09\/04\/anmeldung-steenkamplauf\/","url_meta":{"origin":28653,"position":1},"title":"Anmeldung Steenkamplauf","author":"Max","date":"04\/09\/2019","format":false,"excerpt":"Die Organisatoren bitten L\u00e4ufer sich hier online bis Freitag 20h anzumelden, da die Anmeldung am Samstag erst um 11.45h beginnen kann!! Dann kann am Samstag der Lauf schneller (p\u00fcnktlich) beginnen. Anmeldungen am Samstag erst ab ca.\u00a011.45 Uhr\u00a0am Steenkampsaal m\u00f6glich. Der erste Lauf beginnt deswegen erst gegen voraussichtlich ca.\u00a012.15 Uhr. Bei\u2026","rel":"","context":"In &quot;Sommerfest&quot;","block_context":{"text":"Sommerfest","link":"https:\/\/www.steenkamper.de\/index.php\/category\/sommerfest\/"},"img":{"alt_text":"","src":"","width":0,"height":0},"classes":[]},{"id":17416,"url":"https:\/\/www.steenkamper.de\/index.php\/2021\/11\/26\/druck-der-festschrift\/","url_meta":{"origin":28653,"position":2},"title":"Druck der Festschrift","author":"Max","date":"26\/11\/2021","format":false,"excerpt":"Seit gestern laufen die Druckmaschinen! Dann gehts zur Buchbinderei, dann in den Steenkampsaal.\u00a0","rel":"","context":"In &quot;100 jahre&quot;","block_context":{"text":"100 jahre","link":"https:\/\/www.steenkamper.de\/index.php\/category\/100-jahre\/"},"img":{"alt_text":"","src":"https:\/\/i0.wp.com\/www.steenkamper.de\/wp-content\/uploads\/2021\/11\/img_1833-3.jpg?fit=800%2C600&ssl=1&resize=350%2C200","width":350,"height":200,"srcset":"https:\/\/i0.wp.com\/www.steenkamper.de\/wp-content\/uploads\/2021\/11\/img_1833-3.jpg?fit=800%2C600&ssl=1&resize=350%2C200 1x, https:\/\/i0.wp.com\/www.steenkamper.de\/wp-content\/uploads\/2021\/11\/img_1833-3.jpg?fit=800%2C600&ssl=1&resize=525%2C300 1.5x, https:\/\/i0.wp.com\/www.steenkamper.de\/wp-content\/uploads\/2021\/11\/img_1833-3.jpg?fit=800%2C600&ssl=1&resize=700%2C400 2x"},"classes":[]},{"id":6925,"url":"https:\/\/www.steenkamper.de\/index.php\/2018\/08\/24\/steenkamplauf-anmeldung\/","url_meta":{"origin":28653,"position":3},"title":"Steenkamplauf Anmeldung","author":"Max","date":"24\/08\/2018","format":false,"excerpt":"Dieses Jahr findet auf unserem Sommerfest nach langer Pause wieder der Steenkamplauf statt. Es wird\u00a0mehrere Gruppen geben: 30m\u00a0(Bobbycar-Rennen f\u00fcr unsere J\u00fcngsten - bitte Bobbycar mitbringen),\u00a050m,\u00a075m,\u00a01km Steenkamplauf -Zeitplan Zeit Strecke Alter Klasse 12:00 30m 3-4 WBA\/MBA Bobbycar 30m 3-4 WA\/MA Laufen 50m 5-6 WB\/MB Laufen 75m 7-8 WC\/MC Laufen 1.000m 9-10\u2026","rel":"","context":"In &quot;Sommerfest&quot;","block_context":{"text":"Sommerfest","link":"https:\/\/www.steenkamper.de\/index.php\/category\/sommerfest\/"},"img":{"alt_text":"","src":"https:\/\/i0.wp.com\/www.steenkamper.de\/wp-content\/uploads\/2018\/07\/titel-2-18.jpg?fit=1200%2C960&ssl=1&resize=350%2C200","width":350,"height":200,"srcset":"https:\/\/i0.wp.com\/www.steenkamper.de\/wp-content\/uploads\/2018\/07\/titel-2-18.jpg?fit=1200%2C960&ssl=1&resize=350%2C200 1x, https:\/\/i0.wp.com\/www.steenkamper.de\/wp-content\/uploads\/2018\/07\/titel-2-18.jpg?fit=1200%2C960&ssl=1&resize=525%2C300 1.5x, https:\/\/i0.wp.com\/www.steenkamper.de\/wp-content\/uploads\/2018\/07\/titel-2-18.jpg?fit=1200%2C960&ssl=1&resize=700%2C400 2x, https:\/\/i0.wp.com\/www.steenkamper.de\/wp-content\/uploads\/2018\/07\/titel-2-18.jpg?fit=1200%2C960&ssl=1&resize=1050%2C600 3x"},"classes":[]},{"id":30521,"url":"https:\/\/www.steenkamper.de\/index.php\/2025\/10\/13\/bahnhof-laesst-auf-sich-warten\/","url_meta":{"origin":28653,"position":4},"title":"Bahnhof, l\u00e4sst auf sich warten\u2026","author":"Max","date":"13\/10\/2025","format":false,"excerpt":"Der neue Fern- und Regionalbahnhof Hamburg-Altona \/ Diebsteich sollte urspr\u00fcnglich Ende 2027 in Betrieb gehen. Wie Deutsche Bahn und NDR berichten, rechnet man nun erst Ende 2029 mit der Er\u00f6ffnung. Grund sind komplizierte Bauabschnitte, Schadstofffunde (Asbest, Blei) und Fachkr\u00e4ftemangel bei Pr\u00fcfingenieuren. Das verz\u00f6gert auch die geplante Neugestaltung des alten Bahnhofsareals\u2026","rel":"","context":"In &quot;Allgemein&quot;","block_context":{"text":"Allgemein","link":"https:\/\/www.steenkamper.de\/index.php\/category\/allgemein\/"},"img":{"alt_text":"","src":"https:\/\/i0.wp.com\/www.steenkamper.de\/wp-content\/uploads\/2025\/10\/5082c9d2-7b88-4864-a745-1fd59ffe178e.png?fit=1200%2C800&ssl=1&resize=350%2C200","width":350,"height":200,"srcset":"https:\/\/i0.wp.com\/www.steenkamper.de\/wp-content\/uploads\/2025\/10\/5082c9d2-7b88-4864-a745-1fd59ffe178e.png?fit=1200%2C800&ssl=1&resize=350%2C200 1x, https:\/\/i0.wp.com\/www.steenkamper.de\/wp-content\/uploads\/2025\/10\/5082c9d2-7b88-4864-a745-1fd59ffe178e.png?fit=1200%2C800&ssl=1&resize=525%2C300 1.5x, https:\/\/i0.wp.com\/www.steenkamper.de\/wp-content\/uploads\/2025\/10\/5082c9d2-7b88-4864-a745-1fd59ffe178e.png?fit=1200%2C800&ssl=1&resize=700%2C400 2x, https:\/\/i0.wp.com\/www.steenkamper.de\/wp-content\/uploads\/2025\/10\/5082c9d2-7b88-4864-a745-1fd59ffe178e.png?fit=1200%2C800&ssl=1&resize=1050%2C600 3x"},"classes":[]},{"id":7170,"url":"https:\/\/www.steenkamper.de\/index.php\/2018\/10\/20\/abriss-der-kaserne-in-der-notkestr\/","url_meta":{"origin":28653,"position":5},"title":"Abriss der Kaserne in der Notkestr.?","author":"Max","date":"20\/10\/2018","format":false,"excerpt":"Die MOPO schreibt: Das Geb\u00e4ude der alten Infanteriekaserne in der Notkestr. steht nicht unter Denkmalschutz und schl\u00e4gt eine Wohnbebauung vor, um der Wohnungsnot in Hamburg zu begegnen. Das 3.000m\u00b2 gro\u00dfe Grundst\u00fcck geh\u00f6rt dem Bund. Erste Gespr\u00e4che an die Stadt laufen bereits (laut MOPO). MOPO Artikel\u00a0vom 18.10.2018\u00a0\"Billig-Bauland - Ist das die\u2026","rel":"","context":"In &quot;Nachbarschaft&quot;","block_context":{"text":"Nachbarschaft","link":"https:\/\/www.steenkamper.de\/index.php\/category\/nachbarschaft\/"},"img":{"alt_text":"","src":"","width":0,"height":0},"classes":[]}],"_links":{"self":[{"href":"https:\/\/www.steenkamper.de\/index.php\/wp-json\/wp\/v2\/posts\/28653","targetHints":{"allow":["GET"]}}],"collection":[{"href":"https:\/\/www.steenkamper.de\/index.php\/wp-json\/wp\/v2\/posts"}],"about":[{"href":"https:\/\/www.steenkamper.de\/index.php\/wp-json\/wp\/v2\/types\/post"}],"author":[{"embeddable":true,"href":"https:\/\/www.steenkamper.de\/index.php\/wp-json\/wp\/v2\/users\/6"}],"replies":[{"embeddable":true,"href":"https:\/\/www.steenkamper.de\/index.php\/wp-json\/wp\/v2\/comments?post=28653"}],"version-history":[{"count":2,"href":"https:\/\/www.steenkamper.de\/index.php\/wp-json\/wp\/v2\/posts\/28653\/revisions"}],"predecessor-version":[{"id":28655,"href":"https:\/\/www.steenkamper.de\/index.php\/wp-json\/wp\/v2\/posts\/28653\/revisions\/28655"}],"wp:featuredmedia":[{"embeddable":true,"href":"https:\/\/www.steenkamper.de\/index.php\/wp-json\/wp\/v2\/media\/23953"}],"wp:attachment":[{"href":"https:\/\/www.steenkamper.de\/index.php\/wp-json\/wp\/v2\/media?parent=28653"}],"wp:term":[{"taxonomy":"category","embeddable":true,"href":"https:\/\/www.steenkamper.de\/index.php\/wp-json\/wp\/v2\/categories?post=28653"},{"taxonomy":"post_tag","embeddable":true,"href":"https:\/\/www.steenkamper.de\/index.php\/wp-json\/wp\/v2\/tags?post=28653"}],"curies":[{"name":"wp","href":"https:\/\/api.w.org\/{rel}","templated":true}]}}