{"id":28560,"date":"2024-08-12T08:57:12","date_gmt":"2024-08-12T06:57:12","guid":{"rendered":"https:\/\/www.steenkamper.de\/?p=28560"},"modified":"2024-09-09T07:02:46","modified_gmt":"2024-09-09T05:02:46","slug":"hilfe-fuer-das-sommerfest","status":"publish","type":"post","link":"https:\/\/www.steenkamper.de\/index.php\/2024\/08\/12\/hilfe-fuer-das-sommerfest\/","title":{"rendered":"HILFE f\u00fcr das Sommerfest!"},"content":{"rendered":"\n<p>Unsere HILFE-Liste ist online. Super Gelegenheit gleich eine tolle Schicht zu sichern: <a href=\"https:\/\/lukify.app\/akhnoa\">https:\/\/lukify.app\/akhnoa<\/a><\/p>\n\n\n\n<p>Viele HELFENDE-H\u00c4NDE mache eine gl\u00fcckliche Nachbarschaft!<\/p>\n\n\n\n<figure class=\"wp-block-image size-large\"><img data-recalc-dims=\"1\" fetchpriority=\"high\" decoding=\"async\" width=\"681\" height=\"665\" data-attachment-id=\"28559\" data-permalink=\"https:\/\/www.steenkamper.de\/img_2084-2\/\" data-orig-file=\"https:\/\/i0.wp.com\/www.steenkamper.de\/wp-content\/uploads\/2024\/08\/img_2084-2.jpg?fit=681%2C665&amp;ssl=1\" data-orig-size=\"681,665\" data-comments-opened=\"1\" data-image-meta=\"{&quot;aperture&quot;:&quot;0&quot;,&quot;credit&quot;:&quot;&quot;,&quot;camera&quot;:&quot;&quot;,&quot;caption&quot;:&quot;&quot;,&quot;created_timestamp&quot;:&quot;0&quot;,&quot;copyright&quot;:&quot;&quot;,&quot;focal_length&quot;:&quot;0&quot;,&quot;iso&quot;:&quot;0&quot;,&quot;shutter_speed&quot;:&quot;0&quot;,&quot;title&quot;:&quot;&quot;,&quot;orientation&quot;:&quot;1&quot;}\" data-image-title=\"img_2084-2\" data-image-description=\"\" data-image-caption=\"\" data-large-file=\"https:\/\/i0.wp.com\/www.steenkamper.de\/wp-content\/uploads\/2024\/08\/img_2084-2.jpg?fit=681%2C665&amp;ssl=1\" src=\"https:\/\/i0.wp.com\/www.steenkamper.de\/wp-content\/uploads\/2024\/08\/img_2084-2.jpg?resize=681%2C665&#038;ssl=1\" alt=\"\" class=\"wp-image-28559\" srcset=\"https:\/\/i0.wp.com\/www.steenkamper.de\/wp-content\/uploads\/2024\/08\/img_2084-2.jpg?w=681&amp;ssl=1 681w, https:\/\/i0.wp.com\/www.steenkamper.de\/wp-content\/uploads\/2024\/08\/img_2084-2.jpg?resize=300%2C293&amp;ssl=1 300w, https:\/\/i0.wp.com\/www.steenkamper.de\/wp-content\/uploads\/2024\/08\/img_2084-2.jpg?resize=450%2C439&amp;ssl=1 450w, https:\/\/i0.wp.com\/www.steenkamper.de\/wp-content\/uploads\/2024\/08\/img_2084-2.jpg?resize=600%2C586&amp;ssl=1 600w\" sizes=\"(max-width: 681px) 100vw, 681px\" \/><\/figure>\n\n\n\n<figure class=\"wp-block-image size-large\"><img data-recalc-dims=\"1\" decoding=\"async\" width=\"723\" height=\"1024\" data-attachment-id=\"28586\" data-permalink=\"https:\/\/www.steenkamper.de\/img_2269-1\/\" data-orig-file=\"https:\/\/i0.wp.com\/www.steenkamper.de\/wp-content\/uploads\/2024\/08\/img_2269-1.jpg?fit=750%2C1062&amp;ssl=1\" data-orig-size=\"750,1062\" data-comments-opened=\"1\" data-image-meta=\"{&quot;aperture&quot;:&quot;0&quot;,&quot;credit&quot;:&quot;&quot;,&quot;camera&quot;:&quot;&quot;,&quot;caption&quot;:&quot;&quot;,&quot;created_timestamp&quot;:&quot;0&quot;,&quot;copyright&quot;:&quot;&quot;,&quot;focal_length&quot;:&quot;0&quot;,&quot;iso&quot;:&quot;0&quot;,&quot;shutter_speed&quot;:&quot;0&quot;,&quot;title&quot;:&quot;&quot;,&quot;orientation&quot;:&quot;1&quot;}\" data-image-title=\"img_2269-1\" data-image-description=\"\" data-image-caption=\"\" data-large-file=\"https:\/\/i0.wp.com\/www.steenkamper.de\/wp-content\/uploads\/2024\/08\/img_2269-1.jpg?fit=723%2C1024&amp;ssl=1\" src=\"https:\/\/i0.wp.com\/www.steenkamper.de\/wp-content\/uploads\/2024\/08\/img_2269-1.jpg?resize=723%2C1024&#038;ssl=1\" class=\"wp-image-28586\" srcset=\"https:\/\/i0.wp.com\/www.steenkamper.de\/wp-content\/uploads\/2024\/08\/img_2269-1.jpg?resize=723%2C1024&amp;ssl=1 723w, https:\/\/i0.wp.com\/www.steenkamper.de\/wp-content\/uploads\/2024\/08\/img_2269-1.jpg?resize=212%2C300&amp;ssl=1 212w, https:\/\/i0.wp.com\/www.steenkamper.de\/wp-content\/uploads\/2024\/08\/img_2269-1.jpg?resize=450%2C637&amp;ssl=1 450w, https:\/\/i0.wp.com\/www.steenkamper.de\/wp-content\/uploads\/2024\/08\/img_2269-1.jpg?resize=530%2C750&amp;ssl=1 530w, https:\/\/i0.wp.com\/www.steenkamper.de\/wp-content\/uploads\/2024\/08\/img_2269-1.jpg?resize=300%2C425&amp;ssl=1 300w, https:\/\/i0.wp.com\/www.steenkamper.de\/wp-content\/uploads\/2024\/08\/img_2269-1.jpg?resize=600%2C850&amp;ssl=1 600w, https:\/\/i0.wp.com\/www.steenkamper.de\/wp-content\/uploads\/2024\/08\/img_2269-1.jpg?w=750&amp;ssl=1 750w\" sizes=\"(max-width: 723px) 100vw, 723px\" \/><\/figure>\n","protected":false},"excerpt":{"rendered":"<p>Unsere HILFE-Liste ist online. Super Gelegenheit gleich eine tolle Schicht zu sichern: https:\/\/lukify.app\/akhnoa Viele HELFENDE-H\u00c4NDE mache eine gl\u00fcckliche Nachbarschaft!<\/p>\n","protected":false},"author":6,"featured_media":28558,"comment_status":"open","ping_status":"open","sticky":false,"template":"","format":"standard","meta":{"_acf_changed":false,"_price":"","_stock":"","_tribe_ticket_header":"","_tribe_default_ticket_provider":"","_tribe_ticket_capacity":"0","_ticket_start_date":"","_ticket_end_date":"","_tribe_ticket_show_description":"","_tribe_ticket_show_not_going":false,"_tribe_ticket_use_global_stock":"","_tribe_ticket_global_stock_level":"","_global_stock_mode":"","_global_stock_cap":"","_tribe_rsvp_for_event":"","_tribe_ticket_going_count":"","_tribe_ticket_not_going_count":"","_tribe_tickets_list":"[]","_tribe_ticket_has_attendee_info_fields":false,"jetpack_post_was_ever_published":false,"_jetpack_newsletter_access":"","_jetpack_dont_email_post_to_subs":false,"_jetpack_newsletter_tier_id":0,"_jetpack_memberships_contains_paywalled_content":false,"_jetpack_memberships_contains_paid_content":false,"footnotes":"","jetpack_publicize_message":"","jetpack_publicize_feature_enabled":true,"jetpack_social_post_already_shared":true,"jetpack_social_options":{"image_generator_settings":{"template":"highway","default_image_id":0,"font":"","enabled":false},"version":2}},"categories":[3,6,104],"tags":[],"class_list":["post-28560","post","type-post","status-publish","format-standard","has-post-thumbnail","hentry","category-allgemein","category-nachbarschaft","category-sommerfest"],"acf":[],"jetpack_publicize_connections":[],"jetpack_featured_media_url":"https:\/\/i0.wp.com\/www.steenkamper.de\/wp-content\/uploads\/2024\/08\/img_2085-1.jpg?fit=750%2C329&ssl=1","jetpack_sharing_enabled":true,"jetpack_shortlink":"https:\/\/wp.me\/p74Wuo-7qE","jetpack_likes_enabled":true,"jetpack-related-posts":[{"id":2392,"url":"https:\/\/www.steenkamper.de\/index.php\/2016\/08\/30\/sommerfest-2016-2\/","url_meta":{"origin":28560,"position":0},"title":"Sommerfest 2016","author":"Max","date":"30\/08\/2016","format":false,"excerpt":"Samstag 3.9. und Sonntag 4.9. Samstag : 14-17h Flohmarkt 21h Tanz im Steenkampsaal Sonntag : 10-11h Open-Air-Gottesdienst 12-15h Kinderspiele\/Familienfest 15h Kinderdisko An beiden Tagen gibt es ein Caf\u00e9-Zelt, einen Bierwagen und leckeres vom Grill. Helfer haben sich viele gemeldet. Es wird aber an einigen Stellen noch Hilfe ben\u00f6tigt: Am Samstag\u2026","rel":"","context":"In &quot;Allgemein&quot;","block_context":{"text":"Allgemein","link":"https:\/\/www.steenkamper.de\/index.php\/category\/allgemein\/"},"img":{"alt_text":"","src":"https:\/\/i0.wp.com\/www.steenkamper.de\/wp-content\/uploads\/2016\/08\/img_4338.jpg?fit=1200%2C647&ssl=1&resize=350%2C200","width":350,"height":200,"srcset":"https:\/\/i0.wp.com\/www.steenkamper.de\/wp-content\/uploads\/2016\/08\/img_4338.jpg?fit=1200%2C647&ssl=1&resize=350%2C200 1x, https:\/\/i0.wp.com\/www.steenkamper.de\/wp-content\/uploads\/2016\/08\/img_4338.jpg?fit=1200%2C647&ssl=1&resize=525%2C300 1.5x, https:\/\/i0.wp.com\/www.steenkamper.de\/wp-content\/uploads\/2016\/08\/img_4338.jpg?fit=1200%2C647&ssl=1&resize=700%2C400 2x, https:\/\/i0.wp.com\/www.steenkamper.de\/wp-content\/uploads\/2016\/08\/img_4338.jpg?fit=1200%2C647&ssl=1&resize=1050%2C600 3x"},"classes":[]},{"id":16296,"url":"https:\/\/www.steenkamper.de\/index.php\/2021\/08\/16\/kein-sommerfest\/","url_meta":{"origin":28560,"position":1},"title":"KEIN Sommerfest","author":"Max","date":"16\/08\/2021","format":false,"excerpt":"Leider ein weiterer Sommer ohne Sommerfest! Das erste September-Wochenende 2021 war eigentlich daf\u00fcr vorgesehen, das im letzten Jahr corona-bedingt ausgefallene Jubil\u00e4ums-Sommerfest nachzuholen. Doch die Lage hat sich bekannterma\u00dfen noch immer nicht so entspannt, dass eine zwanglose Begegnung mit vielen Nachbarn um die Vogelweide und im Steenkampsaal m\u00f6glich w\u00e4re. Auch kleinere\u2026","rel":"","context":"In &quot;Allgemein&quot;","block_context":{"text":"Allgemein","link":"https:\/\/www.steenkamper.de\/index.php\/category\/allgemein\/"},"img":{"alt_text":"","src":"https:\/\/i0.wp.com\/www.steenkamper.de\/wp-content\/uploads\/2019\/09\/img_2112-1.jpg?fit=1200%2C869&ssl=1&resize=350%2C200","width":350,"height":200,"srcset":"https:\/\/i0.wp.com\/www.steenkamper.de\/wp-content\/uploads\/2019\/09\/img_2112-1.jpg?fit=1200%2C869&ssl=1&resize=350%2C200 1x, https:\/\/i0.wp.com\/www.steenkamper.de\/wp-content\/uploads\/2019\/09\/img_2112-1.jpg?fit=1200%2C869&ssl=1&resize=525%2C300 1.5x, https:\/\/i0.wp.com\/www.steenkamper.de\/wp-content\/uploads\/2019\/09\/img_2112-1.jpg?fit=1200%2C869&ssl=1&resize=700%2C400 2x, https:\/\/i0.wp.com\/www.steenkamper.de\/wp-content\/uploads\/2019\/09\/img_2112-1.jpg?fit=1200%2C869&ssl=1&resize=1050%2C600 3x"},"classes":[]},{"id":16388,"url":"https:\/\/www.steenkamper.de\/index.php\/2021\/09\/05\/sommerfest\/","url_meta":{"origin":28560,"position":2},"title":"Sommerfest?","author":"Max","date":"05\/09\/2021","format":false,"excerpt":"Wie habt ihr das Sommerfest-Wochenende erlebt? Schickt mir(uns) eure Eindr\u00fccke, Bilder und Erlebnisse. Im n\u00e4chsten Steenkamper und hier auf der Webseite wird es dann eine Zusammenfassung geben. 2022 werden wir bestimmt dann wieder eine \u201eoffizielle\u201c Version unseres Sommerfestes veranstalten k\u00f6nnen. Bis dahin werden wir hoffentlich mit kleineren Veranstaltungen uns an\u2026","rel":"","context":"In &quot;Allgemein&quot;","block_context":{"text":"Allgemein","link":"https:\/\/www.steenkamper.de\/index.php\/category\/allgemein\/"},"img":{"alt_text":"","src":"https:\/\/i0.wp.com\/www.steenkamper.de\/wp-content\/uploads\/2021\/09\/Sommerfest2021.jpg?fit=700%2C494&ssl=1&resize=350%2C200","width":350,"height":200,"srcset":"https:\/\/i0.wp.com\/www.steenkamper.de\/wp-content\/uploads\/2021\/09\/Sommerfest2021.jpg?fit=700%2C494&ssl=1&resize=350%2C200 1x, https:\/\/i0.wp.com\/www.steenkamper.de\/wp-content\/uploads\/2021\/09\/Sommerfest2021.jpg?fit=700%2C494&ssl=1&resize=525%2C300 1.5x, https:\/\/i0.wp.com\/www.steenkamper.de\/wp-content\/uploads\/2021\/09\/Sommerfest2021.jpg?fit=700%2C494&ssl=1&resize=700%2C400 2x"},"classes":[]},{"id":30102,"url":"https:\/\/www.steenkamper.de\/index.php\/2025\/08\/14\/helferinnen-liste-sommerfest-2025\/","url_meta":{"origin":28560,"position":3},"title":"Helfer*innen-Liste Sommerfest 2025","author":"Max","date":"14\/08\/2025","format":false,"excerpt":"\u26a0\ufe0f\u203c\ufe0fJETZT EINTRAGEN\u203c\ufe0f\u26a0\ufe0fWir brauchen wieder viele \u201eHelfende H\u00e4nde\u201c f\u00fcr ein tolles Sommerfest! \u26a0\ufe0fAlle Schichten sind nun freigeschaltet \u26a0\ufe0f HIER EINTRAGEN","rel":"","context":"In &quot;Allgemein&quot;","block_context":{"text":"Allgemein","link":"https:\/\/www.steenkamper.de\/index.php\/category\/allgemein\/"},"img":{"alt_text":"","src":"https:\/\/i0.wp.com\/www.steenkamper.de\/wp-content\/uploads\/2025\/08\/img_2378-1.jpg?fit=1200%2C970&ssl=1&resize=350%2C200","width":350,"height":200,"srcset":"https:\/\/i0.wp.com\/www.steenkamper.de\/wp-content\/uploads\/2025\/08\/img_2378-1.jpg?fit=1200%2C970&ssl=1&resize=350%2C200 1x, https:\/\/i0.wp.com\/www.steenkamper.de\/wp-content\/uploads\/2025\/08\/img_2378-1.jpg?fit=1200%2C970&ssl=1&resize=525%2C300 1.5x, https:\/\/i0.wp.com\/www.steenkamper.de\/wp-content\/uploads\/2025\/08\/img_2378-1.jpg?fit=1200%2C970&ssl=1&resize=700%2C400 2x, https:\/\/i0.wp.com\/www.steenkamper.de\/wp-content\/uploads\/2025\/08\/img_2378-1.jpg?fit=1200%2C970&ssl=1&resize=1050%2C600 3x"},"classes":[]},{"id":8624,"url":"https:\/\/www.steenkamper.de\/index.php\/2019\/09\/04\/autofreies-sommerfest\/","url_meta":{"origin":28560,"position":4},"title":"Autofreies Sommerfest","author":"Max","date":"04\/09\/2019","format":false,"excerpt":"Bitte haltet alle am\u00a0Sa. 7.9. und So. 8.9.\u00a0den Steenkamp & die Strassen rund um die Vogelweide\u00a0\u00a0frei, damit wir ein sch\u00f6nes \u201eAutofreies\u201c Sommerfest feiern k\u00f6nnen! ????????\ufe0f\u26d4\ufe0f\u26a0\ufe0f????????","rel":"","context":"In &quot;Nachbarschaft&quot;","block_context":{"text":"Nachbarschaft","link":"https:\/\/www.steenkamper.de\/index.php\/category\/nachbarschaft\/"},"img":{"alt_text":"","src":"https:\/\/i0.wp.com\/www.steenkamper.de\/wp-content\/uploads\/2018\/08\/img_8457.jpg?fit=1200%2C656&ssl=1&resize=350%2C200","width":350,"height":200,"srcset":"https:\/\/i0.wp.com\/www.steenkamper.de\/wp-content\/uploads\/2018\/08\/img_8457.jpg?fit=1200%2C656&ssl=1&resize=350%2C200 1x, https:\/\/i0.wp.com\/www.steenkamper.de\/wp-content\/uploads\/2018\/08\/img_8457.jpg?fit=1200%2C656&ssl=1&resize=525%2C300 1.5x, https:\/\/i0.wp.com\/www.steenkamper.de\/wp-content\/uploads\/2018\/08\/img_8457.jpg?fit=1200%2C656&ssl=1&resize=700%2C400 2x, https:\/\/i0.wp.com\/www.steenkamper.de\/wp-content\/uploads\/2018\/08\/img_8457.jpg?fit=1200%2C656&ssl=1&resize=1050%2C600 3x"},"classes":[]},{"id":23796,"url":"https:\/\/www.steenkamper.de\/index.php\/2023\/08\/07\/helferinnen-liste-sommerfest\/","url_meta":{"origin":28560,"position":5},"title":"Helfer*innen-Liste Sommerfest","author":"Max","date":"07\/08\/2023","format":false,"excerpt":"Die Helfer*innen-Liste f\u00fcr das Sommerfest 2023 ist online. Wir sind wie jedes Jahr auf viele helfende H\u00e4nde angewiesen. Bitte tragt euch zahlreich ein!! Die Helferliste findet ihr hier: https:\/\/lukify.app\/akhnoa","rel":"","context":"In &quot;Allgemein&quot;","block_context":{"text":"Allgemein","link":"https:\/\/www.steenkamper.de\/index.php\/category\/allgemein\/"},"img":{"alt_text":"","src":"https:\/\/i0.wp.com\/www.steenkamper.de\/wp-content\/uploads\/2022\/10\/12F86552-0B89-4171-B018-3DFC4F94C915.jpg?fit=1200%2C900&ssl=1&resize=350%2C200","width":350,"height":200,"srcset":"https:\/\/i0.wp.com\/www.steenkamper.de\/wp-content\/uploads\/2022\/10\/12F86552-0B89-4171-B018-3DFC4F94C915.jpg?fit=1200%2C900&ssl=1&resize=350%2C200 1x, https:\/\/i0.wp.com\/www.steenkamper.de\/wp-content\/uploads\/2022\/10\/12F86552-0B89-4171-B018-3DFC4F94C915.jpg?fit=1200%2C900&ssl=1&resize=525%2C300 1.5x, https:\/\/i0.wp.com\/www.steenkamper.de\/wp-content\/uploads\/2022\/10\/12F86552-0B89-4171-B018-3DFC4F94C915.jpg?fit=1200%2C900&ssl=1&resize=700%2C400 2x, https:\/\/i0.wp.com\/www.steenkamper.de\/wp-content\/uploads\/2022\/10\/12F86552-0B89-4171-B018-3DFC4F94C915.jpg?fit=1200%2C900&ssl=1&resize=1050%2C600 3x"},"classes":[]}],"_links":{"self":[{"href":"https:\/\/www.steenkamper.de\/index.php\/wp-json\/wp\/v2\/posts\/28560","targetHints":{"allow":["GET"]}}],"collection":[{"href":"https:\/\/www.steenkamper.de\/index.php\/wp-json\/wp\/v2\/posts"}],"about":[{"href":"https:\/\/www.steenkamper.de\/index.php\/wp-json\/wp\/v2\/types\/post"}],"author":[{"embeddable":true,"href":"https:\/\/www.steenkamper.de\/index.php\/wp-json\/wp\/v2\/users\/6"}],"replies":[{"embeddable":true,"href":"https:\/\/www.steenkamper.de\/index.php\/wp-json\/wp\/v2\/comments?post=28560"}],"version-history":[{"count":3,"href":"https:\/\/www.steenkamper.de\/index.php\/wp-json\/wp\/v2\/posts\/28560\/revisions"}],"predecessor-version":[{"id":28587,"href":"https:\/\/www.steenkamper.de\/index.php\/wp-json\/wp\/v2\/posts\/28560\/revisions\/28587"}],"wp:featuredmedia":[{"embeddable":true,"href":"https:\/\/www.steenkamper.de\/index.php\/wp-json\/wp\/v2\/media\/28558"}],"wp:attachment":[{"href":"https:\/\/www.steenkamper.de\/index.php\/wp-json\/wp\/v2\/media?parent=28560"}],"wp:term":[{"taxonomy":"category","embeddable":true,"href":"https:\/\/www.steenkamper.de\/index.php\/wp-json\/wp\/v2\/categories?post=28560"},{"taxonomy":"post_tag","embeddable":true,"href":"https:\/\/www.steenkamper.de\/index.php\/wp-json\/wp\/v2\/tags?post=28560"}],"curies":[{"name":"wp","href":"https:\/\/api.w.org\/{rel}","templated":true}]}}