{"id":28542,"date":"2024-07-31T10:17:32","date_gmt":"2024-07-31T08:17:32","guid":{"rendered":"https:\/\/www.steenkamper.de\/?p=28542"},"modified":"2024-09-01T21:09:07","modified_gmt":"2024-09-01T19:09:07","slug":"vogelweide-aufraeumen-2024","status":"publish","type":"post","link":"https:\/\/www.steenkamper.de\/index.php\/2024\/07\/31\/vogelweide-aufraeumen-2024\/","title":{"rendered":"Vogelweide aufr\u00e4umen 2024"},"content":{"rendered":"\n<p>Wir wollen gemeinsam die Vogelweide f\u00fcr das Sommerfest aufr\u00e4umen. <br>Wir treffen uns am Sonntag, den 25.08. 24 um 14.00 Uhr und am 01.09.24 um 14.00 Uhr. <\/p>\n\n\n\n<p>Wer Lust hat kommt vorbei und bringt am besten auch Gartenger\u00e4te etc. mit (Harke, Besen, Schaufel, Op-Picker, Schubkarre etc.) Gerne auch Kaffee oder Limo f\u00fcr ein nettes Beisammensein.<\/p>\n","protected":false},"excerpt":{"rendered":"<p>Wir wollen gemeinsam die Vogelweide f\u00fcr das Sommerfest aufr\u00e4umen. Wir treffen uns am Sonntag, den 25.08. 24 um 14.00 Uhr und am 01.09.24 um 14.00 Uhr. Wer Lust hat kommt&#8230; <\/p>\n<p><a class=\"teaser-more\" href=\"https:\/\/www.steenkamper.de\/index.php\/2024\/07\/31\/vogelweide-aufraeumen-2024\/\">weiter lesen<\/a><\/p>\n","protected":false},"author":6,"featured_media":2669,"comment_status":"open","ping_status":"open","sticky":false,"template":"","format":"standard","meta":{"_acf_changed":false,"_price":"","_stock":"","_tribe_ticket_header":"","_tribe_default_ticket_provider":"","_tribe_ticket_capacity":"0","_ticket_start_date":"","_ticket_end_date":"","_tribe_ticket_show_description":"","_tribe_ticket_show_not_going":false,"_tribe_ticket_use_global_stock":"","_tribe_ticket_global_stock_level":"","_global_stock_mode":"","_global_stock_cap":"","_tribe_rsvp_for_event":"","_tribe_ticket_going_count":"","_tribe_ticket_not_going_count":"","_tribe_tickets_list":"[]","_tribe_ticket_has_attendee_info_fields":false,"jetpack_post_was_ever_published":false,"_jetpack_newsletter_access":"","_jetpack_dont_email_post_to_subs":false,"_jetpack_newsletter_tier_id":0,"_jetpack_memberships_contains_paywalled_content":false,"_jetpack_memberships_contains_paid_content":false,"footnotes":"","jetpack_publicize_message":"","jetpack_publicize_feature_enabled":true,"jetpack_social_post_already_shared":true,"jetpack_social_options":{"image_generator_settings":{"template":"highway","default_image_id":0,"font":"","enabled":false},"version":2}},"categories":[104,34],"tags":[],"class_list":["post-28542","post","type-post","status-publish","format-standard","has-post-thumbnail","hentry","category-sommerfest","category-vogelweide"],"acf":[],"jetpack_publicize_connections":[],"jetpack_featured_media_url":"https:\/\/i0.wp.com\/www.steenkamper.de\/wp-content\/uploads\/2016\/10\/img_4766.jpg?fit=3264%2C1717&ssl=1","jetpack_sharing_enabled":true,"jetpack_shortlink":"https:\/\/wp.me\/p74Wuo-7qm","jetpack_likes_enabled":true,"jetpack-related-posts":[{"id":23764,"url":"https:\/\/www.steenkamper.de\/index.php\/2023\/08\/02\/vogelweide-aufraeumen-fuer-das-sommerfest-2023\/","url_meta":{"origin":28542,"position":0},"title":"Vogelweide, aufr\u00e4umen f\u00fcr das Sommerfest 2023","author":"Max","date":"02\/08\/2023","format":false,"excerpt":"Wir wollen die Vogelweide aufr\u00e4umen f\u00fcr das Sommerfest. Wer hat Lust und Zeit am 5. August ab 14:00 Uhr und am 27. August ab 15:00 Uhr dabei zu sein? Gut w\u00e4re mitzubringen: Die eigene Bio Tonne und Gartenwerkzeuge wie z. B. Besen, Schaufel Harke, etc. Anmeldungsliste f\u00fcr den 27.8.: 27.8.\u2026","rel":"","context":"In &quot;Allgemein&quot;","block_context":{"text":"Allgemein","link":"https:\/\/www.steenkamper.de\/index.php\/category\/allgemein\/"},"img":{"alt_text":"","src":"https:\/\/i0.wp.com\/www.steenkamper.de\/wp-content\/uploads\/2016\/04\/IMG_2781-0.jpg?fit=802%2C531&ssl=1&resize=350%2C200","width":350,"height":200,"srcset":"https:\/\/i0.wp.com\/www.steenkamper.de\/wp-content\/uploads\/2016\/04\/IMG_2781-0.jpg?fit=802%2C531&ssl=1&resize=350%2C200 1x, https:\/\/i0.wp.com\/www.steenkamper.de\/wp-content\/uploads\/2016\/04\/IMG_2781-0.jpg?fit=802%2C531&ssl=1&resize=525%2C300 1.5x, https:\/\/i0.wp.com\/www.steenkamper.de\/wp-content\/uploads\/2016\/04\/IMG_2781-0.jpg?fit=802%2C531&ssl=1&resize=700%2C400 2x"},"classes":[]},{"id":20588,"url":"https:\/\/www.steenkamper.de\/index.php\/2022\/08\/27\/vogelweide-aufraeumen-3\/","url_meta":{"origin":28542,"position":1},"title":"Vogelweide aufr\u00e4umen","author":"Max","date":"27\/08\/2022","format":false,"excerpt":"Am Sonntag planen wir ein spontanes Aufr\u00e4umen der Vogelweide, damit wir n\u00e4chstes Wochenende beim Aufbau f\u00fcr das Sommerfest uns nicht auch darum noch k\u00fcmmern m\u00fcssen! Treffpunkt ist So. 15h auf der Vogelweide. \u201eWerkzeug\u201c (Gartenger\u00e4t) bitte mitbringen. Sommerfest-Helferliste: https:\/\/lukify.app\/akhnoa","rel":"","context":"In &quot;Sommerfest&quot;","block_context":{"text":"Sommerfest","link":"https:\/\/www.steenkamper.de\/index.php\/category\/sommerfest\/"},"img":{"alt_text":"","src":"https:\/\/i0.wp.com\/www.steenkamper.de\/wp-content\/uploads\/2016\/04\/IMG_2781-0.jpg?fit=802%2C531&ssl=1&resize=350%2C200","width":350,"height":200,"srcset":"https:\/\/i0.wp.com\/www.steenkamper.de\/wp-content\/uploads\/2016\/04\/IMG_2781-0.jpg?fit=802%2C531&ssl=1&resize=350%2C200 1x, https:\/\/i0.wp.com\/www.steenkamper.de\/wp-content\/uploads\/2016\/04\/IMG_2781-0.jpg?fit=802%2C531&ssl=1&resize=525%2C300 1.5x, https:\/\/i0.wp.com\/www.steenkamper.de\/wp-content\/uploads\/2016\/04\/IMG_2781-0.jpg?fit=802%2C531&ssl=1&resize=700%2C400 2x"},"classes":[]},{"id":29927,"url":"https:\/\/www.steenkamper.de\/index.php\/2025\/07\/18\/vogelweide-aufraeumen-fuer-das-sommerfest\/","url_meta":{"origin":28542,"position":2},"title":"Vogelweide aufr\u00e4umen f\u00fcr das Sommerfest","author":"Max","date":"18\/07\/2025","format":false,"excerpt":"Am Sonntag 7.9. um 14Uhr ! Der Hamburger\u00a0Sommer ist\u00a0da! Der Mix aus\u00a0etwas Sonne und Regen ist super f\u00fcr die Natur, die\u00a0w\u00e4chst und\u00a0gedeiht. Das merkt\u00a0man\u00a0auch\u00a0auf unserem\u00a0Festivalgel\u00e4nder f\u00fcr das Sommerfest! Um\u00a0auf der Vogelweide\u00a0klar Schiff zu\u00a0schaffen, damit ausreichend Platz f\u00fcr alle Aktivit\u00e4ten ist und die Mauern und Wege wieder Fl\u00e4che zum Sitzen, Plaudern\u2026","rel":"","context":"In &quot;Allgemein&quot;","block_context":{"text":"Allgemein","link":"https:\/\/www.steenkamper.de\/index.php\/category\/allgemein\/"},"img":{"alt_text":"","src":"https:\/\/i0.wp.com\/www.steenkamper.de\/wp-content\/uploads\/2025\/09\/img_1098-1.jpg?fit=1200%2C907&ssl=1&resize=350%2C200","width":350,"height":200,"srcset":"https:\/\/i0.wp.com\/www.steenkamper.de\/wp-content\/uploads\/2025\/09\/img_1098-1.jpg?fit=1200%2C907&ssl=1&resize=350%2C200 1x, https:\/\/i0.wp.com\/www.steenkamper.de\/wp-content\/uploads\/2025\/09\/img_1098-1.jpg?fit=1200%2C907&ssl=1&resize=525%2C300 1.5x, https:\/\/i0.wp.com\/www.steenkamper.de\/wp-content\/uploads\/2025\/09\/img_1098-1.jpg?fit=1200%2C907&ssl=1&resize=700%2C400 2x, https:\/\/i0.wp.com\/www.steenkamper.de\/wp-content\/uploads\/2025\/09\/img_1098-1.jpg?fit=1200%2C907&ssl=1&resize=1050%2C600 3x"},"classes":[]},{"id":2606,"url":"https:\/\/www.steenkamper.de\/index.php\/2016\/10\/02\/vogelweide-aufraeumen\/","url_meta":{"origin":28542,"position":3},"title":"Vogelweide aufr\u00e4umen","author":"Max","date":"02\/10\/2016","format":false,"excerpt":"DANKE an die zahlreichen Helfer!\u00a0 am Sa. 8.10. um 15h wollen wir die V\u00f6gelweide aufr\u00e4umen. B\u00fcsche schneiden, Blumenzwiebeln setzten, M\u00fcll sammeln, Wege freimachen, Garten hinter dem Saal aufr\u00e4umen und vieles mehr.... Kommt alle zahlreich, damit unsere Vogelweide sch\u00f6n bleibt\/wird! Ideen zur Verbesserung und Gestaltung sind herzlich willkommen. Ausschuss Vogelweide M.Eichler\u2026","rel":"","context":"In &quot;Garten&quot;","block_context":{"text":"Garten","link":"https:\/\/www.steenkamper.de\/index.php\/category\/garten\/"},"img":{"alt_text":"","src":"https:\/\/i0.wp.com\/www.steenkamper.de\/wp-content\/uploads\/2016\/10\/img_4766.jpg?fit=1200%2C631&ssl=1&resize=350%2C200","width":350,"height":200,"srcset":"https:\/\/i0.wp.com\/www.steenkamper.de\/wp-content\/uploads\/2016\/10\/img_4766.jpg?fit=1200%2C631&ssl=1&resize=350%2C200 1x, https:\/\/i0.wp.com\/www.steenkamper.de\/wp-content\/uploads\/2016\/10\/img_4766.jpg?fit=1200%2C631&ssl=1&resize=525%2C300 1.5x, https:\/\/i0.wp.com\/www.steenkamper.de\/wp-content\/uploads\/2016\/10\/img_4766.jpg?fit=1200%2C631&ssl=1&resize=700%2C400 2x, https:\/\/i0.wp.com\/www.steenkamper.de\/wp-content\/uploads\/2016\/10\/img_4766.jpg?fit=1200%2C631&ssl=1&resize=1050%2C600 3x"},"classes":[]},{"id":16169,"url":"https:\/\/www.steenkamper.de\/index.php\/2021\/07\/20\/sommerfest-2021\/","url_meta":{"origin":28542,"position":4},"title":"Sommerfest 2021 ?","author":"Max","date":"20\/07\/2021","format":false,"excerpt":"Durch die Pandemie ist schon 2020 unser Sommerfest ausgefallen. Jetzt r\u00fcckt der Termin 2021 n\u00e4her, an dem wir unser Sommerfest nachholen wollten (4.&5.9.). Es gibt verschieden Ideen dieses Jahr das Steenkamperfest zu feiern. Je nach dem was die Pandemie-Verordnung m\u00f6glich macht, z.B. nur am Samstag und nur drau\u00dfen auf der\u2026","rel":"","context":"In &quot;100 jahre&quot;","block_context":{"text":"100 jahre","link":"https:\/\/www.steenkamper.de\/index.php\/category\/100-jahre\/"},"img":{"alt_text":"","src":"https:\/\/i0.wp.com\/www.steenkamper.de\/wp-content\/uploads\/2017\/09\/IMG_0140.jpg?fit=1200%2C900&ssl=1&resize=350%2C200","width":350,"height":200,"srcset":"https:\/\/i0.wp.com\/www.steenkamper.de\/wp-content\/uploads\/2017\/09\/IMG_0140.jpg?fit=1200%2C900&ssl=1&resize=350%2C200 1x, https:\/\/i0.wp.com\/www.steenkamper.de\/wp-content\/uploads\/2017\/09\/IMG_0140.jpg?fit=1200%2C900&ssl=1&resize=525%2C300 1.5x, https:\/\/i0.wp.com\/www.steenkamper.de\/wp-content\/uploads\/2017\/09\/IMG_0140.jpg?fit=1200%2C900&ssl=1&resize=700%2C400 2x, https:\/\/i0.wp.com\/www.steenkamper.de\/wp-content\/uploads\/2017\/09\/IMG_0140.jpg?fit=1200%2C900&ssl=1&resize=1050%2C600 3x"},"classes":[]},{"id":30238,"url":"https:\/\/www.steenkamper.de\/index.php\/2025\/08\/31\/musikprogramm-sommerfest-2025\/","url_meta":{"origin":28542,"position":5},"title":"Musikprogramm Sommerfest 2025","author":"Max","date":"31\/08\/2025","format":false,"excerpt":"Wie in den letzten Jahren auch, haben wir ein buntes Musikprogramm auf unserer Open-Air-B\u00fchne auf der Vogelweide. \u00c4nderungen vorbehalten. Hier das aktuelle Programm: (Stand 13.9.2025) \u00a0","rel":"","context":"In &quot;Allgemein&quot;","block_context":{"text":"Allgemein","link":"https:\/\/www.steenkamper.de\/index.php\/category\/allgemein\/"},"img":{"alt_text":"","src":"https:\/\/i0.wp.com\/www.steenkamper.de\/wp-content\/uploads\/2022\/10\/12F86552-0B89-4171-B018-3DFC4F94C915.jpg?fit=1200%2C900&ssl=1&resize=350%2C200","width":350,"height":200,"srcset":"https:\/\/i0.wp.com\/www.steenkamper.de\/wp-content\/uploads\/2022\/10\/12F86552-0B89-4171-B018-3DFC4F94C915.jpg?fit=1200%2C900&ssl=1&resize=350%2C200 1x, https:\/\/i0.wp.com\/www.steenkamper.de\/wp-content\/uploads\/2022\/10\/12F86552-0B89-4171-B018-3DFC4F94C915.jpg?fit=1200%2C900&ssl=1&resize=525%2C300 1.5x, https:\/\/i0.wp.com\/www.steenkamper.de\/wp-content\/uploads\/2022\/10\/12F86552-0B89-4171-B018-3DFC4F94C915.jpg?fit=1200%2C900&ssl=1&resize=700%2C400 2x, https:\/\/i0.wp.com\/www.steenkamper.de\/wp-content\/uploads\/2022\/10\/12F86552-0B89-4171-B018-3DFC4F94C915.jpg?fit=1200%2C900&ssl=1&resize=1050%2C600 3x"},"classes":[]}],"_links":{"self":[{"href":"https:\/\/www.steenkamper.de\/index.php\/wp-json\/wp\/v2\/posts\/28542","targetHints":{"allow":["GET"]}}],"collection":[{"href":"https:\/\/www.steenkamper.de\/index.php\/wp-json\/wp\/v2\/posts"}],"about":[{"href":"https:\/\/www.steenkamper.de\/index.php\/wp-json\/wp\/v2\/types\/post"}],"author":[{"embeddable":true,"href":"https:\/\/www.steenkamper.de\/index.php\/wp-json\/wp\/v2\/users\/6"}],"replies":[{"embeddable":true,"href":"https:\/\/www.steenkamper.de\/index.php\/wp-json\/wp\/v2\/comments?post=28542"}],"version-history":[{"count":1,"href":"https:\/\/www.steenkamper.de\/index.php\/wp-json\/wp\/v2\/posts\/28542\/revisions"}],"predecessor-version":[{"id":28543,"href":"https:\/\/www.steenkamper.de\/index.php\/wp-json\/wp\/v2\/posts\/28542\/revisions\/28543"}],"wp:featuredmedia":[{"embeddable":true,"href":"https:\/\/www.steenkamper.de\/index.php\/wp-json\/wp\/v2\/media\/2669"}],"wp:attachment":[{"href":"https:\/\/www.steenkamper.de\/index.php\/wp-json\/wp\/v2\/media?parent=28542"}],"wp:term":[{"taxonomy":"category","embeddable":true,"href":"https:\/\/www.steenkamper.de\/index.php\/wp-json\/wp\/v2\/categories?post=28542"},{"taxonomy":"post_tag","embeddable":true,"href":"https:\/\/www.steenkamper.de\/index.php\/wp-json\/wp\/v2\/tags?post=28542"}],"curies":[{"name":"wp","href":"https:\/\/api.w.org\/{rel}","templated":true}]}}