{"id":28144,"date":"2024-05-20T06:28:39","date_gmt":"2024-05-20T04:28:39","guid":{"rendered":"https:\/\/www.steenkamper.de\/index.php\/2024\/05\/20\/science-city-day\/"},"modified":"2024-06-02T07:00:55","modified_gmt":"2024-06-02T05:00:55","slug":"science-city-day","status":"publish","type":"post","link":"https:\/\/www.steenkamper.de\/index.php\/2024\/05\/20\/science-city-day\/","title":{"rendered":"Science City Day"},"content":{"rendered":"\n<p>Am 1. Juni&nbsp;findet von 11 &#8211; 19h erstmals der Science City Day statt. Auf der dortigen Stadtmeile kommen viele Tr\u00e4ger, Vereine und Initiativen aus Bahrenfeld zusammen. (Auch die Steenkamper mit unserer Heimst\u00e4ttervereinigung Steenkamp e. V. )<\/p>\n\n\n\n<p>Alle Infos und was der Science City Day rund um den Campus Bahrenfeld noch zu bieten hat, finden ihr hier:&nbsp;<a href=\"https:\/\/www.sciencecityday.de\/\" target=\"_blank\" rel=\"noreferrer noopener\">Science City Day \u2013 Informationen zum Science City Day 2024 in Hamburg Bahrenfeld<\/a><\/p>\n","protected":false},"excerpt":{"rendered":"<p>Am 1. Juni&nbsp;findet von 11 &#8211; 19h erstmals der Science City Day statt. Auf der dortigen Stadtmeile kommen viele Tr\u00e4ger, Vereine und Initiativen aus Bahrenfeld zusammen. (Auch die Steenkamper mit&#8230; <\/p>\n<p><a class=\"teaser-more\" href=\"https:\/\/www.steenkamper.de\/index.php\/2024\/05\/20\/science-city-day\/\">weiter lesen<\/a><\/p>\n","protected":false},"author":6,"featured_media":28124,"comment_status":"open","ping_status":"open","sticky":false,"template":"","format":"standard","meta":{"_acf_changed":false,"_price":"","_stock":"","_tribe_ticket_header":"","_tribe_default_ticket_provider":"","_tribe_ticket_capacity":"0","_ticket_start_date":"","_ticket_end_date":"","_tribe_ticket_show_description":"","_tribe_ticket_show_not_going":false,"_tribe_ticket_use_global_stock":"","_tribe_ticket_global_stock_level":"","_global_stock_mode":"","_global_stock_cap":"","_tribe_rsvp_for_event":"","_tribe_ticket_going_count":"","_tribe_ticket_not_going_count":"","_tribe_tickets_list":"[]","_tribe_ticket_has_attendee_info_fields":false,"jetpack_post_was_ever_published":false,"_jetpack_newsletter_access":"","_jetpack_dont_email_post_to_subs":false,"_jetpack_newsletter_tier_id":0,"_jetpack_memberships_contains_paywalled_content":false,"_jetpack_memberships_contains_paid_content":false,"footnotes":"","jetpack_publicize_message":"","jetpack_publicize_feature_enabled":true,"jetpack_social_post_already_shared":true,"jetpack_social_options":{"image_generator_settings":{"template":"highway","default_image_id":0,"font":"","enabled":false},"version":2}},"categories":[3,6,31,108],"tags":[],"class_list":["post-28144","post","type-post","status-publish","format-standard","has-post-thumbnail","hentry","category-allgemein","category-nachbarschaft","category-planungen","category-science-city-bahrenfeld"],"acf":[],"jetpack_publicize_connections":[],"jetpack_featured_media_url":"https:\/\/i0.wp.com\/www.steenkamper.de\/wp-content\/uploads\/2024\/05\/66461fe41fd30-1.jpg?fit=455%2C254&ssl=1","jetpack_sharing_enabled":true,"jetpack_shortlink":"https:\/\/wp.me\/p74Wuo-7jW","jetpack_likes_enabled":true,"jetpack-related-posts":[{"id":16565,"url":"https:\/\/www.steenkamper.de\/index.php\/2021\/09\/26\/kinder-jugend-beteiligungsworkshop\/","url_meta":{"origin":28144,"position":0},"title":"Kinder &#038; Jugend Beteiligungsworkshop","author":"Max","date":"26\/09\/2021","format":false,"excerpt":"Im Rahmen der \u201eAltonaer Vielfaltswoche\u201c finden zwei Beteiligungsworkshops f\u00fcr Kinder und Jugendliche im Info Center Science City Bahrenfeld (Albert-Einstein-Ring 8-10c) zur Science City Bahrenfeld statt. Am Sa. 23.10.2021 von 13-16.30h \u201eBau dir deine Stadt!\u201c Science City Bahrenfeld mit dem KL!CK Kindermuseum:In Bahrenfeld entstehen in den kommenden Jahren neue Quartiere unter\u2026","rel":"","context":"In &quot;Kinder&quot;","block_context":{"text":"Kinder","link":"https:\/\/www.steenkamper.de\/index.php\/category\/kinder\/"},"img":{"alt_text":"","src":"https:\/\/i0.wp.com\/www.steenkamper.de\/wp-content\/uploads\/2021\/09\/vielfaltswochen.jpg?fit=1149%2C1081&ssl=1&resize=350%2C200","width":350,"height":200,"srcset":"https:\/\/i0.wp.com\/www.steenkamper.de\/wp-content\/uploads\/2021\/09\/vielfaltswochen.jpg?fit=1149%2C1081&ssl=1&resize=350%2C200 1x, https:\/\/i0.wp.com\/www.steenkamper.de\/wp-content\/uploads\/2021\/09\/vielfaltswochen.jpg?fit=1149%2C1081&ssl=1&resize=525%2C300 1.5x, https:\/\/i0.wp.com\/www.steenkamper.de\/wp-content\/uploads\/2021\/09\/vielfaltswochen.jpg?fit=1149%2C1081&ssl=1&resize=700%2C400 2x, https:\/\/i0.wp.com\/www.steenkamper.de\/wp-content\/uploads\/2021\/09\/vielfaltswochen.jpg?fit=1149%2C1081&ssl=1&resize=1050%2C600 3x"},"classes":[]},{"id":8974,"url":"https:\/\/www.steenkamper.de\/index.php\/2019\/10\/19\/science-city-bahrenfeld-rundgang\/","url_meta":{"origin":28144,"position":1},"title":"\u201eScience City Bahrenfeld\u201c Rundgang","author":"Max","date":"19\/10\/2019","format":false,"excerpt":"N\u00e4chsten Samstag gibt es einen Rundgang zur Science City mit den Gr\u00fcnen. Sa. 26. Oktober 2019 um 14 \u2013 16hTreffpunkt: DESYNotkestra\u00dfe 85, Geb\u00e4ude 1 (DESY-Gel\u00e4nde) In Bahrenfeld entsteht ein neuer Stadtteil, die \u201eScience City Bahrenfeld\u201c.Um einen Eindruck zu gewinnen, was es dort schon gibt und was geplant ist, l\u00e4dt Mareike\u2026","rel":"","context":"In &quot;Kinder&quot;","block_context":{"text":"Kinder","link":"https:\/\/www.steenkamper.de\/index.php\/category\/kinder\/"},"img":{"alt_text":"","src":"https:\/\/i0.wp.com\/www.steenkamper.de\/wp-content\/uploads\/2019\/01\/Science-City-C-S%C3%BCd-Ost-800px.jpg?fit=800%2C534&ssl=1&resize=350%2C200","width":350,"height":200,"srcset":"https:\/\/i0.wp.com\/www.steenkamper.de\/wp-content\/uploads\/2019\/01\/Science-City-C-S%C3%BCd-Ost-800px.jpg?fit=800%2C534&ssl=1&resize=350%2C200 1x, https:\/\/i0.wp.com\/www.steenkamper.de\/wp-content\/uploads\/2019\/01\/Science-City-C-S%C3%BCd-Ost-800px.jpg?fit=800%2C534&ssl=1&resize=525%2C300 1.5x, https:\/\/i0.wp.com\/www.steenkamper.de\/wp-content\/uploads\/2019\/01\/Science-City-C-S%C3%BCd-Ost-800px.jpg?fit=800%2C534&ssl=1&resize=700%2C400 2x"},"classes":[]},{"id":7538,"url":"https:\/\/www.steenkamper.de\/index.php\/2019\/01\/23\/science-city-bahrenfeld\/","url_meta":{"origin":28144,"position":2},"title":"Science City Bahrenfeld","author":"Max","date":"23\/01\/2019","format":false,"excerpt":"\"Wohnen am Volkspark \/ Trabrennbahn\" wird \"Science City Bahrenfeld\". \u00a02020 starten die ersten Architekturwettbewerbe. Rund um den Forschungscampus Bahrenfeld entstehen neue wissenschaftliche Institute und Einrichtungen sowie rund 2.500 Wohnungen. Das Deutsche Elektronen-Synchrotron DESY wird ausgebaut und die Universit\u00e4t Hamburg kann auf Dauer die Fachbereiche Physik, Chemie und Teile der Biologe\u2026","rel":"","context":"In &quot;Planungen&quot;","block_context":{"text":"Planungen","link":"https:\/\/www.steenkamper.de\/index.php\/category\/planungen\/"},"img":{"alt_text":"","src":"https:\/\/i0.wp.com\/www.steenkamper.de\/wp-content\/uploads\/2019\/01\/Science-City-C-S%C3%BCd-Ost-800px.jpg?fit=800%2C534&ssl=1&resize=350%2C200","width":350,"height":200,"srcset":"https:\/\/i0.wp.com\/www.steenkamper.de\/wp-content\/uploads\/2019\/01\/Science-City-C-S%C3%BCd-Ost-800px.jpg?fit=800%2C534&ssl=1&resize=350%2C200 1x, https:\/\/i0.wp.com\/www.steenkamper.de\/wp-content\/uploads\/2019\/01\/Science-City-C-S%C3%BCd-Ost-800px.jpg?fit=800%2C534&ssl=1&resize=525%2C300 1.5x, https:\/\/i0.wp.com\/www.steenkamper.de\/wp-content\/uploads\/2019\/01\/Science-City-C-S%C3%BCd-Ost-800px.jpg?fit=800%2C534&ssl=1&resize=700%2C400 2x"},"classes":[]},{"id":20917,"url":"https:\/\/www.steenkamper.de\/index.php\/2022\/09\/15\/treffen-ausschuss-science-city-bahrenfeld\/","url_meta":{"origin":28144,"position":3},"title":"Treffen Ausschuss Science City Bahrenfeld","author":"Max","date":"15\/09\/2022","format":false,"excerpt":"26.9., um 19:45 im Steenkampsaal. Es wird gehen um die Auswertung des Stadteilfestes in Bahrenfeld, die Ergebnisse der Vorstellung des Sportst\u00e4dtenkonzeptes, sowie m\u00f6gliche gemeinsame Aktionen der Bahrenfelder Initiativen. Insbesondere zum Thema Verkehr. Kontakt: Interessierten melden sich bitte an bei Alexander Schwertner: alschwert(at)gmx.de","rel":"","context":"In &quot;Allgemein&quot;","block_context":{"text":"Allgemein","link":"https:\/\/www.steenkamper.de\/index.php\/category\/allgemein\/"},"img":{"alt_text":"","src":"","width":0,"height":0},"classes":[]},{"id":21625,"url":"https:\/\/www.steenkamper.de\/index.php\/2022\/11\/15\/bezirksversammlung-altona-laed-ein\/","url_meta":{"origin":28144,"position":4},"title":"Bezirksversammlung Altona l\u00e4d ein","author":"Max","date":"15\/11\/2022","format":false,"excerpt":"zur \u201e\u00d6ffentlichen Sondersitzung des Sonderausschusses Science City Bahrenfeld\u201c Am 29.11.2022 findet ab 18 Uhr eine Sondersitzung des Sonderausschusses Science City Bahrenfeld der Bezirksversammlung Altona zum Thema \u201eAuswertung der bisherigen B\u00fcrger:innenbeteiligung bez\u00fcglich des Projekts Science City Hamburg Bahrenfeld\u201c in der Aula der Stadtteilschule Bahrenfeld, Regerstra\u00dfe 21-25, 22761 Hamburg statt. Interessierte B\u00fcrger:innen\u2026","rel":"","context":"In &quot;Planungen&quot;","block_context":{"text":"Planungen","link":"https:\/\/www.steenkamper.de\/index.php\/category\/planungen\/"},"img":{"alt_text":"","src":"https:\/\/i0.wp.com\/www.steenkamper.de\/wp-content\/uploads\/2022\/11\/img_5793.jpg?fit=800%2C600&ssl=1&resize=350%2C200","width":350,"height":200,"srcset":"https:\/\/i0.wp.com\/www.steenkamper.de\/wp-content\/uploads\/2022\/11\/img_5793.jpg?fit=800%2C600&ssl=1&resize=350%2C200 1x, https:\/\/i0.wp.com\/www.steenkamper.de\/wp-content\/uploads\/2022\/11\/img_5793.jpg?fit=800%2C600&ssl=1&resize=525%2C300 1.5x, https:\/\/i0.wp.com\/www.steenkamper.de\/wp-content\/uploads\/2022\/11\/img_5793.jpg?fit=800%2C600&ssl=1&resize=700%2C400 2x"},"classes":[]},{"id":22994,"url":"https:\/\/www.steenkamper.de\/index.php\/2023\/04\/04\/bahrenfeld-auf-trab\/","url_meta":{"origin":28144,"position":5},"title":"Bahrenfeld auf Trab","author":"Max","date":"04\/04\/2023","format":false,"excerpt":"Gro\u00dfes Interesse im Steenkampsaal am 1. M\u00e4rz \u201eEin Stadtteil ver\u00e4ndert sich \u2013 reden Sie mit!\u201c. Dieser Aufforderung der Stadtteilinitiative Bahrenfeld auf Trab (BaT) folgten am 1. M\u00e4rz etwa 80 Menschen in den Steenkampsaal. Haupts\u00e4chlich waren es Bahrenfelder:innen, aber auch einige, die hier ihren Arbeitsplatz haben, z.B. bei DESY, sowie Vertreter:innen\u2026","rel":"","context":"In &quot;Allgemein&quot;","block_context":{"text":"Allgemein","link":"https:\/\/www.steenkamper.de\/index.php\/category\/allgemein\/"},"img":{"alt_text":"","src":"https:\/\/i0.wp.com\/www.steenkamper.de\/wp-content\/uploads\/2023\/04\/img_4743.jpg?fit=800%2C438&ssl=1&resize=350%2C200","width":350,"height":200,"srcset":"https:\/\/i0.wp.com\/www.steenkamper.de\/wp-content\/uploads\/2023\/04\/img_4743.jpg?fit=800%2C438&ssl=1&resize=350%2C200 1x, https:\/\/i0.wp.com\/www.steenkamper.de\/wp-content\/uploads\/2023\/04\/img_4743.jpg?fit=800%2C438&ssl=1&resize=525%2C300 1.5x, https:\/\/i0.wp.com\/www.steenkamper.de\/wp-content\/uploads\/2023\/04\/img_4743.jpg?fit=800%2C438&ssl=1&resize=700%2C400 2x"},"classes":[]}],"_links":{"self":[{"href":"https:\/\/www.steenkamper.de\/index.php\/wp-json\/wp\/v2\/posts\/28144","targetHints":{"allow":["GET"]}}],"collection":[{"href":"https:\/\/www.steenkamper.de\/index.php\/wp-json\/wp\/v2\/posts"}],"about":[{"href":"https:\/\/www.steenkamper.de\/index.php\/wp-json\/wp\/v2\/types\/post"}],"author":[{"embeddable":true,"href":"https:\/\/www.steenkamper.de\/index.php\/wp-json\/wp\/v2\/users\/6"}],"replies":[{"embeddable":true,"href":"https:\/\/www.steenkamper.de\/index.php\/wp-json\/wp\/v2\/comments?post=28144"}],"version-history":[{"count":1,"href":"https:\/\/www.steenkamper.de\/index.php\/wp-json\/wp\/v2\/posts\/28144\/revisions"}],"predecessor-version":[{"id":28145,"href":"https:\/\/www.steenkamper.de\/index.php\/wp-json\/wp\/v2\/posts\/28144\/revisions\/28145"}],"wp:featuredmedia":[{"embeddable":true,"href":"https:\/\/www.steenkamper.de\/index.php\/wp-json\/wp\/v2\/media\/28124"}],"wp:attachment":[{"href":"https:\/\/www.steenkamper.de\/index.php\/wp-json\/wp\/v2\/media?parent=28144"}],"wp:term":[{"taxonomy":"category","embeddable":true,"href":"https:\/\/www.steenkamper.de\/index.php\/wp-json\/wp\/v2\/categories?post=28144"},{"taxonomy":"post_tag","embeddable":true,"href":"https:\/\/www.steenkamper.de\/index.php\/wp-json\/wp\/v2\/tags?post=28144"}],"curies":[{"name":"wp","href":"https:\/\/api.w.org\/{rel}","templated":true}]}}