{"id":27292,"date":"2024-04-09T21:54:52","date_gmt":"2024-04-09T19:54:52","guid":{"rendered":"https:\/\/www.steenkamper.de\/?p=27292"},"modified":"2024-04-12T17:13:26","modified_gmt":"2024-04-12T15:13:26","slug":"elterndienst-am-zebrastreifen","status":"publish","type":"post","link":"https:\/\/www.steenkamper.de\/index.php\/2024\/04\/09\/elterndienst-am-zebrastreifen\/","title":{"rendered":"Elterndienst am Zebrastreifen?"},"content":{"rendered":"\n<p>Liebe Steenkamper und Nachbarn,<\/p>\n\n\n\n<p>erneut kam es offenbar zu einem Unfall am Zebrastreifen H\u00f6he Ebertallee\/Wichmannstrasse heute fr\u00fch, ich kenne keine Details und es scheint niemand verletzt.<\/p>\n\n\n\n<p>ABER, die Uhrzeit und die Regelm\u00e4\u00dfigkeit dieser Unf\u00e4lle erschreckt. Kurz zuvor sind viele Kinder auf dem Weg zur Grundschule Gro\u00df Flottbek unterwegs gewesen!<\/p>\n\n\n\n<p>Der Zebrastreifen ist nicht ausreichend gekennzeichnet und eine Ampel wird es nicht geben!<\/p>\n\n\n\n<p>Um diesem Problem entgegenzuwirken und die Sicherheit unserer Kinder zu gew\u00e4hrleisten, schlage ich vor, einen Elterndienst einzurichten, der den Zebrastreifen \u00dcbergang t\u00e4glich z.B. von 7.30 bis 8.00 Uhr und ggf mittags nochmal begleitet.<\/p>\n\n\n\n<p>Ich kenne diese Dienste aus anderen Regionen seit vielen Jahren.<\/p>\n\n\n\n<p>Durch die Anwesenheit von Erwachsenen k\u00f6nnen wir sicherstellen, dass die Kinder sicher \u00fcber die Stra\u00dfe gelangen und Unf\u00e4lle vermieden werden.<\/p>\n\n\n\n<p>Ich bitte daher alle interessierten Eltern, sich f\u00fcr diesen Dienst zu engagieren und gemeinsam daran zu arbeiten, unsere Schulwege sicherer zu machen. Bitte meldet euch bei Interesse bei mir, damit wir weitere Schritte planen k\u00f6nnen. In der Hoffnung das man hier eine simple und schnelle L\u00f6sung findet (WhatsApp Gruppe oder \u00c4hnliches)<\/p>\n\n\n\n<p>Gr\u00fc\u00dfe aus der Ebertallee<br>Bj\u00f6rn <br><a href=\"mailto:bjoerndehaan@gmail.com\">bjoerndehaan(at)gmail.com<\/a> oder\u00a00162\/9517703\u00a0<\/p>\n\n\n\n<figure class=\"wp-block-image size-large\"><img data-recalc-dims=\"1\" fetchpriority=\"high\" decoding=\"async\" width=\"750\" height=\"507\" data-attachment-id=\"27291\" data-permalink=\"https:\/\/www.steenkamper.de\/index.php\/2024\/04\/09\/elterndienst-am-zebrastreifen\/img_0797-1\/\" data-orig-file=\"https:\/\/i0.wp.com\/www.steenkamper.de\/wp-content\/uploads\/2024\/04\/img_0797-1.jpg?fit=750%2C507&amp;ssl=1\" data-orig-size=\"750,507\" data-comments-opened=\"1\" data-image-meta=\"{&quot;aperture&quot;:&quot;0&quot;,&quot;credit&quot;:&quot;&quot;,&quot;camera&quot;:&quot;&quot;,&quot;caption&quot;:&quot;&quot;,&quot;created_timestamp&quot;:&quot;0&quot;,&quot;copyright&quot;:&quot;&quot;,&quot;focal_length&quot;:&quot;0&quot;,&quot;iso&quot;:&quot;0&quot;,&quot;shutter_speed&quot;:&quot;0&quot;,&quot;title&quot;:&quot;&quot;,&quot;orientation&quot;:&quot;1&quot;}\" data-image-title=\"img_0797-1\" data-image-description=\"\" data-image-caption=\"\" data-large-file=\"https:\/\/i0.wp.com\/www.steenkamper.de\/wp-content\/uploads\/2024\/04\/img_0797-1.jpg?fit=750%2C507&amp;ssl=1\" src=\"https:\/\/i0.wp.com\/www.steenkamper.de\/wp-content\/uploads\/2024\/04\/img_0797-1.jpg?resize=750%2C507&#038;ssl=1\" alt=\"\" class=\"wp-image-27291\" srcset=\"https:\/\/i0.wp.com\/www.steenkamper.de\/wp-content\/uploads\/2024\/04\/img_0797-1.jpg?w=750&amp;ssl=1 750w, https:\/\/i0.wp.com\/www.steenkamper.de\/wp-content\/uploads\/2024\/04\/img_0797-1.jpg?resize=300%2C203&amp;ssl=1 300w, https:\/\/i0.wp.com\/www.steenkamper.de\/wp-content\/uploads\/2024\/04\/img_0797-1.jpg?resize=450%2C304&amp;ssl=1 450w, https:\/\/i0.wp.com\/www.steenkamper.de\/wp-content\/uploads\/2024\/04\/img_0797-1.jpg?resize=600%2C406&amp;ssl=1 600w\" sizes=\"(max-width: 750px) 100vw, 750px\" \/><\/figure>\n\n\n\n<p>Link zum Post bei nebenan.de: <a href=\"https:\/\/nebenan.de\/feed\/33562579?utm_source=share_post&amp;utm_medium=app&amp;utm_campaign=app_links&amp;utm_content=ios\">https:\/\/nebenan.de\/feed\/33562579?utm_source=share_post&amp;utm_medium=app&amp;utm_campaign=app_links&amp;utm_content=ios<\/a><\/p>\n","protected":false},"excerpt":{"rendered":"<p>Liebe Steenkamper und Nachbarn, erneut kam es offenbar zu einem Unfall am Zebrastreifen H\u00f6he Ebertallee\/Wichmannstrasse heute fr\u00fch, ich kenne keine Details und es scheint niemand verletzt. ABER, die Uhrzeit und&#8230; <\/p>\n<p><a class=\"teaser-more\" href=\"https:\/\/www.steenkamper.de\/index.php\/2024\/04\/09\/elterndienst-am-zebrastreifen\/\">weiter lesen<\/a><\/p>\n","protected":false},"author":6,"featured_media":8228,"comment_status":"open","ping_status":"open","sticky":false,"template":"","format":"standard","meta":{"_acf_changed":false,"_price":"","_stock":"","_tribe_ticket_header":"","_tribe_default_ticket_provider":"","_tribe_ticket_capacity":"0","_ticket_start_date":"","_ticket_end_date":"","_tribe_ticket_show_description":"","_tribe_ticket_show_not_going":false,"_tribe_ticket_use_global_stock":"","_tribe_ticket_global_stock_level":"","_global_stock_mode":"","_global_stock_cap":"","_tribe_rsvp_for_event":"","_tribe_ticket_going_count":"","_tribe_ticket_not_going_count":"","_tribe_tickets_list":"[]","_tribe_ticket_has_attendee_info_fields":false,"jetpack_post_was_ever_published":false,"_jetpack_newsletter_access":"","_jetpack_dont_email_post_to_subs":false,"_jetpack_newsletter_tier_id":0,"_jetpack_memberships_contains_paywalled_content":false,"_jetpack_memberships_contains_paid_content":false,"footnotes":"","jetpack_publicize_message":"","jetpack_publicize_feature_enabled":true,"jetpack_social_post_already_shared":true,"jetpack_social_options":{"image_generator_settings":{"template":"highway","default_image_id":0,"font":"","enabled":false},"version":2}},"categories":[3,5,6,8],"tags":[],"class_list":["post-27292","post","type-post","status-publish","format-standard","has-post-thumbnail","hentry","category-allgemein","category-kinder","category-nachbarschaft","category-verkehr"],"acf":[],"jetpack_publicize_connections":[],"jetpack_featured_media_url":"https:\/\/i0.wp.com\/www.steenkamper.de\/wp-content\/uploads\/2019\/05\/ebertalleeTempo30-filtered.jpg?fit=400%2C268&ssl=1","jetpack_sharing_enabled":true,"jetpack_shortlink":"https:\/\/wp.me\/p74Wuo-76c","jetpack_likes_enabled":true,"jetpack-related-posts":[{"id":21863,"url":"https:\/\/www.steenkamper.de\/index.php\/2022\/12\/08\/zebrastreifen\/","url_meta":{"origin":27292,"position":0},"title":"Zebrastreifen?","author":"Max","date":"08\/12\/2022","format":false,"excerpt":"Bekommt die Notkestra\u00dfe einen Zebrastreifen? Auf jeden Fall wird das \u00dcberqueren der Notkestr. f\u00fcr Fu\u00dfg\u00e4nger sicherer. Es ist schon eine imposante Beleuchtung zwischen \u201eIm Hag\u201c und \u201eSteenkamp\u201c hergestellt worden. Ein echter Zebrastreifen w\u00e4re toll.","rel":"","context":"In &quot;Allgemein&quot;","block_context":{"text":"Allgemein","link":"https:\/\/www.steenkamper.de\/index.php\/category\/allgemein\/"},"img":{"alt_text":"","src":"https:\/\/i0.wp.com\/www.steenkamper.de\/wp-content\/uploads\/2022\/12\/img_5904.jpg?fit=800%2C600&ssl=1&resize=350%2C200","width":350,"height":200,"srcset":"https:\/\/i0.wp.com\/www.steenkamper.de\/wp-content\/uploads\/2022\/12\/img_5904.jpg?fit=800%2C600&ssl=1&resize=350%2C200 1x, https:\/\/i0.wp.com\/www.steenkamper.de\/wp-content\/uploads\/2022\/12\/img_5904.jpg?fit=800%2C600&ssl=1&resize=525%2C300 1.5x, https:\/\/i0.wp.com\/www.steenkamper.de\/wp-content\/uploads\/2022\/12\/img_5904.jpg?fit=800%2C600&ssl=1&resize=700%2C400 2x"},"classes":[]},{"id":22145,"url":"https:\/\/www.steenkamper.de\/index.php\/2023\/01\/03\/es-wird-ein-zebrastreifen\/","url_meta":{"origin":27292,"position":1},"title":"es wird ein Zebrastreifen!","author":"Max","date":"03\/01\/2023","format":false,"excerpt":"juhu, die Notkestrasse bekommt tats\u00e4chlich einen Zebrastreifen.","rel":"","context":"In &quot;Allgemein&quot;","block_context":{"text":"Allgemein","link":"https:\/\/www.steenkamper.de\/index.php\/category\/allgemein\/"},"img":{"alt_text":"","src":"https:\/\/i0.wp.com\/www.steenkamper.de\/wp-content\/uploads\/2023\/01\/img_6274.jpg?fit=1200%2C882&ssl=1&resize=350%2C200","width":350,"height":200,"srcset":"https:\/\/i0.wp.com\/www.steenkamper.de\/wp-content\/uploads\/2023\/01\/img_6274.jpg?fit=1200%2C882&ssl=1&resize=350%2C200 1x, https:\/\/i0.wp.com\/www.steenkamper.de\/wp-content\/uploads\/2023\/01\/img_6274.jpg?fit=1200%2C882&ssl=1&resize=525%2C300 1.5x, https:\/\/i0.wp.com\/www.steenkamper.de\/wp-content\/uploads\/2023\/01\/img_6274.jpg?fit=1200%2C882&ssl=1&resize=700%2C400 2x, https:\/\/i0.wp.com\/www.steenkamper.de\/wp-content\/uploads\/2023\/01\/img_6274.jpg?fit=1200%2C882&ssl=1&resize=1050%2C600 3x"},"classes":[]},{"id":22239,"url":"https:\/\/www.steenkamper.de\/index.php\/2023\/01\/13\/ab-heute-zebrastreifen\/","url_meta":{"origin":27292,"position":2},"title":"AB HEUTE: Zebrastreifen","author":"Max","date":"13\/01\/2023","format":false,"excerpt":"Seit heute morgen hat die Notkestra\u00dfe einen neuen Zebrastreifen zwischen \u201eIm Hag\u201c und \u201eSteenkamp\u201c. Endlich ist das \u00dcberqueren f\u00fcr Fu\u00dfg\u00e4nger von jung bis alt hier sicherer.","rel":"","context":"In &quot;Nachbarschaft&quot;","block_context":{"text":"Nachbarschaft","link":"https:\/\/www.steenkamper.de\/index.php\/category\/nachbarschaft\/"},"img":{"alt_text":"","src":"https:\/\/i0.wp.com\/www.steenkamper.de\/wp-content\/uploads\/2023\/01\/Zebrastreifen-scaled.jpg?fit=1200%2C900&ssl=1&resize=350%2C200","width":350,"height":200,"srcset":"https:\/\/i0.wp.com\/www.steenkamper.de\/wp-content\/uploads\/2023\/01\/Zebrastreifen-scaled.jpg?fit=1200%2C900&ssl=1&resize=350%2C200 1x, https:\/\/i0.wp.com\/www.steenkamper.de\/wp-content\/uploads\/2023\/01\/Zebrastreifen-scaled.jpg?fit=1200%2C900&ssl=1&resize=525%2C300 1.5x, https:\/\/i0.wp.com\/www.steenkamper.de\/wp-content\/uploads\/2023\/01\/Zebrastreifen-scaled.jpg?fit=1200%2C900&ssl=1&resize=700%2C400 2x, https:\/\/i0.wp.com\/www.steenkamper.de\/wp-content\/uploads\/2023\/01\/Zebrastreifen-scaled.jpg?fit=1200%2C900&ssl=1&resize=1050%2C600 3x"},"classes":[]},{"id":5841,"url":"https:\/\/www.steenkamper.de\/index.php\/2018\/01\/08\/geschwindigkeitskontrolle\/","url_meta":{"origin":27292,"position":3},"title":"Geschwindigkeitskontrolle","author":"Max","date":"08\/01\/2018","format":false,"excerpt":"...in der Ebertallee wird z. Zt. die Geschwindigkeit der Fahrzeuge erfasst, ausgewertet und auch gleich angezeigt. Hilft den Schulkindern am Zebrastreifen und auch den Fahrradfahrern, die auf H\u00f6he des Zebrastreifen die Ebertallee kreuzen wollen. Mal sehen ob aus der Messung Konsequenzen folgen und evtl. vor dem Zebrastreifen 30km\/h kommt?","rel":"","context":"In &quot;Allgemein&quot;","block_context":{"text":"Allgemein","link":"https:\/\/www.steenkamper.de\/index.php\/category\/allgemein\/"},"img":{"alt_text":"","src":"https:\/\/i0.wp.com\/www.steenkamper.de\/wp-content\/uploads\/2018\/01\/img_7668.jpg?fit=1200%2C506&ssl=1&resize=350%2C200","width":350,"height":200,"srcset":"https:\/\/i0.wp.com\/www.steenkamper.de\/wp-content\/uploads\/2018\/01\/img_7668.jpg?fit=1200%2C506&ssl=1&resize=350%2C200 1x, https:\/\/i0.wp.com\/www.steenkamper.de\/wp-content\/uploads\/2018\/01\/img_7668.jpg?fit=1200%2C506&ssl=1&resize=525%2C300 1.5x, https:\/\/i0.wp.com\/www.steenkamper.de\/wp-content\/uploads\/2018\/01\/img_7668.jpg?fit=1200%2C506&ssl=1&resize=700%2C400 2x, https:\/\/i0.wp.com\/www.steenkamper.de\/wp-content\/uploads\/2018\/01\/img_7668.jpg?fit=1200%2C506&ssl=1&resize=1050%2C600 3x"},"classes":[]},{"id":18497,"url":"https:\/\/www.steenkamper.de\/index.php\/2022\/02\/16\/zu-schnell\/","url_meta":{"origin":27292,"position":4},"title":"ZU SCHNELL?!","author":"Max","date":"16\/02\/2022","format":false,"excerpt":"In der Ebertallee vor dem Zebrastreifen werden gerade die Geschwindigkeiten der Fahrzeuge gemessen. Diese Messung wird den Autofahrer*innen angezeigt und statistisch gespeichert. Mit den Daten kann die Polizei die Gef\u00e4hrlichkeit der Stelle besser beurteilen. 2014 gab es eine Initiative Tempo 30 in der Ebertallee einzuf\u00fchren. Daraus ist leider nichts geworden...Es\u2026","rel":"","context":"In &quot;Allgemein&quot;","block_context":{"text":"Allgemein","link":"https:\/\/www.steenkamper.de\/index.php\/category\/allgemein\/"},"img":{"alt_text":"","src":"https:\/\/i0.wp.com\/www.steenkamper.de\/wp-content\/uploads\/2022\/02\/img_2586.jpg?fit=800%2C500&ssl=1&resize=350%2C200","width":350,"height":200,"srcset":"https:\/\/i0.wp.com\/www.steenkamper.de\/wp-content\/uploads\/2022\/02\/img_2586.jpg?fit=800%2C500&ssl=1&resize=350%2C200 1x, https:\/\/i0.wp.com\/www.steenkamper.de\/wp-content\/uploads\/2022\/02\/img_2586.jpg?fit=800%2C500&ssl=1&resize=525%2C300 1.5x, https:\/\/i0.wp.com\/www.steenkamper.de\/wp-content\/uploads\/2022\/02\/img_2586.jpg?fit=800%2C500&ssl=1&resize=700%2C400 2x"},"classes":[]},{"id":8181,"url":"https:\/\/www.steenkamper.de\/index.php\/2019\/04\/23\/ebertallee-z-t-wieder-offen\/","url_meta":{"origin":27292,"position":5},"title":"Ebertallee z.T. wieder offen","author":"Max","date":"23\/04\/2019","format":false,"excerpt":"Es ist wieder m\u00f6glich die Ebertallee vom und auf den Osdorfer Weg zu befahren. Ab dem Zebrastreifen in Richtung Ebertplatz ist sie noch gesperrt bzw. Sackgasse.","rel":"","context":"In &quot;Allgemein&quot;","block_context":{"text":"Allgemein","link":"https:\/\/www.steenkamper.de\/index.php\/category\/allgemein\/"},"img":{"alt_text":"","src":"https:\/\/i0.wp.com\/www.steenkamper.de\/wp-content\/uploads\/2019\/04\/img_0461-1.jpg?fit=1200%2C434&ssl=1&resize=350%2C200","width":350,"height":200,"srcset":"https:\/\/i0.wp.com\/www.steenkamper.de\/wp-content\/uploads\/2019\/04\/img_0461-1.jpg?fit=1200%2C434&ssl=1&resize=350%2C200 1x, https:\/\/i0.wp.com\/www.steenkamper.de\/wp-content\/uploads\/2019\/04\/img_0461-1.jpg?fit=1200%2C434&ssl=1&resize=525%2C300 1.5x, https:\/\/i0.wp.com\/www.steenkamper.de\/wp-content\/uploads\/2019\/04\/img_0461-1.jpg?fit=1200%2C434&ssl=1&resize=700%2C400 2x, https:\/\/i0.wp.com\/www.steenkamper.de\/wp-content\/uploads\/2019\/04\/img_0461-1.jpg?fit=1200%2C434&ssl=1&resize=1050%2C600 3x"},"classes":[]}],"_links":{"self":[{"href":"https:\/\/www.steenkamper.de\/index.php\/wp-json\/wp\/v2\/posts\/27292","targetHints":{"allow":["GET"]}}],"collection":[{"href":"https:\/\/www.steenkamper.de\/index.php\/wp-json\/wp\/v2\/posts"}],"about":[{"href":"https:\/\/www.steenkamper.de\/index.php\/wp-json\/wp\/v2\/types\/post"}],"author":[{"embeddable":true,"href":"https:\/\/www.steenkamper.de\/index.php\/wp-json\/wp\/v2\/users\/6"}],"replies":[{"embeddable":true,"href":"https:\/\/www.steenkamper.de\/index.php\/wp-json\/wp\/v2\/comments?post=27292"}],"version-history":[{"count":6,"href":"https:\/\/www.steenkamper.de\/index.php\/wp-json\/wp\/v2\/posts\/27292\/revisions"}],"predecessor-version":[{"id":27386,"href":"https:\/\/www.steenkamper.de\/index.php\/wp-json\/wp\/v2\/posts\/27292\/revisions\/27386"}],"wp:featuredmedia":[{"embeddable":true,"href":"https:\/\/www.steenkamper.de\/index.php\/wp-json\/wp\/v2\/media\/8228"}],"wp:attachment":[{"href":"https:\/\/www.steenkamper.de\/index.php\/wp-json\/wp\/v2\/media?parent=27292"}],"wp:term":[{"taxonomy":"category","embeddable":true,"href":"https:\/\/www.steenkamper.de\/index.php\/wp-json\/wp\/v2\/categories?post=27292"},{"taxonomy":"post_tag","embeddable":true,"href":"https:\/\/www.steenkamper.de\/index.php\/wp-json\/wp\/v2\/tags?post=27292"}],"curies":[{"name":"wp","href":"https:\/\/api.w.org\/{rel}","templated":true}]}}