{"id":25904,"date":"2024-02-16T09:09:34","date_gmt":"2024-02-16T08:09:34","guid":{"rendered":"https:\/\/www.steenkamper.de\/?p=25904"},"modified":"2024-03-04T18:42:48","modified_gmt":"2024-03-04T17:42:48","slug":"oepnv-anbindung-des-hamburger-westens","status":"publish","type":"post","link":"https:\/\/www.steenkamper.de\/index.php\/2024\/02\/16\/oepnv-anbindung-des-hamburger-westens\/","title":{"rendered":"\u00d6PNV-Anbindung des Hamburger Westens?"},"content":{"rendered":"\n<p>Eine vom <a href=\"https:\/\/westwind-hh.net\/\" target=\"_blank\" rel=\"noreferrer noopener\">Westwind<\/a> und uns von <a href=\"https:\/\/www.starten-bahn-west.de\/\" target=\"_blank\" rel=\"noreferrer noopener\">Starten:Bahn West<\/a> organisierte Diskussionsveranstaltung: Der Hamburger Verkehrssenator Anjes Tjarks stellt sich den Fragen.<\/p>\n\n\n\n<p>Am Montag, 04.03.2024 wird er von 17:00 bis 18:30 im B\u00fcrgerhaus Bornheide erwartet und stellt sich der Diskussion zur bestehenden \u00d6ffi-Anbindung des Hamburger Westens, zum geplanten <a href=\"https:\/\/www.arnewitte.de\/ein-brt-system-fuer-hamburg\/\" target=\"_blank\" rel=\"noreferrer noopener\">Hochleistungsbussystem auf der Strebalu<\/a> (<a href=\"https:\/\/de.wikipedia.org\/wiki\/Bus_Rapid_Transit\" target=\"_blank\" rel=\"noreferrer noopener\">BHNS Bus \u00e0 Haut Niveau de Service<\/a>), sowie der seit Jahrzehnten immer wieder verschobenen Schienenanbindung in den Westen, d.h. der U-Bahn Linie U4, nein der Linie U5, nein der S-Bahn Linie S32, nein Linie S6 \u2013 wie auch immer.<\/p>\n\n\n\n<p><strong>WANN?<\/strong>: am 04.03.2024, zwischen 17:00 und 18;30 Uhr <br \/><strong>WO?:<\/strong> im B\u00fcrgerhaus Bornheide , Bornheide 76 , 22549 Hamburg<\/p>\n\n\n\n<p>Moderation: Christian Hinkelmann<br \/>(Herausgeber NahverkehrHamburg.de)<\/p>\n\n\n\n<p>Mehr: <a href=\"https:\/\/www.starten-bahn-west.de\/?p=682\">https:\/\/www.starten-bahn-west.de<\/a><\/p>\n","protected":false},"excerpt":{"rendered":"<p>Eine vom Westwind und uns von Starten:Bahn West organisierte Diskussionsveranstaltung: Der Hamburger Verkehrssenator Anjes Tjarks stellt sich den Fragen. Am Montag, 04.03.2024 wird er von 17:00 bis 18:30 im B\u00fcrgerhaus [&hellip;]<\/p>\n","protected":false},"author":6,"featured_media":25919,"comment_status":"open","ping_status":"open","sticky":false,"template":"","format":"standard","meta":{"_acf_changed":false,"site-sidebar-layout":"default","site-content-layout":"","ast-site-content-layout":"default","site-content-style":"default","site-sidebar-style":"default","ast-global-header-display":"","ast-banner-title-visibility":"","ast-main-header-display":"","ast-hfb-above-header-display":"","ast-hfb-below-header-display":"","ast-hfb-mobile-header-display":"","site-post-title":"","ast-breadcrumbs-content":"","ast-featured-img":"","footer-sml-layout":"","ast-disable-related-posts":"","theme-transparent-header-meta":"","adv-header-id-meta":"","stick-header-meta":"","header-above-stick-meta":"","header-main-stick-meta":"","header-below-stick-meta":"","astra-migrate-meta-layouts":"default","ast-page-background-enabled":"default","ast-page-background-meta":{"desktop":{"background-color":"var(--ast-global-color-5)","background-image":"","background-repeat":"repeat","background-position":"center center","background-size":"auto","background-attachment":"scroll","background-type":"","background-media":"","overlay-type":"","overlay-color":"","overlay-opacity":"","overlay-gradient":""},"tablet":{"background-color":"","background-image":"","background-repeat":"repeat","background-position":"center center","background-size":"auto","background-attachment":"scroll","background-type":"","background-media":"","overlay-type":"","overlay-color":"","overlay-opacity":"","overlay-gradient":""},"mobile":{"background-color":"","background-image":"","background-repeat":"repeat","background-position":"center center","background-size":"auto","background-attachment":"scroll","background-type":"","background-media":"","overlay-type":"","overlay-color":"","overlay-opacity":"","overlay-gradient":""}},"ast-content-background-meta":{"desktop":{"background-color":"var(--ast-global-color-4)","background-image":"","background-repeat":"repeat","background-position":"center center","background-size":"auto","background-attachment":"scroll","background-type":"","background-media":"","overlay-type":"","overlay-color":"","overlay-opacity":"","overlay-gradient":""},"tablet":{"background-color":"var(--ast-global-color-4)","background-image":"","background-repeat":"repeat","background-position":"center center","background-size":"auto","background-attachment":"scroll","background-type":"","background-media":"","overlay-type":"","overlay-color":"","overlay-opacity":"","overlay-gradient":""},"mobile":{"background-color":"var(--ast-global-color-4)","background-image":"","background-repeat":"repeat","background-position":"center center","background-size":"auto","background-attachment":"scroll","background-type":"","background-media":"","overlay-type":"","overlay-color":"","overlay-opacity":"","overlay-gradient":""}},"_price":"","_stock":"","_tribe_ticket_header":"","_tribe_default_ticket_provider":"","_tribe_ticket_capacity":"0","_ticket_start_date":"","_ticket_end_date":"","_tribe_ticket_show_description":"","_tribe_ticket_show_not_going":false,"_tribe_ticket_use_global_stock":"","_tribe_ticket_global_stock_level":"","_global_stock_mode":"","_global_stock_cap":"","_tribe_rsvp_for_event":"","_tribe_ticket_going_count":"","_tribe_ticket_not_going_count":"","_tribe_tickets_list":"[]","_tribe_ticket_has_attendee_info_fields":false,"jetpack_post_was_ever_published":false,"_jetpack_newsletter_access":"","_jetpack_dont_email_post_to_subs":false,"_jetpack_newsletter_tier_id":0,"_jetpack_memberships_contains_paywalled_content":false,"_jetpack_memberships_contains_paid_content":false,"footnotes":"","jetpack_publicize_message":"","jetpack_publicize_feature_enabled":true,"jetpack_social_post_already_shared":true,"jetpack_social_options":{"image_generator_settings":{"template":"highway","default_image_id":0,"font":"","enabled":false},"version":2}},"categories":[3,31,106,8],"tags":[],"class_list":["post-25904","post","type-post","status-publish","format-standard","has-post-thumbnail","hentry","category-allgemein","category-planungen","category-politik","category-verkehr"],"acf":[],"jetpack_publicize_connections":[],"jetpack_featured_media_url":"https:\/\/i0.wp.com\/www.steenkamper.de\/wp-content\/uploads\/2024\/02\/img_0355-1.jpg?fit=2000%2C1542&ssl=1","jetpack_sharing_enabled":true,"jetpack_shortlink":"https:\/\/wp.me\/p74Wuo-6JO","jetpack_likes_enabled":true,"jetpack-related-posts":[{"id":29431,"url":"https:\/\/www.steenkamper.de\/index.php\/2025\/06\/01\/olympia-auf-der-trabrennbahn\/","url_meta":{"origin":25904,"position":0},"title":"Olympia auf der Trabrennbahn?","author":"Max","date":"01\/06\/2025","format":false,"excerpt":"Hamburgs Olympia-Bewerbung 2036: Olympische Pl\u00e4ne, fehlende Anbindung? Am 31. Mai 2025 pr\u00e4sentierte der Hamburger Senat seine Bewerbung f\u00fcr die Olympischen Sommerspiele 2036.\u00a0Das Konzept betont Nachhaltigkeit, mit minimalen Neubauten und der Nutzung bestehender Infrastruktur.\u00a0Geplant sind lediglich drei permanente Neubauten, darunter ein Stadion mit 60.000 Pl\u00e4tzen, das unabh\u00e4ngig von der Bewerbung umgesetzt\u2026","rel":"","context":"In &quot;Allgemein&quot;","block_context":{"text":"Allgemein","link":"https:\/\/www.steenkamper.de\/index.php\/category\/allgemein\/"},"img":{"alt_text":"","src":"https:\/\/i0.wp.com\/www.steenkamper.de\/wp-content\/uploads\/2025\/06\/Stadion_S-Bahn.png?fit=1200%2C800&ssl=1&resize=350%2C200","width":350,"height":200,"srcset":"https:\/\/i0.wp.com\/www.steenkamper.de\/wp-content\/uploads\/2025\/06\/Stadion_S-Bahn.png?fit=1200%2C800&ssl=1&resize=350%2C200 1x, https:\/\/i0.wp.com\/www.steenkamper.de\/wp-content\/uploads\/2025\/06\/Stadion_S-Bahn.png?fit=1200%2C800&ssl=1&resize=525%2C300 1.5x, https:\/\/i0.wp.com\/www.steenkamper.de\/wp-content\/uploads\/2025\/06\/Stadion_S-Bahn.png?fit=1200%2C800&ssl=1&resize=700%2C400 2x, https:\/\/i0.wp.com\/www.steenkamper.de\/wp-content\/uploads\/2025\/06\/Stadion_S-Bahn.png?fit=1200%2C800&ssl=1&resize=1050%2C600 3x"},"classes":[]},{"id":8470,"url":"https:\/\/www.steenkamper.de\/index.php\/2019\/07\/09\/s-bahn-kommt\/","url_meta":{"origin":25904,"position":1},"title":"S-Bahn kommt","author":"Max","date":"09\/07\/2019","format":false,"excerpt":"Wir bekommen einen S-Bahnanschlu\u00df! SENAT STELLT M\u00d6GLICHKEITEN ZUR SCHIENENANBINDUNG DES HAMBURGER WESTENS VOR. F\u00fcr die Anbindung des Hamburger Westens kann nun eine wesentliche Grundsatzentscheidung fallen: Lurup, Osdorfer Born und die Science City Bahrenfeld k\u00f6nnen \u00fcber eine S-Bahnstrecke angebunden werden. Um die Zeit zu \u00fcberbr\u00fccken bis die Planung & Bauarbeiten abgeschlossen\u2026","rel":"","context":"In &quot;Planungen&quot;","block_context":{"text":"Planungen","link":"https:\/\/www.steenkamper.de\/index.php\/category\/planungen\/"},"img":{"alt_text":"","src":"https:\/\/i0.wp.com\/www.steenkamper.de\/wp-content\/uploads\/2019\/07\/S-Bahn.png?fit=900%2C555&ssl=1&resize=350%2C200","width":350,"height":200,"srcset":"https:\/\/i0.wp.com\/www.steenkamper.de\/wp-content\/uploads\/2019\/07\/S-Bahn.png?fit=900%2C555&ssl=1&resize=350%2C200 1x, https:\/\/i0.wp.com\/www.steenkamper.de\/wp-content\/uploads\/2019\/07\/S-Bahn.png?fit=900%2C555&ssl=1&resize=525%2C300 1.5x, https:\/\/i0.wp.com\/www.steenkamper.de\/wp-content\/uploads\/2019\/07\/S-Bahn.png?fit=900%2C555&ssl=1&resize=700%2C400 2x"},"classes":[]},{"id":9261,"url":"https:\/\/www.steenkamper.de\/index.php\/2019\/11\/20\/strassenbahn-nun-doch\/","url_meta":{"origin":25904,"position":2},"title":"Stra\u00dfenbahn- nun doch?","author":"Max","date":"20\/11\/2019","format":false,"excerpt":"Nach der Abschaffung der Stra\u00dfenbahn 1978 (Trabrennbahn 1975) und einem langen Hin und Her - Stadtbahn: JA oder NEIN.... und U-Bahn Planungen zum Osdorfer Born seit Anfang der 70er, nun doch wieder eine Stra\u00dfenbahn? Die CDU stellt konkrete Pl\u00e4ne f\u00fcr zwei Stra\u00dfenbahn Linien im Hamburger Westen vor. Eine von Schenefeld\u2026","rel":"","context":"In &quot;Allgemein&quot;","block_context":{"text":"Allgemein","link":"https:\/\/www.steenkamper.de\/index.php\/category\/allgemein\/"},"img":{"alt_text":"","src":"https:\/\/i0.wp.com\/www.steenkamper.de\/wp-content\/uploads\/2019\/07\/Strassenbahn11.jpg?fit=1200%2C836&ssl=1&resize=350%2C200","width":350,"height":200,"srcset":"https:\/\/i0.wp.com\/www.steenkamper.de\/wp-content\/uploads\/2019\/07\/Strassenbahn11.jpg?fit=1200%2C836&ssl=1&resize=350%2C200 1x, https:\/\/i0.wp.com\/www.steenkamper.de\/wp-content\/uploads\/2019\/07\/Strassenbahn11.jpg?fit=1200%2C836&ssl=1&resize=525%2C300 1.5x, https:\/\/i0.wp.com\/www.steenkamper.de\/wp-content\/uploads\/2019\/07\/Strassenbahn11.jpg?fit=1200%2C836&ssl=1&resize=700%2C400 2x, https:\/\/i0.wp.com\/www.steenkamper.de\/wp-content\/uploads\/2019\/07\/Strassenbahn11.jpg?fit=1200%2C836&ssl=1&resize=1050%2C600 3x"},"classes":[]},{"id":23477,"url":"https:\/\/www.steenkamper.de\/index.php\/2023\/06\/16\/s-bahn-fruehestens-2040\/","url_meta":{"origin":25904,"position":3},"title":"S-Bahn fr\u00fchestens 2040?","author":"Max","date":"16\/06\/2023","format":false,"excerpt":"Die Tagesschau schreibt: Geplante S-Bahn zum Osdorfer Born r\u00fcckt offenbar in weite Ferne Die geplante S-Bahnstrecke im Hamburger Westen nach Lurup und zum Osdorfer Born r\u00fcckt offenbar in weite Ferne. Laut Senat kann die Linie erst in Betrieb gehen, wenn der neue S-Bahntunnel (VET) durch die Innenstadt fertig ist. Stand:\u2026","rel":"","context":"In &quot;Allgemein&quot;","block_context":{"text":"Allgemein","link":"https:\/\/www.steenkamper.de\/index.php\/category\/allgemein\/"},"img":{"alt_text":"","src":"https:\/\/i0.wp.com\/www.steenkamper.de\/wp-content\/uploads\/2023\/06\/img_7625-scaled.jpg?fit=1200%2C660&ssl=1&resize=350%2C200","width":350,"height":200,"srcset":"https:\/\/i0.wp.com\/www.steenkamper.de\/wp-content\/uploads\/2023\/06\/img_7625-scaled.jpg?fit=1200%2C660&ssl=1&resize=350%2C200 1x, https:\/\/i0.wp.com\/www.steenkamper.de\/wp-content\/uploads\/2023\/06\/img_7625-scaled.jpg?fit=1200%2C660&ssl=1&resize=525%2C300 1.5x, https:\/\/i0.wp.com\/www.steenkamper.de\/wp-content\/uploads\/2023\/06\/img_7625-scaled.jpg?fit=1200%2C660&ssl=1&resize=700%2C400 2x, https:\/\/i0.wp.com\/www.steenkamper.de\/wp-content\/uploads\/2023\/06\/img_7625-scaled.jpg?fit=1200%2C660&ssl=1&resize=1050%2C600 3x"},"classes":[]},{"id":22604,"url":"https:\/\/www.steenkamper.de\/index.php\/2023\/02\/10\/s-bahn-kommt-spaeter\/","url_meta":{"origin":25904,"position":4},"title":"S-Bahn kommt sp\u00e4ter?","author":"Max","date":"10\/02\/2023","format":false,"excerpt":"Nun verschiebt sich die S-Bahn Anbindung von Osdorf, Lurup, Science City schon wieder (oder immer noch). Der NDR und das Abendblatt schreiben: \u201eHamburger Physiker sind besorgt wegen m\u00f6glicher St\u00f6rungen von Experimenten in Bahrenfeld. Die Stadt pr\u00fcft nun eine Alternative.\u201c und \u201eHamburg pr\u00fcft alternative Route f\u00fcr geplante S-Bahnlinie 32\u201c. Das Elbe\u2026","rel":"","context":"In &quot;Allgemein&quot;","block_context":{"text":"Allgemein","link":"https:\/\/www.steenkamper.de\/index.php\/category\/allgemein\/"},"img":{"alt_text":"","src":"https:\/\/i0.wp.com\/www.steenkamper.de\/wp-content\/uploads\/2019\/07\/S-Bahn.png?fit=900%2C555&ssl=1&resize=350%2C200","width":350,"height":200,"srcset":"https:\/\/i0.wp.com\/www.steenkamper.de\/wp-content\/uploads\/2019\/07\/S-Bahn.png?fit=900%2C555&ssl=1&resize=350%2C200 1x, https:\/\/i0.wp.com\/www.steenkamper.de\/wp-content\/uploads\/2019\/07\/S-Bahn.png?fit=900%2C555&ssl=1&resize=525%2C300 1.5x, https:\/\/i0.wp.com\/www.steenkamper.de\/wp-content\/uploads\/2019\/07\/S-Bahn.png?fit=900%2C555&ssl=1&resize=700%2C400 2x"},"classes":[]},{"id":30730,"url":"https:\/\/www.steenkamper.de\/index.php\/2025\/12\/13\/neuerungen-zum-fahrplanwechsel-am-14-12-25\/","url_meta":{"origin":25904,"position":5},"title":"Neuerungen zum Fahrplanwechsel am 14.12.25","author":"Max","date":"13\/12\/2025","format":false,"excerpt":"z. B. Das neue Netz f\u00fcr Nachtbusse Die MetroBus-Linien 3, 4, 5, 7, 10, 11 und 17 fahren k\u00fcnftig rund um die Uhr, viele Stadtteile werden nachts besser angebunden. Insgesamt verkehren dann 19 Linien im 24\/7-Betrieb. Die neue XpressBus-Linie X21 Eine attraktive Tangentialverbindung, die den Osdorfer Born erstmals direkt an\u2026","rel":"","context":"In &quot;Allgemein&quot;","block_context":{"text":"Allgemein","link":"https:\/\/www.steenkamper.de\/index.php\/category\/allgemein\/"},"img":{"alt_text":"","src":"https:\/\/i0.wp.com\/www.steenkamper.de\/wp-content\/uploads\/2019\/08\/IMG_0224.jpeg?fit=1200%2C900&ssl=1&resize=350%2C200","width":350,"height":200,"srcset":"https:\/\/i0.wp.com\/www.steenkamper.de\/wp-content\/uploads\/2019\/08\/IMG_0224.jpeg?fit=1200%2C900&ssl=1&resize=350%2C200 1x, https:\/\/i0.wp.com\/www.steenkamper.de\/wp-content\/uploads\/2019\/08\/IMG_0224.jpeg?fit=1200%2C900&ssl=1&resize=525%2C300 1.5x, https:\/\/i0.wp.com\/www.steenkamper.de\/wp-content\/uploads\/2019\/08\/IMG_0224.jpeg?fit=1200%2C900&ssl=1&resize=700%2C400 2x, https:\/\/i0.wp.com\/www.steenkamper.de\/wp-content\/uploads\/2019\/08\/IMG_0224.jpeg?fit=1200%2C900&ssl=1&resize=1050%2C600 3x"},"classes":[]}],"_links":{"self":[{"href":"https:\/\/www.steenkamper.de\/index.php\/wp-json\/wp\/v2\/posts\/25904","targetHints":{"allow":["GET"]}}],"collection":[{"href":"https:\/\/www.steenkamper.de\/index.php\/wp-json\/wp\/v2\/posts"}],"about":[{"href":"https:\/\/www.steenkamper.de\/index.php\/wp-json\/wp\/v2\/types\/post"}],"author":[{"embeddable":true,"href":"https:\/\/www.steenkamper.de\/index.php\/wp-json\/wp\/v2\/users\/6"}],"replies":[{"embeddable":true,"href":"https:\/\/www.steenkamper.de\/index.php\/wp-json\/wp\/v2\/comments?post=25904"}],"version-history":[{"count":5,"href":"https:\/\/www.steenkamper.de\/index.php\/wp-json\/wp\/v2\/posts\/25904\/revisions"}],"predecessor-version":[{"id":25911,"href":"https:\/\/www.steenkamper.de\/index.php\/wp-json\/wp\/v2\/posts\/25904\/revisions\/25911"}],"wp:featuredmedia":[{"embeddable":true,"href":"https:\/\/www.steenkamper.de\/index.php\/wp-json\/wp\/v2\/media\/25919"}],"wp:attachment":[{"href":"https:\/\/www.steenkamper.de\/index.php\/wp-json\/wp\/v2\/media?parent=25904"}],"wp:term":[{"taxonomy":"category","embeddable":true,"href":"https:\/\/www.steenkamper.de\/index.php\/wp-json\/wp\/v2\/categories?post=25904"},{"taxonomy":"post_tag","embeddable":true,"href":"https:\/\/www.steenkamper.de\/index.php\/wp-json\/wp\/v2\/tags?post=25904"}],"curies":[{"name":"wp","href":"https:\/\/api.w.org\/{rel}","templated":true}]}}