{"id":25576,"date":"2024-01-23T08:01:21","date_gmt":"2024-01-23T07:01:21","guid":{"rendered":"https:\/\/www.steenkamper.de\/index.php\/2024\/01\/23\/cafe-vogelweide-28-1\/"},"modified":"2024-01-24T15:19:52","modified_gmt":"2024-01-24T14:19:52","slug":"cafe-vogelweide-28-1","status":"publish","type":"post","link":"https:\/\/www.steenkamper.de\/index.php\/2024\/01\/23\/cafe-vogelweide-28-1\/","title":{"rendered":"Caf\u00e9 Vogelweide 28.1."},"content":{"rendered":"\n<p>Am Samstag ist wieder Caf\u00e9 Vogelweide im Steenkampsaal. <br>Alle Termine 2024: 28.1, 25.2, 24.3., 28.4., 26.5., 30.6, nicht im Juli und August (Sommerferien), 1.9., 29.9., nicht im Oktober (Herbstferien), 24.11., 15.12. <br>Jeweils von 16.00 \u2013 17:30 Uhr im Steenkampsaal. <br>Mehr Infos: <a href=\"https:\/\/www.steenkamper.de\/index.php\/fluechtlingsarbeit\/cafe-vogelweide\/\">www.steenkamper.de\/index.php\/fluechtlingsarbeit\/cafe-vogelweide\/<\/a><\/p>\n","protected":false},"excerpt":{"rendered":"<p>Am Samstag ist wieder Caf\u00e9 Vogelweide im Steenkampsaal. Alle Termine 2024: 28.1, 25.2, 24.3., 28.4., 26.5., 30.6, nicht im Juli und August (Sommerferien), 1.9., 29.9., nicht im Oktober (Herbstferien), 24.11., [&hellip;]<\/p>\n","protected":false},"author":6,"featured_media":25575,"comment_status":"open","ping_status":"open","sticky":false,"template":"","format":"standard","meta":{"_acf_changed":false,"site-sidebar-layout":"default","site-content-layout":"","ast-site-content-layout":"default","site-content-style":"default","site-sidebar-style":"default","ast-global-header-display":"","ast-banner-title-visibility":"","ast-main-header-display":"","ast-hfb-above-header-display":"","ast-hfb-below-header-display":"","ast-hfb-mobile-header-display":"","site-post-title":"","ast-breadcrumbs-content":"","ast-featured-img":"","footer-sml-layout":"","ast-disable-related-posts":"","theme-transparent-header-meta":"","adv-header-id-meta":"","stick-header-meta":"","header-above-stick-meta":"","header-main-stick-meta":"","header-below-stick-meta":"","astra-migrate-meta-layouts":"default","ast-page-background-enabled":"default","ast-page-background-meta":{"desktop":{"background-color":"var(--ast-global-color-5)","background-image":"","background-repeat":"repeat","background-position":"center center","background-size":"auto","background-attachment":"scroll","background-type":"","background-media":"","overlay-type":"","overlay-color":"","overlay-opacity":"","overlay-gradient":""},"tablet":{"background-color":"","background-image":"","background-repeat":"repeat","background-position":"center center","background-size":"auto","background-attachment":"scroll","background-type":"","background-media":"","overlay-type":"","overlay-color":"","overlay-opacity":"","overlay-gradient":""},"mobile":{"background-color":"","background-image":"","background-repeat":"repeat","background-position":"center center","background-size":"auto","background-attachment":"scroll","background-type":"","background-media":"","overlay-type":"","overlay-color":"","overlay-opacity":"","overlay-gradient":""}},"ast-content-background-meta":{"desktop":{"background-color":"var(--ast-global-color-4)","background-image":"","background-repeat":"repeat","background-position":"center center","background-size":"auto","background-attachment":"scroll","background-type":"","background-media":"","overlay-type":"","overlay-color":"","overlay-opacity":"","overlay-gradient":""},"tablet":{"background-color":"var(--ast-global-color-4)","background-image":"","background-repeat":"repeat","background-position":"center center","background-size":"auto","background-attachment":"scroll","background-type":"","background-media":"","overlay-type":"","overlay-color":"","overlay-opacity":"","overlay-gradient":""},"mobile":{"background-color":"var(--ast-global-color-4)","background-image":"","background-repeat":"repeat","background-position":"center center","background-size":"auto","background-attachment":"scroll","background-type":"","background-media":"","overlay-type":"","overlay-color":"","overlay-opacity":"","overlay-gradient":""}},"_price":"","_stock":"","_tribe_ticket_header":"","_tribe_default_ticket_provider":"","_tribe_ticket_capacity":"0","_ticket_start_date":"","_ticket_end_date":"","_tribe_ticket_show_description":"","_tribe_ticket_show_not_going":false,"_tribe_ticket_use_global_stock":"","_tribe_ticket_global_stock_level":"","_global_stock_mode":"","_global_stock_cap":"","_tribe_rsvp_for_event":"","_tribe_ticket_going_count":"","_tribe_ticket_not_going_count":"","_tribe_tickets_list":"[]","_tribe_ticket_has_attendee_info_fields":false,"jetpack_post_was_ever_published":false,"_jetpack_newsletter_access":"","_jetpack_dont_email_post_to_subs":false,"_jetpack_newsletter_tier_id":0,"_jetpack_memberships_contains_paywalled_content":false,"_jetpack_memberships_contains_paid_content":false,"footnotes":"","jetpack_publicize_message":"","jetpack_publicize_feature_enabled":true,"jetpack_social_post_already_shared":true,"jetpack_social_options":{"image_generator_settings":{"template":"highway","default_image_id":0,"font":"","enabled":false},"version":2}},"categories":[3,4,6],"tags":[],"class_list":["post-25576","post","type-post","status-publish","format-standard","has-post-thumbnail","hentry","category-allgemein","category-fluchtlingsunterstutzung","category-nachbarschaft"],"acf":[],"jetpack_publicize_connections":[],"jetpack_featured_media_url":"https:\/\/i0.wp.com\/www.steenkamper.de\/wp-content\/uploads\/2024\/01\/img_0255-1.jpg?fit=750%2C522&ssl=1","jetpack_sharing_enabled":true,"jetpack_shortlink":"https:\/\/wp.me\/p74Wuo-6Ew","jetpack_likes_enabled":true,"jetpack-related-posts":[{"id":21017,"url":"https:\/\/www.steenkamper.de\/index.php\/2022\/09\/18\/cafe-vogelweide-6\/","url_meta":{"origin":25576,"position":0},"title":"Caf\u00e9 Vogelweide","author":"Max","date":"18\/09\/2022","format":false,"excerpt":"Das n\u00e4chste Caf\u00e9 Vogelweide f\u00fcr Gefl\u00fcchtete und deutsch sprechende Nachbarn und Freunde findet am kommenden Sonntag 25.9. von 16 bis 17:30h im Steenkampsaal statt! Gerne k\u00f6nnen Kuchenspenden ab 15:30h abgegeben werden, aber sch\u00f6ner w\u00e4re, wenn Ihr mit dabei sein k\u00f6nntet. Oder Ihr sagt anderen Interessierten Bescheid \u2013 wir werden ab\u2026","rel":"","context":"In &quot;Allgemein&quot;","block_context":{"text":"Allgemein","link":"https:\/\/www.steenkamper.de\/index.php\/category\/allgemein\/"},"img":{"alt_text":"","src":"https:\/\/i0.wp.com\/www.steenkamper.de\/wp-content\/uploads\/2022\/09\/cafe%CC%81vogelweide_25.september2022_dina4_pfad-1.jpg?fit=800%2C566&ssl=1&resize=350%2C200","width":350,"height":200,"srcset":"https:\/\/i0.wp.com\/www.steenkamper.de\/wp-content\/uploads\/2022\/09\/cafe%CC%81vogelweide_25.september2022_dina4_pfad-1.jpg?fit=800%2C566&ssl=1&resize=350%2C200 1x, https:\/\/i0.wp.com\/www.steenkamper.de\/wp-content\/uploads\/2022\/09\/cafe%CC%81vogelweide_25.september2022_dina4_pfad-1.jpg?fit=800%2C566&ssl=1&resize=525%2C300 1.5x, https:\/\/i0.wp.com\/www.steenkamper.de\/wp-content\/uploads\/2022\/09\/cafe%CC%81vogelweide_25.september2022_dina4_pfad-1.jpg?fit=800%2C566&ssl=1&resize=700%2C400 2x"},"classes":[]},{"id":21717,"url":"https:\/\/www.steenkamper.de\/index.php\/2022\/11\/20\/cafe-vogelweide-am-27-11\/","url_meta":{"origin":25576,"position":1},"title":"Caf\u00e9 Vogelweide am 27.11.","author":"Max","date":"20\/11\/2022","format":false,"excerpt":"Das n\u00e4chste Caf\u00e9 Vogelweide f\u00fcr Gefl\u00fcchtete und deutsch sprechende Nachbarn und Freunde findet am kommenden Sonntag 27.11. von 16 bis 17:30h im Steenkampsaal statt! Gerne k\u00f6nnen Kuchenspenden ab 15:30h abgegeben werden, aber sch\u00f6ner w\u00e4re, wenn Ihr mit dabei sein k\u00f6nntet. Oder Ihr sagt anderen Interessierten Bescheid \u2013 wir werden ab\u2026","rel":"","context":"In &quot;Fl\u00fcchtlingsunterst\u00fctzung&quot;","block_context":{"text":"Fl\u00fcchtlingsunterst\u00fctzung","link":"https:\/\/www.steenkamper.de\/index.php\/category\/fluchtlingsunterstutzung\/"},"img":{"alt_text":"","src":"https:\/\/i0.wp.com\/www.steenkamper.de\/wp-content\/uploads\/2022\/11\/CafeVogelweide_27-November2022_DinA4_Pfade.jpg?fit=800%2C566&ssl=1&resize=350%2C200","width":350,"height":200,"srcset":"https:\/\/i0.wp.com\/www.steenkamper.de\/wp-content\/uploads\/2022\/11\/CafeVogelweide_27-November2022_DinA4_Pfade.jpg?fit=800%2C566&ssl=1&resize=350%2C200 1x, https:\/\/i0.wp.com\/www.steenkamper.de\/wp-content\/uploads\/2022\/11\/CafeVogelweide_27-November2022_DinA4_Pfade.jpg?fit=800%2C566&ssl=1&resize=525%2C300 1.5x, https:\/\/i0.wp.com\/www.steenkamper.de\/wp-content\/uploads\/2022\/11\/CafeVogelweide_27-November2022_DinA4_Pfade.jpg?fit=800%2C566&ssl=1&resize=700%2C400 2x"},"classes":[]},{"id":29302,"url":"https:\/\/www.steenkamper.de\/index.php\/2025\/04\/23\/cafe-vogelweide-27-4\/","url_meta":{"origin":25576,"position":2},"title":"Caf\u00e9 Vogelweide 27.4.","author":"Max","date":"23\/04\/2025","format":false,"excerpt":"am n\u00e4chsten Sonntag ist wieder Caf\u00e9 Vogelweide im Steenkampsaal.","rel":"","context":"In &quot;Allgemein&quot;","block_context":{"text":"Allgemein","link":"https:\/\/www.steenkamper.de\/index.php\/category\/allgemein\/"},"img":{"alt_text":"","src":"https:\/\/i0.wp.com\/www.steenkamper.de\/wp-content\/uploads\/2025\/04\/img_5724-1.jpg?fit=1200%2C851&ssl=1&resize=350%2C200","width":350,"height":200,"srcset":"https:\/\/i0.wp.com\/www.steenkamper.de\/wp-content\/uploads\/2025\/04\/img_5724-1.jpg?fit=1200%2C851&ssl=1&resize=350%2C200 1x, https:\/\/i0.wp.com\/www.steenkamper.de\/wp-content\/uploads\/2025\/04\/img_5724-1.jpg?fit=1200%2C851&ssl=1&resize=525%2C300 1.5x, https:\/\/i0.wp.com\/www.steenkamper.de\/wp-content\/uploads\/2025\/04\/img_5724-1.jpg?fit=1200%2C851&ssl=1&resize=700%2C400 2x, https:\/\/i0.wp.com\/www.steenkamper.de\/wp-content\/uploads\/2025\/04\/img_5724-1.jpg?fit=1200%2C851&ssl=1&resize=1050%2C600 3x"},"classes":[]},{"id":22686,"url":"https:\/\/www.steenkamper.de\/index.php\/2023\/02\/18\/27-2-cafe-vogelweide\/","url_meta":{"origin":25576,"position":3},"title":"26.2. Caf\u00e9 Vogelweide","author":"Max","date":"18\/02\/2023","format":false,"excerpt":"Am 26.2. ist im Steenkampsaal von 16-17.30h wieder Caf\u00e9 Vogelweide.","rel":"","context":"In &quot;Allgemein&quot;","block_context":{"text":"Allgemein","link":"https:\/\/www.steenkamper.de\/index.php\/category\/allgemein\/"},"img":{"alt_text":"","src":"https:\/\/i0.wp.com\/www.steenkamper.de\/wp-content\/uploads\/2023\/02\/img_6569.jpg?fit=736%2C518&ssl=1&resize=350%2C200","width":350,"height":200,"srcset":"https:\/\/i0.wp.com\/www.steenkamper.de\/wp-content\/uploads\/2023\/02\/img_6569.jpg?fit=736%2C518&ssl=1&resize=350%2C200 1x, https:\/\/i0.wp.com\/www.steenkamper.de\/wp-content\/uploads\/2023\/02\/img_6569.jpg?fit=736%2C518&ssl=1&resize=525%2C300 1.5x, https:\/\/i0.wp.com\/www.steenkamper.de\/wp-content\/uploads\/2023\/02\/img_6569.jpg?fit=736%2C518&ssl=1&resize=700%2C400 2x"},"classes":[]},{"id":30423,"url":"https:\/\/www.steenkamper.de\/index.php\/2025\/09\/24\/cafe-vogelweide-28-9\/","url_meta":{"origin":25576,"position":4},"title":"Caf\u00e9 Vogelweide 28.9.","author":"Max","date":"24\/09\/2025","format":false,"excerpt":"Am Sonntag findet wieder das Caf\u00e9 Vogelweide im Steenkampsaal statt. Ab 16:00Uhr","rel":"","context":"In &quot;Allgemein&quot;","block_context":{"text":"Allgemein","link":"https:\/\/www.steenkamper.de\/index.php\/category\/allgemein\/"},"img":{"alt_text":"","src":"https:\/\/i0.wp.com\/www.steenkamper.de\/wp-content\/uploads\/2025\/09\/CafeVogelweide_28.Septembver2025-scaled.jpg?fit=1200%2C848&ssl=1&resize=350%2C200","width":350,"height":200,"srcset":"https:\/\/i0.wp.com\/www.steenkamper.de\/wp-content\/uploads\/2025\/09\/CafeVogelweide_28.Septembver2025-scaled.jpg?fit=1200%2C848&ssl=1&resize=350%2C200 1x, https:\/\/i0.wp.com\/www.steenkamper.de\/wp-content\/uploads\/2025\/09\/CafeVogelweide_28.Septembver2025-scaled.jpg?fit=1200%2C848&ssl=1&resize=525%2C300 1.5x, https:\/\/i0.wp.com\/www.steenkamper.de\/wp-content\/uploads\/2025\/09\/CafeVogelweide_28.Septembver2025-scaled.jpg?fit=1200%2C848&ssl=1&resize=700%2C400 2x, https:\/\/i0.wp.com\/www.steenkamper.de\/wp-content\/uploads\/2025\/09\/CafeVogelweide_28.Septembver2025-scaled.jpg?fit=1200%2C848&ssl=1&resize=1050%2C600 3x"},"classes":[]},{"id":2087,"url":"https:\/\/www.steenkamper.de\/index.php\/2016\/04\/18\/cafe-vogelweide\/","url_meta":{"origin":25576,"position":5},"title":"Caf\u00e9 Vogelweide","author":"Max","date":"18\/04\/2016","format":false,"excerpt":"Caf\u00e9 Vogelweide am Sonntag 10.April 2016: Sonnenschein und Kuchen satt. N\u00e4chster Termin am 29.05. 15-17h Treffen 13:30 Uhr zum Aufbau im Steenkampsaal. Inzwischen ist das Cafe-Vogelweide-Team eingespielt: schnelle Entscheidung drau\u00dfen bei dem guten Wetter aufzubauen, Kinderecke zum Malen und Lesen, Kuchen in \u00fcberschaubare H\u00e4ppchen schneiden, Tee und Kaffee kochen, Kinderfahrzeuge\u2026","rel":"","context":"In &quot;Fl\u00fcchtlingsunterst\u00fctzung&quot;","block_context":{"text":"Fl\u00fcchtlingsunterst\u00fctzung","link":"https:\/\/www.steenkamper.de\/index.php\/category\/fluchtlingsunterstutzung\/"},"img":{"alt_text":"","src":"https:\/\/i0.wp.com\/www.steenkamper.de\/wp-content\/uploads\/2016\/04\/DSCF7523.jpg?fit=1000%2C615&ssl=1&resize=350%2C200","width":350,"height":200,"srcset":"https:\/\/i0.wp.com\/www.steenkamper.de\/wp-content\/uploads\/2016\/04\/DSCF7523.jpg?fit=1000%2C615&ssl=1&resize=350%2C200 1x, https:\/\/i0.wp.com\/www.steenkamper.de\/wp-content\/uploads\/2016\/04\/DSCF7523.jpg?fit=1000%2C615&ssl=1&resize=525%2C300 1.5x, https:\/\/i0.wp.com\/www.steenkamper.de\/wp-content\/uploads\/2016\/04\/DSCF7523.jpg?fit=1000%2C615&ssl=1&resize=700%2C400 2x"},"classes":[]}],"_links":{"self":[{"href":"https:\/\/www.steenkamper.de\/index.php\/wp-json\/wp\/v2\/posts\/25576","targetHints":{"allow":["GET"]}}],"collection":[{"href":"https:\/\/www.steenkamper.de\/index.php\/wp-json\/wp\/v2\/posts"}],"about":[{"href":"https:\/\/www.steenkamper.de\/index.php\/wp-json\/wp\/v2\/types\/post"}],"author":[{"embeddable":true,"href":"https:\/\/www.steenkamper.de\/index.php\/wp-json\/wp\/v2\/users\/6"}],"replies":[{"embeddable":true,"href":"https:\/\/www.steenkamper.de\/index.php\/wp-json\/wp\/v2\/comments?post=25576"}],"version-history":[{"count":1,"href":"https:\/\/www.steenkamper.de\/index.php\/wp-json\/wp\/v2\/posts\/25576\/revisions"}],"predecessor-version":[{"id":25592,"href":"https:\/\/www.steenkamper.de\/index.php\/wp-json\/wp\/v2\/posts\/25576\/revisions\/25592"}],"wp:featuredmedia":[{"embeddable":true,"href":"https:\/\/www.steenkamper.de\/index.php\/wp-json\/wp\/v2\/media\/25575"}],"wp:attachment":[{"href":"https:\/\/www.steenkamper.de\/index.php\/wp-json\/wp\/v2\/media?parent=25576"}],"wp:term":[{"taxonomy":"category","embeddable":true,"href":"https:\/\/www.steenkamper.de\/index.php\/wp-json\/wp\/v2\/categories?post=25576"},{"taxonomy":"post_tag","embeddable":true,"href":"https:\/\/www.steenkamper.de\/index.php\/wp-json\/wp\/v2\/tags?post=25576"}],"curies":[{"name":"wp","href":"https:\/\/api.w.org\/{rel}","templated":true}]}}