{"id":24475,"date":"2023-10-25T18:42:55","date_gmt":"2023-10-25T16:42:55","guid":{"rendered":"https:\/\/www.steenkamper.de\/?p=24475"},"modified":"2023-10-25T18:43:12","modified_gmt":"2023-10-25T16:43:12","slug":"cafe-vogelweide-am-29-10","status":"publish","type":"post","link":"https:\/\/www.steenkamper.de\/index.php\/2023\/10\/25\/cafe-vogelweide-am-29-10\/","title":{"rendered":"Caf\u00e9 Vogelweide am 29.10."},"content":{"rendered":"\n<p>Am Sonntag l\u00e4d das Caf\u00e9 Vogelweide wieder in den Steenkampsaal. <br>Sonntag von 16 \u2013 17.30h<br><\/p>\n","protected":false},"excerpt":{"rendered":"<p>Am Sonntag l\u00e4d das Caf\u00e9 Vogelweide wieder in den Steenkampsaal. Sonntag von 16 \u2013 17.30h<\/p>\n","protected":false},"author":6,"featured_media":24476,"comment_status":"open","ping_status":"open","sticky":false,"template":"","format":"standard","meta":{"_acf_changed":false,"_price":"","_stock":"","_tribe_ticket_header":"","_tribe_default_ticket_provider":"","_tribe_ticket_capacity":"0","_ticket_start_date":"","_ticket_end_date":"","_tribe_ticket_show_description":"","_tribe_ticket_show_not_going":false,"_tribe_ticket_use_global_stock":"","_tribe_ticket_global_stock_level":"","_global_stock_mode":"","_global_stock_cap":"","_tribe_rsvp_for_event":"","_tribe_ticket_going_count":"","_tribe_ticket_not_going_count":"","_tribe_tickets_list":"[]","_tribe_ticket_has_attendee_info_fields":false,"jetpack_post_was_ever_published":false,"_jetpack_newsletter_access":"","_jetpack_dont_email_post_to_subs":false,"_jetpack_newsletter_tier_id":0,"_jetpack_memberships_contains_paywalled_content":false,"_jetpack_memberships_contains_paid_content":false,"footnotes":"","jetpack_publicize_message":"","jetpack_publicize_feature_enabled":true,"jetpack_social_post_already_shared":true,"jetpack_social_options":{"image_generator_settings":{"template":"highway","default_image_id":0,"font":"","enabled":false},"version":2}},"categories":[4,6,7],"tags":[],"class_list":["post-24475","post","type-post","status-publish","format-standard","has-post-thumbnail","hentry","category-fluchtlingsunterstutzung","category-nachbarschaft","category-saal"],"acf":[],"jetpack_publicize_connections":[],"jetpack_featured_media_url":"https:\/\/i0.wp.com\/www.steenkamper.de\/wp-content\/uploads\/2023\/10\/CafeVogelweide_29.Oktober2023_DinA4_Pfade.jpg?fit=700%2C495&ssl=1","jetpack_sharing_enabled":true,"jetpack_shortlink":"https:\/\/wp.me\/p74Wuo-6mL","jetpack_likes_enabled":true,"jetpack-related-posts":[{"id":28640,"url":"https:\/\/www.steenkamper.de\/index.php\/2024\/08\/30\/sonntag-ist-cafe-vogelweide\/","url_meta":{"origin":24475,"position":0},"title":"Sonntag ist Caf\u00e9 Vogelweide","author":"Max","date":"30\/08\/2024","format":false,"excerpt":"","rel":"","context":"In &quot;Allgemein&quot;","block_context":{"text":"Allgemein","link":"https:\/\/www.steenkamper.de\/index.php\/category\/allgemein\/"},"img":{"alt_text":"","src":"https:\/\/i0.wp.com\/www.steenkamper.de\/wp-content\/uploads\/2024\/08\/img_2328-1.jpg?fit=750%2C516&ssl=1&resize=350%2C200","width":350,"height":200,"srcset":"https:\/\/i0.wp.com\/www.steenkamper.de\/wp-content\/uploads\/2024\/08\/img_2328-1.jpg?fit=750%2C516&ssl=1&resize=350%2C200 1x, https:\/\/i0.wp.com\/www.steenkamper.de\/wp-content\/uploads\/2024\/08\/img_2328-1.jpg?fit=750%2C516&ssl=1&resize=525%2C300 1.5x, https:\/\/i0.wp.com\/www.steenkamper.de\/wp-content\/uploads\/2024\/08\/img_2328-1.jpg?fit=750%2C516&ssl=1&resize=700%2C400 2x"},"classes":[]},{"id":1809,"url":"https:\/\/www.steenkamper.de\/index.php\/2016\/02\/26\/sonntag-wieder-cafe-vogelweide\/","url_meta":{"origin":24475,"position":1},"title":"Sonntag wieder Caf\u00e9 Vogelweide","author":"Max","date":"26\/02\/2016","format":false,"excerpt":"Caf\u00e9 Vogelweide am 28.2.16 von 15 bis 17h im Steenkampsaal Zum zweiten Mal findet das Nachbarschafts-Fl\u00fcchtlings-Caf\u00e9 Vogelweide statt, das einen Raum der Begegnung zwischen Nachbarn und Fl\u00fcchtlingen bietet. Neben eurem zahlreichen Besuch sind auch wieder Kuchenspenden willkommen. Es macht Sinn, wenn die Kuchen bereits in kleinen St\u00fccken vorgeschnitten sind. Am\u2026","rel":"","context":"In &quot;Fl\u00fcchtlingsunterst\u00fctzung&quot;","block_context":{"text":"Fl\u00fcchtlingsunterst\u00fctzung","link":"https:\/\/www.steenkamper.de\/index.php\/category\/fluchtlingsunterstutzung\/"},"img":{"alt_text":"","src":"","width":0,"height":0},"classes":[]},{"id":3187,"url":"https:\/\/www.steenkamper.de\/index.php\/2017\/01\/20\/am-sonntag-wieder-cafe-vogelweide\/","url_meta":{"origin":24475,"position":2},"title":"am Sonntag wieder Caf\u00e9 Vogelweide","author":"Max","date":"20\/01\/2017","format":false,"excerpt":"am Sonntag den 22.1.17 von 15-17h\u00a0wollen wir uns wieder zusammen mit unseren Nachbarn von der Unterkunft an der Notkestra\u00dfe und dem Albert-Einstein-Ring zum Cafe Vogelweide treffen. Wir laden nicht nur zum Deutsch-Kl\u00f6nen ein, diesmal wird es Musik und Tanz geben. Gro\u00df und klein sind eingeladen. Kommt doch gerne zahlreich vorbei,\u2026","rel":"","context":"In &quot;Fl\u00fcchtlingsunterst\u00fctzung&quot;","block_context":{"text":"Fl\u00fcchtlingsunterst\u00fctzung","link":"https:\/\/www.steenkamper.de\/index.php\/category\/fluchtlingsunterstutzung\/"},"img":{"alt_text":"","src":"","width":0,"height":0},"classes":[]},{"id":28454,"url":"https:\/\/www.steenkamper.de\/index.php\/2024\/06\/26\/cafe-vogelweide-am-30-6\/","url_meta":{"origin":24475,"position":3},"title":"Caf\u00e9 Vogelweide am 30.6.","author":"Max","date":"26\/06\/2024","format":false,"excerpt":"Jetzt am Sonntag findet wieder das Caf\u00e9 Vogelweide statt. Kein Caf\u00e9 Vogelweide im Juli und August wegen der Sommerferien. N\u00e4chster Termin nach den Ferien dann am 1.9. Mehr zum Caf\u00e9 Vogelweide","rel":"","context":"In &quot;Allgemein&quot;","block_context":{"text":"Allgemein","link":"https:\/\/www.steenkamper.de\/index.php\/category\/allgemein\/"},"img":{"alt_text":"","src":"https:\/\/i0.wp.com\/www.steenkamper.de\/wp-content\/uploads\/2024\/06\/cafevogelweide_30-juni2024_dina4-1.jpg?fit=800%2C566&ssl=1&resize=350%2C200","width":350,"height":200,"srcset":"https:\/\/i0.wp.com\/www.steenkamper.de\/wp-content\/uploads\/2024\/06\/cafevogelweide_30-juni2024_dina4-1.jpg?fit=800%2C566&ssl=1&resize=350%2C200 1x, https:\/\/i0.wp.com\/www.steenkamper.de\/wp-content\/uploads\/2024\/06\/cafevogelweide_30-juni2024_dina4-1.jpg?fit=800%2C566&ssl=1&resize=525%2C300 1.5x, https:\/\/i0.wp.com\/www.steenkamper.de\/wp-content\/uploads\/2024\/06\/cafevogelweide_30-juni2024_dina4-1.jpg?fit=800%2C566&ssl=1&resize=700%2C400 2x"},"classes":[]},{"id":18235,"url":"https:\/\/www.steenkamper.de\/index.php\/2022\/01\/27\/kein-cafe-vogelweide\/","url_meta":{"origin":24475,"position":4},"title":"KEIN Caf\u00e9 Vogelweide","author":"Max","date":"27\/01\/2022","format":false,"excerpt":"... diesen Sonntag findet leider kein \u201eCaf\u00e9 Vogelweide\u201c statt.","rel":"","context":"In &quot;corona&quot;","block_context":{"text":"corona","link":"https:\/\/www.steenkamper.de\/index.php\/category\/corona\/"},"img":{"alt_text":"","src":"","width":0,"height":0},"classes":[]},{"id":3925,"url":"https:\/\/www.steenkamper.de\/index.php\/2017\/05\/19\/cafe-vogelweide-4\/","url_meta":{"origin":24475,"position":5},"title":"Caf\u00e9 Vogelweide","author":"Max","date":"19\/05\/2017","format":false,"excerpt":"am Sonntag, den 21.5. \u00a015-17h Am Sonntag wollen wir uns wieder zusammen mit unseren Nachbarn von der Unterkunft an der Notkestra\u00dfe und dem Albert-Einstein-Ring zum Caf\u00e9 Vogelweide treffen. Gro\u00df und klein sind eingeladen. Wir laden zum Deutsch-Kl\u00f6nen, lachen, Spielen, Sonne genie\u00dfen (?) ein. Kommt doch gerne zahlreich vorbei, wir freuen\u2026","rel":"","context":"In &quot;Fl\u00fcchtlingsunterst\u00fctzung&quot;","block_context":{"text":"Fl\u00fcchtlingsunterst\u00fctzung","link":"https:\/\/www.steenkamper.de\/index.php\/category\/fluchtlingsunterstutzung\/"},"img":{"alt_text":"","src":"","width":0,"height":0},"classes":[]}],"_links":{"self":[{"href":"https:\/\/www.steenkamper.de\/index.php\/wp-json\/wp\/v2\/posts\/24475","targetHints":{"allow":["GET"]}}],"collection":[{"href":"https:\/\/www.steenkamper.de\/index.php\/wp-json\/wp\/v2\/posts"}],"about":[{"href":"https:\/\/www.steenkamper.de\/index.php\/wp-json\/wp\/v2\/types\/post"}],"author":[{"embeddable":true,"href":"https:\/\/www.steenkamper.de\/index.php\/wp-json\/wp\/v2\/users\/6"}],"replies":[{"embeddable":true,"href":"https:\/\/www.steenkamper.de\/index.php\/wp-json\/wp\/v2\/comments?post=24475"}],"version-history":[{"count":2,"href":"https:\/\/www.steenkamper.de\/index.php\/wp-json\/wp\/v2\/posts\/24475\/revisions"}],"predecessor-version":[{"id":24478,"href":"https:\/\/www.steenkamper.de\/index.php\/wp-json\/wp\/v2\/posts\/24475\/revisions\/24478"}],"wp:featuredmedia":[{"embeddable":true,"href":"https:\/\/www.steenkamper.de\/index.php\/wp-json\/wp\/v2\/media\/24476"}],"wp:attachment":[{"href":"https:\/\/www.steenkamper.de\/index.php\/wp-json\/wp\/v2\/media?parent=24475"}],"wp:term":[{"taxonomy":"category","embeddable":true,"href":"https:\/\/www.steenkamper.de\/index.php\/wp-json\/wp\/v2\/categories?post=24475"},{"taxonomy":"post_tag","embeddable":true,"href":"https:\/\/www.steenkamper.de\/index.php\/wp-json\/wp\/v2\/tags?post=24475"}],"curies":[{"name":"wp","href":"https:\/\/api.w.org\/{rel}","templated":true}]}}