{"id":23990,"date":"2023-08-26T21:59:25","date_gmt":"2023-08-26T19:59:25","guid":{"rendered":"https:\/\/www.steenkamper.de\/?p=23990"},"modified":"2023-09-04T18:37:05","modified_gmt":"2023-09-04T16:37:05","slug":"sommerfest-2023-programm","status":"publish","type":"post","link":"https:\/\/www.steenkamper.de\/index.php\/2023\/08\/26\/sommerfest-2023-programm\/","title":{"rendered":"Sommerfest 2023 &#8211; Programm"},"content":{"rendered":"\n<p><strong>Musikprogramm auf der Vogelweide:<\/strong><br><br><strong>Samstag 2.9.2023<\/strong><br>14:00 &#8211; 15:00 PedrusKonfusus <em>Sch\u00fclerband vom L.M. Gymnasium<\/em><br>15:00 &#8211; 15:30 Pause\/DJ<br>15:30 &#8211; 16:30 Jonah Gitarre und Gesang (ca. 5-10 Songs)<br>16:30 17:00 Pause\/DJ<br>17:00 &#8211; 18:00 Reu Bruhn Combo <em>Dreik\u00f6pfige Band, deutsche Texte<\/em><br>18:00 &#8211; 18:30 Pause\/DJ<br>18:30 &#8211; 19:30 B.O.N <em>Vierk\u00f6pfige Band, Rock und Cover Songs<\/em><br>19:30 &#8211; 20:00 Pause\/DJ<br>20:00 &#8211; 20:30 Mats &amp; The Cookie Monsters <em>Mats (10 Jahre) Rock (Nirvana Songs)<\/em><br>20:30 &#8211; 21:00 Pause\/DJ<br>21:00 &#8211; 22:00 Tres Barrio Rock <em>Latino mit Klaus<\/em><br>22:00 &#8211; 02:00 Disko im Saal<br><br><strong>Sonntag 3.9.2023<\/strong><br>11:00 &#8211; 12:00 Gottesdienst<br>12:00 &#8211; 12:30 Posaunenchor<br>12:30 &#8211; 13:00 Kinder Band Klavier, Cello &amp; Bass, <em>sie sind 10, 11 und 12 Jahre alt.<\/em><br>13:00 &#8211; 14:00 Amarynda Weltmusik, <em>Hamburger Musik vom Mittelmeer<\/em><br>14:00 &#8211; 14:30 Square Dance Vorf\u00fchrung<br>14:30 &#8211; 15:30 Bingo Royal 5er Band, <em>deutsche Indie-Cover &amp; Eigenes<\/em><br>15:30 &#8211; 16:00 Pause\/DJ<br>16:00 &#8211; 17:00 Piet Rakete <a rel=\"noreferrer noopener\" href=\"http:\/\/www.piet-rakete.de\" target=\"_blank\">www.piet-rakete.de<\/a> <em>live Musik f\u00fcr Kids<\/em><br>17:00 &#8211; 17:30 Preisverleihung Steenkamplauf<\/p>\n\n\n\n<figure class=\"wp-block-image size-large\"><a href=\"https:\/\/www.steenkamper.de\/index.php\/event\/sommerfest-2023\/\" target=\"_blank\" rel=\"noreferrer noopener\"><img data-recalc-dims=\"1\" fetchpriority=\"high\" decoding=\"async\" width=\"725\" height=\"1024\" data-attachment-id=\"23704\" data-permalink=\"https:\/\/www.steenkamper.de\/index.php\/event\/sommerfest-2023\/plakat_sommerfest-23\/\" data-orig-file=\"https:\/\/i0.wp.com\/www.steenkamper.de\/wp-content\/uploads\/2023\/07\/Plakat_sommerfest-23-.jpeg?fit=760%2C1073&amp;ssl=1\" data-orig-size=\"760,1073\" data-comments-opened=\"1\" data-image-meta=\"{&quot;aperture&quot;:&quot;0&quot;,&quot;credit&quot;:&quot;&quot;,&quot;camera&quot;:&quot;&quot;,&quot;caption&quot;:&quot;&quot;,&quot;created_timestamp&quot;:&quot;0&quot;,&quot;copyright&quot;:&quot;&quot;,&quot;focal_length&quot;:&quot;0&quot;,&quot;iso&quot;:&quot;0&quot;,&quot;shutter_speed&quot;:&quot;0&quot;,&quot;title&quot;:&quot;&quot;,&quot;orientation&quot;:&quot;1&quot;}\" data-image-title=\"Plakat_sommerfest-23-\" data-image-description=\"\" data-image-caption=\"\" data-large-file=\"https:\/\/i0.wp.com\/www.steenkamper.de\/wp-content\/uploads\/2023\/07\/Plakat_sommerfest-23-.jpeg?fit=725%2C1024&amp;ssl=1\" src=\"https:\/\/i0.wp.com\/www.steenkamper.de\/wp-content\/uploads\/2023\/07\/Plakat_sommerfest-23-.jpeg?resize=725%2C1024&#038;ssl=1\" alt=\"\" class=\"wp-image-23704\" srcset=\"https:\/\/i0.wp.com\/www.steenkamper.de\/wp-content\/uploads\/2023\/07\/Plakat_sommerfest-23-.jpeg?resize=725%2C1024&amp;ssl=1 725w, https:\/\/i0.wp.com\/www.steenkamper.de\/wp-content\/uploads\/2023\/07\/Plakat_sommerfest-23-.jpeg?resize=212%2C300&amp;ssl=1 212w, https:\/\/i0.wp.com\/www.steenkamper.de\/wp-content\/uploads\/2023\/07\/Plakat_sommerfest-23-.jpeg?resize=450%2C635&amp;ssl=1 450w, https:\/\/i0.wp.com\/www.steenkamper.de\/wp-content\/uploads\/2023\/07\/Plakat_sommerfest-23-.jpeg?resize=531%2C750&amp;ssl=1 531w, https:\/\/i0.wp.com\/www.steenkamper.de\/wp-content\/uploads\/2023\/07\/Plakat_sommerfest-23-.jpeg?resize=300%2C424&amp;ssl=1 300w, https:\/\/i0.wp.com\/www.steenkamper.de\/wp-content\/uploads\/2023\/07\/Plakat_sommerfest-23-.jpeg?resize=600%2C847&amp;ssl=1 600w, https:\/\/i0.wp.com\/www.steenkamper.de\/wp-content\/uploads\/2023\/07\/Plakat_sommerfest-23-.jpeg?w=760&amp;ssl=1 760w\" sizes=\"(max-width: 725px) 100vw, 725px\" \/><\/a><\/figure>\n\n\n\n<figure class=\"wp-block-image size-large\"><img data-recalc-dims=\"1\" decoding=\"async\" width=\"724\" height=\"1024\" data-attachment-id=\"23973\" data-permalink=\"https:\/\/www.steenkamper.de\/index.php\/event\/sommerfest-2023\/floh23\/\" data-orig-file=\"https:\/\/i0.wp.com\/www.steenkamper.de\/wp-content\/uploads\/2023\/07\/floh23-scaled.jpg?fit=1810%2C2560&amp;ssl=1\" data-orig-size=\"1810,2560\" data-comments-opened=\"1\" data-image-meta=\"{&quot;aperture&quot;:&quot;0&quot;,&quot;credit&quot;:&quot;&quot;,&quot;camera&quot;:&quot;&quot;,&quot;caption&quot;:&quot;&quot;,&quot;created_timestamp&quot;:&quot;0&quot;,&quot;copyright&quot;:&quot;&quot;,&quot;focal_length&quot;:&quot;0&quot;,&quot;iso&quot;:&quot;0&quot;,&quot;shutter_speed&quot;:&quot;0&quot;,&quot;title&quot;:&quot;&quot;,&quot;orientation&quot;:&quot;0&quot;}\" data-image-title=\"floh23\" data-image-description=\"\" data-image-caption=\"\" data-large-file=\"https:\/\/i0.wp.com\/www.steenkamper.de\/wp-content\/uploads\/2023\/07\/floh23-scaled.jpg?fit=724%2C1024&amp;ssl=1\" src=\"https:\/\/i0.wp.com\/www.steenkamper.de\/wp-content\/uploads\/2023\/07\/floh23.jpg?resize=724%2C1024&#038;ssl=1\" alt=\"\" class=\"wp-image-23973\" srcset=\"https:\/\/i0.wp.com\/www.steenkamper.de\/wp-content\/uploads\/2023\/07\/floh23-scaled.jpg?resize=724%2C1024&amp;ssl=1 724w, https:\/\/i0.wp.com\/www.steenkamper.de\/wp-content\/uploads\/2023\/07\/floh23-scaled.jpg?resize=212%2C300&amp;ssl=1 212w, https:\/\/i0.wp.com\/www.steenkamper.de\/wp-content\/uploads\/2023\/07\/floh23-scaled.jpg?resize=768%2C1086&amp;ssl=1 768w, https:\/\/i0.wp.com\/www.steenkamper.de\/wp-content\/uploads\/2023\/07\/floh23-scaled.jpg?resize=1086%2C1536&amp;ssl=1 1086w, https:\/\/i0.wp.com\/www.steenkamper.de\/wp-content\/uploads\/2023\/07\/floh23-scaled.jpg?resize=1448%2C2048&amp;ssl=1 1448w, https:\/\/i0.wp.com\/www.steenkamper.de\/wp-content\/uploads\/2023\/07\/floh23-scaled.jpg?resize=450%2C636&amp;ssl=1 450w, https:\/\/i0.wp.com\/www.steenkamper.de\/wp-content\/uploads\/2023\/07\/floh23-scaled.jpg?resize=530%2C750&amp;ssl=1 530w, https:\/\/i0.wp.com\/www.steenkamper.de\/wp-content\/uploads\/2023\/07\/floh23-scaled.jpg?resize=300%2C424&amp;ssl=1 300w, https:\/\/i0.wp.com\/www.steenkamper.de\/wp-content\/uploads\/2023\/07\/floh23-scaled.jpg?resize=600%2C848&amp;ssl=1 600w, https:\/\/i0.wp.com\/www.steenkamper.de\/wp-content\/uploads\/2023\/07\/floh23-scaled.jpg?w=1810&amp;ssl=1 1810w, https:\/\/i0.wp.com\/www.steenkamper.de\/wp-content\/uploads\/2023\/07\/floh23-scaled.jpg?w=1500&amp;ssl=1 1500w\" sizes=\"(max-width: 724px) 100vw, 724px\" \/><\/figure>\n","protected":false},"excerpt":{"rendered":"<p>Musikprogramm auf der Vogelweide: Samstag 2.9.202314:00 &#8211; 15:00 PedrusKonfusus Sch\u00fclerband vom L.M. Gymnasium15:00 &#8211; 15:30 Pause\/DJ15:30 &#8211; 16:30 Jonah Gitarre und Gesang (ca. 5-10 Songs)16:30 17:00 Pause\/DJ17:00 &#8211; 18:00 Reu&#8230; <\/p>\n<p><a class=\"teaser-more\" href=\"https:\/\/www.steenkamper.de\/index.php\/2023\/08\/26\/sommerfest-2023-programm\/\">weiter lesen<\/a><\/p>\n","protected":false},"author":6,"featured_media":23991,"comment_status":"open","ping_status":"open","sticky":false,"template":"","format":"standard","meta":{"_acf_changed":false,"_price":"","_stock":"","_tribe_ticket_header":"","_tribe_default_ticket_provider":"","_tribe_ticket_capacity":"0","_ticket_start_date":"","_ticket_end_date":"","_tribe_ticket_show_description":"","_tribe_ticket_show_not_going":false,"_tribe_ticket_use_global_stock":"","_tribe_ticket_global_stock_level":"","_global_stock_mode":"","_global_stock_cap":"","_tribe_rsvp_for_event":"","_tribe_ticket_going_count":"","_tribe_ticket_not_going_count":"","_tribe_tickets_list":"[]","_tribe_ticket_has_attendee_info_fields":false,"jetpack_post_was_ever_published":false,"_jetpack_newsletter_access":"","_jetpack_dont_email_post_to_subs":false,"_jetpack_newsletter_tier_id":0,"_jetpack_memberships_contains_paywalled_content":false,"_jetpack_memberships_contains_paid_content":false,"footnotes":"","jetpack_publicize_message":"","jetpack_publicize_feature_enabled":true,"jetpack_social_post_already_shared":true,"jetpack_social_options":{"image_generator_settings":{"template":"highway","default_image_id":0,"font":"","enabled":false},"version":2}},"categories":[3,104],"tags":[],"class_list":["post-23990","post","type-post","status-publish","format-standard","has-post-thumbnail","hentry","category-allgemein","category-sommerfest"],"acf":[],"jetpack_publicize_connections":[],"jetpack_featured_media_url":"https:\/\/i0.wp.com\/www.steenkamper.de\/wp-content\/uploads\/2023\/08\/sommerfest-steenkamper2.jpg?fit=692%2C547&ssl=1","jetpack_sharing_enabled":true,"jetpack_shortlink":"https:\/\/wp.me\/p74Wuo-6eW","jetpack_likes_enabled":true,"jetpack-related-posts":[{"id":6931,"url":"https:\/\/www.steenkamper.de\/index.php\/2018\/08\/24\/buehnenprogramm-sommerfest\/","url_meta":{"origin":23990,"position":0},"title":"B\u00fchnenprogramm Sommerfest","author":"Max","date":"24\/08\/2018","format":false,"excerpt":"Programm Samstag 01.09.2018 \u00a0 \u00a0 \u00a0 von bis Programm Bemerkung 14:00 14:30 Klopfen und Kl\u00f6tern Trommelgruppe 14:30 15:30 Theo Hansen Combo Jazz Quartett (Camper van Steen) 15:30 16:00 Hip-Hop Tanzgruppe ca. 10 Minuten Tanzprogramm 16:00 17:00 Echolot Chanson Jazz Folk (Trio) 17:00 18:30 Reu Bruhn Combo 18:30 20:00 Nicola Mara\u2026","rel":"","context":"In &quot;Sommerfest&quot;","block_context":{"text":"Sommerfest","link":"https:\/\/www.steenkamper.de\/index.php\/category\/sommerfest\/"},"img":{"alt_text":"","src":"https:\/\/i0.wp.com\/www.steenkamper.de\/wp-content\/uploads\/2017\/09\/IMG_0140.jpg?fit=1200%2C900&ssl=1&resize=350%2C200","width":350,"height":200,"srcset":"https:\/\/i0.wp.com\/www.steenkamper.de\/wp-content\/uploads\/2017\/09\/IMG_0140.jpg?fit=1200%2C900&ssl=1&resize=350%2C200 1x, https:\/\/i0.wp.com\/www.steenkamper.de\/wp-content\/uploads\/2017\/09\/IMG_0140.jpg?fit=1200%2C900&ssl=1&resize=525%2C300 1.5x, https:\/\/i0.wp.com\/www.steenkamper.de\/wp-content\/uploads\/2017\/09\/IMG_0140.jpg?fit=1200%2C900&ssl=1&resize=700%2C400 2x, https:\/\/i0.wp.com\/www.steenkamper.de\/wp-content\/uploads\/2017\/09\/IMG_0140.jpg?fit=1200%2C900&ssl=1&resize=1050%2C600 3x"},"classes":[]},{"id":23345,"url":"https:\/\/www.steenkamper.de\/index.php\/2023\/05\/26\/musikerinnen-kuenstlerinnen-fuer-das-sommerfest-gesucht\/","url_meta":{"origin":23990,"position":1},"title":"Musikerinnen \/ K\u00fcnstlerinnen f\u00fcr das Sommerfest gesucht!","author":"Max","date":"26\/05\/2023","format":false,"excerpt":"F\u00fcr unser Sommerfest 2023 suchen wir wieder Steenkamp -Talente! F\u00fcr unser diesj\u00e4hriges Steenkamp-Sommerfest am 2. & 3. September suchen wir wieder K\u00fcnstler aller Art, die Lust haben, etwas auf unserer kleinen B\u00fchne aufzuf\u00fchren. Es sind noch Zeitfenster frei!Von klein bis gro\u00df von Blockfl\u00f6tenspiel bis Rock-Band oder Hip-Hop-Tanz bis Zauberei, alles\u2026","rel":"","context":"In &quot;Allgemein&quot;","block_context":{"text":"Allgemein","link":"https:\/\/www.steenkamper.de\/index.php\/category\/allgemein\/"},"img":{"alt_text":"","src":"https:\/\/i0.wp.com\/www.steenkamper.de\/wp-content\/uploads\/2022\/10\/3F1BD513-475E-4777-9B1F-B2246D977825.jpg?fit=1200%2C900&ssl=1&resize=350%2C200","width":350,"height":200,"srcset":"https:\/\/i0.wp.com\/www.steenkamper.de\/wp-content\/uploads\/2022\/10\/3F1BD513-475E-4777-9B1F-B2246D977825.jpg?fit=1200%2C900&ssl=1&resize=350%2C200 1x, https:\/\/i0.wp.com\/www.steenkamper.de\/wp-content\/uploads\/2022\/10\/3F1BD513-475E-4777-9B1F-B2246D977825.jpg?fit=1200%2C900&ssl=1&resize=525%2C300 1.5x, https:\/\/i0.wp.com\/www.steenkamper.de\/wp-content\/uploads\/2022\/10\/3F1BD513-475E-4777-9B1F-B2246D977825.jpg?fit=1200%2C900&ssl=1&resize=700%2C400 2x, https:\/\/i0.wp.com\/www.steenkamper.de\/wp-content\/uploads\/2022\/10\/3F1BD513-475E-4777-9B1F-B2246D977825.jpg?fit=1200%2C900&ssl=1&resize=1050%2C600 3x"},"classes":[]},{"id":27302,"url":"https:\/\/www.steenkamper.de\/index.php\/2024\/04\/10\/musikerinnen-kuenstlerinnen-fuer-das-sommerfest-2024-gesucht\/","url_meta":{"origin":23990,"position":2},"title":"Musiker*innen \/ K\u00fcnstler*innen f\u00fcr das Sommerfest 2024 gesucht!","author":"Max","date":"10\/04\/2024","format":false,"excerpt":"F\u00fcr unser Sommerfest 2024 suchen wir wieder Steenkamp -Talente!F\u00fcr unser diesj\u00e4hriges Steenkamp-Sommerfest am 7. & 8. September suchen wir wieder K\u00fcnstler aller Art, die Lust haben, etwas auf unserer kleinen B\u00fchne aufzuf\u00fchren. Es sind noch Zeitfenster frei!Von klein bis gro\u00df, von Blockfl\u00f6tenspiel bis Rock-Band oder Hip-Hop-Tanz bis Zauberei, alles ist\u2026","rel":"","context":"In &quot;Allgemein&quot;","block_context":{"text":"Allgemein","link":"https:\/\/www.steenkamper.de\/index.php\/category\/allgemein\/"},"img":{"alt_text":"","src":"https:\/\/i0.wp.com\/www.steenkamper.de\/wp-content\/uploads\/2022\/10\/12F86552-0B89-4171-B018-3DFC4F94C915.jpg?fit=1200%2C900&ssl=1&resize=350%2C200","width":350,"height":200,"srcset":"https:\/\/i0.wp.com\/www.steenkamper.de\/wp-content\/uploads\/2022\/10\/12F86552-0B89-4171-B018-3DFC4F94C915.jpg?fit=1200%2C900&ssl=1&resize=350%2C200 1x, https:\/\/i0.wp.com\/www.steenkamper.de\/wp-content\/uploads\/2022\/10\/12F86552-0B89-4171-B018-3DFC4F94C915.jpg?fit=1200%2C900&ssl=1&resize=525%2C300 1.5x, https:\/\/i0.wp.com\/www.steenkamper.de\/wp-content\/uploads\/2022\/10\/12F86552-0B89-4171-B018-3DFC4F94C915.jpg?fit=1200%2C900&ssl=1&resize=700%2C400 2x, https:\/\/i0.wp.com\/www.steenkamper.de\/wp-content\/uploads\/2022\/10\/12F86552-0B89-4171-B018-3DFC4F94C915.jpg?fit=1200%2C900&ssl=1&resize=1050%2C600 3x"},"classes":[]},{"id":10257,"url":"https:\/\/www.steenkamper.de\/index.php\/2020\/03\/01\/musiker-gesucht-2\/","url_meta":{"origin":23990,"position":3},"title":"Musiker gesucht","author":"Max","date":"01\/03\/2020","format":false,"excerpt":"Musikprogramm Sommerfest 2020 F\u00fcr unser Sommerfest 2020 suchen wir wieder Steenkamp -Talente! F\u00fcr unser diesj\u00e4hriges Steenkamp-Sommerfest am 5.&6. September suchen wir wieder K\u00fcnstler aller Art, die Lust haben, etwas auf unserer kleinen B\u00fchne aufzuf\u00fchren. Von klein bis gro\u00df von Blockfl\u00f6tenspiel bis Rock-Band oder Hip-Hop-Tanz bis Zauberei, alles ist erlaubt. Da\u2026","rel":"","context":"In &quot;Allgemein&quot;","block_context":{"text":"Allgemein","link":"https:\/\/www.steenkamper.de\/index.php\/category\/allgemein\/"},"img":{"alt_text":"","src":"https:\/\/i0.wp.com\/www.steenkamper.de\/wp-content\/uploads\/2017\/09\/IMG_0140.jpg?fit=1200%2C900&ssl=1&resize=350%2C200","width":350,"height":200,"srcset":"https:\/\/i0.wp.com\/www.steenkamper.de\/wp-content\/uploads\/2017\/09\/IMG_0140.jpg?fit=1200%2C900&ssl=1&resize=350%2C200 1x, https:\/\/i0.wp.com\/www.steenkamper.de\/wp-content\/uploads\/2017\/09\/IMG_0140.jpg?fit=1200%2C900&ssl=1&resize=525%2C300 1.5x, https:\/\/i0.wp.com\/www.steenkamper.de\/wp-content\/uploads\/2017\/09\/IMG_0140.jpg?fit=1200%2C900&ssl=1&resize=700%2C400 2x, https:\/\/i0.wp.com\/www.steenkamper.de\/wp-content\/uploads\/2017\/09\/IMG_0140.jpg?fit=1200%2C900&ssl=1&resize=1050%2C600 3x"},"classes":[]},{"id":7771,"url":"https:\/\/www.steenkamper.de\/index.php\/2019\/02\/19\/musiker-gesucht\/","url_meta":{"origin":23990,"position":4},"title":"Musiker gesucht","author":"Max","date":"19\/02\/2019","format":false,"excerpt":"Sommerfest 2019... der Sommer naht! Nur noch 200 Tage!!!F\u00fcr unser Sommerfest 2019 suchen wir wieder Steenkamp -Talente! F\u00fcr unser diesj\u00e4hriges Steenkamp-Sommerfest am 7. & 8. September suchen wir wieder K\u00fcnstler aller Art, die Lust haben, etwas auf unserer kleinen B\u00fchne aufzuf\u00fchren. Sehr gerne w\u00fcrden wir den Anteil an K\u00fcnstlern aus\u2026","rel":"","context":"In &quot;Planungen&quot;","block_context":{"text":"Planungen","link":"https:\/\/www.steenkamper.de\/index.php\/category\/planungen\/"},"img":{"alt_text":"","src":"https:\/\/i0.wp.com\/www.steenkamper.de\/wp-content\/uploads\/2017\/09\/IMG_0140.jpg?fit=1200%2C900&ssl=1&resize=350%2C200","width":350,"height":200,"srcset":"https:\/\/i0.wp.com\/www.steenkamper.de\/wp-content\/uploads\/2017\/09\/IMG_0140.jpg?fit=1200%2C900&ssl=1&resize=350%2C200 1x, https:\/\/i0.wp.com\/www.steenkamper.de\/wp-content\/uploads\/2017\/09\/IMG_0140.jpg?fit=1200%2C900&ssl=1&resize=525%2C300 1.5x, https:\/\/i0.wp.com\/www.steenkamper.de\/wp-content\/uploads\/2017\/09\/IMG_0140.jpg?fit=1200%2C900&ssl=1&resize=700%2C400 2x, https:\/\/i0.wp.com\/www.steenkamper.de\/wp-content\/uploads\/2017\/09\/IMG_0140.jpg?fit=1200%2C900&ssl=1&resize=1050%2C600 3x"},"classes":[]},{"id":6511,"url":"https:\/\/www.steenkamper.de\/index.php\/2018\/05\/29\/sommerfest-2018\/","url_meta":{"origin":23990,"position":5},"title":"Sommerfest 2018","author":"Max","date":"29\/05\/2018","format":false,"excerpt":"Liebe Nachbarn, f\u00fcr unser diesj\u00e4hriges Steenkamp Sommerfest am 1. und 2. September w\u00fcrden wir gerne das Unterhaltungsprogramm erweitern. Hierf\u00fcr suchen wir K\u00fcnstler aller Art, die Lust haben etwas auf einer kleinen B\u00fchne aufzuf\u00fchren. Idealerweise bekommen wir ein durchg\u00e4ngiges Unterhaltungsprogramm f\u00fcr das Wochenende zusammen. Von klein bis gro\u00df von Blockfl\u00f6tenspiel bis\u2026","rel":"","context":"In &quot;Nachbarschaft&quot;","block_context":{"text":"Nachbarschaft","link":"https:\/\/www.steenkamper.de\/index.php\/category\/nachbarschaft\/"},"img":{"alt_text":"","src":"","width":0,"height":0},"classes":[]}],"_links":{"self":[{"href":"https:\/\/www.steenkamper.de\/index.php\/wp-json\/wp\/v2\/posts\/23990","targetHints":{"allow":["GET"]}}],"collection":[{"href":"https:\/\/www.steenkamper.de\/index.php\/wp-json\/wp\/v2\/posts"}],"about":[{"href":"https:\/\/www.steenkamper.de\/index.php\/wp-json\/wp\/v2\/types\/post"}],"author":[{"embeddable":true,"href":"https:\/\/www.steenkamper.de\/index.php\/wp-json\/wp\/v2\/users\/6"}],"replies":[{"embeddable":true,"href":"https:\/\/www.steenkamper.de\/index.php\/wp-json\/wp\/v2\/comments?post=23990"}],"version-history":[{"count":9,"href":"https:\/\/www.steenkamper.de\/index.php\/wp-json\/wp\/v2\/posts\/23990\/revisions"}],"predecessor-version":[{"id":24069,"href":"https:\/\/www.steenkamper.de\/index.php\/wp-json\/wp\/v2\/posts\/23990\/revisions\/24069"}],"wp:featuredmedia":[{"embeddable":true,"href":"https:\/\/www.steenkamper.de\/index.php\/wp-json\/wp\/v2\/media\/23991"}],"wp:attachment":[{"href":"https:\/\/www.steenkamper.de\/index.php\/wp-json\/wp\/v2\/media?parent=23990"}],"wp:term":[{"taxonomy":"category","embeddable":true,"href":"https:\/\/www.steenkamper.de\/index.php\/wp-json\/wp\/v2\/categories?post=23990"},{"taxonomy":"post_tag","embeddable":true,"href":"https:\/\/www.steenkamper.de\/index.php\/wp-json\/wp\/v2\/tags?post=23990"}],"curies":[{"name":"wp","href":"https:\/\/api.w.org\/{rel}","templated":true}]}}