{"id":23868,"date":"2023-09-07T21:23:42","date_gmt":"2023-09-07T19:23:42","guid":{"rendered":"https:\/\/www.steenkamper.de\/?p=23868"},"modified":"2023-09-07T21:23:55","modified_gmt":"2023-09-07T19:23:55","slug":"waldfestival","status":"publish","type":"post","link":"https:\/\/www.steenkamper.de\/index.php\/2023\/09\/07\/waldfestival\/","title":{"rendered":"\u00a0WALDFESTIVAL"},"content":{"rendered":"\n<p>am Samstag, den 9.9. im Altonaer Volkspark. <br \/><br \/>Der Heilgarten im Volkspark feiert ein WALDFESTIVAL: <br \/>Wenn Du der Musik lauschst und Leckeres vom (Kr\u00e4uter-)Buffet verspeist. Wenn Du Dich beim Bogenschie\u00dfen, Yoga oder Thai Chi fokussierst. Wenn Du Parkm\u00f6bel baust und Blumen pflanzt. Wenn Du losl\u00e4sst, bei einer Massage, beim Singen, am Feuer oder im Herbstritual. Und wenn Du lernst, wie man im Wald ein Planenzelt errichtet oder wie welche Pilze wirken.&nbsp;<\/p>\n\n\n\n<p>Kurz: Wenn Du an einem Nachmittag reichlich viel Freude haben m\u00f6chtest, notiere den Termin. Das komplette Programm mit allen Angeboten und Uhrzeiten erh\u00e4ltst Du in zwei Wochen.&nbsp;<\/p>\n\n\n\n<p>Heilgarten-Team&nbsp;<br \/>heilende Stadt e.V.<br \/>Grindelhof 62<br \/>20146 Hamburg<br \/>Fon 040 432 08 300<br \/>info[at]<a href=\"http:\/\/heilendestadt.de\/\">heilendestadt.de<\/a><\/p>\n\n\n\n<p><a href=\"http:\/\/www.heilendestadt.de\/\">www.heilendestadt.de<\/a><\/p>\n\n\n\n<figure class=\"wp-block-image size-full\"><img data-recalc-dims=\"1\" fetchpriority=\"high\" decoding=\"async\" width=\"10523\" height=\"14899\" data-attachment-id=\"23869\" data-permalink=\"https:\/\/www.steenkamper.de\/index.php\/2023\/09\/07\/waldfestival\/waldfest_2023\/\" data-orig-file=\"https:\/\/i0.wp.com\/www.steenkamper.de\/wp-content\/uploads\/2023\/08\/Waldfest_2023.jpg?fit=10523%2C14899&amp;ssl=1\" data-orig-size=\"10523,14899\" data-comments-opened=\"1\" data-image-meta=\"{&quot;aperture&quot;:&quot;0&quot;,&quot;credit&quot;:&quot;&quot;,&quot;camera&quot;:&quot;&quot;,&quot;caption&quot;:&quot;&quot;,&quot;created_timestamp&quot;:&quot;0&quot;,&quot;copyright&quot;:&quot;&quot;,&quot;focal_length&quot;:&quot;0&quot;,&quot;iso&quot;:&quot;0&quot;,&quot;shutter_speed&quot;:&quot;0&quot;,&quot;title&quot;:&quot;&quot;,&quot;orientation&quot;:&quot;0&quot;}\" data-image-title=\"Waldfest_2023\" data-image-description=\"\" data-image-caption=\"\" data-large-file=\"https:\/\/i0.wp.com\/www.steenkamper.de\/wp-content\/uploads\/2023\/08\/Waldfest_2023.jpg?fit=723%2C1024&amp;ssl=1\" src=\"https:\/\/i0.wp.com\/www.steenkamper.de\/wp-content\/uploads\/2023\/08\/Waldfest_2023.jpg?resize=10523%2C14899&#038;ssl=1\" alt=\"\" class=\"wp-image-23869\"\/><\/figure>\n","protected":false},"excerpt":{"rendered":"<p>am Samstag, den 9.9. im Altonaer Volkspark. Der Heilgarten im Volkspark feiert ein WALDFESTIVAL: Wenn Du der Musik lauschst und Leckeres vom (Kr\u00e4uter-)Buffet verspeist. Wenn Du Dich beim Bogenschie\u00dfen, Yoga [&hellip;]<\/p>\n","protected":false},"author":6,"featured_media":23870,"comment_status":"open","ping_status":"open","sticky":false,"template":"","format":"standard","meta":{"_acf_changed":false,"site-sidebar-layout":"default","site-content-layout":"","ast-site-content-layout":"default","site-content-style":"default","site-sidebar-style":"default","ast-global-header-display":"","ast-banner-title-visibility":"","ast-main-header-display":"","ast-hfb-above-header-display":"","ast-hfb-below-header-display":"","ast-hfb-mobile-header-display":"","site-post-title":"","ast-breadcrumbs-content":"","ast-featured-img":"","footer-sml-layout":"","ast-disable-related-posts":"","theme-transparent-header-meta":"","adv-header-id-meta":"","stick-header-meta":"","header-above-stick-meta":"","header-main-stick-meta":"","header-below-stick-meta":"","astra-migrate-meta-layouts":"default","ast-page-background-enabled":"default","ast-page-background-meta":{"desktop":{"background-color":"var(--ast-global-color-5)","background-image":"","background-repeat":"repeat","background-position":"center center","background-size":"auto","background-attachment":"scroll","background-type":"","background-media":"","overlay-type":"","overlay-color":"","overlay-opacity":"","overlay-gradient":""},"tablet":{"background-color":"","background-image":"","background-repeat":"repeat","background-position":"center center","background-size":"auto","background-attachment":"scroll","background-type":"","background-media":"","overlay-type":"","overlay-color":"","overlay-opacity":"","overlay-gradient":""},"mobile":{"background-color":"","background-image":"","background-repeat":"repeat","background-position":"center center","background-size":"auto","background-attachment":"scroll","background-type":"","background-media":"","overlay-type":"","overlay-color":"","overlay-opacity":"","overlay-gradient":""}},"ast-content-background-meta":{"desktop":{"background-color":"var(--ast-global-color-4)","background-image":"","background-repeat":"repeat","background-position":"center center","background-size":"auto","background-attachment":"scroll","background-type":"","background-media":"","overlay-type":"","overlay-color":"","overlay-opacity":"","overlay-gradient":""},"tablet":{"background-color":"var(--ast-global-color-4)","background-image":"","background-repeat":"repeat","background-position":"center center","background-size":"auto","background-attachment":"scroll","background-type":"","background-media":"","overlay-type":"","overlay-color":"","overlay-opacity":"","overlay-gradient":""},"mobile":{"background-color":"var(--ast-global-color-4)","background-image":"","background-repeat":"repeat","background-position":"center center","background-size":"auto","background-attachment":"scroll","background-type":"","background-media":"","overlay-type":"","overlay-color":"","overlay-opacity":"","overlay-gradient":""}},"_price":"","_stock":"","_tribe_ticket_header":"","_tribe_default_ticket_provider":"","_tribe_ticket_capacity":"0","_ticket_start_date":"","_ticket_end_date":"","_tribe_ticket_show_description":"","_tribe_ticket_show_not_going":false,"_tribe_ticket_use_global_stock":"","_tribe_ticket_global_stock_level":"","_global_stock_mode":"","_global_stock_cap":"","_tribe_rsvp_for_event":"","_tribe_ticket_going_count":"","_tribe_ticket_not_going_count":"","_tribe_tickets_list":"[]","_tribe_ticket_has_attendee_info_fields":false,"jetpack_post_was_ever_published":true,"_jetpack_newsletter_access":"","_jetpack_dont_email_post_to_subs":false,"_jetpack_newsletter_tier_id":0,"_jetpack_memberships_contains_paywalled_content":false,"_jetpack_memberships_contains_paid_content":false,"footnotes":"","jetpack_publicize_message":"","jetpack_publicize_feature_enabled":true,"jetpack_social_post_already_shared":true,"jetpack_social_options":{"image_generator_settings":{"template":"highway","default_image_id":0,"font":"","enabled":false},"version":2}},"categories":[33,6,107],"tags":[],"class_list":["post-23868","post","type-post","status-publish","format-standard","has-post-thumbnail","hentry","category-garten","category-nachbarschaft","category-umweltschutz"],"acf":[],"jetpack_publicize_connections":[],"jetpack_featured_media_url":"https:\/\/i0.wp.com\/www.steenkamper.de\/wp-content\/uploads\/2023\/08\/WaldfestKL.png?fit=9729%2C4523&ssl=1","jetpack_sharing_enabled":true,"jetpack_shortlink":"https:\/\/wp.me\/p74Wuo-6cY","jetpack_likes_enabled":true,"jetpack-related-posts":[{"id":25991,"url":"https:\/\/www.steenkamper.de\/index.php\/2024\/02\/18\/heilgarten-im-volkspark-2\/","url_meta":{"origin":23868,"position":0},"title":"Heilgarten im Volkspark","author":"Max","date":"18\/02\/2024","format":false,"excerpt":"Der Heilgarten e.V. informiert: Liebe Freundin, lieber Freund des Heilgartens, wie sollen die Gr\u00fcn- und Freifl\u00e4chen im Heilgarten gestaltet werden? Wir laden dich herzlich ein zum Planungsworkshop am Donnerstag, den 29. Februar 2024 von 16.30 bis 19 Uhr. Der Hintergrund: Wir haben gemeinsam mit dem Verein Heckenretter e.V. 14.000 Euro\u2026","rel":"","context":"In &quot;Allgemein&quot;","block_context":{"text":"Allgemein","link":"https:\/\/www.steenkamper.de\/index.php\/category\/allgemein\/"},"img":{"alt_text":"","src":"https:\/\/i0.wp.com\/www.steenkamper.de\/wp-content\/uploads\/2024\/02\/img_5129.jpg?fit=1200%2C591&ssl=1&resize=350%2C200","width":350,"height":200,"srcset":"https:\/\/i0.wp.com\/www.steenkamper.de\/wp-content\/uploads\/2024\/02\/img_5129.jpg?fit=1200%2C591&ssl=1&resize=350%2C200 1x, https:\/\/i0.wp.com\/www.steenkamper.de\/wp-content\/uploads\/2024\/02\/img_5129.jpg?fit=1200%2C591&ssl=1&resize=525%2C300 1.5x, https:\/\/i0.wp.com\/www.steenkamper.de\/wp-content\/uploads\/2024\/02\/img_5129.jpg?fit=1200%2C591&ssl=1&resize=700%2C400 2x, https:\/\/i0.wp.com\/www.steenkamper.de\/wp-content\/uploads\/2024\/02\/img_5129.jpg?fit=1200%2C591&ssl=1&resize=1050%2C600 3x"},"classes":[]},{"id":22615,"url":"https:\/\/www.steenkamper.de\/index.php\/2023\/03\/20\/heilgarten-im-volkspark\/","url_meta":{"origin":23868,"position":1},"title":"\u201eHeilgarten\u201c im Volkspark","author":"Max","date":"20\/03\/2023","format":false,"excerpt":"Mitten im Altonaer Volkspark baut der Verein \u201eheilende Stadt e.V.\u201c mit vielen Aktiven gemeinschaftlich den \u201eHeilgarten Hamburg\u201c auf. Auf dem rund 1.600 Quadratmeter gro\u00dfen Areal des ehemaligen Betriebshofes im Altonaer Volkspark (August-Kirch-Stra\u00dfe 55) entsteht nun der \u201eHeilgarten Hamburg\u201c. Der Verein baut den Heilgarten selbstorganisiert und ko-kreativ mit allen Interessierten auf\u2026","rel":"","context":"In &quot;Garten&quot;","block_context":{"text":"Garten","link":"https:\/\/www.steenkamper.de\/index.php\/category\/garten\/"},"img":{"alt_text":"","src":"https:\/\/i0.wp.com\/www.steenkamper.de\/wp-content\/uploads\/2023\/02\/img_5419.jpg?fit=800%2C446&ssl=1&resize=350%2C200","width":350,"height":200,"srcset":"https:\/\/i0.wp.com\/www.steenkamper.de\/wp-content\/uploads\/2023\/02\/img_5419.jpg?fit=800%2C446&ssl=1&resize=350%2C200 1x, https:\/\/i0.wp.com\/www.steenkamper.de\/wp-content\/uploads\/2023\/02\/img_5419.jpg?fit=800%2C446&ssl=1&resize=525%2C300 1.5x, https:\/\/i0.wp.com\/www.steenkamper.de\/wp-content\/uploads\/2023\/02\/img_5419.jpg?fit=800%2C446&ssl=1&resize=700%2C400 2x"},"classes":[]},{"id":28729,"url":"https:\/\/www.steenkamper.de\/index.php\/2024\/09\/21\/waldfestival-heilgarten-altonaer-volksparksave-am-sa-21-9-2024\/","url_meta":{"origin":23868,"position":2},"title":"WALDFESTIVAL HEILGARTEN \u2013 ALTONAER VOLKSPARK am Sa., 21.9.2024","author":"Max","date":"21\/09\/2024","format":false,"excerpt":"","rel":"","context":"In &quot;Allgemein&quot;","block_context":{"text":"Allgemein","link":"https:\/\/www.steenkamper.de\/index.php\/category\/allgemein\/"},"img":{"alt_text":"","src":"https:\/\/i0.wp.com\/www.steenkamper.de\/wp-content\/uploads\/2024\/09\/img_2469-1.jpg?fit=727%2C519&ssl=1&resize=350%2C200","width":350,"height":200,"srcset":"https:\/\/i0.wp.com\/www.steenkamper.de\/wp-content\/uploads\/2024\/09\/img_2469-1.jpg?fit=727%2C519&ssl=1&resize=350%2C200 1x, https:\/\/i0.wp.com\/www.steenkamper.de\/wp-content\/uploads\/2024\/09\/img_2469-1.jpg?fit=727%2C519&ssl=1&resize=525%2C300 1.5x, https:\/\/i0.wp.com\/www.steenkamper.de\/wp-content\/uploads\/2024\/09\/img_2469-1.jpg?fit=727%2C519&ssl=1&resize=700%2C400 2x"},"classes":[]},{"id":29303,"url":"https:\/\/www.steenkamper.de\/index.php\/2025\/04\/24\/29303\/","url_meta":{"origin":23868,"position":3},"title":"Heilgarten Er\u00f6ffnung","author":"Max","date":"24\/04\/2025","format":false,"excerpt":"Am Freitag, den 25.4.\ud83c\udf1e, feiert der \u201eHeilgarten\u201c (im Volkspark) mit Euch und der Bezirksamtsleiterin ab 14.30h die gro\u00dfe Er\u00f6ffnung. 15.00h Gru\u00dfwort: Dr. Stefanie von Berg, Bezirksamtsleiterin Altona15.10h F\u00fchrung: Eine Vision nimmt Gestalt an 15.30h Input: Den Heilgarten mieten,nutzen, f\u00f6rdern15.45h Feuerstelle mit Healing Soup & StockbrotGitarren-Duo Komorebi Bogenschie\u00dfen mit der Erlebniswerfttaichi\u2026","rel":"","context":"In &quot;Allgemein&quot;","block_context":{"text":"Allgemein","link":"https:\/\/www.steenkamper.de\/index.php\/category\/allgemein\/"},"img":{"alt_text":"","src":"https:\/\/i0.wp.com\/www.steenkamper.de\/wp-content\/uploads\/2025\/04\/img_4666-1.jpg?fit=553%2C691&ssl=1&resize=350%2C200","width":350,"height":200,"srcset":"https:\/\/i0.wp.com\/www.steenkamper.de\/wp-content\/uploads\/2025\/04\/img_4666-1.jpg?fit=553%2C691&ssl=1&resize=350%2C200 1x, https:\/\/i0.wp.com\/www.steenkamper.de\/wp-content\/uploads\/2025\/04\/img_4666-1.jpg?fit=553%2C691&ssl=1&resize=525%2C300 1.5x"},"classes":[]},{"id":28457,"url":"https:\/\/www.steenkamper.de\/index.php\/2024\/06\/27\/bahrenfelder-gespraeche-moderiertes-picknick-im-volkspark\/","url_meta":{"origin":23868,"position":4},"title":"Bahrenfelder Gespr\u00e4che -Moderiertes Picknick im Volkspark","author":"Max","date":"27\/06\/2024","format":false,"excerpt":"Das Quartiersmanagement Bahrenfeld, Q8 altona und das Bezirksamt Altona laden ein: Montag, 1. Juli um 18:00 Uhr Bei gutem Wetter: Auf der Spiel- und Liegewiese im Volkspark Bei Regen: Im Heilgarten Hamburg, August-Kirch-Stra\u00dfe 55 Bahrenfeld ist ein Stadtteil, in dem seit Jahren viele gefl\u00fcchtete Menschen leben. Ankn\u00fcpfend an die Auftaktveranstaltung\u2026","rel":"","context":"In &quot;Fl\u00fcchtlingsunterst\u00fctzung&quot;","block_context":{"text":"Fl\u00fcchtlingsunterst\u00fctzung","link":"https:\/\/www.steenkamper.de\/index.php\/category\/fluchtlingsunterstutzung\/"},"img":{"alt_text":"","src":"https:\/\/i0.wp.com\/www.steenkamper.de\/wp-content\/uploads\/2024\/06\/BahrenfelderGrespraeche-1.jpg?fit=898%2C483&ssl=1&resize=350%2C200","width":350,"height":200,"srcset":"https:\/\/i0.wp.com\/www.steenkamper.de\/wp-content\/uploads\/2024\/06\/BahrenfelderGrespraeche-1.jpg?fit=898%2C483&ssl=1&resize=350%2C200 1x, https:\/\/i0.wp.com\/www.steenkamper.de\/wp-content\/uploads\/2024\/06\/BahrenfelderGrespraeche-1.jpg?fit=898%2C483&ssl=1&resize=525%2C300 1.5x, https:\/\/i0.wp.com\/www.steenkamper.de\/wp-content\/uploads\/2024\/06\/BahrenfelderGrespraeche-1.jpg?fit=898%2C483&ssl=1&resize=700%2C400 2x"},"classes":[]},{"id":2253,"url":"https:\/\/www.steenkamper.de\/index.php\/2016\/07\/03\/praesentation-wettbewerb-wohnen-am-volkspark\/","url_meta":{"origin":23868,"position":5},"title":"Pr\u00e4sentation Wettbewerb \u201eWohnen am Volkspark\u201c","author":"Max","date":"03\/07\/2016","format":false,"excerpt":"zweite Stufe des Wettbewerbs \u201eWohnen am Volkspark\u201c (Bebauung Trabrennbahn) durch die Jury ausgew\u00e4hlt - Die Pr\u00e4sentation findet statt: Montag, 4. Juli 2016 \u00a017.30 Uhr bis ca. 20.30 Uhr in der Stadtteilschule Bahrenfeld, Regerstra\u00dfe 21-25, 22761 Hamburg \u00a0Die Veranstaltung ist \u00f6ffentlich. Zur besseren organisatorischen Vorbereitung w\u00fcrden wir uns freuen, wenn Sie\u2026","rel":"","context":"In &quot;Allgemein&quot;","block_context":{"text":"Allgemein","link":"https:\/\/www.steenkamper.de\/index.php\/category\/allgemein\/"},"img":{"alt_text":"","src":"","width":0,"height":0},"classes":[]}],"_links":{"self":[{"href":"https:\/\/www.steenkamper.de\/index.php\/wp-json\/wp\/v2\/posts\/23868","targetHints":{"allow":["GET"]}}],"collection":[{"href":"https:\/\/www.steenkamper.de\/index.php\/wp-json\/wp\/v2\/posts"}],"about":[{"href":"https:\/\/www.steenkamper.de\/index.php\/wp-json\/wp\/v2\/types\/post"}],"author":[{"embeddable":true,"href":"https:\/\/www.steenkamper.de\/index.php\/wp-json\/wp\/v2\/users\/6"}],"replies":[{"embeddable":true,"href":"https:\/\/www.steenkamper.de\/index.php\/wp-json\/wp\/v2\/comments?post=23868"}],"version-history":[{"count":4,"href":"https:\/\/www.steenkamper.de\/index.php\/wp-json\/wp\/v2\/posts\/23868\/revisions"}],"predecessor-version":[{"id":24115,"href":"https:\/\/www.steenkamper.de\/index.php\/wp-json\/wp\/v2\/posts\/23868\/revisions\/24115"}],"wp:featuredmedia":[{"embeddable":true,"href":"https:\/\/www.steenkamper.de\/index.php\/wp-json\/wp\/v2\/media\/23870"}],"wp:attachment":[{"href":"https:\/\/www.steenkamper.de\/index.php\/wp-json\/wp\/v2\/media?parent=23868"}],"wp:term":[{"taxonomy":"category","embeddable":true,"href":"https:\/\/www.steenkamper.de\/index.php\/wp-json\/wp\/v2\/categories?post=23868"},{"taxonomy":"post_tag","embeddable":true,"href":"https:\/\/www.steenkamper.de\/index.php\/wp-json\/wp\/v2\/tags?post=23868"}],"curies":[{"name":"wp","href":"https:\/\/api.w.org\/{rel}","templated":true}]}}