{"id":22877,"date":"2023-03-20T22:49:00","date_gmt":"2023-03-20T21:49:00","guid":{"rendered":"https:\/\/www.steenkamper.de\/?p=22877"},"modified":"2023-03-20T22:49:37","modified_gmt":"2023-03-20T21:49:37","slug":"hamburger-bauheft-ueber-die-steenkampsiedlung","status":"publish","type":"post","link":"https:\/\/www.steenkamper.de\/index.php\/2023\/03\/20\/hamburger-bauheft-ueber-die-steenkampsiedlung\/","title":{"rendered":"Hamburger Bauheft \u00fcber die Steenkampsiedlung"},"content":{"rendered":"\n<p>Das Hamburger Abendblatt hat am Samstag \u00fcber das neue Heft aus der Reihe \u201ehamburger bauhefte\u201c vom Schaff Verlag geschrieben. Wir stellen das Bauheft am <strong>Freitag , den 24.3. um 18h im Steenkampsaal<\/strong> unter Anwesenheit der Autoren vor. F\u00fcr Mitglieder gibt es dort das Heft zum gef\u00f6rderten Vorzugspreis.  <\/p>\n\n\n\n<figure class=\"wp-block-image size-large\"><a href=\"https:\/\/www.steenkamper.de\/index.php\/pressespiegel\/\"><img data-recalc-dims=\"1\" fetchpriority=\"high\" decoding=\"async\" width=\"750\" height=\"568\" data-attachment-id=\"22876\" data-permalink=\"https:\/\/www.steenkamper.de\/index.php\/2023\/03\/20\/hamburger-bauheft-ueber-die-steenkampsiedlung\/ccd86c64-f538-4f80-950e-8c4ded0f4156\/\" data-orig-file=\"https:\/\/i0.wp.com\/www.steenkamper.de\/wp-content\/uploads\/2023\/03\/ccd86c64-f538-4f80-950e-8c4ded0f4156.jpg?fit=1521%2C1152&amp;ssl=1\" data-orig-size=\"1521,1152\" data-comments-opened=\"1\" data-image-meta=\"{&quot;aperture&quot;:&quot;0&quot;,&quot;credit&quot;:&quot;&quot;,&quot;camera&quot;:&quot;&quot;,&quot;caption&quot;:&quot;&quot;,&quot;created_timestamp&quot;:&quot;1679135251&quot;,&quot;copyright&quot;:&quot;&quot;,&quot;focal_length&quot;:&quot;0&quot;,&quot;iso&quot;:&quot;0&quot;,&quot;shutter_speed&quot;:&quot;0&quot;,&quot;title&quot;:&quot;&quot;,&quot;orientation&quot;:&quot;1&quot;}\" data-image-title=\"Hamburger Abendblatt 18.3.23\" data-image-description=\"\" data-image-caption=\"&lt;p&gt;Hamburger Abendblatt 18.3.2023&lt;\/p&gt;\n\" data-large-file=\"https:\/\/i0.wp.com\/www.steenkamper.de\/wp-content\/uploads\/2023\/03\/ccd86c64-f538-4f80-950e-8c4ded0f4156.jpg?fit=750%2C568&amp;ssl=1\" src=\"https:\/\/i0.wp.com\/www.steenkamper.de\/wp-content\/uploads\/2023\/03\/ccd86c64-f538-4f80-950e-8c4ded0f4156.jpg?resize=750%2C568&#038;ssl=1\" alt=\"\" class=\"wp-image-22876\" srcset=\"https:\/\/i0.wp.com\/www.steenkamper.de\/wp-content\/uploads\/2023\/03\/ccd86c64-f538-4f80-950e-8c4ded0f4156.jpg?resize=1024%2C776&amp;ssl=1 1024w, https:\/\/i0.wp.com\/www.steenkamper.de\/wp-content\/uploads\/2023\/03\/ccd86c64-f538-4f80-950e-8c4ded0f4156.jpg?resize=300%2C227&amp;ssl=1 300w, https:\/\/i0.wp.com\/www.steenkamper.de\/wp-content\/uploads\/2023\/03\/ccd86c64-f538-4f80-950e-8c4ded0f4156.jpg?resize=768%2C582&amp;ssl=1 768w, https:\/\/i0.wp.com\/www.steenkamper.de\/wp-content\/uploads\/2023\/03\/ccd86c64-f538-4f80-950e-8c4ded0f4156.jpg?resize=450%2C341&amp;ssl=1 450w, https:\/\/i0.wp.com\/www.steenkamper.de\/wp-content\/uploads\/2023\/03\/ccd86c64-f538-4f80-950e-8c4ded0f4156.jpg?resize=990%2C750&amp;ssl=1 990w, https:\/\/i0.wp.com\/www.steenkamper.de\/wp-content\/uploads\/2023\/03\/ccd86c64-f538-4f80-950e-8c4ded0f4156.jpg?resize=600%2C454&amp;ssl=1 600w, https:\/\/i0.wp.com\/www.steenkamper.de\/wp-content\/uploads\/2023\/03\/ccd86c64-f538-4f80-950e-8c4ded0f4156.jpg?w=1521&amp;ssl=1 1521w\" sizes=\"(max-width: 750px) 100vw, 750px\" \/><\/a><figcaption class=\"wp-element-caption\"><em>Hamburger Abendblatt vom 18.3.2023<\/em><\/figcaption><\/figure>\n\n\n\n<p>\u201eDie Steenkampsiedlung- eine gelebte Utopie\u201c. Das Heft ist im Buchhandel f\u00fcr 12\u20ac erh\u00e4ltlich oder auf der Webseite des SCHAFF Verlages <a href=\"https:\/\/www.schaff-verlag.de\/hamburger-bauhefte\/\">https:\/\/www.schaff-verlag.de\/hamburger-bauhefte<\/a><\/p>\n","protected":false},"excerpt":{"rendered":"<p>Das Hamburger Abendblatt hat am Samstag \u00fcber das neue Heft aus der Reihe \u201ehamburger bauhefte\u201c vom Schaff Verlag geschrieben. Wir stellen das Bauheft am Freitag , den 24.3. um 18h&#8230; <\/p>\n<p><a class=\"teaser-more\" href=\"https:\/\/www.steenkamper.de\/index.php\/2023\/03\/20\/hamburger-bauheft-ueber-die-steenkampsiedlung\/\">weiter lesen<\/a><\/p>\n","protected":false},"author":6,"featured_media":22573,"comment_status":"open","ping_status":"open","sticky":false,"template":"","format":"standard","meta":{"_acf_changed":false,"_price":"","_stock":"","_tribe_ticket_header":"","_tribe_default_ticket_provider":"","_tribe_ticket_capacity":"0","_ticket_start_date":"","_ticket_end_date":"","_tribe_ticket_show_description":"","_tribe_ticket_show_not_going":false,"_tribe_ticket_use_global_stock":"","_tribe_ticket_global_stock_level":"","_global_stock_mode":"","_global_stock_cap":"","_tribe_rsvp_for_event":"","_tribe_ticket_going_count":"","_tribe_ticket_not_going_count":"","_tribe_tickets_list":"[]","_tribe_ticket_has_attendee_info_fields":false,"jetpack_post_was_ever_published":false,"_jetpack_newsletter_access":"","_jetpack_dont_email_post_to_subs":false,"_jetpack_newsletter_tier_id":0,"_jetpack_memberships_contains_paywalled_content":false,"_jetpack_memberships_contains_paid_content":false,"footnotes":"","jetpack_publicize_message":"","jetpack_publicize_feature_enabled":true,"jetpack_social_post_already_shared":true,"jetpack_social_options":{"image_generator_settings":{"template":"highway","default_image_id":0,"font":"","enabled":false},"version":2}},"categories":[3,36,7],"tags":[],"class_list":["post-22877","post","type-post","status-publish","format-standard","has-post-thumbnail","hentry","category-allgemein","category-damals","category-saal"],"acf":[],"jetpack_publicize_connections":[],"jetpack_featured_media_url":"https:\/\/i0.wp.com\/www.steenkamper.de\/wp-content\/uploads\/2023\/02\/img_6509.jpg?fit=595%2C419&ssl=1","jetpack_sharing_enabled":true,"jetpack_shortlink":"https:\/\/wp.me\/p74Wuo-5WZ","jetpack_likes_enabled":true,"jetpack-related-posts":[{"id":22563,"url":"https:\/\/www.steenkamper.de\/index.php\/2023\/02\/06\/hamburger-bauheft-die-steenkampsiedlung\/","url_meta":{"origin":22877,"position":0},"title":"Hamburger Bauheft \u201eDie Steenkampsiedlung\u201c","author":"Max","date":"06\/02\/2023","format":false,"excerpt":"In der Reihe \u201ehamburger bauhefte\u201c ist nun das Bauheft Nr. 40 erschienen mit dem Titel \u201eDie Steenkampsiedlung- eine gelebte Utopie\u201c. Das Heft ist im Buchhandel f\u00fcr 12\u20ac erh\u00e4ltlich oder auf der Webseite des SCHAFF Verlages https:\/\/www.schaff-verlag.de\/hamburger-bauhefte Die nach den Ideen der Gartenstadtbewegung konzipierte und 1914-26 errichtete Siedlung erf\u00fcllt bis heute\u2026","rel":"","context":"In &quot;Allgemein&quot;","block_context":{"text":"Allgemein","link":"https:\/\/www.steenkamper.de\/index.php\/category\/allgemein\/"},"img":{"alt_text":"","src":"https:\/\/i0.wp.com\/www.steenkamper.de\/wp-content\/uploads\/2023\/02\/img_6509.jpg?fit=595%2C419&ssl=1&resize=350%2C200","width":350,"height":200,"srcset":"https:\/\/i0.wp.com\/www.steenkamper.de\/wp-content\/uploads\/2023\/02\/img_6509.jpg?fit=595%2C419&ssl=1&resize=350%2C200 1x, https:\/\/i0.wp.com\/www.steenkamper.de\/wp-content\/uploads\/2023\/02\/img_6509.jpg?fit=595%2C419&ssl=1&resize=525%2C300 1.5x"},"classes":[]},{"id":21633,"url":"https:\/\/www.steenkamper.de\/index.php\/2022\/11\/15\/steenkamp-in-der-presse\/","url_meta":{"origin":22877,"position":1},"title":"Steenkamp in der Presse","author":"Max","date":"15\/11\/2022","format":false,"excerpt":"Gestern waren die Augen der Presse mal wieder auf die Steenkampsiedlung gerichtet! Das Abendblatt titelte: \u00a0\u201eWIE NAVIS F\u00dcR T\u00c4GLICHES CHAOS AUF DEN STRASSEN SORGEN\u201c www.abendblatt.de\/hamburg\/article236901051\/wie-navis-fuer-taegliches-chaos-auf-den-strassen-sorgen-verkehr-hamburg.html Hamburger Abendblatt vom 14.11.2022 und das NDR Hamburg Journal berichtete dann auch um 19.30h \u201eSorgen Navigationsger\u00e4te f\u00fcr mehr Stau im Hamburger Westen?\u201cwww.ndr.de\/nachrichten\/hamburg\/Sorgen-Navigationsgeraete-fuer-mehr-Stau-im-Hamburger-Westen,stau1506.html Diese Aufmerksamkeit kommt\u2026","rel":"","context":"In &quot;Science City Bahrenfeld&quot;","block_context":{"text":"Science City Bahrenfeld","link":"https:\/\/www.steenkamper.de\/index.php\/category\/science-city-bahrenfeld\/"},"img":{"alt_text":"","src":"https:\/\/i0.wp.com\/www.steenkamper.de\/wp-content\/uploads\/2021\/10\/94358E2A-14ED-476D-927C-4DEFC0A1DE9D.jpeg?fit=728%2C485&ssl=1&resize=350%2C200","width":350,"height":200,"srcset":"https:\/\/i0.wp.com\/www.steenkamper.de\/wp-content\/uploads\/2021\/10\/94358E2A-14ED-476D-927C-4DEFC0A1DE9D.jpeg?fit=728%2C485&ssl=1&resize=350%2C200 1x, https:\/\/i0.wp.com\/www.steenkamper.de\/wp-content\/uploads\/2021\/10\/94358E2A-14ED-476D-927C-4DEFC0A1DE9D.jpeg?fit=728%2C485&ssl=1&resize=525%2C300 1.5x, https:\/\/i0.wp.com\/www.steenkamper.de\/wp-content\/uploads\/2021\/10\/94358E2A-14ED-476D-927C-4DEFC0A1DE9D.jpeg?fit=728%2C485&ssl=1&resize=700%2C400 2x"},"classes":[]},{"id":30185,"url":"https:\/\/www.steenkamper.de\/index.php\/2025\/08\/25\/leerstand-in-der-steenkampsiedlung\/","url_meta":{"origin":22877,"position":2},"title":"Leerstand in der Steenkampsiedlung","author":"Max","date":"25\/08\/2025","format":false,"excerpt":"Das NDR Hamburg Journal hat gestern folgenden Beitrag gesendet: L\u00e4sst die SAGA H\u00e4user in der Steenkampsiedlung leerstehen?\u00a0 auch das Hamburger Abendblatt hat \u00fcber die leerstehenden H\u00e4user in der Steenkampsiedlung geschrieben: Hamburger Abendblatt vom 23.8.25 Die SAGA hat sich bereits am 12.8. zu unserem Vorstand wie folgt ge\u00e4u\u00dfert: In den vergangenen\u2026","rel":"","context":"In &quot;Allgemein&quot;","block_context":{"text":"Allgemein","link":"https:\/\/www.steenkamper.de\/index.php\/category\/allgemein\/"},"img":{"alt_text":"","src":"https:\/\/i0.wp.com\/www.steenkamper.de\/wp-content\/uploads\/2025\/08\/img_6387.jpg?fit=1200%2C741&ssl=1&resize=350%2C200","width":350,"height":200,"srcset":"https:\/\/i0.wp.com\/www.steenkamper.de\/wp-content\/uploads\/2025\/08\/img_6387.jpg?fit=1200%2C741&ssl=1&resize=350%2C200 1x, https:\/\/i0.wp.com\/www.steenkamper.de\/wp-content\/uploads\/2025\/08\/img_6387.jpg?fit=1200%2C741&ssl=1&resize=525%2C300 1.5x, https:\/\/i0.wp.com\/www.steenkamper.de\/wp-content\/uploads\/2025\/08\/img_6387.jpg?fit=1200%2C741&ssl=1&resize=700%2C400 2x, https:\/\/i0.wp.com\/www.steenkamper.de\/wp-content\/uploads\/2025\/08\/img_6387.jpg?fit=1200%2C741&ssl=1&resize=1050%2C600 3x"},"classes":[]},{"id":29350,"url":"https:\/\/www.steenkamper.de\/index.php\/2025\/05\/02\/waermepumpe-in-der-steenkampsiedlung-nun-doch-genehmigt\/","url_meta":{"origin":22877,"position":3},"title":"W\u00e4rmepumpe in der Steenkampsiedlung nun doch genehmigt","author":"Max","date":"02\/05\/2025","format":false,"excerpt":"In der Steenkampsiedlung wurde der Einbau einer W\u00e4rmepumpe im Vorgarten zun\u00e4chst aufgrund der geltenden Gestaltungsverordnung abgelehnt. Diese Verordnung regelt detailliert die \u00e4u\u00dfere Gestaltung von Geb\u00e4uden und Freifl\u00e4chen, um das charakteristische Erscheinungsbild der Siedlung zu bewahren. Nach erneuter Pr\u00fcfung hat das Bezirksamt Altona die Entscheidung nun revidiert: Die W\u00e4rmepumpe darf gebaut\u2026","rel":"","context":"In &quot;Allgemein&quot;","block_context":{"text":"Allgemein","link":"https:\/\/www.steenkamper.de\/index.php\/category\/allgemein\/"},"img":{"alt_text":"","src":"https:\/\/i0.wp.com\/www.steenkamper.de\/wp-content\/uploads\/2025\/04\/img_5729-1.jpg?fit=1200%2C625&ssl=1&resize=350%2C200","width":350,"height":200,"srcset":"https:\/\/i0.wp.com\/www.steenkamper.de\/wp-content\/uploads\/2025\/04\/img_5729-1.jpg?fit=1200%2C625&ssl=1&resize=350%2C200 1x, https:\/\/i0.wp.com\/www.steenkamper.de\/wp-content\/uploads\/2025\/04\/img_5729-1.jpg?fit=1200%2C625&ssl=1&resize=525%2C300 1.5x, https:\/\/i0.wp.com\/www.steenkamper.de\/wp-content\/uploads\/2025\/04\/img_5729-1.jpg?fit=1200%2C625&ssl=1&resize=700%2C400 2x, https:\/\/i0.wp.com\/www.steenkamper.de\/wp-content\/uploads\/2025\/04\/img_5729-1.jpg?fit=1200%2C625&ssl=1&resize=1050%2C600 3x"},"classes":[]},{"id":6353,"url":"https:\/\/www.steenkamper.de\/index.php\/2018\/03\/23\/licht-aus\/","url_meta":{"origin":22877,"position":4},"title":"Licht aus?","author":"Max","date":"23\/03\/2018","format":false,"excerpt":"am Samstag 24.3. um 20.30h ist \"Earth Hour\". Die Energiesparidee kommt aus Sydney. Rund um den Globus schalten Millionen Menschen als Zeichen zum Energiesparen f\u00fcr eine Stunde die Lichter aus. Im vergangenen Jahr beteiligten sich 135 L\u00e4nder \u00fcber 18 Zeitzonen hinweg an der Aktion des WWF. In Hamburg werden seit\u2026","rel":"","context":"In &quot;Allgemein&quot;","block_context":{"text":"Allgemein","link":"https:\/\/www.steenkamper.de\/index.php\/category\/allgemein\/"},"img":{"alt_text":"","src":"","width":0,"height":0},"classes":[]},{"id":34737,"url":"https:\/\/www.steenkamper.de\/index.php\/2026\/03\/17\/leerstand-in-der-siedlung\/","url_meta":{"origin":22877,"position":5},"title":"Leerstand in der Siedlung","author":"Max","date":"17\/03\/2026","format":false,"excerpt":"Vorstand informiert sich \u00fcber Sanierungsstand in der Steenkampsiedlung Der Vorstand wurde gestern eingeladen, sich vor Ort ein Bild vom Stand der Sanierungsarbeiten in der Steenkampsiedlung zu machen. Bei dem Termin verschafften sich der Ausschuss Baukultur, der Vorstand sowie die AG SteenkampEnergie einen \u00dcberblick \u00fcber den Fortschritt sowie die aktuell laufenden\u2026","rel":"","context":"In &quot;Allgemein&quot;","block_context":{"text":"Allgemein","link":"https:\/\/www.steenkamper.de\/index.php\/category\/allgemein\/"},"img":{"alt_text":"","src":"https:\/\/i0.wp.com\/www.steenkamper.de\/wp-content\/uploads\/2026\/03\/img_8953.jpg?fit=1200%2C900&ssl=1&resize=350%2C200","width":350,"height":200,"srcset":"https:\/\/i0.wp.com\/www.steenkamper.de\/wp-content\/uploads\/2026\/03\/img_8953.jpg?fit=1200%2C900&ssl=1&resize=350%2C200 1x, https:\/\/i0.wp.com\/www.steenkamper.de\/wp-content\/uploads\/2026\/03\/img_8953.jpg?fit=1200%2C900&ssl=1&resize=525%2C300 1.5x, https:\/\/i0.wp.com\/www.steenkamper.de\/wp-content\/uploads\/2026\/03\/img_8953.jpg?fit=1200%2C900&ssl=1&resize=700%2C400 2x, https:\/\/i0.wp.com\/www.steenkamper.de\/wp-content\/uploads\/2026\/03\/img_8953.jpg?fit=1200%2C900&ssl=1&resize=1050%2C600 3x"},"classes":[]}],"_links":{"self":[{"href":"https:\/\/www.steenkamper.de\/index.php\/wp-json\/wp\/v2\/posts\/22877","targetHints":{"allow":["GET"]}}],"collection":[{"href":"https:\/\/www.steenkamper.de\/index.php\/wp-json\/wp\/v2\/posts"}],"about":[{"href":"https:\/\/www.steenkamper.de\/index.php\/wp-json\/wp\/v2\/types\/post"}],"author":[{"embeddable":true,"href":"https:\/\/www.steenkamper.de\/index.php\/wp-json\/wp\/v2\/users\/6"}],"replies":[{"embeddable":true,"href":"https:\/\/www.steenkamper.de\/index.php\/wp-json\/wp\/v2\/comments?post=22877"}],"version-history":[{"count":3,"href":"https:\/\/www.steenkamper.de\/index.php\/wp-json\/wp\/v2\/posts\/22877\/revisions"}],"predecessor-version":[{"id":22888,"href":"https:\/\/www.steenkamper.de\/index.php\/wp-json\/wp\/v2\/posts\/22877\/revisions\/22888"}],"wp:featuredmedia":[{"embeddable":true,"href":"https:\/\/www.steenkamper.de\/index.php\/wp-json\/wp\/v2\/media\/22573"}],"wp:attachment":[{"href":"https:\/\/www.steenkamper.de\/index.php\/wp-json\/wp\/v2\/media?parent=22877"}],"wp:term":[{"taxonomy":"category","embeddable":true,"href":"https:\/\/www.steenkamper.de\/index.php\/wp-json\/wp\/v2\/categories?post=22877"},{"taxonomy":"post_tag","embeddable":true,"href":"https:\/\/www.steenkamper.de\/index.php\/wp-json\/wp\/v2\/tags?post=22877"}],"curies":[{"name":"wp","href":"https:\/\/api.w.org\/{rel}","templated":true}]}}