{"id":21552,"date":"2022-11-07T14:09:26","date_gmt":"2022-11-07T13:09:26","guid":{"rendered":"https:\/\/www.steenkamper.de\/?p=21552"},"modified":"2022-11-07T14:10:07","modified_gmt":"2022-11-07T13:10:07","slug":"trabrennbahn-balearenfeld","status":"publish","type":"post","link":"https:\/\/www.steenkamper.de\/index.php\/2022\/11\/07\/trabrennbahn-balearenfeld\/","title":{"rendered":"Trabrennbahn Balearenfeld??"},"content":{"rendered":"\n<h3 class=\"wp-block-heading\">Bus und Bahn fahren &#8211; CO2 sparen <\/h3>\n\n\n\n<h4 class=\"wp-block-heading\">Der HVV hat heute 14 Haltestellen umbenannt. <\/h4>\n\n\n\n<p>Der Klimawandel schreitet voran und selbst im k\u00fchlen Hamburg stehen uns hei\u00dfe Zeiten bevor. Verschiedene Klimaforscher sagen voraus, dass es bis 2050 bei uns so warm und trocken wird, wie am Mittelmeer. Anl\u00e4sslich der UN-Klimakonferenz m\u00f6chte der HVV auf den dringenden Handlungsbedarf aufmerksam machen und ein Zeichen setzen. <\/p>\n\n\n\n<p><a href=\"https:\/\/www.hvv.de\/de\/SteigEinBeimKlimaschutz\" target=\"_blank\" rel=\"noreferrer noopener\">mehr &#8230;.<\/a><\/p>\n\n\n\n<figure class=\"wp-block-image size-full\"><img data-recalc-dims=\"1\" fetchpriority=\"high\" decoding=\"async\" width=\"750\" height=\"452\" data-attachment-id=\"21554\" data-permalink=\"https:\/\/www.steenkamper.de\/index.php\/2022\/11\/07\/trabrennbahn-balearenfeld\/hvv2\/\" data-orig-file=\"https:\/\/i0.wp.com\/www.steenkamper.de\/wp-content\/uploads\/2022\/11\/hvv2.jpeg?fit=800%2C482&amp;ssl=1\" data-orig-size=\"800,482\" data-comments-opened=\"1\" data-image-meta=\"{&quot;aperture&quot;:&quot;0&quot;,&quot;credit&quot;:&quot;&quot;,&quot;camera&quot;:&quot;&quot;,&quot;caption&quot;:&quot;&quot;,&quot;created_timestamp&quot;:&quot;0&quot;,&quot;copyright&quot;:&quot;&quot;,&quot;focal_length&quot;:&quot;0&quot;,&quot;iso&quot;:&quot;0&quot;,&quot;shutter_speed&quot;:&quot;0&quot;,&quot;title&quot;:&quot;&quot;,&quot;orientation&quot;:&quot;1&quot;}\" data-image-title=\"hvv2\" data-image-description=\"\" data-image-caption=\"\" data-large-file=\"https:\/\/i0.wp.com\/www.steenkamper.de\/wp-content\/uploads\/2022\/11\/hvv2.jpeg?fit=750%2C452&amp;ssl=1\" src=\"https:\/\/i0.wp.com\/www.steenkamper.de\/wp-content\/uploads\/2022\/11\/hvv2.jpeg?resize=750%2C452&#038;ssl=1\" alt=\"\" class=\"wp-image-21554\" srcset=\"https:\/\/i0.wp.com\/www.steenkamper.de\/wp-content\/uploads\/2022\/11\/hvv2.jpeg?w=800&amp;ssl=1 800w, https:\/\/i0.wp.com\/www.steenkamper.de\/wp-content\/uploads\/2022\/11\/hvv2.jpeg?resize=300%2C181&amp;ssl=1 300w, https:\/\/i0.wp.com\/www.steenkamper.de\/wp-content\/uploads\/2022\/11\/hvv2.jpeg?resize=768%2C463&amp;ssl=1 768w, https:\/\/i0.wp.com\/www.steenkamper.de\/wp-content\/uploads\/2022\/11\/hvv2.jpeg?resize=450%2C271&amp;ssl=1 450w, https:\/\/i0.wp.com\/www.steenkamper.de\/wp-content\/uploads\/2022\/11\/hvv2.jpeg?resize=600%2C362&amp;ssl=1 600w\" sizes=\"(max-width: 750px) 100vw, 750px\" \/><\/figure>\n\n\n\n<figure class=\"wp-block-image size-full\"><img data-recalc-dims=\"1\" decoding=\"async\" width=\"750\" height=\"563\" data-attachment-id=\"21553\" data-permalink=\"https:\/\/www.steenkamper.de\/index.php\/2022\/11\/07\/trabrennbahn-balearenfeld\/hvv1\/\" data-orig-file=\"https:\/\/i0.wp.com\/www.steenkamper.de\/wp-content\/uploads\/2022\/11\/hvv1.jpeg?fit=800%2C600&amp;ssl=1\" data-orig-size=\"800,600\" data-comments-opened=\"1\" data-image-meta=\"{&quot;aperture&quot;:&quot;0&quot;,&quot;credit&quot;:&quot;&quot;,&quot;camera&quot;:&quot;&quot;,&quot;caption&quot;:&quot;&quot;,&quot;created_timestamp&quot;:&quot;0&quot;,&quot;copyright&quot;:&quot;&quot;,&quot;focal_length&quot;:&quot;0&quot;,&quot;iso&quot;:&quot;0&quot;,&quot;shutter_speed&quot;:&quot;0&quot;,&quot;title&quot;:&quot;&quot;,&quot;orientation&quot;:&quot;1&quot;}\" data-image-title=\"hvv1\" data-image-description=\"\" data-image-caption=\"\" data-large-file=\"https:\/\/i0.wp.com\/www.steenkamper.de\/wp-content\/uploads\/2022\/11\/hvv1.jpeg?fit=750%2C563&amp;ssl=1\" src=\"https:\/\/i0.wp.com\/www.steenkamper.de\/wp-content\/uploads\/2022\/11\/hvv1.jpeg?resize=750%2C563&#038;ssl=1\" alt=\"\" class=\"wp-image-21553\" srcset=\"https:\/\/i0.wp.com\/www.steenkamper.de\/wp-content\/uploads\/2022\/11\/hvv1.jpeg?w=800&amp;ssl=1 800w, https:\/\/i0.wp.com\/www.steenkamper.de\/wp-content\/uploads\/2022\/11\/hvv1.jpeg?resize=300%2C225&amp;ssl=1 300w, https:\/\/i0.wp.com\/www.steenkamper.de\/wp-content\/uploads\/2022\/11\/hvv1.jpeg?resize=768%2C576&amp;ssl=1 768w, https:\/\/i0.wp.com\/www.steenkamper.de\/wp-content\/uploads\/2022\/11\/hvv1.jpeg?resize=450%2C338&amp;ssl=1 450w, https:\/\/i0.wp.com\/www.steenkamper.de\/wp-content\/uploads\/2022\/11\/hvv1.jpeg?resize=600%2C450&amp;ssl=1 600w\" sizes=\"(max-width: 750px) 100vw, 750px\" \/><\/figure>\n","protected":false},"excerpt":{"rendered":"<p>Bus und Bahn fahren &#8211; CO2 sparen Der HVV hat heute 14 Haltestellen umbenannt. Der Klimawandel schreitet voran und selbst im k\u00fchlen Hamburg stehen uns hei\u00dfe Zeiten bevor. Verschiedene Klimaforscher&#8230; <\/p>\n<p><a class=\"teaser-more\" href=\"https:\/\/www.steenkamper.de\/index.php\/2022\/11\/07\/trabrennbahn-balearenfeld\/\">weiter lesen<\/a><\/p>\n","protected":false},"author":6,"featured_media":21555,"comment_status":"open","ping_status":"open","sticky":false,"template":"","format":"standard","meta":{"_acf_changed":false,"_price":"","_stock":"","_tribe_ticket_header":"","_tribe_default_ticket_provider":"","_tribe_ticket_capacity":"0","_ticket_start_date":"","_ticket_end_date":"","_tribe_ticket_show_description":"","_tribe_ticket_show_not_going":false,"_tribe_ticket_use_global_stock":"","_tribe_ticket_global_stock_level":"","_global_stock_mode":"","_global_stock_cap":"","_tribe_rsvp_for_event":"","_tribe_ticket_going_count":"","_tribe_ticket_not_going_count":"","_tribe_tickets_list":"[]","_tribe_ticket_has_attendee_info_fields":false,"jetpack_post_was_ever_published":false,"_jetpack_newsletter_access":"","_jetpack_dont_email_post_to_subs":false,"_jetpack_newsletter_tier_id":0,"_jetpack_memberships_contains_paywalled_content":false,"_jetpack_memberships_contains_paid_content":false,"footnotes":"","jetpack_publicize_message":"","jetpack_publicize_feature_enabled":true,"jetpack_social_post_already_shared":true,"jetpack_social_options":{"image_generator_settings":{"template":"highway","default_image_id":0,"font":"","enabled":false},"version":2}},"categories":[107,8],"tags":[],"class_list":["post-21552","post","type-post","status-publish","format-standard","has-post-thumbnail","hentry","category-umweltschutz","category-verkehr"],"acf":[],"jetpack_publicize_connections":[],"jetpack_featured_media_url":"https:\/\/i0.wp.com\/www.steenkamper.de\/wp-content\/uploads\/2022\/11\/hvv3.jpeg?fit=800%2C600&ssl=1","jetpack_sharing_enabled":true,"jetpack_shortlink":"https:\/\/wp.me\/p74Wuo-5BC","jetpack_likes_enabled":true,"jetpack-related-posts":[{"id":9391,"url":"https:\/\/www.steenkamper.de\/index.php\/2019\/12\/01\/neu-xpressbus-x3\/","url_meta":{"origin":21552,"position":0},"title":"NEU: XpressBUS X3","author":"Max","date":"01\/12\/2019","format":false,"excerpt":"Angebotsoffensiven im HVV am 15.12. ist Fahrplanwechsel: NEUE XpressBus-Linie X3 Die neue XpressBus-Linie X3 wird auf dem Linienweg Schenefelder Platz \u2013 Bahrenfeld \u2013 S Holstenstra\u00dfe \u2013 U Feldstra\u00dfe \u2013 US Jungfernstieg\u2013 U Me\u00dfberg eingerichtet. Die X3 ersetzt die MetroBus-Linie 3 auf dem Streckenabschnitt Schenefeld, Schenefelder Platz bis Stadionstra\u00dfe und bietet\u2026","rel":"","context":"In &quot;Allgemein&quot;","block_context":{"text":"Allgemein","link":"https:\/\/www.steenkamper.de\/index.php\/category\/allgemein\/"},"img":{"alt_text":"","src":"https:\/\/i0.wp.com\/www.steenkamper.de\/wp-content\/uploads\/2019\/08\/IMG_0224.jpeg?fit=1200%2C900&ssl=1&resize=350%2C200","width":350,"height":200,"srcset":"https:\/\/i0.wp.com\/www.steenkamper.de\/wp-content\/uploads\/2019\/08\/IMG_0224.jpeg?fit=1200%2C900&ssl=1&resize=350%2C200 1x, https:\/\/i0.wp.com\/www.steenkamper.de\/wp-content\/uploads\/2019\/08\/IMG_0224.jpeg?fit=1200%2C900&ssl=1&resize=525%2C300 1.5x, https:\/\/i0.wp.com\/www.steenkamper.de\/wp-content\/uploads\/2019\/08\/IMG_0224.jpeg?fit=1200%2C900&ssl=1&resize=700%2C400 2x, https:\/\/i0.wp.com\/www.steenkamper.de\/wp-content\/uploads\/2019\/08\/IMG_0224.jpeg?fit=1200%2C900&ssl=1&resize=1050%2C600 3x"},"classes":[]},{"id":17582,"url":"https:\/\/www.steenkamper.de\/index.php\/2021\/12\/12\/hvv-fahrplanwechsel-veraenderungen\/","url_meta":{"origin":21552,"position":1},"title":"HVV Fahrplanwechsel &#8211; Ver\u00e4nderungen","author":"Max","date":"12\/12\/2021","format":false,"excerpt":"Zum Fahrplanwechsel gibt es wieder einige Ver\u00e4nderungen. Die Schnellbusse werden abgeschafft und durch andere Buslinien ohne Zuschlag ersetzt. Der Takt wird auf einigen Linien erh\u00f6ht und in Ottensen werden Haltestellen umbenannt. Auch der S-Bahnhof Ottensen wird voraussichtlich im August 2022 fertiggestellt sein. Die Fahrpreiserh\u00f6hung kommt dann am 1.1.2022 und wird\u2026","rel":"","context":"In &quot;Allgemein&quot;","block_context":{"text":"Allgemein","link":"https:\/\/www.steenkamper.de\/index.php\/category\/allgemein\/"},"img":{"alt_text":"","src":"https:\/\/i0.wp.com\/www.steenkamper.de\/wp-content\/uploads\/2021\/12\/img_7840.jpg?fit=800%2C680&ssl=1&resize=350%2C200","width":350,"height":200,"srcset":"https:\/\/i0.wp.com\/www.steenkamper.de\/wp-content\/uploads\/2021\/12\/img_7840.jpg?fit=800%2C680&ssl=1&resize=350%2C200 1x, https:\/\/i0.wp.com\/www.steenkamper.de\/wp-content\/uploads\/2021\/12\/img_7840.jpg?fit=800%2C680&ssl=1&resize=525%2C300 1.5x, https:\/\/i0.wp.com\/www.steenkamper.de\/wp-content\/uploads\/2021\/12\/img_7840.jpg?fit=800%2C680&ssl=1&resize=700%2C400 2x"},"classes":[]},{"id":8690,"url":"https:\/\/www.steenkamper.de\/index.php\/2019\/08\/29\/fahrkartenautomat\/","url_meta":{"origin":21552,"position":2},"title":"Fahrkartenautomat","author":"Max","date":"29\/08\/2019","format":false,"excerpt":"jetzt auf dem neuen Ebertplatz. Ein neuer HVV Fahrkartenautomat steht nun an der Bushaltestelle Richtung Stadt.","rel":"","context":"In &quot;Verkehr&quot;","block_context":{"text":"Verkehr","link":"https:\/\/www.steenkamper.de\/index.php\/category\/verkehr\/"},"img":{"alt_text":"","src":"https:\/\/i0.wp.com\/www.steenkamper.de\/wp-content\/uploads\/2019\/08\/IMG_0224.jpeg?fit=1200%2C900&ssl=1&resize=350%2C200","width":350,"height":200,"srcset":"https:\/\/i0.wp.com\/www.steenkamper.de\/wp-content\/uploads\/2019\/08\/IMG_0224.jpeg?fit=1200%2C900&ssl=1&resize=350%2C200 1x, https:\/\/i0.wp.com\/www.steenkamper.de\/wp-content\/uploads\/2019\/08\/IMG_0224.jpeg?fit=1200%2C900&ssl=1&resize=525%2C300 1.5x, https:\/\/i0.wp.com\/www.steenkamper.de\/wp-content\/uploads\/2019\/08\/IMG_0224.jpeg?fit=1200%2C900&ssl=1&resize=700%2C400 2x, https:\/\/i0.wp.com\/www.steenkamper.de\/wp-content\/uploads\/2019\/08\/IMG_0224.jpeg?fit=1200%2C900&ssl=1&resize=1050%2C600 3x"},"classes":[]},{"id":9535,"url":"https:\/\/www.steenkamper.de\/index.php\/2019\/12\/15\/auch-neu-bus-284\/","url_meta":{"origin":21552,"position":3},"title":"auch neu: Bus 284","author":"Max","date":"15\/12\/2019","format":false,"excerpt":"Auch neu an der Trabrennbahn Bahrenfeld (Ebertplatz) seit dem Fahrplanwechsel am 15.12.: Wochentags wird alle 20 Minuten der Bus 284 eine Verbindung Richtung S-Othmarschen bis zum AK Altona und in der Gegenrichtung \u00fcber Luruper Chaussee (DESY) - S-Elbgaustr. - IKEA Schnelsen - bis U-Niendorf Nord bieten. Zitat HVV: Verl\u00e4ngerung der\u2026","rel":"","context":"In &quot;Science City Bahrenfeld&quot;","block_context":{"text":"Science City Bahrenfeld","link":"https:\/\/www.steenkamper.de\/index.php\/category\/science-city-bahrenfeld\/"},"img":{"alt_text":"","src":"https:\/\/i0.wp.com\/www.steenkamper.de\/wp-content\/uploads\/2019\/12\/BUS284.jpg?fit=1114%2C1200&ssl=1&resize=350%2C200","width":350,"height":200,"srcset":"https:\/\/i0.wp.com\/www.steenkamper.de\/wp-content\/uploads\/2019\/12\/BUS284.jpg?fit=1114%2C1200&ssl=1&resize=350%2C200 1x, https:\/\/i0.wp.com\/www.steenkamper.de\/wp-content\/uploads\/2019\/12\/BUS284.jpg?fit=1114%2C1200&ssl=1&resize=525%2C300 1.5x, https:\/\/i0.wp.com\/www.steenkamper.de\/wp-content\/uploads\/2019\/12\/BUS284.jpg?fit=1114%2C1200&ssl=1&resize=700%2C400 2x, https:\/\/i0.wp.com\/www.steenkamper.de\/wp-content\/uploads\/2019\/12\/BUS284.jpg?fit=1114%2C1200&ssl=1&resize=1050%2C600 3x"},"classes":[]},{"id":24642,"url":"https:\/\/www.steenkamper.de\/index.php\/2023\/11\/13\/vollsperrung-notkestrasse\/","url_meta":{"origin":21552,"position":4},"title":"Vollsperrung Notkestra\u00dfe","author":"Max","date":"13\/11\/2023","format":false,"excerpt":"Die Buslinie 1 wird in den n\u00e4chsten Monaten nicht mehr die Trabrennbahn Bahrenfeld anfahren. Die Baustelle der Fernw\u00e4rmeleitung wird in der Notkestra\u00dfe erweitert und f\u00fcr den PKW&LKW Verkehr nicht passierbar. Das bedeutet, die Buslinie 1 f\u00e4hrt direkt \u00fcber den Osdorfer Weg und nicht \u00fcber die Ebertallee, den Ebertplatz und die\u2026","rel":"","context":"In &quot;Allgemein&quot;","block_context":{"text":"Allgemein","link":"https:\/\/www.steenkamper.de\/index.php\/category\/allgemein\/"},"img":{"alt_text":"","src":"https:\/\/i0.wp.com\/www.steenkamper.de\/wp-content\/uploads\/2023\/11\/img_9538-1.jpg?fit=1200%2C829&ssl=1&resize=350%2C200","width":350,"height":200,"srcset":"https:\/\/i0.wp.com\/www.steenkamper.de\/wp-content\/uploads\/2023\/11\/img_9538-1.jpg?fit=1200%2C829&ssl=1&resize=350%2C200 1x, https:\/\/i0.wp.com\/www.steenkamper.de\/wp-content\/uploads\/2023\/11\/img_9538-1.jpg?fit=1200%2C829&ssl=1&resize=525%2C300 1.5x, https:\/\/i0.wp.com\/www.steenkamper.de\/wp-content\/uploads\/2023\/11\/img_9538-1.jpg?fit=1200%2C829&ssl=1&resize=700%2C400 2x, https:\/\/i0.wp.com\/www.steenkamper.de\/wp-content\/uploads\/2023\/11\/img_9538-1.jpg?fit=1200%2C829&ssl=1&resize=1050%2C600 3x"},"classes":[]},{"id":1544,"url":"https:\/\/www.steenkamper.de\/index.php\/2016\/02\/08\/fluechtlingshilfe\/","url_meta":{"origin":21552,"position":5},"title":"Fl\u00fcchtlingshilfe","author":"Max","date":"08\/02\/2016","format":false,"excerpt":"N\u00e4chste Treffen der Fl\u00fcchtlings AGs am Mi. 10.02.2016 um 19:30h im Steenkampsaal (wie immer am 2. Mittwoch eines Monats) Neu:\u00a0HVV Fahrkarte ab 01.02.16 f\u00fcr Fl\u00fcchtlinge Projekt f\u00fcr gefl\u00fcchtete Frauen, Ehrenamtliche gesucht!\u00a0 Einmal wieder in Ruhe duschen, sich die Haare machen, etwas kochen oder stricken und kl\u00f6nen! \u00a0In der ZEAs in\u2026","rel":"","context":"In &quot;Allgemein&quot;","block_context":{"text":"Allgemein","link":"https:\/\/www.steenkamper.de\/index.php\/category\/allgemein\/"},"img":{"alt_text":"","src":"https:\/\/i0.wp.com\/www.steenkamper.de\/wp-content\/uploads\/2016\/02\/hvv.png?fit=620%2C200&ssl=1&resize=350%2C200","width":350,"height":200,"srcset":"https:\/\/i0.wp.com\/www.steenkamper.de\/wp-content\/uploads\/2016\/02\/hvv.png?fit=620%2C200&ssl=1&resize=350%2C200 1x, https:\/\/i0.wp.com\/www.steenkamper.de\/wp-content\/uploads\/2016\/02\/hvv.png?fit=620%2C200&ssl=1&resize=525%2C300 1.5x"},"classes":[]}],"_links":{"self":[{"href":"https:\/\/www.steenkamper.de\/index.php\/wp-json\/wp\/v2\/posts\/21552","targetHints":{"allow":["GET"]}}],"collection":[{"href":"https:\/\/www.steenkamper.de\/index.php\/wp-json\/wp\/v2\/posts"}],"about":[{"href":"https:\/\/www.steenkamper.de\/index.php\/wp-json\/wp\/v2\/types\/post"}],"author":[{"embeddable":true,"href":"https:\/\/www.steenkamper.de\/index.php\/wp-json\/wp\/v2\/users\/6"}],"replies":[{"embeddable":true,"href":"https:\/\/www.steenkamper.de\/index.php\/wp-json\/wp\/v2\/comments?post=21552"}],"version-history":[{"count":3,"href":"https:\/\/www.steenkamper.de\/index.php\/wp-json\/wp\/v2\/posts\/21552\/revisions"}],"predecessor-version":[{"id":21558,"href":"https:\/\/www.steenkamper.de\/index.php\/wp-json\/wp\/v2\/posts\/21552\/revisions\/21558"}],"wp:featuredmedia":[{"embeddable":true,"href":"https:\/\/www.steenkamper.de\/index.php\/wp-json\/wp\/v2\/media\/21555"}],"wp:attachment":[{"href":"https:\/\/www.steenkamper.de\/index.php\/wp-json\/wp\/v2\/media?parent=21552"}],"wp:term":[{"taxonomy":"category","embeddable":true,"href":"https:\/\/www.steenkamper.de\/index.php\/wp-json\/wp\/v2\/categories?post=21552"},{"taxonomy":"post_tag","embeddable":true,"href":"https:\/\/www.steenkamper.de\/index.php\/wp-json\/wp\/v2\/tags?post=21552"}],"curies":[{"name":"wp","href":"https:\/\/api.w.org\/{rel}","templated":true}]}}