{"id":21382,"date":"2022-10-19T18:19:44","date_gmt":"2022-10-19T16:19:44","guid":{"rendered":"https:\/\/www.steenkamper.de\/?p=21382"},"modified":"2022-10-19T18:21:38","modified_gmt":"2022-10-19T16:21:38","slug":"keine-wm-im-steenkampsaal","status":"publish","type":"post","link":"https:\/\/www.steenkamper.de\/index.php\/2022\/10\/19\/keine-wm-im-steenkampsaal\/","title":{"rendered":"Keine WM im Steenkampsaal"},"content":{"rendered":"\n<p>Auch unser Verein (Vorstand und Salon-Team) hat sich entschieden keine \u201eWM Viewings\u201c im Saal stattfinden zu lassen \/  bzw. zu organisieren.  <\/p>\n\n\n\n<p>Mehr zu WM Viewings im NDR: <a rel=\"noreferrer noopener\" href=\"https:\/\/www.ndr.de\/fernsehen\/sendungen\/das\/WM-in-Katar-Kneipen-Boykott-in-Hamburg,dasx29948.html\" target=\"_blank\">WM in Katar: Kneipen-Boykott in Hamburg<\/a><\/p>\n\n\n\n<p><\/p>\n","protected":false},"excerpt":{"rendered":"<p>Auch unser Verein (Vorstand und Salon-Team) hat sich entschieden keine \u201eWM Viewings\u201c im Saal stattfinden zu lassen \/ bzw. zu organisieren. Mehr zu WM Viewings im NDR: WM in Katar: [&hellip;]<\/p>\n","protected":false},"author":6,"featured_media":21390,"comment_status":"open","ping_status":"open","sticky":false,"template":"","format":"standard","meta":{"_acf_changed":false,"site-sidebar-layout":"default","site-content-layout":"","ast-site-content-layout":"default","site-content-style":"default","site-sidebar-style":"default","ast-global-header-display":"","ast-banner-title-visibility":"","ast-main-header-display":"","ast-hfb-above-header-display":"","ast-hfb-below-header-display":"","ast-hfb-mobile-header-display":"","site-post-title":"","ast-breadcrumbs-content":"","ast-featured-img":"","footer-sml-layout":"","ast-disable-related-posts":"","theme-transparent-header-meta":"","adv-header-id-meta":"","stick-header-meta":"","header-above-stick-meta":"","header-main-stick-meta":"","header-below-stick-meta":"","astra-migrate-meta-layouts":"default","ast-page-background-enabled":"default","ast-page-background-meta":{"desktop":{"background-color":"var(--ast-global-color-5)","background-image":"","background-repeat":"repeat","background-position":"center center","background-size":"auto","background-attachment":"scroll","background-type":"","background-media":"","overlay-type":"","overlay-color":"","overlay-opacity":"","overlay-gradient":""},"tablet":{"background-color":"","background-image":"","background-repeat":"repeat","background-position":"center center","background-size":"auto","background-attachment":"scroll","background-type":"","background-media":"","overlay-type":"","overlay-color":"","overlay-opacity":"","overlay-gradient":""},"mobile":{"background-color":"","background-image":"","background-repeat":"repeat","background-position":"center center","background-size":"auto","background-attachment":"scroll","background-type":"","background-media":"","overlay-type":"","overlay-color":"","overlay-opacity":"","overlay-gradient":""}},"ast-content-background-meta":{"desktop":{"background-color":"var(--ast-global-color-4)","background-image":"","background-repeat":"repeat","background-position":"center center","background-size":"auto","background-attachment":"scroll","background-type":"","background-media":"","overlay-type":"","overlay-color":"","overlay-opacity":"","overlay-gradient":""},"tablet":{"background-color":"var(--ast-global-color-4)","background-image":"","background-repeat":"repeat","background-position":"center center","background-size":"auto","background-attachment":"scroll","background-type":"","background-media":"","overlay-type":"","overlay-color":"","overlay-opacity":"","overlay-gradient":""},"mobile":{"background-color":"var(--ast-global-color-4)","background-image":"","background-repeat":"repeat","background-position":"center center","background-size":"auto","background-attachment":"scroll","background-type":"","background-media":"","overlay-type":"","overlay-color":"","overlay-opacity":"","overlay-gradient":""}},"_price":"","_stock":"","_tribe_ticket_header":"","_tribe_default_ticket_provider":"","_tribe_ticket_capacity":"0","_ticket_start_date":"","_ticket_end_date":"","_tribe_ticket_show_description":"","_tribe_ticket_show_not_going":false,"_tribe_ticket_use_global_stock":"","_tribe_ticket_global_stock_level":"","_global_stock_mode":"","_global_stock_cap":"","_tribe_rsvp_for_event":"","_tribe_ticket_going_count":"","_tribe_ticket_not_going_count":"","_tribe_tickets_list":"[]","_tribe_ticket_has_attendee_info_fields":false,"jetpack_post_was_ever_published":false,"_jetpack_newsletter_access":"","_jetpack_dont_email_post_to_subs":false,"_jetpack_newsletter_tier_id":0,"_jetpack_memberships_contains_paywalled_content":false,"_jetpack_memberships_contains_paid_content":false,"footnotes":"","jetpack_publicize_message":"","jetpack_publicize_feature_enabled":true,"jetpack_social_post_already_shared":true,"jetpack_social_options":{"image_generator_settings":{"template":"highway","default_image_id":0,"font":"","enabled":false},"version":2}},"categories":[7,35],"tags":[],"class_list":["post-21382","post","type-post","status-publish","format-standard","has-post-thumbnail","hentry","category-saal","category-salon"],"acf":[],"jetpack_publicize_connections":[],"jetpack_featured_media_url":"https:\/\/i0.wp.com\/www.steenkamper.de\/wp-content\/uploads\/2022\/10\/8CD5D9C2-D6A5-4E3A-8555-2E282B2C4F45.jpeg?fit=1024%2C682&ssl=1","jetpack_sharing_enabled":true,"jetpack_shortlink":"https:\/\/wp.me\/p74Wuo-5yS","jetpack_likes_enabled":true,"jetpack-related-posts":[{"id":52,"url":"https:\/\/www.steenkamper.de\/index.php\/2015\/12\/14\/eine-gemeinschaft-braucht-einen-saal\/","url_meta":{"origin":21382,"position":0},"title":"Eine Gemeinschaft braucht einen Saal","author":"Max","date":"14\/12\/2015","format":false,"excerpt":"Nun ist es soweit, seit fast einem Jahrhundert nutzen wir \u00a0unseren\u00a0Steenkampsaal und\u00a0der Pachtvertrag von der SAGA\u00a0l\u00e4uft jetzt aus. Der Verein muss sich nun \u00fcberlegen ob und wie er den Saal weiter nutzen m\u00f6chte. Leider sind die Konditionen nicht mehr die die es immer waren, sondern \u00a0die Kosten verdoppeln sich fast.\u2026","rel":"","context":"In &quot;Allgemein&quot;","block_context":{"text":"Allgemein","link":"https:\/\/www.steenkamper.de\/index.php\/category\/allgemein\/"},"img":{"alt_text":"","src":"https:\/\/i0.wp.com\/www.steenkamper.de\/wp-content\/uploads\/2015\/12\/saalbild_2.jpg?fit=406%2C279&ssl=1&resize=350%2C200","width":350,"height":200},"classes":[]},{"id":10041,"url":"https:\/\/www.steenkamper.de\/index.php\/2020\/01\/25\/heute-swing-tanz-salon\/","url_meta":{"origin":21382,"position":1},"title":"HEUTE: Swing Tanz-Salon","author":"Max","date":"25\/01\/2020","format":false,"excerpt":"Swing-Tanz-Salon mit Tanzstunde und DJ Mister Pingle. Am 25.1.hei\u00dft es ab 19.30h im Steenkampsaal: \u201eLet\u2019s Swing\u201c Das Salon-Team l\u00e4dt ein mit Grammophon, Tanzkurs und Swingmusik unseren Saal ganz im Stil der 20er-40er Jahre zum Swinging zu bringen. DJ Mister Pingle legt an diesem Abend f\u00fcr uns Swing und Jazz vom\u2026","rel":"","context":"In &quot;100 jahre&quot;","block_context":{"text":"100 jahre","link":"https:\/\/www.steenkamper.de\/index.php\/category\/100-jahre\/"},"img":{"alt_text":"","src":"https:\/\/i0.wp.com\/www.steenkamper.de\/wp-content\/uploads\/2019\/11\/swing-25-01.jpg?fit=848%2C1200&ssl=1&resize=350%2C200","width":350,"height":200,"srcset":"https:\/\/i0.wp.com\/www.steenkamper.de\/wp-content\/uploads\/2019\/11\/swing-25-01.jpg?fit=848%2C1200&ssl=1&resize=350%2C200 1x, https:\/\/i0.wp.com\/www.steenkamper.de\/wp-content\/uploads\/2019\/11\/swing-25-01.jpg?fit=848%2C1200&ssl=1&resize=525%2C300 1.5x, https:\/\/i0.wp.com\/www.steenkamper.de\/wp-content\/uploads\/2019\/11\/swing-25-01.jpg?fit=848%2C1200&ssl=1&resize=700%2C400 2x"},"classes":[]},{"id":1738,"url":"https:\/\/www.steenkamper.de\/index.php\/2016\/03\/01\/salon\/","url_meta":{"origin":21382,"position":2},"title":"Salon","author":"Max","date":"01\/03\/2016","format":false,"excerpt":"zum Ferienbeginn am Freitag \u00a04.3. ab 20.30h Wir laden ein zu einem Steenkampsalon - dieses Mal\u00a0ohne spezielles Motto. Kommt vorbei! Wir freuen uns. Die Steenkampsaloni\u00e8res Steenkamp Salon","rel":"","context":"In &quot;Allgemein&quot;","block_context":{"text":"Allgemein","link":"https:\/\/www.steenkamper.de\/index.php\/category\/allgemein\/"},"img":{"alt_text":"","src":"https:\/\/i0.wp.com\/www.steenkamper.de\/wp-content\/uploads\/2016\/02\/IMG_3153-0-e1456342120892.png?fit=606%2C386&ssl=1&resize=350%2C200","width":350,"height":200,"srcset":"https:\/\/i0.wp.com\/www.steenkamper.de\/wp-content\/uploads\/2016\/02\/IMG_3153-0-e1456342120892.png?fit=606%2C386&ssl=1&resize=350%2C200 1x, https:\/\/i0.wp.com\/www.steenkamper.de\/wp-content\/uploads\/2016\/02\/IMG_3153-0-e1456342120892.png?fit=606%2C386&ssl=1&resize=525%2C300 1.5x"},"classes":[]},{"id":2239,"url":"https:\/\/www.steenkamper.de\/index.php\/2016\/07\/01\/em-stube-2\/","url_meta":{"origin":21382,"position":3},"title":"EM-Stube","author":"Max","date":"01\/07\/2016","format":false,"excerpt":"Sch\u00f6n war's. Am Sonntag leider keine EM-Stube im Steenkampsaal. \u00a0 \u26bd\ufe0f ??","rel":"","context":"In &quot;Allgemein&quot;","block_context":{"text":"Allgemein","link":"https:\/\/www.steenkamper.de\/index.php\/category\/allgemein\/"},"img":{"alt_text":"","src":"https:\/\/i0.wp.com\/www.steenkamper.de\/wp-content\/uploads\/2016\/06\/img_3549-1.jpg?fit=1200%2C471&ssl=1&resize=350%2C200","width":350,"height":200,"srcset":"https:\/\/i0.wp.com\/www.steenkamper.de\/wp-content\/uploads\/2016\/06\/img_3549-1.jpg?fit=1200%2C471&ssl=1&resize=350%2C200 1x, https:\/\/i0.wp.com\/www.steenkamper.de\/wp-content\/uploads\/2016\/06\/img_3549-1.jpg?fit=1200%2C471&ssl=1&resize=525%2C300 1.5x, https:\/\/i0.wp.com\/www.steenkamper.de\/wp-content\/uploads\/2016\/06\/img_3549-1.jpg?fit=1200%2C471&ssl=1&resize=700%2C400 2x, https:\/\/i0.wp.com\/www.steenkamper.de\/wp-content\/uploads\/2016\/06\/img_3549-1.jpg?fit=1200%2C471&ssl=1&resize=1050%2C600 3x"},"classes":[]},{"id":19058,"url":"https:\/\/www.steenkamper.de\/index.php\/2022\/04\/27\/steenkampsingers\/","url_meta":{"origin":21382,"position":4},"title":"Steenkampsingers","author":"Max","date":"27\/04\/2022","format":false,"excerpt":"ACHTUNG KORREKTUR!!! Es geht um den 2. Dienstag! Es geht wieder los, aber bis zu den Sommerferien finden jeden 2. Dienstag im Monat keine Chorproben statt, da der Saal vermietet ist.","rel":"","context":"In &quot;Allgemein&quot;","block_context":{"text":"Allgemein","link":"https:\/\/www.steenkamper.de\/index.php\/category\/allgemein\/"},"img":{"alt_text":"","src":"https:\/\/i0.wp.com\/www.steenkamper.de\/wp-content\/uploads\/2016\/11\/gospeldinnerX.jpg?fit=566%2C222&ssl=1&resize=350%2C200","width":350,"height":200,"srcset":"https:\/\/i0.wp.com\/www.steenkamper.de\/wp-content\/uploads\/2016\/11\/gospeldinnerX.jpg?fit=566%2C222&ssl=1&resize=350%2C200 1x, https:\/\/i0.wp.com\/www.steenkamper.de\/wp-content\/uploads\/2016\/11\/gospeldinnerX.jpg?fit=566%2C222&ssl=1&resize=525%2C300 1.5x"},"classes":[]},{"id":29343,"url":"https:\/\/www.steenkamper.de\/index.php\/2025\/04\/30\/tanz-in-den-mai-jugendschutz\/","url_meta":{"origin":21382,"position":5},"title":"Tanz in den Mai &#8211; Jugendschutz","author":"Max","date":"30\/04\/2025","format":false,"excerpt":"Wir freuen uns schon auf einen sch\u00f6nen Tanzabend. Wir m\u00f6chten hier nochmal darauf hinweisen, da\u00df auf unseren Veranstaltungen nat\u00fcrlich auch das Jugendschutzgesetz gilt. Das bedeutet: - Keine Kinder und Jugendliche unter 16 Jahren, \u00fcber 16 Jahren bis 24.00 Uhr erlaubt. - Kinder und Jugendliche mit Begleitung der Eltern im Saal\u2026","rel":"","context":"In &quot;Allgemein&quot;","block_context":{"text":"Allgemein","link":"https:\/\/www.steenkamper.de\/index.php\/category\/allgemein\/"},"img":{"alt_text":"","src":"https:\/\/i0.wp.com\/www.steenkamper.de\/wp-content\/uploads\/2025\/04\/img_5731-1.jpg?fit=1200%2C721&ssl=1&resize=350%2C200","width":350,"height":200,"srcset":"https:\/\/i0.wp.com\/www.steenkamper.de\/wp-content\/uploads\/2025\/04\/img_5731-1.jpg?fit=1200%2C721&ssl=1&resize=350%2C200 1x, https:\/\/i0.wp.com\/www.steenkamper.de\/wp-content\/uploads\/2025\/04\/img_5731-1.jpg?fit=1200%2C721&ssl=1&resize=525%2C300 1.5x, https:\/\/i0.wp.com\/www.steenkamper.de\/wp-content\/uploads\/2025\/04\/img_5731-1.jpg?fit=1200%2C721&ssl=1&resize=700%2C400 2x, https:\/\/i0.wp.com\/www.steenkamper.de\/wp-content\/uploads\/2025\/04\/img_5731-1.jpg?fit=1200%2C721&ssl=1&resize=1050%2C600 3x"},"classes":[]}],"_links":{"self":[{"href":"https:\/\/www.steenkamper.de\/index.php\/wp-json\/wp\/v2\/posts\/21382","targetHints":{"allow":["GET"]}}],"collection":[{"href":"https:\/\/www.steenkamper.de\/index.php\/wp-json\/wp\/v2\/posts"}],"about":[{"href":"https:\/\/www.steenkamper.de\/index.php\/wp-json\/wp\/v2\/types\/post"}],"author":[{"embeddable":true,"href":"https:\/\/www.steenkamper.de\/index.php\/wp-json\/wp\/v2\/users\/6"}],"replies":[{"embeddable":true,"href":"https:\/\/www.steenkamper.de\/index.php\/wp-json\/wp\/v2\/comments?post=21382"}],"version-history":[{"count":6,"href":"https:\/\/www.steenkamper.de\/index.php\/wp-json\/wp\/v2\/posts\/21382\/revisions"}],"predecessor-version":[{"id":21389,"href":"https:\/\/www.steenkamper.de\/index.php\/wp-json\/wp\/v2\/posts\/21382\/revisions\/21389"}],"wp:featuredmedia":[{"embeddable":true,"href":"https:\/\/www.steenkamper.de\/index.php\/wp-json\/wp\/v2\/media\/21390"}],"wp:attachment":[{"href":"https:\/\/www.steenkamper.de\/index.php\/wp-json\/wp\/v2\/media?parent=21382"}],"wp:term":[{"taxonomy":"category","embeddable":true,"href":"https:\/\/www.steenkamper.de\/index.php\/wp-json\/wp\/v2\/categories?post=21382"},{"taxonomy":"post_tag","embeddable":true,"href":"https:\/\/www.steenkamper.de\/index.php\/wp-json\/wp\/v2\/tags?post=21382"}],"curies":[{"name":"wp","href":"https:\/\/api.w.org\/{rel}","templated":true}]}}