{"id":21175,"date":"2022-09-26T19:30:41","date_gmt":"2022-09-26T17:30:41","guid":{"rendered":"https:\/\/www.steenkamper.de\/?p=21175"},"modified":"2022-09-26T19:35:48","modified_gmt":"2022-09-26T17:35:48","slug":"oh-wie-schoen-ist-bahrenfeld","status":"publish","type":"post","link":"https:\/\/www.steenkamper.de\/index.php\/2022\/09\/26\/oh-wie-schoen-ist-bahrenfeld\/","title":{"rendered":"\u201eOh wie sch\u00f6n ist Bahrenfeld\u201c"},"content":{"rendered":"\n<p>Ihr glaubt auch, das Bahrenfeld mehr als  nur eine Ausfahrt der A7 ist? Dann zeigt uns  euren Lieblingsplatz in diesem sch\u00f6nen  Stadtteil!<\/p>\n\n\n\n<p><em>Eine Aktion von \u201eBahrenfeld auf Trab\u201c<\/em><\/p>\n\n\n\n<p>Die Fotos k\u00f6nnen bis 31.Oktober per Mail an <a href=\"mailto:post@bahrenfeldauftrab.de\">post@bahrenfeldauftrab.de<\/a><\/p>\n\n\n\n<p><\/p>\n\n\n\n<figure class=\"wp-block-image size-full\"><img data-recalc-dims=\"1\" fetchpriority=\"high\" decoding=\"async\" width=\"750\" height=\"541\" data-attachment-id=\"21184\" data-permalink=\"https:\/\/www.steenkamper.de\/index.php\/2022\/09\/26\/oh-wie-schoen-ist-bahrenfeld\/b0d7f3fa-f06a-4f91-8004-a6dc6721938b\/\" data-orig-file=\"https:\/\/i0.wp.com\/www.steenkamper.de\/wp-content\/uploads\/2022\/09\/B0D7F3FA-F06A-4F91-8004-A6DC6721938B.jpeg?fit=800%2C577&amp;ssl=1\" data-orig-size=\"800,577\" data-comments-opened=\"1\" data-image-meta=\"{&quot;aperture&quot;:&quot;0&quot;,&quot;credit&quot;:&quot;&quot;,&quot;camera&quot;:&quot;&quot;,&quot;caption&quot;:&quot;&quot;,&quot;created_timestamp&quot;:&quot;0&quot;,&quot;copyright&quot;:&quot;&quot;,&quot;focal_length&quot;:&quot;0&quot;,&quot;iso&quot;:&quot;0&quot;,&quot;shutter_speed&quot;:&quot;0&quot;,&quot;title&quot;:&quot;&quot;,&quot;orientation&quot;:&quot;1&quot;}\" data-image-title=\"B0D7F3FA-F06A-4F91-8004-A6DC6721938B\" data-image-description=\"\" data-image-caption=\"\" data-large-file=\"https:\/\/i0.wp.com\/www.steenkamper.de\/wp-content\/uploads\/2022\/09\/B0D7F3FA-F06A-4F91-8004-A6DC6721938B.jpeg?fit=750%2C541&amp;ssl=1\" src=\"https:\/\/i0.wp.com\/www.steenkamper.de\/wp-content\/uploads\/2022\/09\/B0D7F3FA-F06A-4F91-8004-A6DC6721938B.jpeg?resize=750%2C541&#038;ssl=1\" alt=\"\" class=\"wp-image-21184\" srcset=\"https:\/\/i0.wp.com\/www.steenkamper.de\/wp-content\/uploads\/2022\/09\/B0D7F3FA-F06A-4F91-8004-A6DC6721938B.jpeg?w=800&amp;ssl=1 800w, https:\/\/i0.wp.com\/www.steenkamper.de\/wp-content\/uploads\/2022\/09\/B0D7F3FA-F06A-4F91-8004-A6DC6721938B.jpeg?resize=300%2C216&amp;ssl=1 300w, https:\/\/i0.wp.com\/www.steenkamper.de\/wp-content\/uploads\/2022\/09\/B0D7F3FA-F06A-4F91-8004-A6DC6721938B.jpeg?resize=768%2C554&amp;ssl=1 768w, https:\/\/i0.wp.com\/www.steenkamper.de\/wp-content\/uploads\/2022\/09\/B0D7F3FA-F06A-4F91-8004-A6DC6721938B.jpeg?resize=450%2C325&amp;ssl=1 450w, https:\/\/i0.wp.com\/www.steenkamper.de\/wp-content\/uploads\/2022\/09\/B0D7F3FA-F06A-4F91-8004-A6DC6721938B.jpeg?resize=600%2C433&amp;ssl=1 600w\" sizes=\"(max-width: 750px) 100vw, 750px\" \/><\/figure>\n","protected":false},"excerpt":{"rendered":"<p>Ihr glaubt auch, das Bahrenfeld mehr als nur eine Ausfahrt der A7 ist? Dann zeigt uns euren Lieblingsplatz in diesem sch\u00f6nen Stadtteil! Eine Aktion von \u201eBahrenfeld auf Trab\u201c Die Fotos&#8230; <\/p>\n<p><a class=\"teaser-more\" href=\"https:\/\/www.steenkamper.de\/index.php\/2022\/09\/26\/oh-wie-schoen-ist-bahrenfeld\/\">weiter lesen<\/a><\/p>\n","protected":false},"author":6,"featured_media":21177,"comment_status":"open","ping_status":"open","sticky":false,"template":"","format":"standard","meta":{"_acf_changed":false,"_price":"","_stock":"","_tribe_ticket_header":"","_tribe_default_ticket_provider":"","_tribe_ticket_capacity":"0","_ticket_start_date":"","_ticket_end_date":"","_tribe_ticket_show_description":"","_tribe_ticket_show_not_going":false,"_tribe_ticket_use_global_stock":"","_tribe_ticket_global_stock_level":"","_global_stock_mode":"","_global_stock_cap":"","_tribe_rsvp_for_event":"","_tribe_ticket_going_count":"","_tribe_ticket_not_going_count":"","_tribe_tickets_list":"[]","_tribe_ticket_has_attendee_info_fields":false,"jetpack_post_was_ever_published":false,"_jetpack_newsletter_access":"","_jetpack_dont_email_post_to_subs":false,"_jetpack_newsletter_tier_id":0,"_jetpack_memberships_contains_paywalled_content":false,"_jetpack_memberships_contains_paid_content":false,"footnotes":"","jetpack_publicize_message":"","jetpack_publicize_feature_enabled":true,"jetpack_social_post_already_shared":true,"jetpack_social_options":{"image_generator_settings":{"template":"highway","default_image_id":0,"font":"","enabled":false},"version":2}},"categories":[3,6,108],"tags":[],"class_list":["post-21175","post","type-post","status-publish","format-standard","has-post-thumbnail","hentry","category-allgemein","category-nachbarschaft","category-science-city-bahrenfeld"],"acf":[],"jetpack_publicize_connections":[],"jetpack_featured_media_url":"https:\/\/i0.wp.com\/www.steenkamper.de\/wp-content\/uploads\/2022\/09\/fotowettbewerb_oh-wie-scho%CC%88n-ist-bahrenfeld-1.jpg?fit=800%2C568&ssl=1","jetpack_sharing_enabled":true,"jetpack_shortlink":"https:\/\/wp.me\/p74Wuo-5vx","jetpack_likes_enabled":true,"jetpack-related-posts":[{"id":8974,"url":"https:\/\/www.steenkamper.de\/index.php\/2019\/10\/19\/science-city-bahrenfeld-rundgang\/","url_meta":{"origin":21175,"position":0},"title":"\u201eScience City Bahrenfeld\u201c Rundgang","author":"Max","date":"19\/10\/2019","format":false,"excerpt":"N\u00e4chsten Samstag gibt es einen Rundgang zur Science City mit den Gr\u00fcnen. Sa. 26. Oktober 2019 um 14 \u2013 16hTreffpunkt: DESYNotkestra\u00dfe 85, Geb\u00e4ude 1 (DESY-Gel\u00e4nde) In Bahrenfeld entsteht ein neuer Stadtteil, die \u201eScience City Bahrenfeld\u201c.Um einen Eindruck zu gewinnen, was es dort schon gibt und was geplant ist, l\u00e4dt Mareike\u2026","rel":"","context":"In &quot;Kinder&quot;","block_context":{"text":"Kinder","link":"https:\/\/www.steenkamper.de\/index.php\/category\/kinder\/"},"img":{"alt_text":"","src":"https:\/\/i0.wp.com\/www.steenkamper.de\/wp-content\/uploads\/2019\/01\/Science-City-C-S%C3%BCd-Ost-800px.jpg?fit=800%2C534&ssl=1&resize=350%2C200","width":350,"height":200,"srcset":"https:\/\/i0.wp.com\/www.steenkamper.de\/wp-content\/uploads\/2019\/01\/Science-City-C-S%C3%BCd-Ost-800px.jpg?fit=800%2C534&ssl=1&resize=350%2C200 1x, https:\/\/i0.wp.com\/www.steenkamper.de\/wp-content\/uploads\/2019\/01\/Science-City-C-S%C3%BCd-Ost-800px.jpg?fit=800%2C534&ssl=1&resize=525%2C300 1.5x, https:\/\/i0.wp.com\/www.steenkamper.de\/wp-content\/uploads\/2019\/01\/Science-City-C-S%C3%BCd-Ost-800px.jpg?fit=800%2C534&ssl=1&resize=700%2C400 2x"},"classes":[]},{"id":16090,"url":"https:\/\/www.steenkamper.de\/index.php\/2021\/06\/26\/2-forum-bahrenfeld\/","url_meta":{"origin":21175,"position":1},"title":"2. Forum Bahrenfeld","author":"Max","date":"26\/06\/2021","format":false,"excerpt":"Am Mittwoch, den 11. August um 18h veranstaltet die Science City Hamburg Bahrenfeld GmbH online das 2. FORUM BAHRENFELD mit LIVE-TALK & CHAT. Titel: \"Auf dem Weg zum wissensorientierten StadtraumBegleiten Sie eine spannende Diskussion zur wissensbasierten Stadtentwicklung.\" Das 2. Forum Bahrenfeld verfolgt das Ziel, eine breite \u00d6ffentlichkeit an das bislang\u2026","rel":"","context":"In &quot;Nachbarschaft&quot;","block_context":{"text":"Nachbarschaft","link":"https:\/\/www.steenkamper.de\/index.php\/category\/nachbarschaft\/"},"img":{"alt_text":"","src":"https:\/\/i0.wp.com\/www.steenkamper.de\/wp-content\/uploads\/2021\/06\/2ForumBahrenfeld-2.jpg?fit=1200%2C834&ssl=1&resize=350%2C200","width":350,"height":200,"srcset":"https:\/\/i0.wp.com\/www.steenkamper.de\/wp-content\/uploads\/2021\/06\/2ForumBahrenfeld-2.jpg?fit=1200%2C834&ssl=1&resize=350%2C200 1x, https:\/\/i0.wp.com\/www.steenkamper.de\/wp-content\/uploads\/2021\/06\/2ForumBahrenfeld-2.jpg?fit=1200%2C834&ssl=1&resize=525%2C300 1.5x, https:\/\/i0.wp.com\/www.steenkamper.de\/wp-content\/uploads\/2021\/06\/2ForumBahrenfeld-2.jpg?fit=1200%2C834&ssl=1&resize=700%2C400 2x, https:\/\/i0.wp.com\/www.steenkamper.de\/wp-content\/uploads\/2021\/06\/2ForumBahrenfeld-2.jpg?fit=1200%2C834&ssl=1&resize=1050%2C600 3x"},"classes":[]},{"id":21625,"url":"https:\/\/www.steenkamper.de\/index.php\/2022\/11\/15\/bezirksversammlung-altona-laed-ein\/","url_meta":{"origin":21175,"position":2},"title":"Bezirksversammlung Altona l\u00e4d ein","author":"Max","date":"15\/11\/2022","format":false,"excerpt":"zur \u201e\u00d6ffentlichen Sondersitzung des Sonderausschusses Science City Bahrenfeld\u201c Am 29.11.2022 findet ab 18 Uhr eine Sondersitzung des Sonderausschusses Science City Bahrenfeld der Bezirksversammlung Altona zum Thema \u201eAuswertung der bisherigen B\u00fcrger:innenbeteiligung bez\u00fcglich des Projekts Science City Hamburg Bahrenfeld\u201c in der Aula der Stadtteilschule Bahrenfeld, Regerstra\u00dfe 21-25, 22761 Hamburg statt. Interessierte B\u00fcrger:innen\u2026","rel":"","context":"In &quot;Planungen&quot;","block_context":{"text":"Planungen","link":"https:\/\/www.steenkamper.de\/index.php\/category\/planungen\/"},"img":{"alt_text":"","src":"https:\/\/i0.wp.com\/www.steenkamper.de\/wp-content\/uploads\/2022\/11\/img_5793.jpg?fit=800%2C600&ssl=1&resize=350%2C200","width":350,"height":200,"srcset":"https:\/\/i0.wp.com\/www.steenkamper.de\/wp-content\/uploads\/2022\/11\/img_5793.jpg?fit=800%2C600&ssl=1&resize=350%2C200 1x, https:\/\/i0.wp.com\/www.steenkamper.de\/wp-content\/uploads\/2022\/11\/img_5793.jpg?fit=800%2C600&ssl=1&resize=525%2C300 1.5x, https:\/\/i0.wp.com\/www.steenkamper.de\/wp-content\/uploads\/2022\/11\/img_5793.jpg?fit=800%2C600&ssl=1&resize=700%2C400 2x"},"classes":[]},{"id":29352,"url":"https:\/\/www.steenkamper.de\/index.php\/2025\/05\/06\/tausch-kiosk-auf-dem-ebertplatz\/","url_meta":{"origin":21175,"position":3},"title":"Tausch-Kiosk auf dem Ebertplatz","author":"Max","date":"06\/05\/2025","format":false,"excerpt":"&Bahrenfeld - Was ist das \u201eUND\u201c in Bahrenfeld? Tausch-Kiosk\u00a015.-17.5. am \u201eEbertplatz\u201c,\u00a0Verkehrsinsel Trabrennbahn\u00a0 Erfrischungen, Snacks, Wissen in T\u00fcten Es folgen weitere Termine zu\u00a0&Bahrenfeld\u00a0im Stadtteil\u2026. \u2026.mit dem Tausch-Kiosk \u2026Spazierg\u00e4nge, die Alltagserfahrungen und Fachwissen verkn\u00fcpfen, z.B. zu den Themen Wasser, Energie, Boden oder Pflanzen\u2026eine oberirdische Wanderung \u00fcber den Hera-Ring mit k\u00fcnstlerischen Interventionen, Gespr\u00e4chsformaten\u2026","rel":"","context":"In &quot;Nachbarschaft&quot;","block_context":{"text":"Nachbarschaft","link":"https:\/\/www.steenkamper.de\/index.php\/category\/nachbarschaft\/"},"img":{"alt_text":"","src":"https:\/\/i0.wp.com\/www.steenkamper.de\/wp-content\/uploads\/2025\/05\/Tausch_Kiosk.png?fit=1200%2C856&ssl=1&resize=350%2C200","width":350,"height":200,"srcset":"https:\/\/i0.wp.com\/www.steenkamper.de\/wp-content\/uploads\/2025\/05\/Tausch_Kiosk.png?fit=1200%2C856&ssl=1&resize=350%2C200 1x, https:\/\/i0.wp.com\/www.steenkamper.de\/wp-content\/uploads\/2025\/05\/Tausch_Kiosk.png?fit=1200%2C856&ssl=1&resize=525%2C300 1.5x, https:\/\/i0.wp.com\/www.steenkamper.de\/wp-content\/uploads\/2025\/05\/Tausch_Kiosk.png?fit=1200%2C856&ssl=1&resize=700%2C400 2x, https:\/\/i0.wp.com\/www.steenkamper.de\/wp-content\/uploads\/2025\/05\/Tausch_Kiosk.png?fit=1200%2C856&ssl=1&resize=1050%2C600 3x"},"classes":[]},{"id":24682,"url":"https:\/\/www.steenkamper.de\/index.php\/2023\/11\/17\/bahrenfeld-auf-trab-fragt-nach\/","url_meta":{"origin":21175,"position":4},"title":"Bahrenfeld auf Trab fragt nach:","author":"Max","date":"17\/11\/2023","format":false,"excerpt":"Was l\u00e4uft? Verkehr(t) in Bahrenfeld Am Mittwoch, den 29.11.2023 um 18:30 Uhr in der Esther Bejarano Schule (ehemals Stadtteilschule Bahrenfeld, Regerstra\u00dfe 21 - 25) Welches Verkehrskonzept gibt es f\u00fcr die zunehmende Nutzung der Arenen? Wie kann der Durchgangsverkehr durch Wohnstra\u00dfen im Rahmen der Fertigstellung des Autobahndeckels reduziert werden? Welche \u00dcberlegungen\u2026","rel":"","context":"In &quot;Allgemein&quot;","block_context":{"text":"Allgemein","link":"https:\/\/www.steenkamper.de\/index.php\/category\/allgemein\/"},"img":{"alt_text":"","src":"https:\/\/i0.wp.com\/www.steenkamper.de\/wp-content\/uploads\/2023\/11\/flyer-a5_bat-fragt-nach_verkehrt_web-final-2-1.jpg?fit=800%2C867&ssl=1&resize=350%2C200","width":350,"height":200,"srcset":"https:\/\/i0.wp.com\/www.steenkamper.de\/wp-content\/uploads\/2023\/11\/flyer-a5_bat-fragt-nach_verkehrt_web-final-2-1.jpg?fit=800%2C867&ssl=1&resize=350%2C200 1x, https:\/\/i0.wp.com\/www.steenkamper.de\/wp-content\/uploads\/2023\/11\/flyer-a5_bat-fragt-nach_verkehrt_web-final-2-1.jpg?fit=800%2C867&ssl=1&resize=525%2C300 1.5x, https:\/\/i0.wp.com\/www.steenkamper.de\/wp-content\/uploads\/2023\/11\/flyer-a5_bat-fragt-nach_verkehrt_web-final-2-1.jpg?fit=800%2C867&ssl=1&resize=700%2C400 2x"},"classes":[]},{"id":27539,"url":"https:\/\/www.steenkamper.de\/index.php\/2024\/04\/20\/bahrenfelder-gespraeche-eine-dialogregie-zum-fluchtort-bahrenfeld\/","url_meta":{"origin":21175,"position":5},"title":"\u201eBahrenfelder Gespr\u00e4che\u201c \u2013 eine Dialogregie zum Fluchtort Bahrenfeld","author":"Max","date":"20\/04\/2024","format":false,"excerpt":"In Kooperation mit dem Quartiersmanagement Bahrenfeld, dem Bezirksamt Altona und Q8 altona ist die Veranstaltungsreihe \u201eBahrenfelder Gespr\u00e4che \u2013 eine Dialogregie zum Fluchtort Bahrenfeld\u201c entstanden. Der Auftakt findet statt mit einer Lesung am\u00a0Montag, den 22. April um 18:30 Uhr in der Esther Bejarano Schule. Klaus Neumann liest aus seinem Buch \u201eBlumen\u2026","rel":"","context":"In &quot;Allgemein&quot;","block_context":{"text":"Allgemein","link":"https:\/\/www.steenkamper.de\/index.php\/category\/allgemein\/"},"img":{"alt_text":"","src":"https:\/\/i0.wp.com\/www.steenkamper.de\/wp-content\/uploads\/2024\/04\/img_0865-1.jpg?fit=750%2C494&ssl=1&resize=350%2C200","width":350,"height":200,"srcset":"https:\/\/i0.wp.com\/www.steenkamper.de\/wp-content\/uploads\/2024\/04\/img_0865-1.jpg?fit=750%2C494&ssl=1&resize=350%2C200 1x, https:\/\/i0.wp.com\/www.steenkamper.de\/wp-content\/uploads\/2024\/04\/img_0865-1.jpg?fit=750%2C494&ssl=1&resize=525%2C300 1.5x, https:\/\/i0.wp.com\/www.steenkamper.de\/wp-content\/uploads\/2024\/04\/img_0865-1.jpg?fit=750%2C494&ssl=1&resize=700%2C400 2x"},"classes":[]}],"_links":{"self":[{"href":"https:\/\/www.steenkamper.de\/index.php\/wp-json\/wp\/v2\/posts\/21175","targetHints":{"allow":["GET"]}}],"collection":[{"href":"https:\/\/www.steenkamper.de\/index.php\/wp-json\/wp\/v2\/posts"}],"about":[{"href":"https:\/\/www.steenkamper.de\/index.php\/wp-json\/wp\/v2\/types\/post"}],"author":[{"embeddable":true,"href":"https:\/\/www.steenkamper.de\/index.php\/wp-json\/wp\/v2\/users\/6"}],"replies":[{"embeddable":true,"href":"https:\/\/www.steenkamper.de\/index.php\/wp-json\/wp\/v2\/comments?post=21175"}],"version-history":[{"count":4,"href":"https:\/\/www.steenkamper.de\/index.php\/wp-json\/wp\/v2\/posts\/21175\/revisions"}],"predecessor-version":[{"id":21185,"href":"https:\/\/www.steenkamper.de\/index.php\/wp-json\/wp\/v2\/posts\/21175\/revisions\/21185"}],"wp:featuredmedia":[{"embeddable":true,"href":"https:\/\/www.steenkamper.de\/index.php\/wp-json\/wp\/v2\/media\/21177"}],"wp:attachment":[{"href":"https:\/\/www.steenkamper.de\/index.php\/wp-json\/wp\/v2\/media?parent=21175"}],"wp:term":[{"taxonomy":"category","embeddable":true,"href":"https:\/\/www.steenkamper.de\/index.php\/wp-json\/wp\/v2\/categories?post=21175"},{"taxonomy":"post_tag","embeddable":true,"href":"https:\/\/www.steenkamper.de\/index.php\/wp-json\/wp\/v2\/tags?post=21175"}],"curies":[{"name":"wp","href":"https:\/\/api.w.org\/{rel}","templated":true}]}}