{"id":20850,"date":"2022-09-11T13:09:11","date_gmt":"2022-09-11T11:09:11","guid":{"rendered":"https:\/\/www.steenkamper.de\/index.php\/2022\/09\/11\/flohmarkt-notkestr\/"},"modified":"2022-09-11T13:09:11","modified_gmt":"2022-09-11T11:09:11","slug":"flohmarkt-notkestr","status":"publish","type":"post","link":"https:\/\/www.steenkamper.de\/index.php\/2022\/09\/11\/flohmarkt-notkestr\/","title":{"rendered":"Flohmarkt Notkestr"},"content":{"rendered":"\n<p>am Sonntag 18.9. von 10-13h bei gutem Wetter in der Notkestr. 33-79 (Spielstr.)<\/p>\n","protected":false},"excerpt":{"rendered":"<p>am Sonntag 18.9. von 10-13h bei gutem Wetter in der Notkestr. 33-79 (Spielstr.)<\/p>\n","protected":false},"author":6,"featured_media":20849,"comment_status":"open","ping_status":"open","sticky":false,"template":"","format":"standard","meta":{"_acf_changed":false,"_price":"","_stock":"","_tribe_ticket_header":"","_tribe_default_ticket_provider":"","_tribe_ticket_capacity":"0","_ticket_start_date":"","_ticket_end_date":"","_tribe_ticket_show_description":"","_tribe_ticket_show_not_going":false,"_tribe_ticket_use_global_stock":"","_tribe_ticket_global_stock_level":"","_global_stock_mode":"","_global_stock_cap":"","_tribe_rsvp_for_event":"","_tribe_ticket_going_count":"","_tribe_ticket_not_going_count":"","_tribe_tickets_list":"[]","_tribe_ticket_has_attendee_info_fields":false,"jetpack_post_was_ever_published":false,"_jetpack_newsletter_access":"","_jetpack_dont_email_post_to_subs":false,"_jetpack_newsletter_tier_id":0,"_jetpack_memberships_contains_paywalled_content":false,"_jetpack_memberships_contains_paid_content":false,"footnotes":"","jetpack_publicize_message":"","jetpack_publicize_feature_enabled":true,"jetpack_social_post_already_shared":true,"jetpack_social_options":{"image_generator_settings":{"template":"highway","default_image_id":0,"font":"","enabled":false},"version":2}},"categories":[3,6],"tags":[],"class_list":["post-20850","post","type-post","status-publish","format-standard","has-post-thumbnail","hentry","category-allgemein","category-nachbarschaft"],"acf":[],"jetpack_publicize_connections":[],"jetpack_featured_media_url":"https:\/\/i0.wp.com\/www.steenkamper.de\/wp-content\/uploads\/2022\/09\/img_5311.jpg?fit=750%2C772&ssl=1","jetpack_sharing_enabled":true,"jetpack_shortlink":"https:\/\/wp.me\/p74Wuo-5qi","jetpack_likes_enabled":true,"jetpack-related-posts":[{"id":27527,"url":"https:\/\/www.steenkamper.de\/index.php\/2024\/04\/16\/flohmarkt-7-0-in-der-notkestr\/","url_meta":{"origin":20850,"position":0},"title":"FLOHMARKT 7.0 in der Notkestr.","author":"Max","date":"16\/04\/2024","format":false,"excerpt":"Anwohnerflohmarkt 7.0 in der Notkestra\u00dfe 33-79 (Spielstra\u00dfe) am Sonntag, 21. April `24 von 11-14 Uhr bei gutem Wetter. Wir freuen uns \u00fcber jeden, der vorbeikommt!","rel":"","context":"In &quot;Allgemein&quot;","block_context":{"text":"Allgemein","link":"https:\/\/www.steenkamper.de\/index.php\/category\/allgemein\/"},"img":{"alt_text":"","src":"https:\/\/i0.wp.com\/www.steenkamper.de\/wp-content\/uploads\/2024\/04\/img_0863-1.jpg?fit=750%2C758&ssl=1&resize=350%2C200","width":350,"height":200,"srcset":"https:\/\/i0.wp.com\/www.steenkamper.de\/wp-content\/uploads\/2024\/04\/img_0863-1.jpg?fit=750%2C758&ssl=1&resize=350%2C200 1x, https:\/\/i0.wp.com\/www.steenkamper.de\/wp-content\/uploads\/2024\/04\/img_0863-1.jpg?fit=750%2C758&ssl=1&resize=525%2C300 1.5x, https:\/\/i0.wp.com\/www.steenkamper.de\/wp-content\/uploads\/2024\/04\/img_0863-1.jpg?fit=750%2C758&ssl=1&resize=700%2C400 2x"},"classes":[]},{"id":19120,"url":"https:\/\/www.steenkamper.de\/index.php\/2022\/05\/03\/nachbarschafts-flohmarkt\/","url_meta":{"origin":20850,"position":1},"title":"Nachbarschafts Flohmarkt","author":"Max","date":"03\/05\/2022","format":false,"excerpt":"am Sonntag 8.5. findet in der Nachbarschaft in der Notkestr. 33-79 von 10-14h statt","rel":"","context":"In &quot;Allgemein&quot;","block_context":{"text":"Allgemein","link":"https:\/\/www.steenkamper.de\/index.php\/category\/allgemein\/"},"img":{"alt_text":"","src":"https:\/\/i0.wp.com\/www.steenkamper.de\/wp-content\/uploads\/2022\/05\/img_3572.jpg?fit=750%2C769&ssl=1&resize=350%2C200","width":350,"height":200,"srcset":"https:\/\/i0.wp.com\/www.steenkamper.de\/wp-content\/uploads\/2022\/05\/img_3572.jpg?fit=750%2C769&ssl=1&resize=350%2C200 1x, https:\/\/i0.wp.com\/www.steenkamper.de\/wp-content\/uploads\/2022\/05\/img_3572.jpg?fit=750%2C769&ssl=1&resize=525%2C300 1.5x, https:\/\/i0.wp.com\/www.steenkamper.de\/wp-content\/uploads\/2022\/05\/img_3572.jpg?fit=750%2C769&ssl=1&resize=700%2C400 2x"},"classes":[]},{"id":2329,"url":"https:\/\/www.steenkamper.de\/index.php\/2016\/07\/22\/belegung-notkestr-25\/","url_meta":{"origin":20850,"position":2},"title":"Belegung Notkestr. 25","author":"Max","date":"22\/07\/2016","format":false,"excerpt":"Die Belegung der Folgeunterkunft in der Notkestra\u00dfe 25 hatte am 19.07.2016 begonnen. Unsere Helfer\/innen sind seither\u00a0zur Begr\u00fc\u00dfung\u00a0vor Ort.\u00a0 Freiwillige sind immer herzliche Willkommen: Mehr Infos\u00a0","rel":"","context":"In &quot;Allgemein&quot;","block_context":{"text":"Allgemein","link":"https:\/\/www.steenkamper.de\/index.php\/category\/allgemein\/"},"img":{"alt_text":"","src":"","width":0,"height":0},"classes":[]},{"id":2293,"url":"https:\/\/www.steenkamper.de\/index.php\/2016\/07\/12\/folgeunterkunft-notkestr\/","url_meta":{"origin":20850,"position":3},"title":"Folgeunterkunft Notkestr.\u00a0","author":"Max","date":"12\/07\/2016","format":false,"excerpt":"\u00a0nun ist es bald soweit! Bald er\u00f6ffnet die neue Folgeunterkunft in der Notkestra\u00dfe 25. Bevor es losgeht und die ersten Bewohner einziehen, k\u00f6nnen Nachbarn am Fr. 15.07.2016\u200b zwischen 17:00 und 19:00 Uhr die Unterkunft besichtigen.\u00a0","rel":"","context":"In &quot;Allgemein&quot;","block_context":{"text":"Allgemein","link":"https:\/\/www.steenkamper.de\/index.php\/category\/allgemein\/"},"img":{"alt_text":"","src":"","width":0,"height":0},"classes":[]},{"id":24127,"url":"https:\/\/www.steenkamper.de\/index.php\/2023\/09\/10\/anwohnerflohmarkt\/","url_meta":{"origin":20850,"position":4},"title":"Anwohnerflohmarkt","author":"Max","date":"10\/09\/2023","format":false,"excerpt":"in der Notkestra\u00dfe 33-79 am 24.9.23 von 11 bis 14 Uhr, nur bei sch\u00f6nem Wetter.","rel":"","context":"In &quot;Allgemein&quot;","block_context":{"text":"Allgemein","link":"https:\/\/www.steenkamper.de\/index.php\/category\/allgemein\/"},"img":{"alt_text":"","src":"https:\/\/i0.wp.com\/www.steenkamper.de\/wp-content\/uploads\/2023\/09\/img_9089.jpg?fit=749%2C704&ssl=1&resize=350%2C200","width":350,"height":200,"srcset":"https:\/\/i0.wp.com\/www.steenkamper.de\/wp-content\/uploads\/2023\/09\/img_9089.jpg?fit=749%2C704&ssl=1&resize=350%2C200 1x, https:\/\/i0.wp.com\/www.steenkamper.de\/wp-content\/uploads\/2023\/09\/img_9089.jpg?fit=749%2C704&ssl=1&resize=525%2C300 1.5x, https:\/\/i0.wp.com\/www.steenkamper.de\/wp-content\/uploads\/2023\/09\/img_9089.jpg?fit=749%2C704&ssl=1&resize=700%2C400 2x"},"classes":[]},{"id":14951,"url":"https:\/\/www.steenkamper.de\/index.php\/2021\/02\/19\/cafe-kuchen\/","url_meta":{"origin":20850,"position":5},"title":"Caf\u00e9 &amp; Kuchen?","author":"Max","date":"19\/02\/2021","format":false,"excerpt":"Am Wochenende wird es Fr\u00fchling. Hier zwei Tipps f\u00fcr die Verpflegung: Das Caf\u00e9 an der Vogelweide. Kuchen bestellen und abholen unter: dascafe.steenkamp16(at)gmx.de oder unter 0162 9172416 \u201eHonig Haus Hamburg\u201c im Schulgarten im Volkspark. Hier gibt es heisse&kalte Getr\u00e4nke z.B. Honigbier. Freitag 14-17hSamstag und Sonntag 12-17hMontag 14-17h(Jeweils nur bei halbwegs gutem\u2026","rel":"","context":"In &quot;Allgemein&quot;","block_context":{"text":"Allgemein","link":"https:\/\/www.steenkamper.de\/index.php\/category\/allgemein\/"},"img":{"alt_text":"","src":"https:\/\/i0.wp.com\/www.steenkamper.de\/wp-content\/uploads\/2021\/02\/img_8274-1.jpg?fit=640%2C416&ssl=1&resize=350%2C200","width":350,"height":200,"srcset":"https:\/\/i0.wp.com\/www.steenkamper.de\/wp-content\/uploads\/2021\/02\/img_8274-1.jpg?fit=640%2C416&ssl=1&resize=350%2C200 1x, https:\/\/i0.wp.com\/www.steenkamper.de\/wp-content\/uploads\/2021\/02\/img_8274-1.jpg?fit=640%2C416&ssl=1&resize=525%2C300 1.5x"},"classes":[]}],"_links":{"self":[{"href":"https:\/\/www.steenkamper.de\/index.php\/wp-json\/wp\/v2\/posts\/20850","targetHints":{"allow":["GET"]}}],"collection":[{"href":"https:\/\/www.steenkamper.de\/index.php\/wp-json\/wp\/v2\/posts"}],"about":[{"href":"https:\/\/www.steenkamper.de\/index.php\/wp-json\/wp\/v2\/types\/post"}],"author":[{"embeddable":true,"href":"https:\/\/www.steenkamper.de\/index.php\/wp-json\/wp\/v2\/users\/6"}],"replies":[{"embeddable":true,"href":"https:\/\/www.steenkamper.de\/index.php\/wp-json\/wp\/v2\/comments?post=20850"}],"version-history":[{"count":0,"href":"https:\/\/www.steenkamper.de\/index.php\/wp-json\/wp\/v2\/posts\/20850\/revisions"}],"wp:featuredmedia":[{"embeddable":true,"href":"https:\/\/www.steenkamper.de\/index.php\/wp-json\/wp\/v2\/media\/20849"}],"wp:attachment":[{"href":"https:\/\/www.steenkamper.de\/index.php\/wp-json\/wp\/v2\/media?parent=20850"}],"wp:term":[{"taxonomy":"category","embeddable":true,"href":"https:\/\/www.steenkamper.de\/index.php\/wp-json\/wp\/v2\/categories?post=20850"},{"taxonomy":"post_tag","embeddable":true,"href":"https:\/\/www.steenkamper.de\/index.php\/wp-json\/wp\/v2\/tags?post=20850"}],"curies":[{"name":"wp","href":"https:\/\/api.w.org\/{rel}","templated":true}]}}