{"id":2028,"date":"2016-04-16T10:00:47","date_gmt":"2016-04-16T08:00:47","guid":{"rendered":"http:\/\/wp.steenkamper.de\/?p=2028"},"modified":"2016-04-15T13:58:46","modified_gmt":"2016-04-15T11:58:46","slug":"bienensterben-und-bienen-im-garten","status":"publish","type":"post","link":"https:\/\/www.steenkamper.de\/index.php\/2016\/04\/16\/bienensterben-und-bienen-im-garten\/","title":{"rendered":"Bienensterben? und Bienen im Garten?"},"content":{"rendered":"<p><strong>Wie k\u00f6nnen wir alle helfen, g\u00fcnstige Bedingungen f\u00fcr Insekten zu schaffen?<\/strong><br \/>\nGebt den Wildbienen und auch anderen Hautfl\u00fcglern eine Lebensgrundlage in Euren G\u00e4rten. Wir hier in der Siedlung haben den Luxus eines St\u00fccks gr\u00fcner Idylle in einer gro\u00dfen Stadt wie Hamburg. Die Insekten ben\u00f6tigen einen Ort zum Wohnen und einen reich gedeckten Tisch. Die Arten haben jedoch verschiedene Wohnbed\u00fcrfnisse. &#8230;<\/p>\n<p>Artikel aus dem Steenkamper Ausgabe 1\/2015 von&nbsp;Gesa Lahner<br \/>\n(Nachbarin aus dem Hochfeld und&nbsp;1.Vorsitzende vom&nbsp;<a href=\"http:\/\/www.ivhh.de\/\" target=\"_blank\">Imkerverband Hamburg e.V.<\/a>):<br \/>\n<strong><a href=\"http:\/\/wp.steenkamper.de\/index.php\/bienensterben\/\">Ein offenes Wort zum Bienensterben und kleine Tipps dagegen<\/a><\/strong><\/p>\n","protected":false},"excerpt":{"rendered":"<p>Wie k\u00f6nnen wir alle helfen, g\u00fcnstige Bedingungen f\u00fcr Insekten zu schaffen? Gebt den Wildbienen und auch anderen Hautfl\u00fcglern eine Lebensgrundlage in Euren G\u00e4rten. Wir hier in der Siedlung haben den&#8230; <\/p>\n<p><a class=\"teaser-more\" href=\"https:\/\/www.steenkamper.de\/index.php\/2016\/04\/16\/bienensterben-und-bienen-im-garten\/\">weiter lesen<\/a><\/p>\n","protected":false},"author":6,"featured_media":0,"comment_status":"open","ping_status":"open","sticky":false,"template":"","format":"standard","meta":{"_acf_changed":false,"_price":"","_stock":"","_tribe_ticket_header":"","_tribe_default_ticket_provider":"","_tribe_ticket_capacity":"0","_ticket_start_date":"","_ticket_end_date":"","_tribe_ticket_show_description":"","_tribe_ticket_show_not_going":false,"_tribe_ticket_use_global_stock":"","_tribe_ticket_global_stock_level":"","_global_stock_mode":"","_global_stock_cap":"","_tribe_rsvp_for_event":"","_tribe_ticket_going_count":"","_tribe_ticket_not_going_count":"","_tribe_tickets_list":"[]","_tribe_ticket_has_attendee_info_fields":false,"jetpack_post_was_ever_published":false,"_jetpack_newsletter_access":"","_jetpack_dont_email_post_to_subs":false,"_jetpack_newsletter_tier_id":0,"_jetpack_memberships_contains_paywalled_content":false,"_jetpack_memberships_contains_paid_content":false,"footnotes":"","jetpack_publicize_message":"","jetpack_publicize_feature_enabled":true,"jetpack_social_post_already_shared":true,"jetpack_social_options":{"image_generator_settings":{"template":"highway","default_image_id":0,"font":"","enabled":false},"version":2}},"categories":[3],"tags":[],"class_list":["post-2028","post","type-post","status-publish","format-standard","hentry","category-allgemein"],"acf":[],"jetpack_publicize_connections":[],"jetpack_featured_media_url":"","jetpack_sharing_enabled":false,"jetpack_shortlink":"https:\/\/wp.me\/p74Wuo-wI","jetpack_likes_enabled":true,"jetpack-related-posts":[{"id":7998,"url":"https:\/\/www.steenkamper.de\/index.php\/2019\/04\/02\/insektensterben\/","url_meta":{"origin":2028,"position":0},"title":"Insektensterben?!","author":"Max","date":"02\/04\/2019","format":false,"excerpt":"Jeder kann in seinem Garten etwas gegen das Artensterben tun! Unsere Insekten und insektenfressende V\u00f6gel werden weniger und verschwinden.Wir Steenkamper k\u00f6nnen alle mit unseren G\u00e4rten den Insekten Lebensraum und Futter bieten. Auf jeden Fall sollte Konsequent auf den Einsatz von chemischen Giften verzichtet werden! Am besten jetzt wo der Garten\u2026","rel":"","context":"In &quot;Allgemein&quot;","block_context":{"text":"Allgemein","link":"https:\/\/www.steenkamper.de\/index.php\/category\/allgemein\/"},"img":{"alt_text":"","src":"https:\/\/i0.wp.com\/www.steenkamper.de\/wp-content\/uploads\/2019\/03\/IMG_0035.jpg?fit=1200%2C607&ssl=1&resize=350%2C200","width":350,"height":200,"srcset":"https:\/\/i0.wp.com\/www.steenkamper.de\/wp-content\/uploads\/2019\/03\/IMG_0035.jpg?fit=1200%2C607&ssl=1&resize=350%2C200 1x, https:\/\/i0.wp.com\/www.steenkamper.de\/wp-content\/uploads\/2019\/03\/IMG_0035.jpg?fit=1200%2C607&ssl=1&resize=525%2C300 1.5x, https:\/\/i0.wp.com\/www.steenkamper.de\/wp-content\/uploads\/2019\/03\/IMG_0035.jpg?fit=1200%2C607&ssl=1&resize=700%2C400 2x, https:\/\/i0.wp.com\/www.steenkamper.de\/wp-content\/uploads\/2019\/03\/IMG_0035.jpg?fit=1200%2C607&ssl=1&resize=1050%2C600 3x"},"classes":[]},{"id":23143,"url":"https:\/\/www.steenkamper.de\/index.php\/2023\/04\/29\/no-mow-may-nicht-maehen-im-mai\/","url_meta":{"origin":2028,"position":1},"title":"\u201eNO MOW MAY\u201c &#8211; nicht m\u00e4hen im Mai?","author":"Max","date":"29\/04\/2023","format":false,"excerpt":"NO MOW MAY hat seinen Ursprung in Gro\u00dfbritannien, doch auch in Deutschland wird ein m\u00e4hfreier Mai erfreulicherweise immer popul\u00e4rer. Oft ist ein Engagement f\u00fcr mehr Nachhaltigkeit und Umweltschutz mit einem gewissen Aufwand verbunden, doch beim No Mow May ist das Gegenteil der Fall: Hier kannst du einen gro\u00dfen Beitrag leisten,\u2026","rel":"","context":"In &quot;Allgemein&quot;","block_context":{"text":"Allgemein","link":"https:\/\/www.steenkamper.de\/index.php\/category\/allgemein\/"},"img":{"alt_text":"","src":"https:\/\/i0.wp.com\/www.steenkamper.de\/wp-content\/uploads\/2021\/05\/Biene.jpg?fit=978%2C546&ssl=1&resize=350%2C200","width":350,"height":200,"srcset":"https:\/\/i0.wp.com\/www.steenkamper.de\/wp-content\/uploads\/2021\/05\/Biene.jpg?fit=978%2C546&ssl=1&resize=350%2C200 1x, https:\/\/i0.wp.com\/www.steenkamper.de\/wp-content\/uploads\/2021\/05\/Biene.jpg?fit=978%2C546&ssl=1&resize=525%2C300 1.5x, https:\/\/i0.wp.com\/www.steenkamper.de\/wp-content\/uploads\/2021\/05\/Biene.jpg?fit=978%2C546&ssl=1&resize=700%2C400 2x"},"classes":[]},{"id":24182,"url":"https:\/\/www.steenkamper.de\/index.php\/2023\/09\/19\/nachhaltige-gartenarbeit-im-herbst\/","url_meta":{"origin":2028,"position":2},"title":"Nachhaltige Gartenarbeit im Herbst","author":"Max","date":"19\/09\/2023","format":false,"excerpt":"Tipps f\u00fcr umweltbewusste G\u00e4rtner*innen Der Herbst bringt nicht nur bunte Bl\u00e4tter und k\u00fchlere Temperaturen, sondern auch die perfekte Gelegenheit, Ihren Garten nachhaltig zu pflegen. In dieser Jahreszeit k\u00f6nnen Sie nicht nur Ihre Pflanzen vor dem Winter sch\u00fctzen, sondern auch die Umwelt ber\u00fccksichtigen. Hier sind einige nachhaltige Tipps f\u00fcr die Gartenarbeit\u2026","rel":"","context":"In &quot;Allgemein&quot;","block_context":{"text":"Allgemein","link":"https:\/\/www.steenkamper.de\/index.php\/category\/allgemein\/"},"img":{"alt_text":"","src":"","width":0,"height":0},"classes":[]},{"id":2646,"url":"https:\/\/www.steenkamper.de\/index.php\/2016\/10\/06\/unsere-gaerten-unsere-freude\/","url_meta":{"origin":2028,"position":3},"title":"Unsere G\u00e4rten &#8211; unsere Freude!","author":"Max","date":"06\/10\/2016","format":false,"excerpt":"(aus der Festschrift \"F\u00fcnfzig Jahre Steenkamp\" August 1970) \"Was w\u00e4re wohl Steenkamp ohne seine G\u00e4rten! Doch auch sie haben in der Zeit von 1920 bis 1970 eine Wandlung und Entwicklung durchgemacht, die gewisserma\u00dfen ein St\u00fcck Zeitgeschichte bedeuten. Die Ern\u00e4hrung und auch das knappe Geld zwangen uns in den ersten Jahren,\u2026","rel":"","context":"In &quot;Allgemein&quot;","block_context":{"text":"Allgemein","link":"https:\/\/www.steenkamper.de\/index.php\/category\/allgemein\/"},"img":{"alt_text":"","src":"https:\/\/i0.wp.com\/www.steenkamper.de\/wp-content\/uploads\/2016\/10\/Ausschnitt.jpg?fit=809%2C263&ssl=1&resize=350%2C200","width":350,"height":200,"srcset":"https:\/\/i0.wp.com\/www.steenkamper.de\/wp-content\/uploads\/2016\/10\/Ausschnitt.jpg?fit=809%2C263&ssl=1&resize=350%2C200 1x, https:\/\/i0.wp.com\/www.steenkamper.de\/wp-content\/uploads\/2016\/10\/Ausschnitt.jpg?fit=809%2C263&ssl=1&resize=525%2C300 1.5x, https:\/\/i0.wp.com\/www.steenkamper.de\/wp-content\/uploads\/2016\/10\/Ausschnitt.jpg?fit=809%2C263&ssl=1&resize=700%2C400 2x"},"classes":[]},{"id":2679,"url":"https:\/\/www.steenkamper.de\/index.php\/2016\/10\/19\/gaerten-im-herbst\/","url_meta":{"origin":2028,"position":4},"title":"G\u00e4rten im Herbst","author":"Max","date":"19\/10\/2016","format":false,"excerpt":"Der NABU schreibt: Kleinstrukturen im Garten f\u00f6rdern Artenvielfalt Kleinstruktruren aus Hecken, Str\u00e4uchern Totholz und Steinen machen den Garten zum idealen Lebensraum f\u00fcr Insekten, Amphibien und Igel.\u00a0 Oft machen sich ungebetene G\u00e4ste wie Blattl\u00e4use und Schnecken in unseren G\u00e4rten breit, die betr\u00e4chtliche Sch\u00e4den anrichten k\u00f6nnen. Dabei gibt es aus \u00f6kologischer Sicht\u2026","rel":"","context":"In &quot;Garten&quot;","block_context":{"text":"Garten","link":"https:\/\/www.steenkamper.de\/index.php\/category\/garten\/"},"img":{"alt_text":"","src":"","width":0,"height":0},"classes":[]},{"id":29325,"url":"https:\/\/www.steenkamper.de\/index.php\/2025\/05\/01\/im-mai-nicht-maehen-und-abpflastern\/","url_meta":{"origin":2028,"position":5},"title":"im Mai nicht m\u00e4hen und \u201eabpflastern\u201c","author":"Max","date":"01\/05\/2025","format":false,"excerpt":"\ud83c\udf3c Fr\u00fchlingstipp: Warum ich in meinem Garten im Mai nicht mehr m\u00e4he \u2013 und was das mit \u201eAbpflastern\u201c zu tun hat. \ud83c\udfe1 In der Steenkampsiedlung genie\u00dfe ich jeden Fr\u00fchling aufs Neue die bl\u00fchenden G\u00e4rten und das viele Gr\u00fcn \u2013 doch seit letztem Jahr mache ich eine Sache ganz bewusst anders:\u2026","rel":"","context":"In &quot;Allgemein&quot;","block_context":{"text":"Allgemein","link":"https:\/\/www.steenkamper.de\/index.php\/category\/allgemein\/"},"img":{"alt_text":"","src":"https:\/\/i0.wp.com\/www.steenkamper.de\/wp-content\/uploads\/2025\/04\/b614ccd1-af87-4125-9c62-d6c3ac35723e-1.jpg?fit=1200%2C686&ssl=1&resize=350%2C200","width":350,"height":200,"srcset":"https:\/\/i0.wp.com\/www.steenkamper.de\/wp-content\/uploads\/2025\/04\/b614ccd1-af87-4125-9c62-d6c3ac35723e-1.jpg?fit=1200%2C686&ssl=1&resize=350%2C200 1x, https:\/\/i0.wp.com\/www.steenkamper.de\/wp-content\/uploads\/2025\/04\/b614ccd1-af87-4125-9c62-d6c3ac35723e-1.jpg?fit=1200%2C686&ssl=1&resize=525%2C300 1.5x, https:\/\/i0.wp.com\/www.steenkamper.de\/wp-content\/uploads\/2025\/04\/b614ccd1-af87-4125-9c62-d6c3ac35723e-1.jpg?fit=1200%2C686&ssl=1&resize=700%2C400 2x, https:\/\/i0.wp.com\/www.steenkamper.de\/wp-content\/uploads\/2025\/04\/b614ccd1-af87-4125-9c62-d6c3ac35723e-1.jpg?fit=1200%2C686&ssl=1&resize=1050%2C600 3x"},"classes":[]}],"_links":{"self":[{"href":"https:\/\/www.steenkamper.de\/index.php\/wp-json\/wp\/v2\/posts\/2028","targetHints":{"allow":["GET"]}}],"collection":[{"href":"https:\/\/www.steenkamper.de\/index.php\/wp-json\/wp\/v2\/posts"}],"about":[{"href":"https:\/\/www.steenkamper.de\/index.php\/wp-json\/wp\/v2\/types\/post"}],"author":[{"embeddable":true,"href":"https:\/\/www.steenkamper.de\/index.php\/wp-json\/wp\/v2\/users\/6"}],"replies":[{"embeddable":true,"href":"https:\/\/www.steenkamper.de\/index.php\/wp-json\/wp\/v2\/comments?post=2028"}],"version-history":[{"count":2,"href":"https:\/\/www.steenkamper.de\/index.php\/wp-json\/wp\/v2\/posts\/2028\/revisions"}],"predecessor-version":[{"id":2060,"href":"https:\/\/www.steenkamper.de\/index.php\/wp-json\/wp\/v2\/posts\/2028\/revisions\/2060"}],"wp:attachment":[{"href":"https:\/\/www.steenkamper.de\/index.php\/wp-json\/wp\/v2\/media?parent=2028"}],"wp:term":[{"taxonomy":"category","embeddable":true,"href":"https:\/\/www.steenkamper.de\/index.php\/wp-json\/wp\/v2\/categories?post=2028"},{"taxonomy":"post_tag","embeddable":true,"href":"https:\/\/www.steenkamper.de\/index.php\/wp-json\/wp\/v2\/tags?post=2028"}],"curies":[{"name":"wp","href":"https:\/\/api.w.org\/{rel}","templated":true}]}}