{"id":19428,"date":"2022-05-27T20:53:41","date_gmt":"2022-05-27T18:53:41","guid":{"rendered":"https:\/\/www.steenkamper.de\/?p=19428"},"modified":"2022-05-27T20:56:39","modified_gmt":"2022-05-27T18:56:39","slug":"__trashed","status":"publish","type":"post","link":"https:\/\/www.steenkamper.de\/index.php\/2022\/05\/27\/__trashed\/","title":{"rendered":"Treffen Ausschuss Fl\u00fcchtlingsarbeit \/ Deutschkiosk"},"content":{"rendered":"\n<p><strong>Freitag, 03. Juni 2022, 20:00 Uhr im Steenkampsaal<\/strong> <\/p>\n\n\n\n<p>\/ Mittlerweile konnten wir einige Rahmenbedingungen und haben einen Arbeitstitel gefunden\u00a0<strong>\u201cDeutschkiosk<\/strong>\u201c. Zeit f\u00fcr ein neues Treffen &amp; wir laden ein! <\/p>\n\n\n\n<p>\/ Die\u00a0<strong>Unterst\u00fctzung f\u00fcr gefl\u00fcchtete Menschen<\/strong>\u00a0ist durch das aktuelle Geschehen wieder mehr in den Fokus ger\u00fcckt und eine neue Welle der Hilfsbereitschaft ist entstanden. Auf Anregung einer Nachbarin \u2013\u00a0<strong>Deutschangebot<\/strong>\u00a0f\u00fcr Gefl\u00fcchtete in unserer Nachbarschaft erneuern \u2013 gab es am 11. Mai 2022 ein Treffen mit Interessierten im Steenkampsaal. <\/p>\n\n\n\n<p>\/ <em>Themen: \u201e-Was k\u00f6nnen wir anbieten? -Wie sieht der Bedarf aus? -Wer kann wie wann mitarbeiten?<\/em>\u201c <\/p>\n\n\n\n<p>Wir haben dann Gelegenheit, unsere Ideen und Vorschl\u00e4ge zu konkretiseren, Pl\u00e4ne zu schmieden und ein Konzept zu entwickeln. Alle Interessierten sind herzlich eingeladen.<\/p>\n\n\n\n<p>Ausschuss Fl\u00fcchtlingsarbeit Steenkamp:<br><a href=\"mailto:steenkamp.fluechtlinge@yahoo.de\">steenkamp.fluechtlinge(at)yahoo.de<\/a><br>Friederike Petrelli: 040 31790366<br>Gertrud Krapp: 040 8005165<br>Friedhelm Moggert-K\u00e4geler: 0160 99165211<\/p>\n","protected":false},"excerpt":{"rendered":"<p>Freitag, 03. Juni 2022, 20:00 Uhr im Steenkampsaal \/ Mittlerweile konnten wir einige Rahmenbedingungen und haben einen Arbeitstitel gefunden\u00a0\u201cDeutschkiosk\u201c. Zeit f\u00fcr ein neues Treffen &amp; wir laden ein! \/ Die\u00a0Unterst\u00fctzung&#8230; <\/p>\n<p><a class=\"teaser-more\" href=\"https:\/\/www.steenkamper.de\/index.php\/2022\/05\/27\/__trashed\/\">weiter lesen<\/a><\/p>\n","protected":false},"author":6,"featured_media":2573,"comment_status":"open","ping_status":"open","sticky":false,"template":"","format":"standard","meta":{"_acf_changed":false,"_price":"","_stock":"","_tribe_ticket_header":"","_tribe_default_ticket_provider":"","_tribe_ticket_capacity":"0","_ticket_start_date":"","_ticket_end_date":"","_tribe_ticket_show_description":"","_tribe_ticket_show_not_going":false,"_tribe_ticket_use_global_stock":"","_tribe_ticket_global_stock_level":"","_global_stock_mode":"","_global_stock_cap":"","_tribe_rsvp_for_event":"","_tribe_ticket_going_count":"","_tribe_ticket_not_going_count":"","_tribe_tickets_list":"[]","_tribe_ticket_has_attendee_info_fields":false,"jetpack_post_was_ever_published":false,"_jetpack_newsletter_access":"","_jetpack_dont_email_post_to_subs":false,"_jetpack_newsletter_tier_id":0,"_jetpack_memberships_contains_paywalled_content":false,"_jetpack_memberships_contains_paid_content":false,"footnotes":"","jetpack_publicize_message":"","jetpack_publicize_feature_enabled":true,"jetpack_social_post_already_shared":true,"jetpack_social_options":{"image_generator_settings":{"template":"highway","default_image_id":0,"font":"","enabled":false},"version":2}},"categories":[3,4],"tags":[],"class_list":["post-19428","post","type-post","status-publish","format-standard","has-post-thumbnail","hentry","category-allgemein","category-fluchtlingsunterstutzung"],"acf":[],"jetpack_publicize_connections":[],"jetpack_featured_media_url":"https:\/\/i0.wp.com\/www.steenkamper.de\/wp-content\/uploads\/2016\/09\/IMG_2805.png?fit=833%2C391&ssl=1","jetpack_sharing_enabled":true,"jetpack_shortlink":"https:\/\/wp.me\/p74Wuo-53m","jetpack_likes_enabled":true,"jetpack-related-posts":[{"id":19065,"url":"https:\/\/www.steenkamper.de\/index.php\/2022\/04\/27\/treffen-ausschuss-fluechtlingsunterstuetzung\/","url_meta":{"origin":19428,"position":0},"title":"Treffen Ausschuss Fl\u00fcchtlingsunterst\u00fctzung","author":"Max","date":"27\/04\/2022","format":false,"excerpt":"Einladung zu einem Treffen zur Wiederbelebung des Deutschunterrichts f\u00fcr Gefl\u00fcchtete Der Steenkamper Ausschuss f\u00fcr die Unterst\u00fctzung gefl\u00fcchteter Menschen l\u00e4dt ein zu einem Treffen in den Steenkampsaal am Mittwoch\u00a011.5.2022 um 20h. Die Einladung ist in erster Linie an all die Personen aus der Nachbarschaft und Umgebung gerichtet, die sich vorstellen k\u00f6nnen,\u2026","rel":"","context":"In &quot;Fl\u00fcchtlingsunterst\u00fctzung&quot;","block_context":{"text":"Fl\u00fcchtlingsunterst\u00fctzung","link":"https:\/\/www.steenkamper.de\/index.php\/category\/fluchtlingsunterstutzung\/"},"img":{"alt_text":"","src":"https:\/\/i0.wp.com\/www.steenkamper.de\/wp-content\/uploads\/2016\/09\/IMG_2805.png?fit=833%2C391&ssl=1&resize=350%2C200","width":350,"height":200,"srcset":"https:\/\/i0.wp.com\/www.steenkamper.de\/wp-content\/uploads\/2016\/09\/IMG_2805.png?fit=833%2C391&ssl=1&resize=350%2C200 1x, https:\/\/i0.wp.com\/www.steenkamper.de\/wp-content\/uploads\/2016\/09\/IMG_2805.png?fit=833%2C391&ssl=1&resize=525%2C300 1.5x, https:\/\/i0.wp.com\/www.steenkamper.de\/wp-content\/uploads\/2016\/09\/IMG_2805.png?fit=833%2C391&ssl=1&resize=700%2C400 2x"},"classes":[]},{"id":19848,"url":"https:\/\/www.steenkamper.de\/index.php\/2022\/06\/21\/deutschkiosk\/","url_meta":{"origin":19428,"position":1},"title":"Deutschkiosk","author":"Max","date":"21\/06\/2022","format":false,"excerpt":"\u0417\u0432\u0435\u0440\u0442\u0430\u0439\u0441\u044f, \u044f\u043a\u0449\u043e \u0442\u0438: \u0425\u043e\u0447\u0435\u0448 \u0432\u0438\u0432\u0447\u0430\u0442\u0438 \u043d\u0456\u043c\u0435\u0446\u044c\u043a\u0443 \u043c\u043e\u0432\u0443 \u041c\u0430\u0454\u0448 \u043f\u0438\u0442\u0430\u043d\u043d\u044f \u0437 \u0432\u0438\u0432\u0447\u0430\u043d\u043d\u044f \u043d\u0456\u043c\u0435\u0446\u044c\u043a\u043e\u0457 \u043c\u043e\u0432\u0438\u041c\u0430\u0454\u0448 \u043f\u043e\u0442\u0440\u0435\u0431\u0443 \u0443 \u043d\u0430\u0432\u0447\u0430\u043d\u043d\u0456. \u041f\u043e\u0442\u0440\u0435\u0431\u0443\u0454\u0448 \u043f\u0456\u0434\u0442\u0440\u0438\u043c\u043a\u0438 \u041c\u0430\u0454\u0448 \u043f\u043e\u0442\u0440\u0435\u0431\u0443 \u0443 \u043d\u0430\u0432\u0447\u0430\u043d\u043d\u0456 \u043c\u043e\u0432\u0438 \u041f\u0440\u0438\u0445\u043e\u0434\u044c \u0434\u043e \u043d\u0430\u0441 \u0449\u043e\u043f\u043e\u043d\u0435\u0434\u0456\u043b\u043a\u0430 \u0437 15.00 \u0434\u043e 16.30 \u0627\u06af\u0631 \u0633\u0648\u0627\u0644\u06cc \u062f\u0627\u0631\u06cc\u062f \u06a9\u0647 \u062a\u0639\u0644\u0642 \u062f\u0627\u0631\u062f \u0628 \u0631 . -\u0622\u0645\u0648\u0632\u0634 \u0632\u0628\u0627\u0646 \u0622\u0644\u0645\u0627\u0646\u06cc \u0633\u0648\u0627\u0644 \u062f\u0631 \u0628\u0627\u0631\u0647 \u0622\u0645\u0648\u0632\u0634 \u06a9\u0645\u06a9 \u062f\u0631\u0633\u06cc\u0647\u0645\u0631\u0627\u0647\u06cc\u06cc\u062a\u0645\u0631\u06cc\u0646 \u0632\u0628\u0627\u0646\u2026","rel":"","context":"In &quot;Allgemein&quot;","block_context":{"text":"Allgemein","link":"https:\/\/www.steenkamper.de\/index.php\/category\/allgemein\/"},"img":{"alt_text":"","src":"https:\/\/i0.wp.com\/www.steenkamper.de\/wp-content\/uploads\/2016\/09\/IMG_2805-1.png?fit=882%2C392&ssl=1&resize=350%2C200","width":350,"height":200,"srcset":"https:\/\/i0.wp.com\/www.steenkamper.de\/wp-content\/uploads\/2016\/09\/IMG_2805-1.png?fit=882%2C392&ssl=1&resize=350%2C200 1x, https:\/\/i0.wp.com\/www.steenkamper.de\/wp-content\/uploads\/2016\/09\/IMG_2805-1.png?fit=882%2C392&ssl=1&resize=525%2C300 1.5x, https:\/\/i0.wp.com\/www.steenkamper.de\/wp-content\/uploads\/2016\/09\/IMG_2805-1.png?fit=882%2C392&ssl=1&resize=700%2C400 2x"},"classes":[]},{"id":1399,"url":"https:\/\/www.steenkamper.de\/index.php\/2016\/01\/26\/was-bedeutet-uns-der-saal\/","url_meta":{"origin":19428,"position":2},"title":"Was bedeutet uns der Saal?","author":"Max","date":"26\/01\/2016","format":false,"excerpt":"Welchen Wert hat der Steenkampsaal? Warum die SAGA, die Politik und wir Nachbarn alles f\u00fcr den Saalerhalt tun sollten aus dem Steenkamper Ausgabe 1\/2016 Nun ist es soweit. Seit fast einem Jahrhundert nutzen wir unseren Steenkampsaal und der Mietvertrag l\u00e4uft aus. Ein neuer Vertrag wurde uns angeboten, leider sollen sich\u2026","rel":"","context":"In &quot;Der Steenkamper&quot;","block_context":{"text":"Der Steenkamper","link":"https:\/\/www.steenkamper.de\/index.php\/category\/der-steenkamper\/"},"img":{"alt_text":"","src":"","width":0,"height":0},"classes":[]},{"id":1544,"url":"https:\/\/www.steenkamper.de\/index.php\/2016\/02\/08\/fluechtlingshilfe\/","url_meta":{"origin":19428,"position":3},"title":"Fl\u00fcchtlingshilfe","author":"Max","date":"08\/02\/2016","format":false,"excerpt":"N\u00e4chste Treffen der Fl\u00fcchtlings AGs am Mi. 10.02.2016 um 19:30h im Steenkampsaal (wie immer am 2. Mittwoch eines Monats) Neu:\u00a0HVV Fahrkarte ab 01.02.16 f\u00fcr Fl\u00fcchtlinge Projekt f\u00fcr gefl\u00fcchtete Frauen, Ehrenamtliche gesucht!\u00a0 Einmal wieder in Ruhe duschen, sich die Haare machen, etwas kochen oder stricken und kl\u00f6nen! \u00a0In der ZEAs in\u2026","rel":"","context":"In &quot;Allgemein&quot;","block_context":{"text":"Allgemein","link":"https:\/\/www.steenkamper.de\/index.php\/category\/allgemein\/"},"img":{"alt_text":"","src":"https:\/\/i0.wp.com\/www.steenkamper.de\/wp-content\/uploads\/2016\/02\/hvv.png?fit=620%2C200&ssl=1&resize=350%2C200","width":350,"height":200,"srcset":"https:\/\/i0.wp.com\/www.steenkamper.de\/wp-content\/uploads\/2016\/02\/hvv.png?fit=620%2C200&ssl=1&resize=350%2C200 1x, https:\/\/i0.wp.com\/www.steenkamper.de\/wp-content\/uploads\/2016\/02\/hvv.png?fit=620%2C200&ssl=1&resize=525%2C300 1.5x"},"classes":[]},{"id":27346,"url":"https:\/\/www.steenkamper.de\/index.php\/2024\/04\/21\/treffen-ausschuss-science-city-15-5\/","url_meta":{"origin":19428,"position":4},"title":"Treffen Ausschuss Science City 15.5.","author":"Max","date":"21\/04\/2024","format":false,"excerpt":"Am 15.5. trifft sich wieder der Steenkamper Ausschuss \u201eScience City\u201c im Steenkampsaal. Interessierte sind herzlich willkommen! Am 15.5., um 19:30 Uhr, treffen wir uns im Steenkampsaal. Es w\u00e4re toll, wenn ein paar von euch dabei sein k\u00f6nnten, da wir an dem Abend die Stellw\u00e4nde f\u00fcr den Science City-Tag vorbereiten wollen.\u2026","rel":"","context":"In &quot;Saal&quot;","block_context":{"text":"Saal","link":"https:\/\/www.steenkamper.de\/index.php\/category\/saal\/"},"img":{"alt_text":"","src":"https:\/\/i0.wp.com\/www.steenkamper.de\/wp-content\/uploads\/2024\/02\/img_5128.jpg?fit=800%2C534&ssl=1&resize=350%2C200","width":350,"height":200,"srcset":"https:\/\/i0.wp.com\/www.steenkamper.de\/wp-content\/uploads\/2024\/02\/img_5128.jpg?fit=800%2C534&ssl=1&resize=350%2C200 1x, https:\/\/i0.wp.com\/www.steenkamper.de\/wp-content\/uploads\/2024\/02\/img_5128.jpg?fit=800%2C534&ssl=1&resize=525%2C300 1.5x, https:\/\/i0.wp.com\/www.steenkamper.de\/wp-content\/uploads\/2024\/02\/img_5128.jpg?fit=800%2C534&ssl=1&resize=700%2C400 2x"},"classes":[]},{"id":52,"url":"https:\/\/www.steenkamper.de\/index.php\/2015\/12\/14\/eine-gemeinschaft-braucht-einen-saal\/","url_meta":{"origin":19428,"position":5},"title":"Eine Gemeinschaft braucht einen Saal","author":"Max","date":"14\/12\/2015","format":false,"excerpt":"Nun ist es soweit, seit fast einem Jahrhundert nutzen wir \u00a0unseren\u00a0Steenkampsaal und\u00a0der Pachtvertrag von der SAGA\u00a0l\u00e4uft jetzt aus. Der Verein muss sich nun \u00fcberlegen ob und wie er den Saal weiter nutzen m\u00f6chte. Leider sind die Konditionen nicht mehr die die es immer waren, sondern \u00a0die Kosten verdoppeln sich fast.\u2026","rel":"","context":"In &quot;Allgemein&quot;","block_context":{"text":"Allgemein","link":"https:\/\/www.steenkamper.de\/index.php\/category\/allgemein\/"},"img":{"alt_text":"","src":"https:\/\/i0.wp.com\/www.steenkamper.de\/wp-content\/uploads\/2015\/12\/saalbild_2.jpg?fit=406%2C279&ssl=1&resize=350%2C200","width":350,"height":200},"classes":[]}],"_links":{"self":[{"href":"https:\/\/www.steenkamper.de\/index.php\/wp-json\/wp\/v2\/posts\/19428","targetHints":{"allow":["GET"]}}],"collection":[{"href":"https:\/\/www.steenkamper.de\/index.php\/wp-json\/wp\/v2\/posts"}],"about":[{"href":"https:\/\/www.steenkamper.de\/index.php\/wp-json\/wp\/v2\/types\/post"}],"author":[{"embeddable":true,"href":"https:\/\/www.steenkamper.de\/index.php\/wp-json\/wp\/v2\/users\/6"}],"replies":[{"embeddable":true,"href":"https:\/\/www.steenkamper.de\/index.php\/wp-json\/wp\/v2\/comments?post=19428"}],"version-history":[{"count":2,"href":"https:\/\/www.steenkamper.de\/index.php\/wp-json\/wp\/v2\/posts\/19428\/revisions"}],"predecessor-version":[{"id":19432,"href":"https:\/\/www.steenkamper.de\/index.php\/wp-json\/wp\/v2\/posts\/19428\/revisions\/19432"}],"wp:featuredmedia":[{"embeddable":true,"href":"https:\/\/www.steenkamper.de\/index.php\/wp-json\/wp\/v2\/media\/2573"}],"wp:attachment":[{"href":"https:\/\/www.steenkamper.de\/index.php\/wp-json\/wp\/v2\/media?parent=19428"}],"wp:term":[{"taxonomy":"category","embeddable":true,"href":"https:\/\/www.steenkamper.de\/index.php\/wp-json\/wp\/v2\/categories?post=19428"},{"taxonomy":"post_tag","embeddable":true,"href":"https:\/\/www.steenkamper.de\/index.php\/wp-json\/wp\/v2\/tags?post=19428"}],"curies":[{"name":"wp","href":"https:\/\/api.w.org\/{rel}","templated":true}]}}