{"id":18946,"date":"2022-04-27T08:15:03","date_gmt":"2022-04-27T06:15:03","guid":{"rendered":"https:\/\/www.steenkamper.de\/?p=18946"},"modified":"2022-04-27T08:15:05","modified_gmt":"2022-04-27T06:15:05","slug":"fotoausstellung-in-der-melanchthonkirche","status":"publish","type":"post","link":"https:\/\/www.steenkamper.de\/index.php\/2022\/04\/27\/fotoausstellung-in-der-melanchthonkirche\/","title":{"rendered":"Fotoausstellung in der Melanchthonkirche"},"content":{"rendered":"\n<p>Ausstellungser\u00f6ffnung ist am 1.Mai 2022 gegen 11 Uhr, nach dem 10Uhr-Gottestdienst. Matthias Raabe ist geb\u00fcrtiger Steenkamper und hat eine sehenswerte Fotoausstellung zusammengestellt \u00fcber die Melanchthonkirche. Er selbst beschreibt sie so:  <\/p>\n\n\n\n<p>Meine Kirche, der unbekannte Ort \u2026 So in etwa k\u00f6nnte der Titel einer Fotoausstellung lauten, die ich (Matthias Raabe) gerade vorbereite und die am Sonntag, dem 1. Mai 2022 im Vorraum des Gemeindesaals er\u00f6ffnet werden soll. <\/p>\n\n\n\n<p>Ich bin geb\u00fcrtiger Steenkamper, habe die meiste Zeit meines Lebens hier in der Siedlung gelebt und fotografiere seit mittlerweile 50 Jahren, oft mit ungew\u00f6hnlichen Techniken. Kurz nach der Er\u00f6ffnung der Melanchthonkirche erhielt ich hier meine Taufe, sp\u00e4ter wurde ich an selber Stelle auch konfirmiert. Mancher mag sagen \u201eMeine Melanchthonkirche? Klar, die kenne ich\u201c.<\/p>\n\n\n\n<p>Aber wissen Sie, wie es in der Sakristei aussieht, und wozu dieser Raum genutzt wird? Kennen Sie das Abendmahl-Reiseset f\u00fcr z.B. Hausbesuche? Den Ort in der Kirche, wo alles kaputt gegangene repariert wird? Wer bewacht den Dachboden \u00fcber dem Kirchraum? Wodurch ist unsere Kirche im Winter eher warm, wogegen andere Kirchen eher zu Mantel und Schal einladen? Haben Sie unsere Kirche schon einmal von hinten gesehen? Wo komme ich hin, wenn ich die zweite, verborgene Eingangst\u00fcr der Kirche links hinter dem Rhododendron- Strauch (Ebertallee 32) \u00f6ffnen w\u00fcrde? An welchem Ort der Kirche befindet sich der Zimbelstern, und warum kann man ihn nicht nachts am Himmel sehen, sondern nur in unserer Kirche h\u00f6ren?<\/p>\n\n\n\n<p>Das und vieles mehr sehen Sie auf den Bildern dieser Ausstellung und erfahren so einiges, was Ihnen Ihre Melanchthonkirche n\u00e4herbringen wird.<\/p>\n\n\n\n<p>Das Kirchengeb\u00e4ude hat sich als derma\u00dfen interessant herausgestellt, dass es sicherlich zu Details weiter Ausstellungen geben wird. Z.B. \u00fcber die Orgel, die restaurierungsw\u00fcrdigen Orte \/ Dinge in der Kirche, Fundst\u00fccke in der Kirche \u2026<br \/>Ich werde \u00fcbrigens auch F\u00fchrungen durch die Ausstellung anbieten, nach Bedarf und Anfrage.<\/p>\n\n\n\n<p>Matthias Raabe<br \/>040 8993261 oder <a class=\"moz-txt-link-abbreviated\" href=\"mailto:post@objektiefe.de\">post@objektiefe.de<\/a><\/p>\n\n\n\n<figure class=\"wp-block-image size-large\"><img data-recalc-dims=\"1\" fetchpriority=\"high\" decoding=\"async\" width=\"800\" height=\"600\" data-attachment-id=\"18945\" data-permalink=\"https:\/\/www.steenkamper.de\/index.php\/2022\/04\/27\/fotoausstellung-in-der-melanchthonkirche\/22-mk-altarraum-oben07-01_2___7_0-3\/\" data-orig-file=\"https:\/\/i0.wp.com\/www.steenkamper.de\/wp-content\/uploads\/2022\/04\/22-mk-altarraum-oben07-01_2___7_0-3.jpg?fit=800%2C600&amp;ssl=1\" data-orig-size=\"800,600\" data-comments-opened=\"1\" data-image-meta=\"{&quot;aperture&quot;:&quot;0&quot;,&quot;credit&quot;:&quot;&quot;,&quot;camera&quot;:&quot;&quot;,&quot;caption&quot;:&quot;&quot;,&quot;created_timestamp&quot;:&quot;0&quot;,&quot;copyright&quot;:&quot;&quot;,&quot;focal_length&quot;:&quot;0&quot;,&quot;iso&quot;:&quot;0&quot;,&quot;shutter_speed&quot;:&quot;0&quot;,&quot;title&quot;:&quot;&quot;,&quot;orientation&quot;:&quot;1&quot;}\" data-image-title=\"22-mk-altarraum-oben07-01_2___7_0-3\" data-image-description=\"\" data-image-caption=\"\" data-large-file=\"https:\/\/i0.wp.com\/www.steenkamper.de\/wp-content\/uploads\/2022\/04\/22-mk-altarraum-oben07-01_2___7_0-3.jpg?fit=800%2C600&amp;ssl=1\" src=\"https:\/\/i0.wp.com\/www.steenkamper.de\/wp-content\/uploads\/2022\/04\/22-mk-altarraum-oben07-01_2___7_0-3.jpg?resize=800%2C600&#038;ssl=1\" alt=\"\" class=\"wp-image-18945\" srcset=\"https:\/\/i0.wp.com\/www.steenkamper.de\/wp-content\/uploads\/2022\/04\/22-mk-altarraum-oben07-01_2___7_0-3.jpg?w=800&amp;ssl=1 800w, https:\/\/i0.wp.com\/www.steenkamper.de\/wp-content\/uploads\/2022\/04\/22-mk-altarraum-oben07-01_2___7_0-3.jpg?resize=300%2C225&amp;ssl=1 300w, https:\/\/i0.wp.com\/www.steenkamper.de\/wp-content\/uploads\/2022\/04\/22-mk-altarraum-oben07-01_2___7_0-3.jpg?resize=768%2C576&amp;ssl=1 768w, https:\/\/i0.wp.com\/www.steenkamper.de\/wp-content\/uploads\/2022\/04\/22-mk-altarraum-oben07-01_2___7_0-3.jpg?resize=450%2C338&amp;ssl=1 450w, https:\/\/i0.wp.com\/www.steenkamper.de\/wp-content\/uploads\/2022\/04\/22-mk-altarraum-oben07-01_2___7_0-3.jpg?resize=600%2C450&amp;ssl=1 600w\" sizes=\"(max-width: 800px) 100vw, 800px\" \/><\/figure>\n","protected":false},"excerpt":{"rendered":"<p>Ausstellungser\u00f6ffnung ist am 1.Mai 2022 gegen 11 Uhr, nach dem 10Uhr-Gottestdienst. Matthias Raabe ist geb\u00fcrtiger Steenkamper und hat eine sehenswerte Fotoausstellung zusammengestellt \u00fcber die Melanchthonkirche. Er selbst beschreibt sie so: [&hellip;]<\/p>\n","protected":false},"author":6,"featured_media":18944,"comment_status":"open","ping_status":"open","sticky":false,"template":"","format":"standard","meta":{"_acf_changed":false,"site-sidebar-layout":"default","site-content-layout":"","ast-site-content-layout":"default","site-content-style":"default","site-sidebar-style":"default","ast-global-header-display":"","ast-banner-title-visibility":"","ast-main-header-display":"","ast-hfb-above-header-display":"","ast-hfb-below-header-display":"","ast-hfb-mobile-header-display":"","site-post-title":"","ast-breadcrumbs-content":"","ast-featured-img":"","footer-sml-layout":"","ast-disable-related-posts":"","theme-transparent-header-meta":"","adv-header-id-meta":"","stick-header-meta":"","header-above-stick-meta":"","header-main-stick-meta":"","header-below-stick-meta":"","astra-migrate-meta-layouts":"default","ast-page-background-enabled":"default","ast-page-background-meta":{"desktop":{"background-color":"var(--ast-global-color-5)","background-image":"","background-repeat":"repeat","background-position":"center center","background-size":"auto","background-attachment":"scroll","background-type":"","background-media":"","overlay-type":"","overlay-color":"","overlay-opacity":"","overlay-gradient":""},"tablet":{"background-color":"","background-image":"","background-repeat":"repeat","background-position":"center center","background-size":"auto","background-attachment":"scroll","background-type":"","background-media":"","overlay-type":"","overlay-color":"","overlay-opacity":"","overlay-gradient":""},"mobile":{"background-color":"","background-image":"","background-repeat":"repeat","background-position":"center center","background-size":"auto","background-attachment":"scroll","background-type":"","background-media":"","overlay-type":"","overlay-color":"","overlay-opacity":"","overlay-gradient":""}},"ast-content-background-meta":{"desktop":{"background-color":"var(--ast-global-color-4)","background-image":"","background-repeat":"repeat","background-position":"center center","background-size":"auto","background-attachment":"scroll","background-type":"","background-media":"","overlay-type":"","overlay-color":"","overlay-opacity":"","overlay-gradient":""},"tablet":{"background-color":"var(--ast-global-color-4)","background-image":"","background-repeat":"repeat","background-position":"center center","background-size":"auto","background-attachment":"scroll","background-type":"","background-media":"","overlay-type":"","overlay-color":"","overlay-opacity":"","overlay-gradient":""},"mobile":{"background-color":"var(--ast-global-color-4)","background-image":"","background-repeat":"repeat","background-position":"center center","background-size":"auto","background-attachment":"scroll","background-type":"","background-media":"","overlay-type":"","overlay-color":"","overlay-opacity":"","overlay-gradient":""}},"_price":"","_stock":"","_tribe_ticket_header":"","_tribe_default_ticket_provider":"","_tribe_ticket_capacity":"0","_ticket_start_date":"","_ticket_end_date":"","_tribe_ticket_show_description":"","_tribe_ticket_show_not_going":false,"_tribe_ticket_use_global_stock":"","_tribe_ticket_global_stock_level":"","_global_stock_mode":"","_global_stock_cap":"","_tribe_rsvp_for_event":"","_tribe_ticket_going_count":"","_tribe_ticket_not_going_count":"","_tribe_tickets_list":"[]","_tribe_ticket_has_attendee_info_fields":false,"jetpack_post_was_ever_published":false,"_jetpack_newsletter_access":"","_jetpack_dont_email_post_to_subs":false,"_jetpack_newsletter_tier_id":0,"_jetpack_memberships_contains_paywalled_content":false,"_jetpack_memberships_contains_paid_content":false,"footnotes":"","jetpack_publicize_message":"","jetpack_publicize_feature_enabled":true,"jetpack_social_post_already_shared":true,"jetpack_social_options":{"image_generator_settings":{"template":"highway","default_image_id":0,"font":"","enabled":false},"version":2}},"categories":[3,36,6],"tags":[],"class_list":["post-18946","post","type-post","status-publish","format-standard","has-post-thumbnail","hentry","category-allgemein","category-damals","category-nachbarschaft"],"acf":[],"jetpack_publicize_connections":[],"jetpack_featured_media_url":"https:\/\/i0.wp.com\/www.steenkamper.de\/wp-content\/uploads\/2022\/04\/2022-kirche-aussen-42-02_04___14_0-3.jpg?fit=800%2C600&ssl=1","jetpack_sharing_enabled":true,"jetpack_shortlink":"https:\/\/wp.me\/p74Wuo-4VA","jetpack_likes_enabled":true,"jetpack-related-posts":[{"id":10704,"url":"https:\/\/www.steenkamper.de\/index.php\/2020\/05\/02\/kindergottesdienst\/","url_meta":{"origin":18946,"position":0},"title":"Kindergottesdienst","author":"Max","date":"02\/05\/2020","format":false,"excerpt":"am Sonntag schon der zweite online Kindergottesdienst von der Melanchthonkirche. Sonntag 3.5. um 11.30h https:\/\/www.youtube.com\/channel\/UCSeSB9HcFRBHV75rHYOsBjw","rel":"","context":"In &quot;corona&quot;","block_context":{"text":"corona","link":"https:\/\/www.steenkamper.de\/index.php\/category\/corona\/"},"img":{"alt_text":"","src":"","width":0,"height":0},"classes":[]},{"id":7247,"url":"https:\/\/www.steenkamper.de\/index.php\/2018\/11\/15\/lebendiger-adventskalender\/","url_meta":{"origin":18946,"position":1},"title":"Lebendiger Adventskalender","author":"Max","date":"15\/11\/2018","format":false,"excerpt":"und Gospeldinner am 1.12. Wir gestalten ein Fenster von unserem Steenkampsaal f\u00fcr den\u00a0Lebendigen Adventskalender der Melanchthonkirche und laden zum \"Gospeldinner\". Das Gospeldinner beginnt um 17h (Einlass 16.30h) \u00a0 Ev. Luth. Melanchthongemeinde Hamburg- Gro\u00df Flottbek","rel":"","context":"In &quot;Nachbarschaft&quot;","block_context":{"text":"Nachbarschaft","link":"https:\/\/www.steenkamper.de\/index.php\/category\/nachbarschaft\/"},"img":{"alt_text":"","src":"https:\/\/i0.wp.com\/www.steenkamper.de\/wp-content\/uploads\/2016\/11\/gospeldinnerX.jpg?fit=566%2C222&ssl=1&resize=350%2C200","width":350,"height":200,"srcset":"https:\/\/i0.wp.com\/www.steenkamper.de\/wp-content\/uploads\/2016\/11\/gospeldinnerX.jpg?fit=566%2C222&ssl=1&resize=350%2C200 1x, https:\/\/i0.wp.com\/www.steenkamper.de\/wp-content\/uploads\/2016\/11\/gospeldinnerX.jpg?fit=566%2C222&ssl=1&resize=525%2C300 1.5x"},"classes":[]},{"id":11496,"url":"https:\/\/www.steenkamper.de\/index.php\/2020\/08\/31\/steenkamp-singers-am-6-9\/","url_meta":{"origin":18946,"position":2},"title":"Steenkamp-Singers am 6.9.?","author":"Max","date":"31\/08\/2020","format":false,"excerpt":"Irrt\u00fcmlich wurde im Gemeindebrief der Melanchthonkirche gedruckt, dass die Steenkamp-Singers am Openair-Gottesdienst auf der Vogelweide am 6.9. singen werden. Dem ist leider nicht so. ???? Seit M\u00e4rz 2020 fand wegen Corona keine einzige Chorprobe statt. Der Steenkampsaal ist seitdem bis auf Weiteres f\u00fcr S\u00e4nger gesperrt. Daher werden die Steenkampsingers nicht\u2026","rel":"","context":"In &quot;100 jahre&quot;","block_context":{"text":"100 jahre","link":"https:\/\/www.steenkamper.de\/index.php\/category\/100-jahre\/"},"img":{"alt_text":"","src":"https:\/\/i0.wp.com\/www.steenkamper.de\/wp-content\/uploads\/2016\/11\/gospeldinnerX.jpg?fit=566%2C222&ssl=1&resize=350%2C200","width":350,"height":200,"srcset":"https:\/\/i0.wp.com\/www.steenkamper.de\/wp-content\/uploads\/2016\/11\/gospeldinnerX.jpg?fit=566%2C222&ssl=1&resize=350%2C200 1x, https:\/\/i0.wp.com\/www.steenkamper.de\/wp-content\/uploads\/2016\/11\/gospeldinnerX.jpg?fit=566%2C222&ssl=1&resize=525%2C300 1.5x"},"classes":[]},{"id":10573,"url":"https:\/\/www.steenkamper.de\/index.php\/2020\/04\/09\/ostergottesdienste\/","url_meta":{"origin":18946,"position":3},"title":"Ostergottesdienste","author":"Max","date":"09\/04\/2020","format":false,"excerpt":"Die Melanchthonkirchengemeinde bietet f\u00fcr die anstehenden Feiertage Karfreitag, Ostersonntag und Ostermontag \u201eMusik zur Sterbestunde\u201c, den Gottesdienst am Ostersonntag, sowie \u201eWort und Musik am Ostermontag\u201c digital im Internet an: Karfreitag um 15h Musik zur Sterbestunde, Ostersonntag\u00a0um 10h\u00a0Gottesdienst, Ostermontag\u00a0 um 17h Wort und Musik. Sie k\u00f6nnen live dabei sein und genau zu\u2026","rel":"","context":"In &quot;corona&quot;","block_context":{"text":"corona","link":"https:\/\/www.steenkamper.de\/index.php\/category\/corona\/"},"img":{"alt_text":"","src":"https:\/\/i0.wp.com\/www.steenkamper.de\/wp-content\/uploads\/2020\/04\/Plakat-Ostern-2020-001.jpg?resize=350%2C200&ssl=1","width":350,"height":200,"srcset":"https:\/\/i0.wp.com\/www.steenkamper.de\/wp-content\/uploads\/2020\/04\/Plakat-Ostern-2020-001.jpg?resize=350%2C200&ssl=1 1x, https:\/\/i0.wp.com\/www.steenkamper.de\/wp-content\/uploads\/2020\/04\/Plakat-Ostern-2020-001.jpg?resize=525%2C300&ssl=1 1.5x, https:\/\/i0.wp.com\/www.steenkamper.de\/wp-content\/uploads\/2020\/04\/Plakat-Ostern-2020-001.jpg?resize=700%2C400&ssl=1 2x, https:\/\/i0.wp.com\/www.steenkamper.de\/wp-content\/uploads\/2020\/04\/Plakat-Ostern-2020-001.jpg?resize=1050%2C600&ssl=1 3x"},"classes":[]},{"id":6853,"url":"https:\/\/www.steenkamper.de\/index.php\/2018\/08\/17\/benefizkonzert-der-steenkamp-singer\/","url_meta":{"origin":18946,"position":4},"title":"Benefizkonzert der Steenkamp-Singer","author":"Max","date":"17\/08\/2018","format":false,"excerpt":"Die Steenkamp-Singers\u00a0laden ein zu einem\u00a0Benefizkonzert f\u00fcr Ishinde in der Melanchthonkirche Ebertallee 30, Gro\u00df-Flottbek am Sonntag, 9. September, um 17h Wir singen afrikanische Gospel und anschlie\u00dfend l\u00e4dt uns die Social Business Stiftung zum Infoabend (18-20h) \u00fcber das Kindergartenprojekt Ishinde ein. Zu Gast: Noel Kiphesa (Leiter der Ishinde Youth Organisation). Eintritt frei\u2026","rel":"","context":"In &quot;Nachbarschaft&quot;","block_context":{"text":"Nachbarschaft","link":"https:\/\/www.steenkamper.de\/index.php\/category\/nachbarschaft\/"},"img":{"alt_text":"","src":"https:\/\/i0.wp.com\/www.steenkamper.de\/wp-content\/uploads\/2016\/11\/gospeldinnerX.jpg?fit=566%2C222&ssl=1&resize=350%2C200","width":350,"height":200,"srcset":"https:\/\/i0.wp.com\/www.steenkamper.de\/wp-content\/uploads\/2016\/11\/gospeldinnerX.jpg?fit=566%2C222&ssl=1&resize=350%2C200 1x, https:\/\/i0.wp.com\/www.steenkamper.de\/wp-content\/uploads\/2016\/11\/gospeldinnerX.jpg?fit=566%2C222&ssl=1&resize=525%2C300 1.5x"},"classes":[]},{"id":10832,"url":"https:\/\/www.steenkamper.de\/index.php\/2020\/05\/28\/abendliedersingen-am-pfingstmontag-2\/","url_meta":{"origin":18946,"position":5},"title":"Abendliedersingen am Pfingstmontag","author":"Max","date":"28\/05\/2020","format":false,"excerpt":"um 18h auf Youtube, da aufgrund der aktuellen Situation und der Ma\u00dfnahmen zur Eind\u00e4mmung des Coronavirus in der Melanchthonkirche bis auf Weiteres keine Konzerte, keine Veranstaltungen wie Chorproben, Fl\u00f6tengruppen und Bl\u00e4serproben stattfinden. Auch das traditionelle Abendliedersingen wird in diesem Jahr nicht in der Kirche stattfinden k\u00f6nnen. Aber es wird trotzdem\u2026","rel":"","context":"In &quot;Allgemein&quot;","block_context":{"text":"Allgemein","link":"https:\/\/www.steenkamper.de\/index.php\/category\/allgemein\/"},"img":{"alt_text":"","src":"https:\/\/i0.wp.com\/img.youtube.com\/vi\/7wwyFN5notE\/0.jpg?resize=350%2C200","width":350,"height":200},"classes":[]}],"_links":{"self":[{"href":"https:\/\/www.steenkamper.de\/index.php\/wp-json\/wp\/v2\/posts\/18946","targetHints":{"allow":["GET"]}}],"collection":[{"href":"https:\/\/www.steenkamper.de\/index.php\/wp-json\/wp\/v2\/posts"}],"about":[{"href":"https:\/\/www.steenkamper.de\/index.php\/wp-json\/wp\/v2\/types\/post"}],"author":[{"embeddable":true,"href":"https:\/\/www.steenkamper.de\/index.php\/wp-json\/wp\/v2\/users\/6"}],"replies":[{"embeddable":true,"href":"https:\/\/www.steenkamper.de\/index.php\/wp-json\/wp\/v2\/comments?post=18946"}],"version-history":[{"count":2,"href":"https:\/\/www.steenkamper.de\/index.php\/wp-json\/wp\/v2\/posts\/18946\/revisions"}],"predecessor-version":[{"id":18978,"href":"https:\/\/www.steenkamper.de\/index.php\/wp-json\/wp\/v2\/posts\/18946\/revisions\/18978"}],"wp:featuredmedia":[{"embeddable":true,"href":"https:\/\/www.steenkamper.de\/index.php\/wp-json\/wp\/v2\/media\/18944"}],"wp:attachment":[{"href":"https:\/\/www.steenkamper.de\/index.php\/wp-json\/wp\/v2\/media?parent=18946"}],"wp:term":[{"taxonomy":"category","embeddable":true,"href":"https:\/\/www.steenkamper.de\/index.php\/wp-json\/wp\/v2\/categories?post=18946"},{"taxonomy":"post_tag","embeddable":true,"href":"https:\/\/www.steenkamper.de\/index.php\/wp-json\/wp\/v2\/tags?post=18946"}],"curies":[{"name":"wp","href":"https:\/\/api.w.org\/{rel}","templated":true}]}}