{"id":18040,"date":"2022-01-18T15:51:59","date_gmt":"2022-01-18T14:51:59","guid":{"rendered":"https:\/\/www.steenkamper.de\/?p=18040"},"modified":"2022-02-09T09:35:38","modified_gmt":"2022-02-09T08:35:38","slug":"bahnwasserturm-braucht-hilfe","status":"publish","type":"post","link":"https:\/\/www.steenkamper.de\/index.php\/2022\/01\/18\/bahnwasserturm-braucht-hilfe\/","title":{"rendered":"BAHNWASSERTURM BRAUCHT HILFE"},"content":{"rendered":"\n<p>Der ehemaligen Bahnwasserturm am Bahnhof Altona braucht Hilfe. Fr\u00fcher hat er die Dampflokomotiven mit Wasser versorgt und pr\u00e4gt bis heute den Stadtteil. Leider verf\u00e4llt er seit einigen Jahren, obwohl er unter Denkmalschutz steht und der Freien und Hansestadt Hamburg geh\u00f6rt.&nbsp;<\/p>\n\n\n\n<p>Das <a href=\"https:\/\/stadtteilarchiv-ottensen.de\" target=\"_blank\" rel=\"noreferrer noopener\">Stadtteilarchiv Ottensen<\/a> hat daher gemeinsam mit dem <a rel=\"noreferrer noopener\" href=\"https:\/\/www.denkmalverein.de\" target=\"_blank\">Denkmalverein<\/a> eine<strong>&nbsp;<\/strong>Petition f\u00fcr den Erhalt&nbsp;gestartet und freut sich jetzt auf viele Unterschriften&nbsp;unter&nbsp;<a rel=\"noreferrer noopener\" href=\"https:\/\/www.openpetition.de\/petition\/online\/rettet-den-bahnwasserturm\" target=\"_blank\">www.openpetition.de\/petition\/online\/rettet-den-bahnwasserturm<\/a> <\/p>\n\n\n\n<figure class=\"wp-block-image size-large is-resized is-style-default\"><img data-recalc-dims=\"1\" fetchpriority=\"high\" decoding=\"async\" src=\"https:\/\/i0.wp.com\/sp-ao.shortpixel.ai\/client\/q_glossy%2Cret_img%2Cw_724\/https%3A\/\/stadtteilarchiv-ottensen.de\/geschichtswerkstatt\/wp-content\/uploads\/2014\/09\/dvh-wasserturm-2-00000002-724x1024.jpg?resize=319%2C451&#038;ssl=1\" alt=\"\" width=\"319\" height=\"451\"\/><\/figure>\n\n\n\n<p>Hier ein Artikel der WELT zur baugeschichtlichen Bedeutung: &nbsp;<br><a class=\"\" href=\"https:\/\/www.welt.de\/print\/wams\/hamburg\/article125332872\/Umbruch-im-Turm.html\">https:\/\/www.welt.de\/print\/wams\/hamburg\/article125332872\/Umbruch-im-Turm.html<\/a><\/p>\n\n\n<div style=\"width: 540px;\"><script type=\"text\/javascript\" src=\"https:\/\/www.openpetition.de\/widget\/petition\/rettet-den-bahnwasserturm\"><\/script><\/div>","protected":false},"excerpt":{"rendered":"<p>Der ehemaligen Bahnwasserturm am Bahnhof Altona braucht Hilfe. Fr\u00fcher hat er die Dampflokomotiven mit Wasser versorgt und pr\u00e4gt bis heute den Stadtteil. Leider verf\u00e4llt er seit einigen Jahren, obwohl er&#8230; <\/p>\n<p><a class=\"teaser-more\" href=\"https:\/\/www.steenkamper.de\/index.php\/2022\/01\/18\/bahnwasserturm-braucht-hilfe\/\">weiter lesen<\/a><\/p>\n","protected":false},"author":6,"featured_media":12881,"comment_status":"open","ping_status":"open","sticky":false,"template":"","format":"standard","meta":{"_acf_changed":false,"_price":"","_stock":"","_tribe_ticket_header":"","_tribe_default_ticket_provider":"","_tribe_ticket_capacity":"0","_ticket_start_date":"","_ticket_end_date":"","_tribe_ticket_show_description":"","_tribe_ticket_show_not_going":false,"_tribe_ticket_use_global_stock":"","_tribe_ticket_global_stock_level":"","_global_stock_mode":"","_global_stock_cap":"","_tribe_rsvp_for_event":"","_tribe_ticket_going_count":"","_tribe_ticket_not_going_count":"","_tribe_tickets_list":"[]","_tribe_ticket_has_attendee_info_fields":false,"jetpack_post_was_ever_published":false,"_jetpack_newsletter_access":"","_jetpack_dont_email_post_to_subs":false,"_jetpack_newsletter_tier_id":0,"_jetpack_memberships_contains_paywalled_content":false,"_jetpack_memberships_contains_paid_content":false,"footnotes":"","jetpack_publicize_message":"","jetpack_publicize_feature_enabled":true,"jetpack_social_post_already_shared":true,"jetpack_social_options":{"image_generator_settings":{"template":"highway","default_image_id":0,"font":"","enabled":false},"version":2}},"categories":[36,6,31],"tags":[],"class_list":["post-18040","post","type-post","status-publish","format-standard","has-post-thumbnail","hentry","category-damals","category-nachbarschaft","category-planungen"],"acf":[],"jetpack_publicize_connections":[],"jetpack_featured_media_url":"https:\/\/i0.wp.com\/www.steenkamper.de\/wp-content\/uploads\/2020\/11\/img_3715.jpg?fit=300%2C168&ssl=1","jetpack_sharing_enabled":true,"jetpack_shortlink":"https:\/\/wp.me\/p74Wuo-4GY","jetpack_likes_enabled":true,"jetpack-related-posts":[{"id":9892,"url":"https:\/\/www.steenkamper.de\/index.php\/2020\/01\/31\/das-geheime-olchi-experiment\/","url_meta":{"origin":18040,"position":0},"title":"Das geheime Olchi- Experiment","author":"Max","date":"31\/01\/2020","format":false,"excerpt":"Am Dienstag, 11.02.2020 um 16 Uhr im Steenkampsaal. Es ist wieder soweit, Madsinos Puppenrevue pr\u00e4sentiert eine spannende Geschichte f\u00fcr Kinder \u201eDas geheime Olchi- Experiment\u201c von Erhard Dietl. Die Olchis als Helfer der Medizin - das kann ja nur schief gehen! MuffelFurz-Teufel! Professor Brausewein wei\u00df, dass Bauchweh etwas ganz Furchtbares ist!\u2026","rel":"","context":"In &quot;Kinder&quot;","block_context":{"text":"Kinder","link":"https:\/\/www.steenkamper.de\/index.php\/category\/kinder\/"},"img":{"alt_text":"","src":"https:\/\/i0.wp.com\/www.steenkamper.de\/wp-content\/uploads\/2020\/01\/DieOlchis.jpg?fit=741%2C591&ssl=1&resize=350%2C200","width":350,"height":200,"srcset":"https:\/\/i0.wp.com\/www.steenkamper.de\/wp-content\/uploads\/2020\/01\/DieOlchis.jpg?fit=741%2C591&ssl=1&resize=350%2C200 1x, https:\/\/i0.wp.com\/www.steenkamper.de\/wp-content\/uploads\/2020\/01\/DieOlchis.jpg?fit=741%2C591&ssl=1&resize=525%2C300 1.5x, https:\/\/i0.wp.com\/www.steenkamper.de\/wp-content\/uploads\/2020\/01\/DieOlchis.jpg?fit=741%2C591&ssl=1&resize=700%2C400 2x"},"classes":[]},{"id":20814,"url":"https:\/\/www.steenkamper.de\/index.php\/2022\/09\/10\/puppentheater-im-saal\/","url_meta":{"origin":18040,"position":1},"title":"Puppentheater im Saal","author":"Max","date":"10\/09\/2022","format":false,"excerpt":"Es ist wieder soweit, Madsinos Puppenrevue pr\u00e4sentiert eine spannende Geschichte f\u00fcr Kinder \u201eDas geheime Olchi-Experiment\u201c von Erhard Dietl. Am Samstag, 17.09.2022 um 11 & 14h & Dienstag, 20.09.2022 um 15 & 16:30h Die Olchis als Helfer der Medizin - das kann ja nur schief gehen! MuffelFurz-Teufel! Professor Brausewein wei\u00df, dass\u2026","rel":"","context":"In &quot;Kinder&quot;","block_context":{"text":"Kinder","link":"https:\/\/www.steenkamper.de\/index.php\/category\/kinder\/"},"img":{"alt_text":"","src":"https:\/\/i0.wp.com\/www.steenkamper.de\/wp-content\/uploads\/2022\/09\/DasOlchiExperiment-Kopie-scaled.jpg?fit=1200%2C771&ssl=1&resize=350%2C200","width":350,"height":200,"srcset":"https:\/\/i0.wp.com\/www.steenkamper.de\/wp-content\/uploads\/2022\/09\/DasOlchiExperiment-Kopie-scaled.jpg?fit=1200%2C771&ssl=1&resize=350%2C200 1x, https:\/\/i0.wp.com\/www.steenkamper.de\/wp-content\/uploads\/2022\/09\/DasOlchiExperiment-Kopie-scaled.jpg?fit=1200%2C771&ssl=1&resize=525%2C300 1.5x, https:\/\/i0.wp.com\/www.steenkamper.de\/wp-content\/uploads\/2022\/09\/DasOlchiExperiment-Kopie-scaled.jpg?fit=1200%2C771&ssl=1&resize=700%2C400 2x, https:\/\/i0.wp.com\/www.steenkamper.de\/wp-content\/uploads\/2022\/09\/DasOlchiExperiment-Kopie-scaled.jpg?fit=1200%2C771&ssl=1&resize=1050%2C600 3x"},"classes":[]},{"id":6100,"url":"https:\/\/www.steenkamper.de\/index.php\/2018\/02\/02\/puppentheater-2018\/","url_meta":{"origin":18040,"position":2},"title":"Puppentheater 2018","author":"Max","date":"02\/02\/2018","format":false,"excerpt":"Am Di., den 13.2. um 16h\u00a0ist es wieder soweit, Madsinos Puppenrevue pr\u00e4sentiert eine spannende Geschichte f\u00fcr Kinder \u201eDas geheime Olchi-Experiment\u201c von Erhard Dietl im Steenkampsaal. Die Olchis als Helfer der Medizin - das kann ja nur schief gehen! MuffelFurz-Teufel! Professor Brausewein wei\u00df, dass Bauchweh etwas ganz Furchtbares ist! Er wei\u00df\u2026","rel":"","context":"In &quot;Kinder&quot;","block_context":{"text":"Kinder","link":"https:\/\/www.steenkamper.de\/index.php\/category\/kinder\/"},"img":{"alt_text":"","src":"https:\/\/i0.wp.com\/www.steenkamper.de\/wp-content\/uploads\/2018\/02\/Theater18.jpg?fit=1200%2C651&ssl=1&resize=350%2C200","width":350,"height":200,"srcset":"https:\/\/i0.wp.com\/www.steenkamper.de\/wp-content\/uploads\/2018\/02\/Theater18.jpg?fit=1200%2C651&ssl=1&resize=350%2C200 1x, https:\/\/i0.wp.com\/www.steenkamper.de\/wp-content\/uploads\/2018\/02\/Theater18.jpg?fit=1200%2C651&ssl=1&resize=525%2C300 1.5x, https:\/\/i0.wp.com\/www.steenkamper.de\/wp-content\/uploads\/2018\/02\/Theater18.jpg?fit=1200%2C651&ssl=1&resize=700%2C400 2x, https:\/\/i0.wp.com\/www.steenkamper.de\/wp-content\/uploads\/2018\/02\/Theater18.jpg?fit=1200%2C651&ssl=1&resize=1050%2C600 3x"},"classes":[]},{"id":29151,"url":"https:\/\/www.steenkamper.de\/index.php\/2025\/02\/22\/puppentheater-im-saal-2\/","url_meta":{"origin":18040,"position":3},"title":"Puppentheater im Saal","author":"Max","date":"22\/02\/2025","format":false,"excerpt":"Es ist wieder soweit, Madsinos Puppenrevue pr\u00e4sentiert eine spannende Geschichte f\u00fcr Kinder \u201eDas geheime Olchi-Experiment\u201c von Erhard Dietl. Am Dienstag, 25.02.2025 um 16:00 Uhr & Samstag, 01.03.2025 um 11:00 Uhr Die Olchis als Helfer der Medizin - das kann ja nur schief gehen! MuffelFurz-Teufel! Professor Brausewein wei\u00df, dass Bauchweh etwas\u2026","rel":"","context":"In &quot;Kinder&quot;","block_context":{"text":"Kinder","link":"https:\/\/www.steenkamper.de\/index.php\/category\/kinder\/"},"img":{"alt_text":"","src":"https:\/\/i0.wp.com\/www.steenkamper.de\/wp-content\/uploads\/2025\/02\/Olchi-scaled.jpg?fit=1200%2C674&ssl=1&resize=350%2C200","width":350,"height":200,"srcset":"https:\/\/i0.wp.com\/www.steenkamper.de\/wp-content\/uploads\/2025\/02\/Olchi-scaled.jpg?fit=1200%2C674&ssl=1&resize=350%2C200 1x, https:\/\/i0.wp.com\/www.steenkamper.de\/wp-content\/uploads\/2025\/02\/Olchi-scaled.jpg?fit=1200%2C674&ssl=1&resize=525%2C300 1.5x, https:\/\/i0.wp.com\/www.steenkamper.de\/wp-content\/uploads\/2025\/02\/Olchi-scaled.jpg?fit=1200%2C674&ssl=1&resize=700%2C400 2x, https:\/\/i0.wp.com\/www.steenkamper.de\/wp-content\/uploads\/2025\/02\/Olchi-scaled.jpg?fit=1200%2C674&ssl=1&resize=1050%2C600 3x"},"classes":[]},{"id":10439,"url":"https:\/\/www.steenkamper.de\/index.php\/2020\/03\/20\/nachbarschaftliches-gewerbe\/","url_meta":{"origin":18040,"position":4},"title":"nachbarschaftliches Gewerbe","author":"Max","date":"20\/03\/2020","format":false,"excerpt":"unsere benachbarten \"kleinen\" Unternehmen\/L\u00e4den\/Gesch\u00e4fte brauchen Unterst\u00fctzung. Damit wir auch nach dem \"Shut Down\" noch auf unsere (liebgewonnen) gewohnten L\u00e4den und Gesch\u00e4fte treffen, sollten wir ihnen jetzt helfen zu \u00fcberleben. z.B.: Das Caf\u00e9 Steenkamp 16 (an der Vogelweide) verkauft seinen Kuchen ab Freitag d. 27.03., bei Bestellung, au\u00dfer Haus. Unter: dascafe.steenkamp16@gmx.de\u2026","rel":"","context":"In &quot;Allgemein&quot;","block_context":{"text":"Allgemein","link":"https:\/\/www.steenkamper.de\/index.php\/category\/allgemein\/"},"img":{"alt_text":"","src":"https:\/\/i0.wp.com\/www.steenkamper.de\/wp-content\/uploads\/2019\/10\/HeinzBurmeisterTrabrennbahn-Bahrenfeld-70er-Jahre-1099-Kopie.jpg?fit=1200%2C528&ssl=1&resize=350%2C200","width":350,"height":200,"srcset":"https:\/\/i0.wp.com\/www.steenkamper.de\/wp-content\/uploads\/2019\/10\/HeinzBurmeisterTrabrennbahn-Bahrenfeld-70er-Jahre-1099-Kopie.jpg?fit=1200%2C528&ssl=1&resize=350%2C200 1x, https:\/\/i0.wp.com\/www.steenkamper.de\/wp-content\/uploads\/2019\/10\/HeinzBurmeisterTrabrennbahn-Bahrenfeld-70er-Jahre-1099-Kopie.jpg?fit=1200%2C528&ssl=1&resize=525%2C300 1.5x, https:\/\/i0.wp.com\/www.steenkamper.de\/wp-content\/uploads\/2019\/10\/HeinzBurmeisterTrabrennbahn-Bahrenfeld-70er-Jahre-1099-Kopie.jpg?fit=1200%2C528&ssl=1&resize=700%2C400 2x, https:\/\/i0.wp.com\/www.steenkamper.de\/wp-content\/uploads\/2019\/10\/HeinzBurmeisterTrabrennbahn-Bahrenfeld-70er-Jahre-1099-Kopie.jpg?fit=1200%2C528&ssl=1&resize=1050%2C600 3x"},"classes":[]},{"id":15682,"url":"https:\/\/www.steenkamper.de\/index.php\/2021\/04\/27\/feuerwehreinsatz\/","url_meta":{"origin":18040,"position":5},"title":"Feuerwehreinsatz","author":"Max","date":"27\/04\/2021","format":false,"excerpt":"Es gab bei einem Feuerwehreinsatz in der Steenkampsiedlung Probleme f\u00fcr die Feuerwehr zum Einsatzort (einem brennendem PKW) zu kommen. Die Feuerwehr und die Polizei wollen nun darauf aufmerksam machen. Die Polizei schreibt uns:\"Das PK 25 wird zeitnah eine \u00dcberpr\u00fcfung der Restfahrbahnbreiten (3 Meter) in der Steenkampsiedlung durchf\u00fchren. Zusammen mit Gro\u00dffahrzeugen\u2026","rel":"","context":"In &quot;Allgemein&quot;","block_context":{"text":"Allgemein","link":"https:\/\/www.steenkamper.de\/index.php\/category\/allgemein\/"},"img":{"alt_text":"","src":"https:\/\/i0.wp.com\/www.steenkamper.de\/wp-content\/uploads\/2021\/04\/dsc_0076-1.jpg?fit=482%2C329&ssl=1&resize=350%2C200","width":350,"height":200},"classes":[]}],"_links":{"self":[{"href":"https:\/\/www.steenkamper.de\/index.php\/wp-json\/wp\/v2\/posts\/18040","targetHints":{"allow":["GET"]}}],"collection":[{"href":"https:\/\/www.steenkamper.de\/index.php\/wp-json\/wp\/v2\/posts"}],"about":[{"href":"https:\/\/www.steenkamper.de\/index.php\/wp-json\/wp\/v2\/types\/post"}],"author":[{"embeddable":true,"href":"https:\/\/www.steenkamper.de\/index.php\/wp-json\/wp\/v2\/users\/6"}],"replies":[{"embeddable":true,"href":"https:\/\/www.steenkamper.de\/index.php\/wp-json\/wp\/v2\/comments?post=18040"}],"version-history":[{"count":6,"href":"https:\/\/www.steenkamper.de\/index.php\/wp-json\/wp\/v2\/posts\/18040\/revisions"}],"predecessor-version":[{"id":18444,"href":"https:\/\/www.steenkamper.de\/index.php\/wp-json\/wp\/v2\/posts\/18040\/revisions\/18444"}],"wp:featuredmedia":[{"embeddable":true,"href":"https:\/\/www.steenkamper.de\/index.php\/wp-json\/wp\/v2\/media\/12881"}],"wp:attachment":[{"href":"https:\/\/www.steenkamper.de\/index.php\/wp-json\/wp\/v2\/media?parent=18040"}],"wp:term":[{"taxonomy":"category","embeddable":true,"href":"https:\/\/www.steenkamper.de\/index.php\/wp-json\/wp\/v2\/categories?post=18040"},{"taxonomy":"post_tag","embeddable":true,"href":"https:\/\/www.steenkamper.de\/index.php\/wp-json\/wp\/v2\/tags?post=18040"}],"curies":[{"name":"wp","href":"https:\/\/api.w.org\/{rel}","templated":true}]}}