{"id":17571,"date":"2021-12-11T08:53:43","date_gmt":"2021-12-11T07:53:43","guid":{"rendered":"https:\/\/www.steenkamper.de\/?p=17571"},"modified":"2022-01-01T10:32:14","modified_gmt":"2022-01-01T09:32:14","slug":"fernwaerme-elbtrasse-kommt","status":"publish","type":"post","link":"https:\/\/www.steenkamper.de\/index.php\/2021\/12\/11\/fernwaerme-elbtrasse-kommt\/","title":{"rendered":"Fernw\u00e4rme Elbtrasse kommt!"},"content":{"rendered":"\n<p>Die Beh\u00f6rde f\u00fcr Umwelt, Klima, Energie und Agrarwirtschaft schreibt: \u201eDer Planfeststellungsbeschluss f\u00fcr die Errichtung und den Betrieb der 7,6 Kilometer langen Fernw\u00e4rmeleitung \u201eFernw\u00e4rmesystemanbindung- West\u201c (FWS-West)&nbsp; ist nach Ablauf der Klagefrist ohne eingehende Verfahren rechtskr\u00e4ftig. Damit k\u00f6nnen die Bauvorbereitungen Ende Januar starten; der Baubeginn der neu geplanten Erzeugungsanlage am Standort Dradenau (KWK-Anlage Dradenau) zum Weststrang der Fernw\u00e4rmetransportleitung in Hamburg-Bahrenfeld ist f\u00fcr Ende des ersten Quartals 2022 geplant.\u201c<\/p>\n\n\n\n<p>d.h. eine weitere Gro\u00dfbaustelle in unmittelbarer Nachbarschaft in den n\u00e4chsten Jahren. Leider werden auch ca. 48 alte B\u00e4ume entlang der Trasse durch Bahrenfeld, Othmarschen und Flottbek gef\u00e4llt werden m\u00fcssen (z.B. im \u201eZum H\u00fcnengrab\u201c).<\/p>\n\n\n\n<p><em>Siehe auch Beitrag vom NDR:<br><a href=\"https:\/\/www.ndr.de\/nachrichten\/hamburg\/Fernwaermeleitung-unter-der-Elbe-kann-gebaut-werden,fernwaerme232.html\">https:\/\/www.ndr.de\/nachrichten\/hamburg\/Fernwaermeleitung-unter-der-Elbe-kann-gebaut-werden,fernwaerme232.html<\/a><\/em> <\/p>\n\n\n\n<p><em>Quelle: Hamburg.de -> Presseportal<\/em><br><a rel=\"noreferrer noopener\" href=\"https:\/\/www.hamburg.de\/pressearchiv-fhh\/15684732\/2021-12-10-bukea-fernwaerme-dradenau-bahrenfeld\/\" target=\"_blank\"><em>https:\/\/www.hamburg.de\/pressearchiv-fhh\/15684732\/2021-12-10-bukea-fernwaerme-dradenau-bahrenfeld\/<\/em><\/a><\/p>\n\n\n\n<p><\/p>\n","protected":false},"excerpt":{"rendered":"<p>Die Beh\u00f6rde f\u00fcr Umwelt, Klima, Energie und Agrarwirtschaft schreibt: \u201eDer Planfeststellungsbeschluss f\u00fcr die Errichtung und den Betrieb der 7,6 Kilometer langen Fernw\u00e4rmeleitung \u201eFernw\u00e4rmesystemanbindung- West\u201c (FWS-West)&nbsp; ist nach Ablauf der Klagefrist&#8230; <\/p>\n<p><a class=\"teaser-more\" href=\"https:\/\/www.steenkamper.de\/index.php\/2021\/12\/11\/fernwaerme-elbtrasse-kommt\/\">weiter lesen<\/a><\/p>\n","protected":false},"author":6,"featured_media":4968,"comment_status":"open","ping_status":"open","sticky":false,"template":"","format":"standard","meta":{"_acf_changed":false,"_price":"","_stock":"","_tribe_ticket_header":"","_tribe_default_ticket_provider":"","_tribe_ticket_capacity":"0","_ticket_start_date":"","_ticket_end_date":"","_tribe_ticket_show_description":"","_tribe_ticket_show_not_going":false,"_tribe_ticket_use_global_stock":"","_tribe_ticket_global_stock_level":"","_global_stock_mode":"","_global_stock_cap":"","_tribe_rsvp_for_event":"","_tribe_ticket_going_count":"","_tribe_ticket_not_going_count":"","_tribe_tickets_list":"[]","_tribe_ticket_has_attendee_info_fields":false,"jetpack_post_was_ever_published":false,"_jetpack_newsletter_access":"","_jetpack_dont_email_post_to_subs":false,"_jetpack_newsletter_tier_id":0,"_jetpack_memberships_contains_paywalled_content":false,"_jetpack_memberships_contains_paid_content":false,"footnotes":"","jetpack_publicize_message":"","jetpack_publicize_feature_enabled":true,"jetpack_social_post_already_shared":true,"jetpack_social_options":{"image_generator_settings":{"template":"highway","default_image_id":0,"font":"","enabled":false},"version":2}},"categories":[6,31,107],"tags":[],"class_list":["post-17571","post","type-post","status-publish","format-standard","has-post-thumbnail","hentry","category-nachbarschaft","category-planungen","category-umweltschutz"],"acf":[],"jetpack_publicize_connections":[],"jetpack_featured_media_url":"https:\/\/i0.wp.com\/www.steenkamper.de\/wp-content\/uploads\/2017\/10\/img_3256.jpg?fit=2030%2C974&ssl=1","jetpack_sharing_enabled":true,"jetpack_shortlink":"https:\/\/wp.me\/p74Wuo-4zp","jetpack_likes_enabled":true,"jetpack-related-posts":[{"id":18144,"url":"https:\/\/www.steenkamper.de\/index.php\/2022\/01\/21\/s-32-s-bahn\/","url_meta":{"origin":17571,"position":0},"title":"S 32 &#8211; S-Bahn","author":"Max","date":"21\/01\/2022","format":false,"excerpt":"Der S-Bahnanschluss r\u00fcckt n\u00e4her. Die Deutsche Bahn hat gestern den \u201eStartschuss f\u00fcr die Machbarkeitsstudie: Neuer Bahntunnel zwischen Altona und Hauptbahnhof\u201c gegeben. Ziel sind mehr Z\u00fcge und h\u00f6here P\u00fcnktlichkeit. Die Ergebnisse sollen bis Ende 2022 vorliegen. Das Bauvorhaben mit der sperrigen Bezeichnung \"Verbindungsbahnentlastungstunnel\" (VET) ist im Bedarfsplan f\u00fcr Bundesschienenwege mit h\u00f6chster\u2026","rel":"","context":"In &quot;Allgemein&quot;","block_context":{"text":"Allgemein","link":"https:\/\/www.steenkamper.de\/index.php\/category\/allgemein\/"},"img":{"alt_text":"","src":"https:\/\/i0.wp.com\/www.steenkamper.de\/wp-content\/uploads\/2022\/01\/vet.jpg?fit=1057%2C772&ssl=1&resize=350%2C200","width":350,"height":200,"srcset":"https:\/\/i0.wp.com\/www.steenkamper.de\/wp-content\/uploads\/2022\/01\/vet.jpg?fit=1057%2C772&ssl=1&resize=350%2C200 1x, https:\/\/i0.wp.com\/www.steenkamper.de\/wp-content\/uploads\/2022\/01\/vet.jpg?fit=1057%2C772&ssl=1&resize=525%2C300 1.5x, https:\/\/i0.wp.com\/www.steenkamper.de\/wp-content\/uploads\/2022\/01\/vet.jpg?fit=1057%2C772&ssl=1&resize=700%2C400 2x, https:\/\/i0.wp.com\/www.steenkamper.de\/wp-content\/uploads\/2022\/01\/vet.jpg?fit=1057%2C772&ssl=1&resize=1050%2C600 3x"},"classes":[]},{"id":21175,"url":"https:\/\/www.steenkamper.de\/index.php\/2022\/09\/26\/oh-wie-schoen-ist-bahrenfeld\/","url_meta":{"origin":17571,"position":1},"title":"\u201eOh wie sch\u00f6n ist Bahrenfeld\u201c","author":"Max","date":"26\/09\/2022","format":false,"excerpt":"Ihr glaubt auch, das Bahrenfeld mehr als nur eine Ausfahrt der A7 ist? Dann zeigt uns euren Lieblingsplatz in diesem sch\u00f6nen Stadtteil! Eine Aktion von \u201eBahrenfeld auf Trab\u201c Die Fotos k\u00f6nnen bis 31.Oktober per Mail an post@bahrenfeldauftrab.de","rel":"","context":"In &quot;Allgemein&quot;","block_context":{"text":"Allgemein","link":"https:\/\/www.steenkamper.de\/index.php\/category\/allgemein\/"},"img":{"alt_text":"","src":"https:\/\/i0.wp.com\/www.steenkamper.de\/wp-content\/uploads\/2022\/09\/fotowettbewerb_oh-wie-scho%CC%88n-ist-bahrenfeld-1.jpg?fit=800%2C568&ssl=1&resize=350%2C200","width":350,"height":200,"srcset":"https:\/\/i0.wp.com\/www.steenkamper.de\/wp-content\/uploads\/2022\/09\/fotowettbewerb_oh-wie-scho%CC%88n-ist-bahrenfeld-1.jpg?fit=800%2C568&ssl=1&resize=350%2C200 1x, https:\/\/i0.wp.com\/www.steenkamper.de\/wp-content\/uploads\/2022\/09\/fotowettbewerb_oh-wie-scho%CC%88n-ist-bahrenfeld-1.jpg?fit=800%2C568&ssl=1&resize=525%2C300 1.5x, https:\/\/i0.wp.com\/www.steenkamper.de\/wp-content\/uploads\/2022\/09\/fotowettbewerb_oh-wie-scho%CC%88n-ist-bahrenfeld-1.jpg?fit=800%2C568&ssl=1&resize=700%2C400 2x"},"classes":[]},{"id":30605,"url":"https:\/\/www.steenkamper.de\/index.php\/2025\/11\/06\/bahrenfeld-sonntag-9-11\/","url_meta":{"origin":17571,"position":2},"title":"\u201e&amp;Bahrenfeld\u201c Sonntag 9.11.","author":"Max","date":"06\/11\/2025","format":false,"excerpt":"Wasser-Lauf. Ein Spazier-Experiment durch die Science City Bahrenfeld\u00a0 H20 ist die chemische Bezeichnung von Wasser, dem Baustoff allen Lebens. Doch was ist dieses H20 genau? Auf unserem Spaziergang wollen wir uns diesem lebenswichtigen Stoff aus verschiedenen Richtungen ann\u00e4hern (die Klimakrise, in der sich Trockenheit und Starkregen abwechseln, macht dies dringender\u2026","rel":"","context":"In &quot;Allgemein&quot;","block_context":{"text":"Allgemein","link":"https:\/\/www.steenkamper.de\/index.php\/category\/allgemein\/"},"img":{"alt_text":"","src":"https:\/\/i0.wp.com\/www.steenkamper.de\/wp-content\/uploads\/2025\/11\/img_6524-1.jpg?fit=725%2C1041&ssl=1&resize=350%2C200","width":350,"height":200,"srcset":"https:\/\/i0.wp.com\/www.steenkamper.de\/wp-content\/uploads\/2025\/11\/img_6524-1.jpg?fit=725%2C1041&ssl=1&resize=350%2C200 1x, https:\/\/i0.wp.com\/www.steenkamper.de\/wp-content\/uploads\/2025\/11\/img_6524-1.jpg?fit=725%2C1041&ssl=1&resize=525%2C300 1.5x, https:\/\/i0.wp.com\/www.steenkamper.de\/wp-content\/uploads\/2025\/11\/img_6524-1.jpg?fit=725%2C1041&ssl=1&resize=700%2C400 2x"},"classes":[]},{"id":16332,"url":"https:\/\/www.steenkamper.de\/index.php\/2021\/08\/22\/noch-bis-zum-1-9-2021-mitreden\/","url_meta":{"origin":17571,"position":3},"title":"Noch bis zum 1.9.2021 mitreden!!","author":"Max","date":"22\/08\/2021","format":false,"excerpt":"Online-Beteiligungsphase f\u00fcr die Science City Bahrenfeld: Informationen und Anmeldung zu den Werkst\u00e4tten und zur Online-Beteiligung: https:\/\/sciencecity.hamburg Es geht um die \u00c4nderung des Fl\u00e4chennutzungsplans im Zusammenhang mit dem A7 Deckel und der \u201eScience City Bahrenfeld\u201c. Aus den Pl\u00e4nen der \u201eScience City\u201c und den der \u00c4nderung des Fl\u00e4chennutzungsplans geht hervor, da\u00df der\u2026","rel":"","context":"In &quot;Allgemein&quot;","block_context":{"text":"Allgemein","link":"https:\/\/www.steenkamper.de\/index.php\/category\/allgemein\/"},"img":{"alt_text":"","src":"https:\/\/i0.wp.com\/www.steenkamper.de\/wp-content\/uploads\/2021\/08\/img_0435.jpg?fit=1200%2C754&ssl=1&resize=350%2C200","width":350,"height":200,"srcset":"https:\/\/i0.wp.com\/www.steenkamper.de\/wp-content\/uploads\/2021\/08\/img_0435.jpg?fit=1200%2C754&ssl=1&resize=350%2C200 1x, https:\/\/i0.wp.com\/www.steenkamper.de\/wp-content\/uploads\/2021\/08\/img_0435.jpg?fit=1200%2C754&ssl=1&resize=525%2C300 1.5x, https:\/\/i0.wp.com\/www.steenkamper.de\/wp-content\/uploads\/2021\/08\/img_0435.jpg?fit=1200%2C754&ssl=1&resize=700%2C400 2x, https:\/\/i0.wp.com\/www.steenkamper.de\/wp-content\/uploads\/2021\/08\/img_0435.jpg?fit=1200%2C754&ssl=1&resize=1050%2C600 3x"},"classes":[]},{"id":29366,"url":"https:\/\/www.steenkamper.de\/index.php\/2025\/05\/07\/bahrenfeld-schaufenster\/","url_meta":{"origin":17571,"position":4},"title":"Bahrenfelder Schaufenster","author":"Max","date":"07\/05\/2025","format":false,"excerpt":"\u2026 steht auf dem \u201eEbertplatz\u201c und informiert \u00fcber aktuelle Themen in n der Nachbarschaft. Z. B. h\u00e4ngt dort immer der aktuelle Newsletter von \u201eBahrenfeld auf Trab\u201c. Aber auch andere Infos sind dort zu finden.","rel":"","context":"In &quot;Allgemein&quot;","block_context":{"text":"Allgemein","link":"https:\/\/www.steenkamper.de\/index.php\/category\/allgemein\/"},"img":{"alt_text":"","src":"https:\/\/i0.wp.com\/www.steenkamper.de\/wp-content\/uploads\/2025\/05\/img_4773-1.jpg?fit=1200%2C900&ssl=1&resize=350%2C200","width":350,"height":200,"srcset":"https:\/\/i0.wp.com\/www.steenkamper.de\/wp-content\/uploads\/2025\/05\/img_4773-1.jpg?fit=1200%2C900&ssl=1&resize=350%2C200 1x, https:\/\/i0.wp.com\/www.steenkamper.de\/wp-content\/uploads\/2025\/05\/img_4773-1.jpg?fit=1200%2C900&ssl=1&resize=525%2C300 1.5x, https:\/\/i0.wp.com\/www.steenkamper.de\/wp-content\/uploads\/2025\/05\/img_4773-1.jpg?fit=1200%2C900&ssl=1&resize=700%2C400 2x, https:\/\/i0.wp.com\/www.steenkamper.de\/wp-content\/uploads\/2025\/05\/img_4773-1.jpg?fit=1200%2C900&ssl=1&resize=1050%2C600 3x"},"classes":[]},{"id":21792,"url":"https:\/\/www.steenkamper.de\/index.php\/2022\/11\/26\/podcast-bahrenfeld-spricht\/","url_meta":{"origin":17571,"position":5},"title":"Podcast \u201eBahrenfeld spricht\u201c","author":"Max","date":"26\/11\/2022","format":false,"excerpt":"Der Quartiersmanager Nathan Shakib Arileshere macht einen Podcast. Es sind bereits vier Folgen online. Bei einem Hei\u00dfgetr\u00e4nk eignet sich der Podcast besonders gut, um triste Novembertage gut zu \u00fcberstehen. Er ist sowohl Homeoffice- als auch b\u00fcrotauglich. https:\/\/soundcloud.com\/qm-bahrenfeld","rel":"","context":"In &quot;Allgemein&quot;","block_context":{"text":"Allgemein","link":"https:\/\/www.steenkamper.de\/index.php\/category\/allgemein\/"},"img":{"alt_text":"","src":"https:\/\/i0.wp.com\/www.steenkamper.de\/wp-content\/uploads\/2022\/11\/img_4632.jpg?fit=1200%2C502&ssl=1&resize=350%2C200","width":350,"height":200,"srcset":"https:\/\/i0.wp.com\/www.steenkamper.de\/wp-content\/uploads\/2022\/11\/img_4632.jpg?fit=1200%2C502&ssl=1&resize=350%2C200 1x, https:\/\/i0.wp.com\/www.steenkamper.de\/wp-content\/uploads\/2022\/11\/img_4632.jpg?fit=1200%2C502&ssl=1&resize=525%2C300 1.5x, https:\/\/i0.wp.com\/www.steenkamper.de\/wp-content\/uploads\/2022\/11\/img_4632.jpg?fit=1200%2C502&ssl=1&resize=700%2C400 2x, https:\/\/i0.wp.com\/www.steenkamper.de\/wp-content\/uploads\/2022\/11\/img_4632.jpg?fit=1200%2C502&ssl=1&resize=1050%2C600 3x"},"classes":[]}],"_links":{"self":[{"href":"https:\/\/www.steenkamper.de\/index.php\/wp-json\/wp\/v2\/posts\/17571","targetHints":{"allow":["GET"]}}],"collection":[{"href":"https:\/\/www.steenkamper.de\/index.php\/wp-json\/wp\/v2\/posts"}],"about":[{"href":"https:\/\/www.steenkamper.de\/index.php\/wp-json\/wp\/v2\/types\/post"}],"author":[{"embeddable":true,"href":"https:\/\/www.steenkamper.de\/index.php\/wp-json\/wp\/v2\/users\/6"}],"replies":[{"embeddable":true,"href":"https:\/\/www.steenkamper.de\/index.php\/wp-json\/wp\/v2\/comments?post=17571"}],"version-history":[{"count":4,"href":"https:\/\/www.steenkamper.de\/index.php\/wp-json\/wp\/v2\/posts\/17571\/revisions"}],"predecessor-version":[{"id":17791,"href":"https:\/\/www.steenkamper.de\/index.php\/wp-json\/wp\/v2\/posts\/17571\/revisions\/17791"}],"wp:featuredmedia":[{"embeddable":true,"href":"https:\/\/www.steenkamper.de\/index.php\/wp-json\/wp\/v2\/media\/4968"}],"wp:attachment":[{"href":"https:\/\/www.steenkamper.de\/index.php\/wp-json\/wp\/v2\/media?parent=17571"}],"wp:term":[{"taxonomy":"category","embeddable":true,"href":"https:\/\/www.steenkamper.de\/index.php\/wp-json\/wp\/v2\/categories?post=17571"},{"taxonomy":"post_tag","embeddable":true,"href":"https:\/\/www.steenkamper.de\/index.php\/wp-json\/wp\/v2\/tags?post=17571"}],"curies":[{"name":"wp","href":"https:\/\/api.w.org\/{rel}","templated":true}]}}