{"id":17004,"date":"2021-11-10T06:41:51","date_gmt":"2021-11-10T05:41:51","guid":{"rendered":"https:\/\/www.steenkamper.de\/?p=17004"},"modified":"2021-11-10T06:41:53","modified_gmt":"2021-11-10T05:41:53","slug":"solarpflicht-auf-den-daechern","status":"publish","type":"post","link":"https:\/\/www.steenkamper.de\/index.php\/2021\/11\/10\/solarpflicht-auf-den-daechern\/","title":{"rendered":"Solarpflicht auf den D\u00e4chern?"},"content":{"rendered":"\n<p>Es besteht zur Zeit leichte Unklarheit in der Steenkampsiedlung bei Sanierung von D\u00e4chern und Heizung. <\/p>\n\n\n\n<p>Das neue Klimaschutzgesetz sieht u.a. eine Pflicht zur Installation von Photovoltaikanlagen ab 2023 auf Hamburgs D\u00e4chern im Neubau vor. <strong>F\u00fcr Bestandsgeb\u00e4ude<\/strong>, bei denen die Dachhaut vollst\u00e4ndig erneuert wird, greift die <strong>Pflicht ab 2025. Ab Mitte 2021<\/strong> muss beim Heizungstausch ein Mindestanteil des W\u00e4rmeenergiebedarfs aus erneuerbaren Energien gedeckt werden.<\/p>\n\n\n\n<p>Der Ausschuss Baukultur der Heimst\u00e4ttervereinigung Steenkamp e.V. versucht gerade vom Bezirksamt Altona (Fachamt Stadt- und Landschaftsplanung) eine einheitliche Antwort zum Umgang mit der hier geltenden Gestaltungssatzung zu bekommen.<\/p>\n\n\n\n<p><em>\u201eGenehmigungsf\u00e4higkeit von Solar-Paneelen auf den D\u00e4chern der Steenkampsiedlung.<br \/>Am Fachamt Stadt- und Landschaftsplanung sind wir zur Zeit mit dem Erarbeiten von Rahmenbedingungen f\u00fcr einen einheitlichen Umgang mit dieser Fragestellung im Kontext der Steenkampverordnung gem\u00e4\u00df \u00a7 172 Absatz 1 Satz 1 BauGB befasst.<br \/>Sobald hier konkrete Handlungsparameter formuliert und abgestimmt sind, werden wir mit den entsprechenden Information auf Sie zukommen.<\/em>\u201c (Zitat: Bezirksamt Altona, Fachamt Stadt- und Landschaftsplanung, \u00dcbergeordnete Planung)<\/p>\n\n\n\n<p>D.h., sobald es hier Neuigkeiten gibt werden wir entsprechenden Information auf der Webseite, im Steenkamper und im Newsletter ver\u00f6ffentlichen.<\/p>\n\n\n\n<p><a rel=\"noreferrer noopener\" href=\"https:\/\/www.steenkamper.de\/index.php\/gestaltungsverordnung\/\" target=\"_blank\">Zusammenfassung der Gestaltungssatzung<\/a><\/p>\n\n\n\n<p><em><a rel=\"noreferrer noopener\" href=\"https:\/\/www.hamburg.de\/contentblob\/4579922\/37bf43c42d65a74da922412c30694e4e\/data\/steenkamp-vo.pdf\" target=\"_blank\">Verordnung \u00fcber die Erhaltung und Gestaltung baulicher Anlagen in Bahrenfeld (Steenkamp-Siedlung) vom 26. Oktober 2001<\/a><\/em><\/p>\n\n\n\n<p>Bei Fragen, gerne Kontakt aufnehmen zum Ausschuss Baukultur:<br \/>Jan H. Ipach <br \/>jhi@coido.de<br \/>Tel: <a href=\"tel:0179 5365977\">0179 5365977<\/a><\/p>\n","protected":false},"excerpt":{"rendered":"<p>Es besteht zur Zeit leichte Unklarheit in der Steenkampsiedlung bei Sanierung von D\u00e4chern und Heizung. Das neue Klimaschutzgesetz sieht u.a. eine Pflicht zur Installation von Photovoltaikanlagen ab 2023 auf Hamburgs [&hellip;]<\/p>\n","protected":false},"author":6,"featured_media":16728,"comment_status":"open","ping_status":"open","sticky":false,"template":"","format":"standard","meta":{"_acf_changed":false,"site-sidebar-layout":"default","site-content-layout":"","ast-site-content-layout":"default","site-content-style":"default","site-sidebar-style":"default","ast-global-header-display":"","ast-banner-title-visibility":"","ast-main-header-display":"","ast-hfb-above-header-display":"","ast-hfb-below-header-display":"","ast-hfb-mobile-header-display":"","site-post-title":"","ast-breadcrumbs-content":"","ast-featured-img":"","footer-sml-layout":"","ast-disable-related-posts":"","theme-transparent-header-meta":"","adv-header-id-meta":"","stick-header-meta":"","header-above-stick-meta":"","header-main-stick-meta":"","header-below-stick-meta":"","astra-migrate-meta-layouts":"default","ast-page-background-enabled":"default","ast-page-background-meta":{"desktop":{"background-color":"var(--ast-global-color-5)","background-image":"","background-repeat":"repeat","background-position":"center center","background-size":"auto","background-attachment":"scroll","background-type":"","background-media":"","overlay-type":"","overlay-color":"","overlay-opacity":"","overlay-gradient":""},"tablet":{"background-color":"","background-image":"","background-repeat":"repeat","background-position":"center center","background-size":"auto","background-attachment":"scroll","background-type":"","background-media":"","overlay-type":"","overlay-color":"","overlay-opacity":"","overlay-gradient":""},"mobile":{"background-color":"","background-image":"","background-repeat":"repeat","background-position":"center center","background-size":"auto","background-attachment":"scroll","background-type":"","background-media":"","overlay-type":"","overlay-color":"","overlay-opacity":"","overlay-gradient":""}},"ast-content-background-meta":{"desktop":{"background-color":"var(--ast-global-color-4)","background-image":"","background-repeat":"repeat","background-position":"center center","background-size":"auto","background-attachment":"scroll","background-type":"","background-media":"","overlay-type":"","overlay-color":"","overlay-opacity":"","overlay-gradient":""},"tablet":{"background-color":"var(--ast-global-color-4)","background-image":"","background-repeat":"repeat","background-position":"center center","background-size":"auto","background-attachment":"scroll","background-type":"","background-media":"","overlay-type":"","overlay-color":"","overlay-opacity":"","overlay-gradient":""},"mobile":{"background-color":"var(--ast-global-color-4)","background-image":"","background-repeat":"repeat","background-position":"center center","background-size":"auto","background-attachment":"scroll","background-type":"","background-media":"","overlay-type":"","overlay-color":"","overlay-opacity":"","overlay-gradient":""}},"_price":"","_stock":"","_tribe_ticket_header":"","_tribe_default_ticket_provider":"","_tribe_ticket_capacity":"0","_ticket_start_date":"","_ticket_end_date":"","_tribe_ticket_show_description":"","_tribe_ticket_show_not_going":false,"_tribe_ticket_use_global_stock":"","_tribe_ticket_global_stock_level":"","_global_stock_mode":"","_global_stock_cap":"","_tribe_rsvp_for_event":"","_tribe_ticket_going_count":"","_tribe_ticket_not_going_count":"","_tribe_tickets_list":"[]","_tribe_ticket_has_attendee_info_fields":false,"jetpack_post_was_ever_published":false,"_jetpack_newsletter_access":"","_jetpack_dont_email_post_to_subs":false,"_jetpack_newsletter_tier_id":0,"_jetpack_memberships_contains_paywalled_content":false,"_jetpack_memberships_contains_paid_content":false,"footnotes":"","jetpack_publicize_message":"","jetpack_publicize_feature_enabled":true,"jetpack_social_post_already_shared":true,"jetpack_social_options":{"image_generator_settings":{"template":"highway","default_image_id":0,"font":"","enabled":false},"version":2}},"categories":[3,121,31,107],"tags":[],"class_list":["post-17004","post","type-post","status-publish","format-standard","has-post-thumbnail","hentry","category-allgemein","category-gestaltungsverordnung","category-planungen","category-umweltschutz"],"acf":[],"jetpack_publicize_connections":[],"jetpack_featured_media_url":"https:\/\/i0.wp.com\/www.steenkamper.de\/wp-content\/uploads\/2021\/10\/img_1427-3.jpg?fit=800%2C565&ssl=1","jetpack_sharing_enabled":true,"jetpack_shortlink":"https:\/\/wp.me\/p74Wuo-4qg","jetpack_likes_enabled":true,"jetpack-related-posts":[{"id":17982,"url":"https:\/\/www.steenkamper.de\/index.php\/2022\/01\/19\/der-steenkamper-1-2022\/","url_meta":{"origin":17004,"position":0},"title":"Der Steenkamper 1\/2022","author":"Max","date":"19\/01\/2022","format":false,"excerpt":"ist frisch aus dem Druck und wird in den n\u00e4chsten Tagen in der Nachbarschaft verteilt. Ab sofort ist es m\u00f6glich die Ausgabe schon online zu lesen. Ausgabe 1\/2022 IN DIESER AUSGABE \u2022 Auf ein Wort\u2022 Festschrift \u201e100 Jahre Steenkamp\"\u2022 Mitgliederversammlung 2020 \/ 2021 \/ 2022\u2022 Bericht vom Vorstand\u2022 Steenkamper K\u00f6nigsketten\u2022\u2026","rel":"","context":"In &quot;Allgemein&quot;","block_context":{"text":"Allgemein","link":"https:\/\/www.steenkamper.de\/index.php\/category\/allgemein\/"},"img":{"alt_text":"","src":"https:\/\/i0.wp.com\/www.steenkamper.de\/wp-content\/uploads\/2017\/07\/2_2017-2-e1500232746131.jpg?fit=450%2C258&ssl=1&resize=350%2C200","width":350,"height":200},"classes":[]},{"id":19024,"url":"https:\/\/www.steenkamper.de\/index.php\/2022\/04\/24\/neue-grundsteuer\/","url_meta":{"origin":17004,"position":1},"title":"neue Grundsteuer","author":"Max","date":"24\/04\/2022","format":false,"excerpt":"Ab 2025 gilt f\u00fcr die Stadt Hamburg eine speziell zugeschnittene neue Grundsteuer. Dieses Jahr (bis 31.Okt.) m\u00fcssen Immobibesitzer*innen schon folgende Angaben vor dem Finanzamt machen: Lage des Grundst\u00fccks, Grundst\u00fccksfl\u00e4che, Bodenrichtwert, Geb\u00e4udeart, Wohnfl\u00e4che und Baujahr des Geb\u00e4udes. Bei uns in der Nachbarschaft beantwortet die Finanzbeh\u00f6rde Fragen mit einem Infostand auf dem\u2026","rel":"","context":"In &quot;Allgemein&quot;","block_context":{"text":"Allgemein","link":"https:\/\/www.steenkamper.de\/index.php\/category\/allgemein\/"},"img":{"alt_text":"","src":"https:\/\/i0.wp.com\/www.steenkamper.de\/wp-content\/uploads\/2022\/04\/img_3354.jpg?fit=690%2C588&ssl=1&resize=350%2C200","width":350,"height":200,"srcset":"https:\/\/i0.wp.com\/www.steenkamper.de\/wp-content\/uploads\/2022\/04\/img_3354.jpg?fit=690%2C588&ssl=1&resize=350%2C200 1x, https:\/\/i0.wp.com\/www.steenkamper.de\/wp-content\/uploads\/2022\/04\/img_3354.jpg?fit=690%2C588&ssl=1&resize=525%2C300 1.5x"},"classes":[]},{"id":6771,"url":"https:\/\/www.steenkamper.de\/index.php\/2018\/07\/24\/weisses-dinner-2018\/","url_meta":{"origin":17004,"position":2},"title":"Weisses Dinner 2018","author":"Max","date":"24\/07\/2018","format":false,"excerpt":"am 25.8. findet als Auftakt zum Sommerfest (1.& 2.9.) wieder das Weisse Dinner auf der Vogelweide statt. Aufbau ab 17h, Beginn 19h Spielregeln Bekleidung: Komplett wei\u00dfe Kleidung ist Pflicht! Mitbringen: Gef\u00fcllten Picknickkorb, Tisch inklusive St\u00fchle, Wei\u00dfe Tischdecke und Geschirr, gerne auch: Wunderkerzen (werden um 21:30h entz\u00fcndet), Kerzenleuchter, Blumen, wei\u00dfe Deko\u2026","rel":"","context":"In &quot;Nachbarschaft&quot;","block_context":{"text":"Nachbarschaft","link":"https:\/\/www.steenkamper.de\/index.php\/category\/nachbarschaft\/"},"img":{"alt_text":"","src":"https:\/\/i0.wp.com\/www.steenkamper.de\/wp-content\/uploads\/2018\/07\/weissesDinner.jpg?fit=939%2C423&ssl=1&resize=350%2C200","width":350,"height":200,"srcset":"https:\/\/i0.wp.com\/www.steenkamper.de\/wp-content\/uploads\/2018\/07\/weissesDinner.jpg?fit=939%2C423&ssl=1&resize=350%2C200 1x, https:\/\/i0.wp.com\/www.steenkamper.de\/wp-content\/uploads\/2018\/07\/weissesDinner.jpg?fit=939%2C423&ssl=1&resize=525%2C300 1.5x, https:\/\/i0.wp.com\/www.steenkamper.de\/wp-content\/uploads\/2018\/07\/weissesDinner.jpg?fit=939%2C423&ssl=1&resize=700%2C400 2x"},"classes":[]},{"id":9518,"url":"https:\/\/www.steenkamper.de\/index.php\/2019\/12\/15\/ab-heute-x3-bus\/","url_meta":{"origin":17004,"position":3},"title":"ab heute: X3 BUS","author":"Max","date":"15\/12\/2019","format":false,"excerpt":"Ab heute gilt der neue Fahrplan! Ab heute mit dem neuen Expressbus in die Stadt. Die neue XpressBus-Linie X3 wird auf dem Linienweg Schenefelder Platz \u2013 Bahrenfeld \u2013 S Holstenstra\u00dfe \u2013 U Feldstra\u00dfe \u2013 US Jungfernstieg\u2013 U Me\u00dfberg eingerichtet. Die X3 ersetzt die MetroBus-Linie 3 auf dem Streckenabschnitt Schenefeld, Schenefelder\u2026","rel":"","context":"In &quot;Allgemein&quot;","block_context":{"text":"Allgemein","link":"https:\/\/www.steenkamper.de\/index.php\/category\/allgemein\/"},"img":{"alt_text":"","src":"https:\/\/i0.wp.com\/www.steenkamper.de\/wp-content\/uploads\/2019\/12\/BUSX3.jpeg?fit=1200%2C895&ssl=1&resize=350%2C200","width":350,"height":200,"srcset":"https:\/\/i0.wp.com\/www.steenkamper.de\/wp-content\/uploads\/2019\/12\/BUSX3.jpeg?fit=1200%2C895&ssl=1&resize=350%2C200 1x, https:\/\/i0.wp.com\/www.steenkamper.de\/wp-content\/uploads\/2019\/12\/BUSX3.jpeg?fit=1200%2C895&ssl=1&resize=525%2C300 1.5x, https:\/\/i0.wp.com\/www.steenkamper.de\/wp-content\/uploads\/2019\/12\/BUSX3.jpeg?fit=1200%2C895&ssl=1&resize=700%2C400 2x, https:\/\/i0.wp.com\/www.steenkamper.de\/wp-content\/uploads\/2019\/12\/BUSX3.jpeg?fit=1200%2C895&ssl=1&resize=1050%2C600 3x"},"classes":[]},{"id":16511,"url":"https:\/\/www.steenkamper.de\/index.php\/2021\/09\/21\/zukunftswerkstatt-2021\/","url_meta":{"origin":17004,"position":4},"title":"Zukunftswerkstatt 2021","author":"Max","date":"21\/09\/2021","format":false,"excerpt":"Zukunftswerkstatt in der Steenkampsiedlung am 23. Oktober Liebe Steenkamper*innen, wir laden Euch ein zur Steenkamp-Zukunftswerkstatt zur geplanten ScienceCity Bahrenfeld am 23. Oktober von 15 Uhr bis etwa 19 Uhr im Steenkampsaal. Anlass ist, dass die Stadt direkt neben der Steenkampsiedlung eines der gr\u00f6\u00dften Stadtentwicklungsprojekte Hamburgs plant. Aktuell befindet sich die\u2026","rel":"","context":"In &quot;Allgemein&quot;","block_context":{"text":"Allgemein","link":"https:\/\/www.steenkamper.de\/index.php\/category\/allgemein\/"},"img":{"alt_text":"","src":"https:\/\/i0.wp.com\/www.steenkamper.de\/wp-content\/uploads\/2021\/09\/zukunftswerkstatt-21.jpg?fit=1200%2C838&ssl=1&resize=350%2C200","width":350,"height":200,"srcset":"https:\/\/i0.wp.com\/www.steenkamper.de\/wp-content\/uploads\/2021\/09\/zukunftswerkstatt-21.jpg?fit=1200%2C838&ssl=1&resize=350%2C200 1x, https:\/\/i0.wp.com\/www.steenkamper.de\/wp-content\/uploads\/2021\/09\/zukunftswerkstatt-21.jpg?fit=1200%2C838&ssl=1&resize=525%2C300 1.5x, https:\/\/i0.wp.com\/www.steenkamper.de\/wp-content\/uploads\/2021\/09\/zukunftswerkstatt-21.jpg?fit=1200%2C838&ssl=1&resize=700%2C400 2x, https:\/\/i0.wp.com\/www.steenkamper.de\/wp-content\/uploads\/2021\/09\/zukunftswerkstatt-21.jpg?fit=1200%2C838&ssl=1&resize=1050%2C600 3x"},"classes":[]},{"id":2709,"url":"https:\/\/www.steenkamper.de\/index.php\/2016\/11\/07\/wohnen-am-volkspark-bebauung-trabrennbahn\/","url_meta":{"origin":17004,"position":5},"title":"Wohnen am Volkspark- Bebauung Trabrennbahn\u00a0","author":"Max","date":"07\/11\/2016","format":false,"excerpt":"Vorstellung der Planungen zur 2. Stufe des Wettbewerbs \"Wohnen am Volkspark\". Es soll das Angebot geschaffen werden, der Jury Hinweise und Anregungen f\u00fcr die am n\u00e4chsten Tag folgende Jurysitzung zu geben. Die Pr\u00e4sentation findet statt: Di. 15.11.2016 18.30 bis ca. 21.15h im: Rathaus Altona, Kollegiensaal, Platz der Republik 1, 22765\u2026","rel":"","context":"In &quot;Allgemein&quot;","block_context":{"text":"Allgemein","link":"https:\/\/www.steenkamper.de\/index.php\/category\/allgemein\/"},"img":{"alt_text":"","src":"https:\/\/i0.wp.com\/www.steenkamper.de\/wp-content\/uploads\/2016\/10\/TrabPlan.jpg?fit=697%2C378&ssl=1&resize=350%2C200","width":350,"height":200,"srcset":"https:\/\/i0.wp.com\/www.steenkamper.de\/wp-content\/uploads\/2016\/10\/TrabPlan.jpg?fit=697%2C378&ssl=1&resize=350%2C200 1x, https:\/\/i0.wp.com\/www.steenkamper.de\/wp-content\/uploads\/2016\/10\/TrabPlan.jpg?fit=697%2C378&ssl=1&resize=525%2C300 1.5x"},"classes":[]}],"_links":{"self":[{"href":"https:\/\/www.steenkamper.de\/index.php\/wp-json\/wp\/v2\/posts\/17004","targetHints":{"allow":["GET"]}}],"collection":[{"href":"https:\/\/www.steenkamper.de\/index.php\/wp-json\/wp\/v2\/posts"}],"about":[{"href":"https:\/\/www.steenkamper.de\/index.php\/wp-json\/wp\/v2\/types\/post"}],"author":[{"embeddable":true,"href":"https:\/\/www.steenkamper.de\/index.php\/wp-json\/wp\/v2\/users\/6"}],"replies":[{"embeddable":true,"href":"https:\/\/www.steenkamper.de\/index.php\/wp-json\/wp\/v2\/comments?post=17004"}],"version-history":[{"count":9,"href":"https:\/\/www.steenkamper.de\/index.php\/wp-json\/wp\/v2\/posts\/17004\/revisions"}],"predecessor-version":[{"id":17069,"href":"https:\/\/www.steenkamper.de\/index.php\/wp-json\/wp\/v2\/posts\/17004\/revisions\/17069"}],"wp:featuredmedia":[{"embeddable":true,"href":"https:\/\/www.steenkamper.de\/index.php\/wp-json\/wp\/v2\/media\/16728"}],"wp:attachment":[{"href":"https:\/\/www.steenkamper.de\/index.php\/wp-json\/wp\/v2\/media?parent=17004"}],"wp:term":[{"taxonomy":"category","embeddable":true,"href":"https:\/\/www.steenkamper.de\/index.php\/wp-json\/wp\/v2\/categories?post=17004"},{"taxonomy":"post_tag","embeddable":true,"href":"https:\/\/www.steenkamper.de\/index.php\/wp-json\/wp\/v2\/tags?post=17004"}],"curies":[{"name":"wp","href":"https:\/\/api.w.org\/{rel}","templated":true}]}}