{"id":16357,"date":"2021-08-28T09:30:00","date_gmt":"2021-08-28T07:30:00","guid":{"rendered":"https:\/\/www.steenkamper.de\/?p=16357"},"modified":"2021-08-28T09:33:32","modified_gmt":"2021-08-28T07:33:32","slug":"sommerfest-klein-aber-fein","status":"publish","type":"post","link":"https:\/\/www.steenkamper.de\/index.php\/2021\/08\/28\/sommerfest-klein-aber-fein\/","title":{"rendered":"Sommerfest- klein aber fein"},"content":{"rendered":"\n<p>Da unser Sommerfest dieses Jahr schon wieder pandemiebedingt nicht stattfinden kann, gibt es kleine Ersatz-Veranstaltungen. <\/p>\n\n\n\n<p>Am Sonntag den Open-Air-Gottesdienst auf der Vogelweide von der Melanchthon Gemeinde und am Samstag feiern alle auf den Stra\u00dfen quer durch die Steenkampsiedlung. Jede\/r so wie sie\/er will\u2026 <\/p>\n\n\n\n<p>Um 15h gibt es dann am Sonntag zum Abschluss noch ein klassisches Konzert im Steenkampsaal (evtl. mit Wiederholung um 17h).<\/p>\n\n\n\n<figure class=\"wp-block-image size-large\"><a href=\"https:\/\/i0.wp.com\/www.steenkamper.de\/wp-content\/uploads\/2021\/08\/sommerfest-21.jpg?ssl=1\"><img data-recalc-dims=\"1\" fetchpriority=\"high\" decoding=\"async\" width=\"750\" height=\"532\" data-attachment-id=\"16356\" data-permalink=\"https:\/\/www.steenkamper.de\/sommerfest-21-indd\/\" data-orig-file=\"https:\/\/i0.wp.com\/www.steenkamper.de\/wp-content\/uploads\/2021\/08\/sommerfest-21.jpg?fit=1772%2C1258&amp;ssl=1\" data-orig-size=\"1772,1258\" data-comments-opened=\"1\" data-image-meta=\"{&quot;aperture&quot;:&quot;0&quot;,&quot;credit&quot;:&quot;&quot;,&quot;camera&quot;:&quot;&quot;,&quot;caption&quot;:&quot;&quot;,&quot;created_timestamp&quot;:&quot;1630074017&quot;,&quot;copyright&quot;:&quot;&quot;,&quot;focal_length&quot;:&quot;0&quot;,&quot;iso&quot;:&quot;0&quot;,&quot;shutter_speed&quot;:&quot;0&quot;,&quot;title&quot;:&quot;sommerfest-21.indd&quot;,&quot;orientation&quot;:&quot;1&quot;}\" data-image-title=\"sommerfest-21.indd\" data-image-description=\"\" data-image-caption=\"\" data-large-file=\"https:\/\/i0.wp.com\/www.steenkamper.de\/wp-content\/uploads\/2021\/08\/sommerfest-21.jpg?fit=750%2C532&amp;ssl=1\" src=\"https:\/\/i0.wp.com\/www.steenkamper.de\/wp-content\/uploads\/2021\/08\/sommerfest-21.jpg?resize=750%2C532&#038;ssl=1\" alt=\"\" class=\"wp-image-16356\" srcset=\"https:\/\/i0.wp.com\/www.steenkamper.de\/wp-content\/uploads\/2021\/08\/sommerfest-21.jpg?resize=1024%2C727&amp;ssl=1 1024w, https:\/\/i0.wp.com\/www.steenkamper.de\/wp-content\/uploads\/2021\/08\/sommerfest-21.jpg?resize=300%2C213&amp;ssl=1 300w, https:\/\/i0.wp.com\/www.steenkamper.de\/wp-content\/uploads\/2021\/08\/sommerfest-21.jpg?resize=768%2C545&amp;ssl=1 768w, https:\/\/i0.wp.com\/www.steenkamper.de\/wp-content\/uploads\/2021\/08\/sommerfest-21.jpg?resize=1536%2C1090&amp;ssl=1 1536w, https:\/\/i0.wp.com\/www.steenkamper.de\/wp-content\/uploads\/2021\/08\/sommerfest-21.jpg?resize=450%2C319&amp;ssl=1 450w, https:\/\/i0.wp.com\/www.steenkamper.de\/wp-content\/uploads\/2021\/08\/sommerfest-21.jpg?resize=1000%2C710&amp;ssl=1 1000w, https:\/\/i0.wp.com\/www.steenkamper.de\/wp-content\/uploads\/2021\/08\/sommerfest-21.jpg?w=1772&amp;ssl=1 1772w\" sizes=\"(max-width: 750px) 100vw, 750px\" \/><\/a><\/figure>\n","protected":false},"excerpt":{"rendered":"<p>Da unser Sommerfest dieses Jahr schon wieder pandemiebedingt nicht stattfinden kann, gibt es kleine Ersatz-Veranstaltungen. Am Sonntag den Open-Air-Gottesdienst auf der Vogelweide von der Melanchthon Gemeinde und am Samstag feiern&#8230; <\/p>\n<p><a class=\"teaser-more\" href=\"https:\/\/www.steenkamper.de\/index.php\/2021\/08\/28\/sommerfest-klein-aber-fein\/\">weiter lesen<\/a><\/p>\n","protected":false},"author":6,"featured_media":16361,"comment_status":"open","ping_status":"open","sticky":false,"template":"","format":"standard","meta":{"_acf_changed":false,"_price":"","_stock":"","_tribe_ticket_header":"","_tribe_default_ticket_provider":"","_tribe_ticket_capacity":"0","_ticket_start_date":"","_ticket_end_date":"","_tribe_ticket_show_description":"","_tribe_ticket_show_not_going":false,"_tribe_ticket_use_global_stock":"","_tribe_ticket_global_stock_level":"","_global_stock_mode":"","_global_stock_cap":"","_tribe_rsvp_for_event":"","_tribe_ticket_going_count":"","_tribe_ticket_not_going_count":"","_tribe_tickets_list":"[]","_tribe_ticket_has_attendee_info_fields":false,"jetpack_post_was_ever_published":false,"_jetpack_newsletter_access":"","_jetpack_dont_email_post_to_subs":false,"_jetpack_newsletter_tier_id":0,"_jetpack_memberships_contains_paywalled_content":false,"_jetpack_memberships_contains_paid_content":false,"footnotes":"","jetpack_publicize_message":"","jetpack_publicize_feature_enabled":true,"jetpack_social_post_already_shared":true,"jetpack_social_options":{"image_generator_settings":{"template":"highway","default_image_id":0,"font":"","enabled":false},"version":2}},"categories":[3,7,104,34],"tags":[],"class_list":["post-16357","post","type-post","status-publish","format-standard","has-post-thumbnail","hentry","category-allgemein","category-saal","category-sommerfest","category-vogelweide"],"acf":[],"jetpack_publicize_connections":[],"jetpack_featured_media_url":"https:\/\/i0.wp.com\/www.steenkamper.de\/wp-content\/uploads\/2021\/08\/img_0504.jpg?fit=1677%2C687&ssl=1","jetpack_sharing_enabled":true,"jetpack_shortlink":"https:\/\/wp.me\/p74Wuo-4fP","jetpack_likes_enabled":true,"jetpack-related-posts":[{"id":29927,"url":"https:\/\/www.steenkamper.de\/index.php\/2025\/07\/18\/vogelweide-aufraeumen-fuer-das-sommerfest\/","url_meta":{"origin":16357,"position":0},"title":"Vogelweide aufr\u00e4umen f\u00fcr das Sommerfest","author":"Max","date":"18\/07\/2025","format":false,"excerpt":"Am Sonntag 7.9. um 14Uhr ! Der Hamburger\u00a0Sommer ist\u00a0da! Der Mix aus\u00a0etwas Sonne und Regen ist super f\u00fcr die Natur, die\u00a0w\u00e4chst und\u00a0gedeiht. Das merkt\u00a0man\u00a0auch\u00a0auf unserem\u00a0Festivalgel\u00e4nder f\u00fcr das Sommerfest! Um\u00a0auf der Vogelweide\u00a0klar Schiff zu\u00a0schaffen, damit ausreichend Platz f\u00fcr alle Aktivit\u00e4ten ist und die Mauern und Wege wieder Fl\u00e4che zum Sitzen, Plaudern\u2026","rel":"","context":"In &quot;Allgemein&quot;","block_context":{"text":"Allgemein","link":"https:\/\/www.steenkamper.de\/index.php\/category\/allgemein\/"},"img":{"alt_text":"","src":"https:\/\/i0.wp.com\/www.steenkamper.de\/wp-content\/uploads\/2025\/09\/img_1098-1.jpg?fit=1200%2C907&ssl=1&resize=350%2C200","width":350,"height":200,"srcset":"https:\/\/i0.wp.com\/www.steenkamper.de\/wp-content\/uploads\/2025\/09\/img_1098-1.jpg?fit=1200%2C907&ssl=1&resize=350%2C200 1x, https:\/\/i0.wp.com\/www.steenkamper.de\/wp-content\/uploads\/2025\/09\/img_1098-1.jpg?fit=1200%2C907&ssl=1&resize=525%2C300 1.5x, https:\/\/i0.wp.com\/www.steenkamper.de\/wp-content\/uploads\/2025\/09\/img_1098-1.jpg?fit=1200%2C907&ssl=1&resize=700%2C400 2x, https:\/\/i0.wp.com\/www.steenkamper.de\/wp-content\/uploads\/2025\/09\/img_1098-1.jpg?fit=1200%2C907&ssl=1&resize=1050%2C600 3x"},"classes":[]},{"id":6736,"url":"https:\/\/www.steenkamper.de\/index.php\/2018\/08\/04\/sommerfest-2018-2\/","url_meta":{"origin":16357,"position":1},"title":"Sommerfest 2018","author":"Max","date":"04\/08\/2018","format":false,"excerpt":"Am ersten Wochenende im September 1. & 2.9.2018 ist wieder Sommerfest in der Steenkampsiedlung. Ein Wochenende vorher (Sa. 25.8.) findet das \"Weisse Dinner\" auf der Vogelweide statt.\u00a0 Dieses Jahr wird es einige Ver\u00e4nderungen geben. Auf der Zukunftswerkstatt im Fr\u00fchjahr hat sich eine neue Planungsgruppe \/ Ausschuss zusammen gefunden. Es gibt\u2026","rel":"","context":"In &quot;Allgemein&quot;","block_context":{"text":"Allgemein","link":"https:\/\/www.steenkamper.de\/index.php\/category\/allgemein\/"},"img":{"alt_text":"","src":"https:\/\/i0.wp.com\/www.steenkamper.de\/wp-content\/uploads\/2018\/07\/titel-2-18.jpg?fit=1200%2C960&ssl=1&resize=350%2C200","width":350,"height":200,"srcset":"https:\/\/i0.wp.com\/www.steenkamper.de\/wp-content\/uploads\/2018\/07\/titel-2-18.jpg?fit=1200%2C960&ssl=1&resize=350%2C200 1x, https:\/\/i0.wp.com\/www.steenkamper.de\/wp-content\/uploads\/2018\/07\/titel-2-18.jpg?fit=1200%2C960&ssl=1&resize=525%2C300 1.5x, https:\/\/i0.wp.com\/www.steenkamper.de\/wp-content\/uploads\/2018\/07\/titel-2-18.jpg?fit=1200%2C960&ssl=1&resize=700%2C400 2x, https:\/\/i0.wp.com\/www.steenkamper.de\/wp-content\/uploads\/2018\/07\/titel-2-18.jpg?fit=1200%2C960&ssl=1&resize=1050%2C600 3x"},"classes":[]},{"id":11756,"url":"https:\/\/www.steenkamper.de\/index.php\/2020\/09\/07\/das-war-das-sommerfest-2020\/","url_meta":{"origin":16357,"position":2},"title":"das war das Sommerfest 2020","author":"Max","date":"07\/09\/2020","format":false,"excerpt":"Das Sommerfest wurde Corona bedingt abgesagt. Es wurde aber von vielen Nachbarn dann doch klein und mit sicherem Abstand gefeiert. Es gab kleine Flohmarkt-St\u00e4nde, Grillwurst, Getr\u00e4nke, Gespr\u00e4che, Musik, Bilder, Wunderkerzen, Feuerwerk und nat\u00fcrlich am Sonntag den Open-Air Gottesdienst auf der Vogelweide. Hier eine kleine Bildershow: B\u00f6kenkampRosenwinkelRosenwinkelRosenwinkelRosenwinkelAm QuickbornStutsmoorRosenwinkelRosenwinkelRosenwinkelGrotenkampVogelweide um 21hVogelweide um\u2026","rel":"","context":"In &quot;100 jahre&quot;","block_context":{"text":"100 jahre","link":"https:\/\/www.steenkamper.de\/index.php\/category\/100-jahre\/"},"img":{"alt_text":"","src":"https:\/\/i0.wp.com\/www.steenkamper.de\/wp-content\/uploads\/2020\/09\/Sommerfest2020.png?fit=600%2C485&ssl=1&resize=350%2C200","width":350,"height":200,"srcset":"https:\/\/i0.wp.com\/www.steenkamper.de\/wp-content\/uploads\/2020\/09\/Sommerfest2020.png?fit=600%2C485&ssl=1&resize=350%2C200 1x, https:\/\/i0.wp.com\/www.steenkamper.de\/wp-content\/uploads\/2020\/09\/Sommerfest2020.png?fit=600%2C485&ssl=1&resize=525%2C300 1.5x"},"classes":[]},{"id":20588,"url":"https:\/\/www.steenkamper.de\/index.php\/2022\/08\/27\/vogelweide-aufraeumen-3\/","url_meta":{"origin":16357,"position":3},"title":"Vogelweide aufr\u00e4umen","author":"Max","date":"27\/08\/2022","format":false,"excerpt":"Am Sonntag planen wir ein spontanes Aufr\u00e4umen der Vogelweide, damit wir n\u00e4chstes Wochenende beim Aufbau f\u00fcr das Sommerfest uns nicht auch darum noch k\u00fcmmern m\u00fcssen! Treffpunkt ist So. 15h auf der Vogelweide. \u201eWerkzeug\u201c (Gartenger\u00e4t) bitte mitbringen. Sommerfest-Helferliste: https:\/\/lukify.app\/akhnoa","rel":"","context":"In &quot;Sommerfest&quot;","block_context":{"text":"Sommerfest","link":"https:\/\/www.steenkamper.de\/index.php\/category\/sommerfest\/"},"img":{"alt_text":"","src":"https:\/\/i0.wp.com\/www.steenkamper.de\/wp-content\/uploads\/2016\/04\/IMG_2781-0.jpg?fit=802%2C531&ssl=1&resize=350%2C200","width":350,"height":200,"srcset":"https:\/\/i0.wp.com\/www.steenkamper.de\/wp-content\/uploads\/2016\/04\/IMG_2781-0.jpg?fit=802%2C531&ssl=1&resize=350%2C200 1x, https:\/\/i0.wp.com\/www.steenkamper.de\/wp-content\/uploads\/2016\/04\/IMG_2781-0.jpg?fit=802%2C531&ssl=1&resize=525%2C300 1.5x, https:\/\/i0.wp.com\/www.steenkamper.de\/wp-content\/uploads\/2016\/04\/IMG_2781-0.jpg?fit=802%2C531&ssl=1&resize=700%2C400 2x"},"classes":[]},{"id":28542,"url":"https:\/\/www.steenkamper.de\/index.php\/2024\/07\/31\/vogelweide-aufraeumen-2024\/","url_meta":{"origin":16357,"position":4},"title":"Vogelweide aufr\u00e4umen 2024","author":"Max","date":"31\/07\/2024","format":false,"excerpt":"Wir wollen gemeinsam die Vogelweide f\u00fcr das Sommerfest aufr\u00e4umen. Wir treffen uns am Sonntag, den 25.08. 24 um 14.00 Uhr und am 01.09.24 um 14.00 Uhr. Wer Lust hat kommt vorbei und bringt am besten auch Gartenger\u00e4te etc. mit (Harke, Besen, Schaufel, Op-Picker, Schubkarre etc.) Gerne auch Kaffee oder Limo\u2026","rel":"","context":"In &quot;Sommerfest&quot;","block_context":{"text":"Sommerfest","link":"https:\/\/www.steenkamper.de\/index.php\/category\/sommerfest\/"},"img":{"alt_text":"","src":"https:\/\/i0.wp.com\/www.steenkamper.de\/wp-content\/uploads\/2016\/10\/img_4766.jpg?fit=1200%2C631&ssl=1&resize=350%2C200","width":350,"height":200,"srcset":"https:\/\/i0.wp.com\/www.steenkamper.de\/wp-content\/uploads\/2016\/10\/img_4766.jpg?fit=1200%2C631&ssl=1&resize=350%2C200 1x, https:\/\/i0.wp.com\/www.steenkamper.de\/wp-content\/uploads\/2016\/10\/img_4766.jpg?fit=1200%2C631&ssl=1&resize=525%2C300 1.5x, https:\/\/i0.wp.com\/www.steenkamper.de\/wp-content\/uploads\/2016\/10\/img_4766.jpg?fit=1200%2C631&ssl=1&resize=700%2C400 2x, https:\/\/i0.wp.com\/www.steenkamper.de\/wp-content\/uploads\/2016\/10\/img_4766.jpg?fit=1200%2C631&ssl=1&resize=1050%2C600 3x"},"classes":[]},{"id":2392,"url":"https:\/\/www.steenkamper.de\/index.php\/2016\/08\/30\/sommerfest-2016-2\/","url_meta":{"origin":16357,"position":5},"title":"Sommerfest 2016","author":"Max","date":"30\/08\/2016","format":false,"excerpt":"Samstag 3.9. und Sonntag 4.9. Samstag : 14-17h Flohmarkt 21h Tanz im Steenkampsaal Sonntag : 10-11h Open-Air-Gottesdienst 12-15h Kinderspiele\/Familienfest 15h Kinderdisko An beiden Tagen gibt es ein Caf\u00e9-Zelt, einen Bierwagen und leckeres vom Grill. Helfer haben sich viele gemeldet. Es wird aber an einigen Stellen noch Hilfe ben\u00f6tigt: Am Samstag\u2026","rel":"","context":"In &quot;Allgemein&quot;","block_context":{"text":"Allgemein","link":"https:\/\/www.steenkamper.de\/index.php\/category\/allgemein\/"},"img":{"alt_text":"","src":"https:\/\/i0.wp.com\/www.steenkamper.de\/wp-content\/uploads\/2016\/08\/img_4338.jpg?fit=1200%2C647&ssl=1&resize=350%2C200","width":350,"height":200,"srcset":"https:\/\/i0.wp.com\/www.steenkamper.de\/wp-content\/uploads\/2016\/08\/img_4338.jpg?fit=1200%2C647&ssl=1&resize=350%2C200 1x, https:\/\/i0.wp.com\/www.steenkamper.de\/wp-content\/uploads\/2016\/08\/img_4338.jpg?fit=1200%2C647&ssl=1&resize=525%2C300 1.5x, https:\/\/i0.wp.com\/www.steenkamper.de\/wp-content\/uploads\/2016\/08\/img_4338.jpg?fit=1200%2C647&ssl=1&resize=700%2C400 2x, https:\/\/i0.wp.com\/www.steenkamper.de\/wp-content\/uploads\/2016\/08\/img_4338.jpg?fit=1200%2C647&ssl=1&resize=1050%2C600 3x"},"classes":[]}],"_links":{"self":[{"href":"https:\/\/www.steenkamper.de\/index.php\/wp-json\/wp\/v2\/posts\/16357","targetHints":{"allow":["GET"]}}],"collection":[{"href":"https:\/\/www.steenkamper.de\/index.php\/wp-json\/wp\/v2\/posts"}],"about":[{"href":"https:\/\/www.steenkamper.de\/index.php\/wp-json\/wp\/v2\/types\/post"}],"author":[{"embeddable":true,"href":"https:\/\/www.steenkamper.de\/index.php\/wp-json\/wp\/v2\/users\/6"}],"replies":[{"embeddable":true,"href":"https:\/\/www.steenkamper.de\/index.php\/wp-json\/wp\/v2\/comments?post=16357"}],"version-history":[{"count":4,"href":"https:\/\/www.steenkamper.de\/index.php\/wp-json\/wp\/v2\/posts\/16357\/revisions"}],"predecessor-version":[{"id":16366,"href":"https:\/\/www.steenkamper.de\/index.php\/wp-json\/wp\/v2\/posts\/16357\/revisions\/16366"}],"wp:featuredmedia":[{"embeddable":true,"href":"https:\/\/www.steenkamper.de\/index.php\/wp-json\/wp\/v2\/media\/16361"}],"wp:attachment":[{"href":"https:\/\/www.steenkamper.de\/index.php\/wp-json\/wp\/v2\/media?parent=16357"}],"wp:term":[{"taxonomy":"category","embeddable":true,"href":"https:\/\/www.steenkamper.de\/index.php\/wp-json\/wp\/v2\/categories?post=16357"},{"taxonomy":"post_tag","embeddable":true,"href":"https:\/\/www.steenkamper.de\/index.php\/wp-json\/wp\/v2\/tags?post=16357"}],"curies":[{"name":"wp","href":"https:\/\/api.w.org\/{rel}","templated":true}]}}