{"id":15485,"date":"2021-04-02T08:24:59","date_gmt":"2021-04-02T06:24:59","guid":{"rendered":"https:\/\/www.steenkamper.de\/index.php\/2021\/04\/02\/aprilscherz\/"},"modified":"2022-04-07T17:54:07","modified_gmt":"2022-04-07T15:54:07","slug":"aprilscherz","status":"publish","type":"post","link":"https:\/\/www.steenkamper.de\/index.php\/2021\/04\/02\/aprilscherz\/","title":{"rendered":"Aprilscherz"},"content":{"rendered":"\n<p>Wikipedia schreibt: <em>\u201eAls <strong>Aprilscherz<\/strong> bezeichnet man den Brauch, seine Mitmenschen am 1. April durch erfundene oder verf\u00e4lschte, meist spektakul\u00e4re oder fantastische Geschichten, Erz\u00e4hlungen oder Informationen in die Irre zu f\u00fchren (\u201ehereinlegen\u201c) und so \u201ezum Narren zu halten\u201c. Als Aufl\u00f6sung des Schwindels dient zumeist der Ruf \u201eApril, April\u201c. Die Tradition des Aprilscherzes gibt es in den meisten europ\u00e4ischen L\u00e4ndern sowie in Nordamerika. Auch bei Zeitungen, Zeitschriften, Radio- und Fernsehsendern und bisweilen auf Webseiten ist es \u00fcblich, die Leser bzw. H\u00f6rer durch glaubhaft klingende, erfundene Beitr\u00e4ge \u201ein den April zu schicken\u201c; oft liefern \u00fcbertrieben dargestellte Details der Meldungen Hinweise auf den fehlenden Wahrheitsgehalt.\u201c<\/em><\/p>\n\n\n\n<p>Erkl\u00e4rungsversuche zum Ursprung und Sinn des Aprilscherzes gibt es viele: Das tr\u00fcgerische und wetterwendische Aprilwetter soll der Anlass sein. <\/p>\n\n\n\n<p>Oder: Angeblich habe an einem 1. April eine sechszehnj\u00e4hrige Unbekannte Heinrich IV. (1553\u20131610), K\u00f6nig von Frankreich, der sich jungen Damen gegen\u00fcber stets etwas zu geneigt zeigte, mit einem Briefchen um ein heimliches Rendezvous in einem abgelegenen Lustschl\u00f6sschen gebeten. Als der K\u00f6nig zum T\u00eate-\u00e0-T\u00eate erschien, wurde er \u00fcberraschend vom gesamten Hofstaat unter Anf\u00fchrung seiner Gattin Maria de Medici begr\u00fc\u00dft, die sich bei ihm ironisch-untert\u00e4nigst daf\u00fcr bedankte, dass er der Einladung zum \u201eNarrenball\u201c gefolgt sei. <\/p>\n\n\n\n<p>Gerne wird auch auf den Reichstag 1530 zu Augsburg verwiesen. Hier sei ein besonderer M\u00fcnztag f\u00fcr den 1. April festgelegt worden, um Ordnung in das M\u00fcnzwesen zu bringen. Der 1. April wurde zu einem Spekulationstermin. Als aber der M\u00fcnztag nicht stattfand, wurden die Spekulanten verspottet und der 1. April zum Narrenfeiertag.<\/p>\n\n\n\n<p>Der \u00e4lteste Aprilscherz in einer Zeitung wurde am 1. April 1774 in Deutschland ver\u00f6ffentlicht. Erkl\u00e4rt wurde, wie man nicht nur Ostereier, sondern auch H\u00fchner in allen m\u00f6glichen Farben z\u00fcchten k\u00f6nne. Man brauche nur die Umgebung der H\u00fchner in der jeweils gew\u00fcnschten Farbe anzustreichen, damit sich H\u00fchner entsprechend anpassen.<\/p>\n\n\n\n<p>Klar ist, dass auch hier in der Steenkampsiedlung der 1.April f\u00fcr Verwirrung gesorgt hat. Es wurde nat\u00fcrlich kein Flamingo auf der Vogelweide gesichtet und 2020 auch kein Oktoberfest geplant <a href=\"https:\/\/www.steenkamper.de\/index.php\/2020\/04\/01\/oktoberfest-auf-der-vogelweide\/\">https:\/\/www.steenkamper.de\/index.php\/2020\/04\/01\/oktoberfest-auf-der-vogelweide\/<\/a> . Die Flamingodame wurde allerdings wirklich aus dem Tierpark in Hamm gestohlen, nur nicht auf der Vogelweide gesichtet. <\/p>\n\n\n\n<p>Die Meldung auf unserer Webseite haben gestern \u00fcber 120 Internetuser gelesen und die Webseite hatte fast 200 Klicks. <\/p>\n\n\n\n<p>Aber Volkswagen hat dieses Jahr den Vogel abgeschlossen und mit einer zu fr\u00fch ver\u00f6ffentlichten Meldung f\u00fcr Unverst\u00e4ndnis gesorgt. Die Meldung bezog sich auf die Namensgebung in Amerika. Volkswagen hatte angek\u00fcndigt sich in Bezug auf die neue Elektomobilit\u00e4t und als PR Kampagne f\u00fcr den neuen ID.4, in Amerika in \u201eVOLTSWAGEN\u201c umzubenennen. &#8211; zu sch\u00f6n um war zu sein&#8230;<\/p>\n","protected":false},"excerpt":{"rendered":"<p>Wikipedia schreibt: \u201eAls Aprilscherz bezeichnet man den Brauch, seine Mitmenschen am 1. April durch erfundene oder verf\u00e4lschte, meist spektakul\u00e4re oder fantastische Geschichten, Erz\u00e4hlungen oder Informationen in die Irre zu f\u00fchren&#8230; <\/p>\n<p><a class=\"teaser-more\" href=\"https:\/\/www.steenkamper.de\/index.php\/2021\/04\/02\/aprilscherz\/\">weiter lesen<\/a><\/p>\n","protected":false},"author":6,"featured_media":0,"comment_status":"open","ping_status":"open","sticky":false,"template":"","format":"standard","meta":{"_acf_changed":false,"_price":"","_stock":"","_tribe_ticket_header":"","_tribe_default_ticket_provider":"","_tribe_ticket_capacity":"0","_ticket_start_date":"","_ticket_end_date":"","_tribe_ticket_show_description":"","_tribe_ticket_show_not_going":false,"_tribe_ticket_use_global_stock":"","_tribe_ticket_global_stock_level":"","_global_stock_mode":"","_global_stock_cap":"","_tribe_rsvp_for_event":"","_tribe_ticket_going_count":"","_tribe_ticket_not_going_count":"","_tribe_tickets_list":"[]","_tribe_ticket_has_attendee_info_fields":false,"jetpack_post_was_ever_published":false,"_jetpack_newsletter_access":"","_jetpack_dont_email_post_to_subs":false,"_jetpack_newsletter_tier_id":0,"_jetpack_memberships_contains_paywalled_content":false,"_jetpack_memberships_contains_paid_content":false,"footnotes":"","jetpack_publicize_message":"","jetpack_publicize_feature_enabled":true,"jetpack_social_post_already_shared":true,"jetpack_social_options":{"image_generator_settings":{"template":"highway","default_image_id":0,"font":"","enabled":false},"version":2}},"categories":[3,160,34],"tags":[],"class_list":["post-15485","post","type-post","status-publish","format-standard","hentry","category-allgemein","category-april","category-vogelweide"],"acf":[],"jetpack_publicize_connections":[],"jetpack_featured_media_url":"","jetpack_sharing_enabled":true,"jetpack_shortlink":"https:\/\/wp.me\/p74Wuo-41L","jetpack_likes_enabled":true,"jetpack-related-posts":[{"id":27174,"url":"https:\/\/www.steenkamper.de\/index.php\/2024\/04\/04\/1-april\/","url_meta":{"origin":15485,"position":0},"title":"1. April","author":"Max","date":"04\/04\/2024","format":false,"excerpt":"Auf die diesj\u00e4hrige April-Meldungen gab es die unterschiedlichsten Reaktionen. Es f\u00fchrte \u00fcberwiegend zu Freude und Belustigung und es gab auch einige, die an dem Wahrheitsgehalt der Meldung keine Zweifel hatten. Leider gab es KEINE gro\u00dfe Aufmerksamkeit auf die Helfer*innen-Liste f\u00fcr den \u201eTanz in den Mai\u201c Abend. \ud83d\ude16 Die April-Meldung haben\u2026","rel":"","context":"In &quot;Allgemein&quot;","block_context":{"text":"Allgemein","link":"https:\/\/www.steenkamper.de\/index.php\/category\/allgemein\/"},"img":{"alt_text":"","src":"https:\/\/i0.wp.com\/www.steenkamper.de\/wp-content\/uploads\/2021\/11\/Email.png?fit=1200%2C933&ssl=1&resize=350%2C200","width":350,"height":200,"srcset":"https:\/\/i0.wp.com\/www.steenkamper.de\/wp-content\/uploads\/2021\/11\/Email.png?fit=1200%2C933&ssl=1&resize=350%2C200 1x, https:\/\/i0.wp.com\/www.steenkamper.de\/wp-content\/uploads\/2021\/11\/Email.png?fit=1200%2C933&ssl=1&resize=525%2C300 1.5x, https:\/\/i0.wp.com\/www.steenkamper.de\/wp-content\/uploads\/2021\/11\/Email.png?fit=1200%2C933&ssl=1&resize=700%2C400 2x, https:\/\/i0.wp.com\/www.steenkamper.de\/wp-content\/uploads\/2021\/11\/Email.png?fit=1200%2C933&ssl=1&resize=1050%2C600 3x"},"classes":[]},{"id":22996,"url":"https:\/\/www.steenkamper.de\/index.php\/2023\/04\/03\/muellterminverschiebungen\/","url_meta":{"origin":15485,"position":1},"title":"M\u00fcllterminverschiebungen","author":"Max","date":"03\/04\/2023","format":false,"excerpt":"Wegen der Feiertage kommt es zu Terminverschiebungen der Leerung der M\u00fclltonnen. Der gelbe Sack wurde schon am Samstag abgeholt (kein Aprilscherz!). Alle Verschiebungen sind auf der Webseite der Stadtreinigung zu finden: www.stadtreinigung.hamburg\/entsorgung-recycling\/terminaenderungen","rel":"","context":"In &quot;Allgemein&quot;","block_context":{"text":"Allgemein","link":"https:\/\/www.steenkamper.de\/index.php\/category\/allgemein\/"},"img":{"alt_text":"","src":"https:\/\/i0.wp.com\/www.steenkamper.de\/wp-content\/uploads\/2019\/11\/IMG_0265.jpeg?fit=1200%2C900&ssl=1&resize=350%2C200","width":350,"height":200,"srcset":"https:\/\/i0.wp.com\/www.steenkamper.de\/wp-content\/uploads\/2019\/11\/IMG_0265.jpeg?fit=1200%2C900&ssl=1&resize=350%2C200 1x, https:\/\/i0.wp.com\/www.steenkamper.de\/wp-content\/uploads\/2019\/11\/IMG_0265.jpeg?fit=1200%2C900&ssl=1&resize=525%2C300 1.5x, https:\/\/i0.wp.com\/www.steenkamper.de\/wp-content\/uploads\/2019\/11\/IMG_0265.jpeg?fit=1200%2C900&ssl=1&resize=700%2C400 2x, https:\/\/i0.wp.com\/www.steenkamper.de\/wp-content\/uploads\/2019\/11\/IMG_0265.jpeg?fit=1200%2C900&ssl=1&resize=1050%2C600 3x"},"classes":[]},{"id":28581,"url":"https:\/\/www.steenkamper.de\/index.php\/2024\/08\/23\/der-steenkamper-2-2024\/","url_meta":{"origin":15485,"position":2},"title":"Der Steenkamper 2\/2024","author":"Max","date":"23\/08\/2024","format":false,"excerpt":"Sommerausgabe von unserem Steenkamper ist druckfrisch aus der Druckerei zur\u00fcck und mu\u00df nun verteilt werden!\u00a0 Wer Lust auf einen Verteil-Spaziergang durch die Siedlung hat, tr\u00e4gt sich bitte hier ein: Verteilliste In dieser Ausgabe: \u2022 Auf ein Wort \u2022 Protokoll der Mitgliederversammlung \u2022 Der Vorstand \u2022 Fernw\u00e4rme? W\u00e4rmepumpe?\u2022 Zum Tod von\u2026","rel":"","context":"In &quot;Allgemein&quot;","block_context":{"text":"Allgemein","link":"https:\/\/www.steenkamper.de\/index.php\/category\/allgemein\/"},"img":{"alt_text":"","src":"https:\/\/i0.wp.com\/www.steenkamper.de\/wp-content\/uploads\/2017\/07\/2_2017-2-e1500232746131.jpg?fit=450%2C258&ssl=1&resize=350%2C200","width":350,"height":200},"classes":[]},{"id":10340,"url":"https:\/\/www.steenkamper.de\/index.php\/2020\/03\/15\/vorlaeufig-keine-veranstaltungen-im-steenkampsaal\/","url_meta":{"origin":15485,"position":3},"title":"Vorl\u00e4ufig KEINE Veranstaltungen im Steenkampsaal","author":"Max","date":"15\/03\/2020","format":false,"excerpt":"Aufgrund der aktuellen Infektionslage m\u00fcssen wir leider vorerst bis zum (31.3.) 30.4. alle Steenkamper Veranstaltungen im Steenkampsaal absagen. Liebe Nachbarinnen und Nachbarn, auch als Heimst\u00e4ttervereinigung m\u00f6chten wir dazu beitragen, dass die Ausbreitung des Corona-Virus in Hamburg - und nat\u00fcrlich auch ganz besonders in unserer Siedlung - einged\u00e4mmt bleibt. Daher hat\u2026","rel":"","context":"In &quot;Allgemein&quot;","block_context":{"text":"Allgemein","link":"https:\/\/www.steenkamper.de\/index.php\/category\/allgemein\/"},"img":{"alt_text":"","src":"https:\/\/i0.wp.com\/www.steenkamper.de\/wp-content\/uploads\/2020\/03\/virus.png?fit=878%2C768&ssl=1&resize=350%2C200","width":350,"height":200,"srcset":"https:\/\/i0.wp.com\/www.steenkamper.de\/wp-content\/uploads\/2020\/03\/virus.png?fit=878%2C768&ssl=1&resize=350%2C200 1x, https:\/\/i0.wp.com\/www.steenkamper.de\/wp-content\/uploads\/2020\/03\/virus.png?fit=878%2C768&ssl=1&resize=525%2C300 1.5x, https:\/\/i0.wp.com\/www.steenkamper.de\/wp-content\/uploads\/2020\/03\/virus.png?fit=878%2C768&ssl=1&resize=700%2C400 2x"},"classes":[]},{"id":10548,"url":"https:\/\/www.steenkamper.de\/index.php\/2020\/04\/02\/video-salon\/","url_meta":{"origin":15485,"position":4},"title":"Video-Salon","author":"Max","date":"02\/04\/2020","format":false,"excerpt":"Steenkamp-Video-Salon Da wir uns nicht versammeln d\u00fcrfen, veranstalten wir\u00a0einen Video-Salon. Es kann immer nur einer reden. Leider nicht so sch\u00f6n wie aufm Saal an unserer Bar... Wir versuchen Bingo und ziehen mit einer Bingo APP 15 aus 90 Zahlen, wenn alle Zahlen auf dem Schein gezogen wurden -> BINGO!!!Also Stift\u2026","rel":"","context":"In &quot;corona&quot;","block_context":{"text":"corona","link":"https:\/\/www.steenkamper.de\/index.php\/category\/corona\/"},"img":{"alt_text":"","src":"https:\/\/i0.wp.com\/www.steenkamper.de\/wp-content\/uploads\/2020\/04\/Bildschirmfoto-2020-04-02-um-09.02.33.png?fit=1120%2C968&ssl=1&resize=350%2C200","width":350,"height":200,"srcset":"https:\/\/i0.wp.com\/www.steenkamper.de\/wp-content\/uploads\/2020\/04\/Bildschirmfoto-2020-04-02-um-09.02.33.png?fit=1120%2C968&ssl=1&resize=350%2C200 1x, https:\/\/i0.wp.com\/www.steenkamper.de\/wp-content\/uploads\/2020\/04\/Bildschirmfoto-2020-04-02-um-09.02.33.png?fit=1120%2C968&ssl=1&resize=525%2C300 1.5x, https:\/\/i0.wp.com\/www.steenkamper.de\/wp-content\/uploads\/2020\/04\/Bildschirmfoto-2020-04-02-um-09.02.33.png?fit=1120%2C968&ssl=1&resize=700%2C400 2x, https:\/\/i0.wp.com\/www.steenkamper.de\/wp-content\/uploads\/2020\/04\/Bildschirmfoto-2020-04-02-um-09.02.33.png?fit=1120%2C968&ssl=1&resize=1050%2C600 3x"},"classes":[]},{"id":23056,"url":"https:\/\/www.steenkamper.de\/index.php\/2023\/04\/13\/oeffentliche-dialogveranstaltungen-zum-neuen-s-bahn-tunnel\/","url_meta":{"origin":15485,"position":5},"title":"\u00d6ffentliche Dialogveranstaltungen zum neuen S-Bahn-Tunnel","author":"Max","date":"13\/04\/2023","format":false,"excerpt":"Der NDR titelt \u201eNur drei Interessierte bei Anh\u00f6rungstermin\u201c. Es ist aber auch so gut wie gar keine Werbung f\u00fcr die Veranstaltung gemacht worden. Es gibt noch zwei weitere Veranstaltungen und zwar am 13.4. & 24.5. Es gibt sicher mehr als drei Interessierte zu diesem Thema! DB schreibt: Wo wird der\u2026","rel":"","context":"In &quot;Allgemein&quot;","block_context":{"text":"Allgemein","link":"https:\/\/www.steenkamper.de\/index.php\/category\/allgemein\/"},"img":{"alt_text":"","src":"https:\/\/i0.wp.com\/www.steenkamper.de\/wp-content\/uploads\/2022\/01\/vet.jpg?fit=1057%2C772&ssl=1&resize=350%2C200","width":350,"height":200,"srcset":"https:\/\/i0.wp.com\/www.steenkamper.de\/wp-content\/uploads\/2022\/01\/vet.jpg?fit=1057%2C772&ssl=1&resize=350%2C200 1x, https:\/\/i0.wp.com\/www.steenkamper.de\/wp-content\/uploads\/2022\/01\/vet.jpg?fit=1057%2C772&ssl=1&resize=525%2C300 1.5x, https:\/\/i0.wp.com\/www.steenkamper.de\/wp-content\/uploads\/2022\/01\/vet.jpg?fit=1057%2C772&ssl=1&resize=700%2C400 2x, https:\/\/i0.wp.com\/www.steenkamper.de\/wp-content\/uploads\/2022\/01\/vet.jpg?fit=1057%2C772&ssl=1&resize=1050%2C600 3x"},"classes":[]}],"_links":{"self":[{"href":"https:\/\/www.steenkamper.de\/index.php\/wp-json\/wp\/v2\/posts\/15485","targetHints":{"allow":["GET"]}}],"collection":[{"href":"https:\/\/www.steenkamper.de\/index.php\/wp-json\/wp\/v2\/posts"}],"about":[{"href":"https:\/\/www.steenkamper.de\/index.php\/wp-json\/wp\/v2\/types\/post"}],"author":[{"embeddable":true,"href":"https:\/\/www.steenkamper.de\/index.php\/wp-json\/wp\/v2\/users\/6"}],"replies":[{"embeddable":true,"href":"https:\/\/www.steenkamper.de\/index.php\/wp-json\/wp\/v2\/comments?post=15485"}],"version-history":[{"count":4,"href":"https:\/\/www.steenkamper.de\/index.php\/wp-json\/wp\/v2\/posts\/15485\/revisions"}],"predecessor-version":[{"id":15489,"href":"https:\/\/www.steenkamper.de\/index.php\/wp-json\/wp\/v2\/posts\/15485\/revisions\/15489"}],"wp:attachment":[{"href":"https:\/\/www.steenkamper.de\/index.php\/wp-json\/wp\/v2\/media?parent=15485"}],"wp:term":[{"taxonomy":"category","embeddable":true,"href":"https:\/\/www.steenkamper.de\/index.php\/wp-json\/wp\/v2\/categories?post=15485"},{"taxonomy":"post_tag","embeddable":true,"href":"https:\/\/www.steenkamper.de\/index.php\/wp-json\/wp\/v2\/tags?post=15485"}],"curies":[{"name":"wp","href":"https:\/\/api.w.org\/{rel}","templated":true}]}}