{"id":14819,"date":"2021-02-10T10:30:19","date_gmt":"2021-02-10T09:30:19","guid":{"rendered":"https:\/\/www.steenkamper.de\/?p=14819"},"modified":"2021-02-11T13:10:31","modified_gmt":"2021-02-11T12:10:31","slug":"artilleriekaserne-zur-science-city","status":"publish","type":"post","link":"https:\/\/www.steenkamper.de\/index.php\/2021\/02\/10\/artilleriekaserne-zur-science-city\/","title":{"rendered":"Artilleriekaserne zur Science City?"},"content":{"rendered":"\n<p>Im Hamburger Abendblatt wurde gestern (9.2.2021) \u00fcber das Geb\u00e4ude der ehemaligen Artillerie Kaserne in der Notkestra\u00dfe berichtet. <\/p>\n\n\n\n<p>Das Geb\u00e4ude ist mittlerweile im Besitz des LIG (Landesbetrieb Immobilienmanagement und Grundverm\u00f6gen) der Stadt Hamburg. <\/p>\n\n\n\n<p><em>\u201eAktuell laufen Aufr\u00e4um- und Rodungsarbeiten. Das Geb\u00e4ude wurde gezielt f\u00fcr die Einbindung in die Entwicklung der Bahrenfeld Science City erworben.\u201c<\/em> (Zitat aus dem Artikel: Imme M\u00e4der, Finanzbeh\u00f6rde Hamburg). <\/p>\n\n\n\n<p><a rel=\"noreferrer noopener\" href=\"https:\/\/www.abendblatt.de\/hamburg\/elbvororte\/article231518767\/Artilleriekaserne-Notkestrasse-Bahrenfeld-Hamburg-Altona-Science-City.html\" target=\"_blank\">Link zum Artikel <\/a><\/p>\n\n\n\n<figure class=\"wp-block-image size-large is-style-default\"><img data-recalc-dims=\"1\" fetchpriority=\"high\" decoding=\"async\" width=\"750\" height=\"563\" data-attachment-id=\"14495\" data-permalink=\"https:\/\/www.steenkamper.de\/img_8042\/\" data-orig-file=\"https:\/\/i0.wp.com\/www.steenkamper.de\/wp-content\/uploads\/2021\/01\/IMG_8042.jpg?fit=1000%2C750&amp;ssl=1\" data-orig-size=\"1000,750\" data-comments-opened=\"1\" data-image-meta=\"{&quot;aperture&quot;:&quot;2.2&quot;,&quot;credit&quot;:&quot;&quot;,&quot;camera&quot;:&quot;iPhone 6s&quot;,&quot;caption&quot;:&quot;&quot;,&quot;created_timestamp&quot;:&quot;1611585460&quot;,&quot;copyright&quot;:&quot;&quot;,&quot;focal_length&quot;:&quot;4.15&quot;,&quot;iso&quot;:&quot;25&quot;,&quot;shutter_speed&quot;:&quot;0.0021052631578947&quot;,&quot;title&quot;:&quot;&quot;,&quot;orientation&quot;:&quot;1&quot;}\" data-image-title=\"IMG_8042\" data-image-description=\"\" data-image-caption=\"\" data-large-file=\"https:\/\/i0.wp.com\/www.steenkamper.de\/wp-content\/uploads\/2021\/01\/IMG_8042.jpg?fit=750%2C563&amp;ssl=1\" src=\"https:\/\/i0.wp.com\/www.steenkamper.de\/wp-content\/uploads\/2021\/01\/IMG_8042.jpg?resize=750%2C563&#038;ssl=1\" alt=\"\" class=\"wp-image-14495\" srcset=\"https:\/\/i0.wp.com\/www.steenkamper.de\/wp-content\/uploads\/2021\/01\/IMG_8042.jpg?w=1000&amp;ssl=1 1000w, https:\/\/i0.wp.com\/www.steenkamper.de\/wp-content\/uploads\/2021\/01\/IMG_8042.jpg?resize=300%2C225&amp;ssl=1 300w, https:\/\/i0.wp.com\/www.steenkamper.de\/wp-content\/uploads\/2021\/01\/IMG_8042.jpg?resize=768%2C576&amp;ssl=1 768w, https:\/\/i0.wp.com\/www.steenkamper.de\/wp-content\/uploads\/2021\/01\/IMG_8042.jpg?resize=450%2C338&amp;ssl=1 450w\" sizes=\"(max-width: 750px) 100vw, 750px\" \/><\/figure>\n\n\n\n<p>Siehe auch: <a href=\"https:\/\/www.steenkamper.de\/index.php\/2021\/01\/25\/alte-artilleriekaserne\/\">https:\/\/www.steenkamper.de\/index.php\/2021\/01\/25\/alte-artilleriekaserne\/<\/a><\/p>\n","protected":false},"excerpt":{"rendered":"<p>Im Hamburger Abendblatt wurde gestern (9.2.2021) \u00fcber das Geb\u00e4ude der ehemaligen Artillerie Kaserne in der Notkestra\u00dfe berichtet. Das Geb\u00e4ude ist mittlerweile im Besitz des LIG (Landesbetrieb Immobilienmanagement und Grundverm\u00f6gen) der&#8230; <\/p>\n<p><a class=\"teaser-more\" href=\"https:\/\/www.steenkamper.de\/index.php\/2021\/02\/10\/artilleriekaserne-zur-science-city\/\">weiter lesen<\/a><\/p>\n","protected":false},"author":6,"featured_media":14494,"comment_status":"open","ping_status":"open","sticky":false,"template":"","format":"standard","meta":{"_acf_changed":false,"_price":"","_stock":"","_tribe_ticket_header":"","_tribe_default_ticket_provider":"","_tribe_ticket_capacity":"0","_ticket_start_date":"","_ticket_end_date":"","_tribe_ticket_show_description":"","_tribe_ticket_show_not_going":false,"_tribe_ticket_use_global_stock":"","_tribe_ticket_global_stock_level":"","_global_stock_mode":"","_global_stock_cap":"","_tribe_rsvp_for_event":"","_tribe_ticket_going_count":"","_tribe_ticket_not_going_count":"","_tribe_tickets_list":"[]","_tribe_ticket_has_attendee_info_fields":false,"jetpack_post_was_ever_published":false,"_jetpack_newsletter_access":"","_jetpack_dont_email_post_to_subs":false,"_jetpack_newsletter_tier_id":0,"_jetpack_memberships_contains_paywalled_content":false,"_jetpack_memberships_contains_paid_content":false,"footnotes":"","jetpack_publicize_message":"","jetpack_publicize_feature_enabled":true,"jetpack_social_post_already_shared":true,"jetpack_social_options":{"image_generator_settings":{"template":"highway","default_image_id":0,"font":"","enabled":false},"version":2}},"categories":[3,31,108,32],"tags":[],"class_list":["post-14819","post","type-post","status-publish","format-standard","has-post-thumbnail","hentry","category-allgemein","category-planungen","category-science-city-bahrenfeld","category-wohnen-am-volkspark"],"acf":[],"jetpack_publicize_connections":[],"jetpack_featured_media_url":"https:\/\/i0.wp.com\/www.steenkamper.de\/wp-content\/uploads\/2021\/01\/KASERNENOTKESTR1.jpg?fit=1997%2C1438&ssl=1","jetpack_sharing_enabled":true,"jetpack_shortlink":"https:\/\/wp.me\/p74Wuo-3R1","jetpack_likes_enabled":true,"jetpack-related-posts":[{"id":14492,"url":"https:\/\/www.steenkamper.de\/index.php\/2021\/01\/25\/alte-artilleriekaserne\/","url_meta":{"origin":14819,"position":0},"title":"alte Artilleriekaserne","author":"Max","date":"25\/01\/2021","format":false,"excerpt":"Was passiert mit dem Geb\u00e4ude der alten Kaserne in der Notkestr.? Seit einigen Tagen wird da ordentlich \"aufger\u00e4umt\". B\u00e4ume werden gef\u00e4llt und B\u00fcsche gerodet... Eine mobile Toilette und Container stehen auf dem Gel\u00e4nde. Ist die Immobile nun verkauft und es werden Tatsachen geschaffen? In einer Drucksache vom Deutscher Bundestag\u00a0\"19\/20885\" vom\u00a007.07.2020\u2026","rel":"","context":"In &quot;Allgemein&quot;","block_context":{"text":"Allgemein","link":"https:\/\/www.steenkamper.de\/index.php\/category\/allgemein\/"},"img":{"alt_text":"","src":"https:\/\/i0.wp.com\/www.steenkamper.de\/wp-content\/uploads\/2021\/01\/KASERNENOTKESTR.jpg?fit=1000%2C582&ssl=1&resize=350%2C200","width":350,"height":200,"srcset":"https:\/\/i0.wp.com\/www.steenkamper.de\/wp-content\/uploads\/2021\/01\/KASERNENOTKESTR.jpg?fit=1000%2C582&ssl=1&resize=350%2C200 1x, https:\/\/i0.wp.com\/www.steenkamper.de\/wp-content\/uploads\/2021\/01\/KASERNENOTKESTR.jpg?fit=1000%2C582&ssl=1&resize=525%2C300 1.5x, https:\/\/i0.wp.com\/www.steenkamper.de\/wp-content\/uploads\/2021\/01\/KASERNENOTKESTR.jpg?fit=1000%2C582&ssl=1&resize=700%2C400 2x"},"classes":[]},{"id":20519,"url":"https:\/\/www.steenkamper.de\/index.php\/2022\/08\/21\/sportflaechenkonzept\/","url_meta":{"origin":14819,"position":1},"title":"Sportfl\u00e4chenkonzept","author":"Max","date":"21\/08\/2022","format":false,"excerpt":"\u00d6ffentliche Anh\u00f6rung (\u00d6A) am 30.08.2022 \u201eSportfl\u00e4chenkonzept f\u00fcr die Science City Hamburg Bahrenfeld\u201c Das vom Hamburger Sportbund e.V. erstellte Sportfl\u00e4chenkonzept f\u00fcr die Science City Bahrenfeld ist im Transparenzportal einsehbar:\u00a0https:\/\/t1p.de\/Sportflaechenbedarfsanalyse. Wenn Sie an der \u00d6A vor Ort (19:00 Uhr, im H\u00f6rsaal des DESY, Geb\u00e4ude 5, Notkestra\u00dfe 85, 22607 Hamburg) teilnehmen m\u00f6chten, f\u00fcllen\u2026","rel":"","context":"In &quot;Planungen&quot;","block_context":{"text":"Planungen","link":"https:\/\/www.steenkamper.de\/index.php\/category\/planungen\/"},"img":{"alt_text":"","src":"https:\/\/i0.wp.com\/www.steenkamper.de\/wp-content\/uploads\/2022\/08\/IMG_4982.jpg?fit=1195%2C1200&ssl=1&resize=350%2C200","width":350,"height":200,"srcset":"https:\/\/i0.wp.com\/www.steenkamper.de\/wp-content\/uploads\/2022\/08\/IMG_4982.jpg?fit=1195%2C1200&ssl=1&resize=350%2C200 1x, https:\/\/i0.wp.com\/www.steenkamper.de\/wp-content\/uploads\/2022\/08\/IMG_4982.jpg?fit=1195%2C1200&ssl=1&resize=525%2C300 1.5x, https:\/\/i0.wp.com\/www.steenkamper.de\/wp-content\/uploads\/2022\/08\/IMG_4982.jpg?fit=1195%2C1200&ssl=1&resize=700%2C400 2x, https:\/\/i0.wp.com\/www.steenkamper.de\/wp-content\/uploads\/2022\/08\/IMG_4982.jpg?fit=1195%2C1200&ssl=1&resize=1050%2C600 3x"},"classes":[]},{"id":12883,"url":"https:\/\/www.steenkamper.de\/index.php\/2020\/11\/03\/denkmalverein-hamburg\/","url_meta":{"origin":14819,"position":2},"title":"Denkmalverein Hamburg","author":"Max","date":"03\/11\/2020","format":false,"excerpt":"Der Denkmalverein Hamburg e.V. unterst\u00fctzt unsere Unterschriftensammlung gegen einen Abriss der \u201ealten Schule Steenkamp\u201c. Auf der Webseite ist das Geb\u00e4ude in der Notkestr. 23 nun auf der Liste der gef\u00e4hrdeten Objekte aufgef\u00fchrt. Siehe: www.denkmalverein.de\/gefaehrdet \u201eDer Denkmalverein unterst\u00fctzt die Forderung der Initiative, das identit\u00e4tstiftende und stadtbildpr\u00e4gende Geb\u00e4ude zu erhalten und in\u2026","rel":"","context":"In &quot;Allgemein&quot;","block_context":{"text":"Allgemein","link":"https:\/\/www.steenkamper.de\/index.php\/category\/allgemein\/"},"img":{"alt_text":"","src":"","width":0,"height":0},"classes":[]},{"id":14585,"url":"https:\/\/www.steenkamper.de\/index.php\/2021\/01\/29\/alte-schule-steenkamp\/","url_meta":{"origin":14819,"position":3},"title":"Alte Schule Steenkamp","author":"Max","date":"29\/01\/2021","format":false,"excerpt":"Gestern wurde \u00fcber die Petition zum Erhalt der \u201ealten Steenkamper Schule\u201c in der Notkestr. 23 im Hauptausschuss der Bezirksversammlung Altona debattiert. Die Sitzung wurde live bei YouTube \u00fcbertragen. Dem Antrag der Fraktion der Linken (Drucksache - 21-1597) wurde nicht entsprochen. Ein alternativ Antrag von der SPD wurde von den Gr\u00fcnen\u2026","rel":"","context":"In &quot;Allgemein&quot;","block_context":{"text":"Allgemein","link":"https:\/\/www.steenkamper.de\/index.php\/category\/allgemein\/"},"img":{"alt_text":"","src":"https:\/\/i0.wp.com\/www.steenkamper.de\/wp-content\/uploads\/2020\/09\/juno23.jpg?fit=1200%2C674&ssl=1&resize=350%2C200","width":350,"height":200,"srcset":"https:\/\/i0.wp.com\/www.steenkamper.de\/wp-content\/uploads\/2020\/09\/juno23.jpg?fit=1200%2C674&ssl=1&resize=350%2C200 1x, https:\/\/i0.wp.com\/www.steenkamper.de\/wp-content\/uploads\/2020\/09\/juno23.jpg?fit=1200%2C674&ssl=1&resize=525%2C300 1.5x, https:\/\/i0.wp.com\/www.steenkamper.de\/wp-content\/uploads\/2020\/09\/juno23.jpg?fit=1200%2C674&ssl=1&resize=700%2C400 2x, https:\/\/i0.wp.com\/www.steenkamper.de\/wp-content\/uploads\/2020\/09\/juno23.jpg?fit=1200%2C674&ssl=1&resize=1050%2C600 3x"},"classes":[]},{"id":8974,"url":"https:\/\/www.steenkamper.de\/index.php\/2019\/10\/19\/science-city-bahrenfeld-rundgang\/","url_meta":{"origin":14819,"position":4},"title":"\u201eScience City Bahrenfeld\u201c Rundgang","author":"Max","date":"19\/10\/2019","format":false,"excerpt":"N\u00e4chsten Samstag gibt es einen Rundgang zur Science City mit den Gr\u00fcnen. Sa. 26. Oktober 2019 um 14 \u2013 16hTreffpunkt: DESYNotkestra\u00dfe 85, Geb\u00e4ude 1 (DESY-Gel\u00e4nde) In Bahrenfeld entsteht ein neuer Stadtteil, die \u201eScience City Bahrenfeld\u201c.Um einen Eindruck zu gewinnen, was es dort schon gibt und was geplant ist, l\u00e4dt Mareike\u2026","rel":"","context":"In &quot;Kinder&quot;","block_context":{"text":"Kinder","link":"https:\/\/www.steenkamper.de\/index.php\/category\/kinder\/"},"img":{"alt_text":"","src":"https:\/\/i0.wp.com\/www.steenkamper.de\/wp-content\/uploads\/2019\/01\/Science-City-C-S%C3%BCd-Ost-800px.jpg?fit=800%2C534&ssl=1&resize=350%2C200","width":350,"height":200,"srcset":"https:\/\/i0.wp.com\/www.steenkamper.de\/wp-content\/uploads\/2019\/01\/Science-City-C-S%C3%BCd-Ost-800px.jpg?fit=800%2C534&ssl=1&resize=350%2C200 1x, https:\/\/i0.wp.com\/www.steenkamper.de\/wp-content\/uploads\/2019\/01\/Science-City-C-S%C3%BCd-Ost-800px.jpg?fit=800%2C534&ssl=1&resize=525%2C300 1.5x, https:\/\/i0.wp.com\/www.steenkamper.de\/wp-content\/uploads\/2019\/01\/Science-City-C-S%C3%BCd-Ost-800px.jpg?fit=800%2C534&ssl=1&resize=700%2C400 2x"},"classes":[]},{"id":12024,"url":"https:\/\/www.steenkamper.de\/index.php\/2020\/09\/23\/noch-bis-zum-2-10-mitreden\/","url_meta":{"origin":14819,"position":5},"title":"Noch bis zum 2.10. mitreden!!!","author":"Max","date":"23\/09\/2020","format":false,"excerpt":"Es geht um die \u00c4nderung des Fl\u00e4chennutzungsplans im Zusammenhang mit dem A7 Deckel und der \u201eScience City Bahrenfeld\u201c. Aus den Pl\u00e4nen der \"Science City\" und den der \u00c4nderung des Fl\u00e4chennutzungsplans geht hervor, da\u00df der Eingang zum UniCampus der \u201eScience City Bahrenfeld\u201c in der Notkestr. 23 direkt gg\u00fc. dem Steenkamp geplant\u2026","rel":"","context":"In &quot;Allgemein&quot;","block_context":{"text":"Allgemein","link":"https:\/\/www.steenkamper.de\/index.php\/category\/allgemein\/"},"img":{"alt_text":"","src":"https:\/\/i0.wp.com\/www.steenkamper.de\/wp-content\/uploads\/2020\/09\/juno23.jpg?fit=1200%2C674&ssl=1&resize=350%2C200","width":350,"height":200,"srcset":"https:\/\/i0.wp.com\/www.steenkamper.de\/wp-content\/uploads\/2020\/09\/juno23.jpg?fit=1200%2C674&ssl=1&resize=350%2C200 1x, https:\/\/i0.wp.com\/www.steenkamper.de\/wp-content\/uploads\/2020\/09\/juno23.jpg?fit=1200%2C674&ssl=1&resize=525%2C300 1.5x, https:\/\/i0.wp.com\/www.steenkamper.de\/wp-content\/uploads\/2020\/09\/juno23.jpg?fit=1200%2C674&ssl=1&resize=700%2C400 2x, https:\/\/i0.wp.com\/www.steenkamper.de\/wp-content\/uploads\/2020\/09\/juno23.jpg?fit=1200%2C674&ssl=1&resize=1050%2C600 3x"},"classes":[]}],"_links":{"self":[{"href":"https:\/\/www.steenkamper.de\/index.php\/wp-json\/wp\/v2\/posts\/14819","targetHints":{"allow":["GET"]}}],"collection":[{"href":"https:\/\/www.steenkamper.de\/index.php\/wp-json\/wp\/v2\/posts"}],"about":[{"href":"https:\/\/www.steenkamper.de\/index.php\/wp-json\/wp\/v2\/types\/post"}],"author":[{"embeddable":true,"href":"https:\/\/www.steenkamper.de\/index.php\/wp-json\/wp\/v2\/users\/6"}],"replies":[{"embeddable":true,"href":"https:\/\/www.steenkamper.de\/index.php\/wp-json\/wp\/v2\/comments?post=14819"}],"version-history":[{"count":3,"href":"https:\/\/www.steenkamper.de\/index.php\/wp-json\/wp\/v2\/posts\/14819\/revisions"}],"predecessor-version":[{"id":14846,"href":"https:\/\/www.steenkamper.de\/index.php\/wp-json\/wp\/v2\/posts\/14819\/revisions\/14846"}],"wp:featuredmedia":[{"embeddable":true,"href":"https:\/\/www.steenkamper.de\/index.php\/wp-json\/wp\/v2\/media\/14494"}],"wp:attachment":[{"href":"https:\/\/www.steenkamper.de\/index.php\/wp-json\/wp\/v2\/media?parent=14819"}],"wp:term":[{"taxonomy":"category","embeddable":true,"href":"https:\/\/www.steenkamper.de\/index.php\/wp-json\/wp\/v2\/categories?post=14819"},{"taxonomy":"post_tag","embeddable":true,"href":"https:\/\/www.steenkamper.de\/index.php\/wp-json\/wp\/v2\/tags?post=14819"}],"curies":[{"name":"wp","href":"https:\/\/api.w.org\/{rel}","templated":true}]}}