{"id":14492,"date":"2021-01-25T17:49:39","date_gmt":"2021-01-25T16:49:39","guid":{"rendered":"https:\/\/www.steenkamper.de\/?p=14492"},"modified":"2021-02-02T06:58:42","modified_gmt":"2021-02-02T05:58:42","slug":"alte-artilleriekaserne","status":"publish","type":"post","link":"https:\/\/www.steenkamper.de\/index.php\/2021\/01\/25\/alte-artilleriekaserne\/","title":{"rendered":"alte Artilleriekaserne"},"content":{"rendered":"\n<h4 class=\"wp-block-heading\">Was passiert mit dem Geb\u00e4ude der alten Kaserne in der Notkestr.?<\/h4>\n\n\n\n<p>Seit einigen Tagen wird da ordentlich &#8220;aufger\u00e4umt&#8221;. B\u00e4ume werden gef\u00e4llt und B\u00fcsche gerodet&#8230; Eine mobile Toilette und Container stehen auf dem Gel\u00e4nde. <\/p>\n\n\n\n<figure class=\"wp-block-image size-large is-style-default\"><img data-recalc-dims=\"1\" fetchpriority=\"high\" decoding=\"async\" width=\"1000\" height=\"750\" data-attachment-id=\"14495\" data-permalink=\"https:\/\/www.steenkamper.de\/img_8042\/\" data-orig-file=\"https:\/\/i0.wp.com\/www.steenkamper.de\/wp-content\/uploads\/2021\/01\/IMG_8042.jpg?fit=1000%2C750&amp;ssl=1\" data-orig-size=\"1000,750\" data-comments-opened=\"1\" data-image-meta=\"{&quot;aperture&quot;:&quot;2.2&quot;,&quot;credit&quot;:&quot;&quot;,&quot;camera&quot;:&quot;iPhone 6s&quot;,&quot;caption&quot;:&quot;&quot;,&quot;created_timestamp&quot;:&quot;1611585460&quot;,&quot;copyright&quot;:&quot;&quot;,&quot;focal_length&quot;:&quot;4.15&quot;,&quot;iso&quot;:&quot;25&quot;,&quot;shutter_speed&quot;:&quot;0.0021052631578947&quot;,&quot;title&quot;:&quot;&quot;,&quot;orientation&quot;:&quot;1&quot;}\" data-image-title=\"IMG_8042\" data-image-description=\"\" data-image-caption=\"\" data-large-file=\"https:\/\/i0.wp.com\/www.steenkamper.de\/wp-content\/uploads\/2021\/01\/IMG_8042.jpg?fit=1000%2C750&amp;ssl=1\" src=\"https:\/\/i0.wp.com\/www.steenkamper.de\/wp-content\/uploads\/2021\/01\/IMG_8042.jpg?resize=1000%2C750&#038;ssl=1\" alt=\"\" class=\"wp-image-14495\" srcset=\"https:\/\/i0.wp.com\/www.steenkamper.de\/wp-content\/uploads\/2021\/01\/IMG_8042.jpg?w=1000&amp;ssl=1 1000w, https:\/\/i0.wp.com\/www.steenkamper.de\/wp-content\/uploads\/2021\/01\/IMG_8042.jpg?resize=300%2C225&amp;ssl=1 300w, https:\/\/i0.wp.com\/www.steenkamper.de\/wp-content\/uploads\/2021\/01\/IMG_8042.jpg?resize=768%2C576&amp;ssl=1 768w, https:\/\/i0.wp.com\/www.steenkamper.de\/wp-content\/uploads\/2021\/01\/IMG_8042.jpg?resize=450%2C338&amp;ssl=1 450w\" sizes=\"(max-width: 1000px) 100vw, 1000px\" \/><\/figure>\n\n\n\n<p>Ist die Immobile nun verkauft und es werden Tatsachen geschaffen? <br \/><br \/>In einer Drucksache vom Deutscher Bundestag&nbsp;&#8220;19\/20885&#8221; vom&nbsp;07.07.2020 ist folgendes zu finden:<br \/>Antwort der Bundesregierung auf die Kleine Anfrage der Abgeordneten Dr. Wieland Schinnenburg, Frank Sitta, Grigorios Aggelidis, weiterer Abgeordneter und der Fraktion der FDP \u2013 Drucksache 19\/19812 \u2013<br \/>(&#8230;)<br \/>Bundesanstalt f\u00fcr Immobilienaufgaben:<br \/>Die BImA hat in Hamburg im Zeitraum 1. Januar 2018 bis zum Stichtag 10. Juni 2020 insgesamt 20 Liegenschaften mit einer Gesamtfl\u00e4che von rund 34.600 qm ver\u00e4u\u00dfert. Weitere Einzelheiten sind in der \u00dcbersicht dargestellt:<\/p>\n\n\n\n<figure class=\"wp-block-table\"><table><tbody><tr><td>Jahr<\/td><td>Bezeichnung<\/td><td>Verkaufte Grundst\u00fccksfl\u00e4che in qm<\/td><\/tr><tr><td>(&#8230;)<\/td><td>(&#8230;)<\/td><td>(&#8230;)<\/td><\/tr><tr><td>2020<\/td><td>Hamburg, Notkestra\u00dfe<\/td><td>4.139<\/td><\/tr><tr><td>(&#8230;)<\/td><td>(&#8230;)<\/td><td>(&#8230;)<\/td><\/tr><\/tbody><\/table><figcaption><em>Quelle:<\/em> <em>https:\/\/dip21.bundestag.de\/dip21\/btd\/19\/208\/1920885.pdf<\/em><\/figcaption><\/figure>\n\n\n\n<p>An wen ist die Immobilie nun verkauft worden? <br \/>Das Geb\u00e4ude hat eine lange Geschichte und stand leider in den letzten Jahren leer und hat vor sich hin gegammelt. Es w\u00e4re schade wenn so ein imposantes Geb\u00e4ude einfach verschwinden w\u00fcrde.<\/p>\n\n\n\n<figure class=\"wp-block-image size-large is-style-default\"><img data-recalc-dims=\"1\" decoding=\"async\" width=\"1024\" height=\"737\" data-attachment-id=\"14494\" data-permalink=\"https:\/\/www.steenkamper.de\/kasernenotkestr1\/\" data-orig-file=\"https:\/\/i0.wp.com\/www.steenkamper.de\/wp-content\/uploads\/2021\/01\/KASERNENOTKESTR1.jpg?fit=1997%2C1438&amp;ssl=1\" data-orig-size=\"1997,1438\" data-comments-opened=\"1\" data-image-meta=\"{&quot;aperture&quot;:&quot;2.2&quot;,&quot;credit&quot;:&quot;&quot;,&quot;camera&quot;:&quot;iPhone 6s&quot;,&quot;caption&quot;:&quot;&quot;,&quot;created_timestamp&quot;:&quot;1611585600&quot;,&quot;copyright&quot;:&quot;&quot;,&quot;focal_length&quot;:&quot;4.15&quot;,&quot;iso&quot;:&quot;25&quot;,&quot;shutter_speed&quot;:&quot;0.0022371364653244&quot;,&quot;title&quot;:&quot;&quot;,&quot;orientation&quot;:&quot;1&quot;}\" data-image-title=\"KASERNENOTKESTR1\" data-image-description=\"\" data-image-caption=\"\" data-large-file=\"https:\/\/i0.wp.com\/www.steenkamper.de\/wp-content\/uploads\/2021\/01\/KASERNENOTKESTR1.jpg?fit=1024%2C737&amp;ssl=1\" src=\"https:\/\/i0.wp.com\/www.steenkamper.de\/wp-content\/uploads\/2021\/01\/KASERNENOTKESTR1.jpg?resize=1024%2C737&#038;ssl=1\" alt=\"\" class=\"wp-image-14494\" srcset=\"https:\/\/i0.wp.com\/www.steenkamper.de\/wp-content\/uploads\/2021\/01\/KASERNENOTKESTR1.jpg?resize=1024%2C737&amp;ssl=1 1024w, https:\/\/i0.wp.com\/www.steenkamper.de\/wp-content\/uploads\/2021\/01\/KASERNENOTKESTR1.jpg?resize=300%2C216&amp;ssl=1 300w, https:\/\/i0.wp.com\/www.steenkamper.de\/wp-content\/uploads\/2021\/01\/KASERNENOTKESTR1.jpg?resize=768%2C553&amp;ssl=1 768w, https:\/\/i0.wp.com\/www.steenkamper.de\/wp-content\/uploads\/2021\/01\/KASERNENOTKESTR1.jpg?resize=1536%2C1106&amp;ssl=1 1536w, https:\/\/i0.wp.com\/www.steenkamper.de\/wp-content\/uploads\/2021\/01\/KASERNENOTKESTR1.jpg?resize=450%2C324&amp;ssl=1 450w, https:\/\/i0.wp.com\/www.steenkamper.de\/wp-content\/uploads\/2021\/01\/KASERNENOTKESTR1.jpg?resize=1000%2C720&amp;ssl=1 1000w, https:\/\/i0.wp.com\/www.steenkamper.de\/wp-content\/uploads\/2021\/01\/KASERNENOTKESTR1.jpg?w=1997&amp;ssl=1 1997w\" sizes=\"(max-width: 1000px) 100vw, 1000px\" \/><\/figure>\n\n\n\n<p>In der Science City Bahrenfeld Pr\u00e4sentation <em><a rel=\"noreferrer noopener\" href=\"https:\/\/sciencecity.hamburg\" target=\"_blank\">(https:\/\/sciencecity.hamburg)<\/a><\/em> ist auf den Darstellungen das Geb\u00e4ude noch erhalten.<\/p>\n\n\n\n<figure class=\"wp-block-image size-large is-style-default\"><img data-recalc-dims=\"1\" decoding=\"async\" width=\"1024\" height=\"582\" data-attachment-id=\"14553\" data-permalink=\"https:\/\/www.steenkamper.de\/index.php\/2021\/01\/25\/alte-artilleriekaserne\/sciencecitynotkestr-2\/\" data-orig-file=\"https:\/\/i0.wp.com\/www.steenkamper.de\/wp-content\/uploads\/2021\/01\/ScienceCityNotkestr-1.png?fit=1190%2C676&amp;ssl=1\" data-orig-size=\"1190,676\" data-comments-opened=\"1\" data-image-meta=\"{&quot;aperture&quot;:&quot;0&quot;,&quot;credit&quot;:&quot;&quot;,&quot;camera&quot;:&quot;&quot;,&quot;caption&quot;:&quot;&quot;,&quot;created_timestamp&quot;:&quot;0&quot;,&quot;copyright&quot;:&quot;&quot;,&quot;focal_length&quot;:&quot;0&quot;,&quot;iso&quot;:&quot;0&quot;,&quot;shutter_speed&quot;:&quot;0&quot;,&quot;title&quot;:&quot;&quot;,&quot;orientation&quot;:&quot;0&quot;}\" data-image-title=\"ScienceCityNotkestr\" data-image-description=\"\" data-image-caption=\"\" data-large-file=\"https:\/\/i0.wp.com\/www.steenkamper.de\/wp-content\/uploads\/2021\/01\/ScienceCityNotkestr-1.png?fit=1024%2C582&amp;ssl=1\" src=\"https:\/\/i0.wp.com\/www.steenkamper.de\/wp-content\/uploads\/2021\/01\/ScienceCityNotkestr-1.png?resize=1024%2C582&#038;ssl=1\" alt=\"\" class=\"wp-image-14553\" srcset=\"https:\/\/i0.wp.com\/www.steenkamper.de\/wp-content\/uploads\/2021\/01\/ScienceCityNotkestr-1.png?resize=1024%2C582&amp;ssl=1 1024w, https:\/\/i0.wp.com\/www.steenkamper.de\/wp-content\/uploads\/2021\/01\/ScienceCityNotkestr-1.png?resize=300%2C170&amp;ssl=1 300w, https:\/\/i0.wp.com\/www.steenkamper.de\/wp-content\/uploads\/2021\/01\/ScienceCityNotkestr-1.png?resize=768%2C436&amp;ssl=1 768w, https:\/\/i0.wp.com\/www.steenkamper.de\/wp-content\/uploads\/2021\/01\/ScienceCityNotkestr-1.png?resize=450%2C256&amp;ssl=1 450w, https:\/\/i0.wp.com\/www.steenkamper.de\/wp-content\/uploads\/2021\/01\/ScienceCityNotkestr-1.png?resize=1000%2C568&amp;ssl=1 1000w, https:\/\/i0.wp.com\/www.steenkamper.de\/wp-content\/uploads\/2021\/01\/ScienceCityNotkestr-1.png?w=1190&amp;ssl=1 1190w\" sizes=\"(max-width: 1000px) 100vw, 1000px\" \/><figcaption><em>Quelle: https:\/\/sciencecity.hamburg<\/em><\/figcaption><\/figure>\n\n\n\n<hr class=\"wp-block-separator\"\/>\n\n\n\n<p><em>Die Presse berichtete bereits zur Kaserne: <\/em><br \/><a rel=\"noreferrer noopener\" href=\"https:\/\/www.abendblatt.de\/hamburg\/article227595167\/Bahrenfeld-Buendnis-fordert-Wohnungen-in-ehemaliger-Kaserne.html\" target=\"_blank\">Hamburger Abendblatt<\/a> vom 8.11.2019 &#8220;B\u00fcndnis fordert Wohnungen in ehemaliger Bahrenfelder Kaserne&#8221;<br \/><a rel=\"noreferrer noopener\" href=\"https:\/\/www.mopo.de\/hamburg\/billig-bauland-ist-das-die-loesung-fuer-hamburgs-wohnungsnot--31455884\" target=\"_blank\">MOPO Artikel<\/a>&nbsp;vom 18.10.2018&nbsp;\u201eBillig-Bauland \u2013 Ist das die L\u00f6sung f\u00fcr Hamburgs Wohnungsnot?\u201c<br \/><a rel=\"noreferrer noopener\" href=\"https:\/\/www.abendblatt.de\/hamburg\/altona\/article107770547\/Alte-Bahrenfelder-Kaserne-soll-verkauft-werden.html\" target=\"_blank\">Hamburger Abendblatt<\/a>&nbsp;&nbsp;vom 29.3.2012 \u201eAlte Bahrenfelder Kaserne soll verkauft werden\u201c<\/p>\n","protected":false},"excerpt":{"rendered":"<p>Was passiert mit dem Geb\u00e4ude der alten Kaserne in der Notkestr.? Seit einigen Tagen wird da ordentlich &#8220;aufger\u00e4umt&#8221;. B\u00e4ume werden gef\u00e4llt und B\u00fcsche gerodet&#8230; Eine mobile Toilette und Container stehen [&hellip;]<\/p>\n","protected":false},"author":6,"featured_media":14493,"comment_status":"open","ping_status":"open","sticky":false,"template":"","format":"standard","meta":{"_acf_changed":false,"site-sidebar-layout":"default","site-content-layout":"","ast-site-content-layout":"default","site-content-style":"default","site-sidebar-style":"default","ast-global-header-display":"","ast-banner-title-visibility":"","ast-main-header-display":"","ast-hfb-above-header-display":"","ast-hfb-below-header-display":"","ast-hfb-mobile-header-display":"","site-post-title":"","ast-breadcrumbs-content":"","ast-featured-img":"","footer-sml-layout":"","ast-disable-related-posts":"","theme-transparent-header-meta":"","adv-header-id-meta":"","stick-header-meta":"","header-above-stick-meta":"","header-main-stick-meta":"","header-below-stick-meta":"","astra-migrate-meta-layouts":"default","ast-page-background-enabled":"default","ast-page-background-meta":{"desktop":{"background-color":"var(--ast-global-color-5)","background-image":"","background-repeat":"repeat","background-position":"center center","background-size":"auto","background-attachment":"scroll","background-type":"","background-media":"","overlay-type":"","overlay-color":"","overlay-opacity":"","overlay-gradient":""},"tablet":{"background-color":"","background-image":"","background-repeat":"repeat","background-position":"center center","background-size":"auto","background-attachment":"scroll","background-type":"","background-media":"","overlay-type":"","overlay-color":"","overlay-opacity":"","overlay-gradient":""},"mobile":{"background-color":"","background-image":"","background-repeat":"repeat","background-position":"center center","background-size":"auto","background-attachment":"scroll","background-type":"","background-media":"","overlay-type":"","overlay-color":"","overlay-opacity":"","overlay-gradient":""}},"ast-content-background-meta":{"desktop":{"background-color":"var(--ast-global-color-4)","background-image":"","background-repeat":"repeat","background-position":"center center","background-size":"auto","background-attachment":"scroll","background-type":"","background-media":"","overlay-type":"","overlay-color":"","overlay-opacity":"","overlay-gradient":""},"tablet":{"background-color":"var(--ast-global-color-4)","background-image":"","background-repeat":"repeat","background-position":"center center","background-size":"auto","background-attachment":"scroll","background-type":"","background-media":"","overlay-type":"","overlay-color":"","overlay-opacity":"","overlay-gradient":""},"mobile":{"background-color":"var(--ast-global-color-4)","background-image":"","background-repeat":"repeat","background-position":"center center","background-size":"auto","background-attachment":"scroll","background-type":"","background-media":"","overlay-type":"","overlay-color":"","overlay-opacity":"","overlay-gradient":""}},"_price":"","_stock":"","_tribe_ticket_header":"","_tribe_default_ticket_provider":"","_tribe_ticket_capacity":"0","_ticket_start_date":"","_ticket_end_date":"","_tribe_ticket_show_description":"","_tribe_ticket_show_not_going":false,"_tribe_ticket_use_global_stock":"","_tribe_ticket_global_stock_level":"","_global_stock_mode":"","_global_stock_cap":"","_tribe_rsvp_for_event":"","_tribe_ticket_going_count":"","_tribe_ticket_not_going_count":"","_tribe_tickets_list":"[]","_tribe_ticket_has_attendee_info_fields":false,"jetpack_post_was_ever_published":false,"_jetpack_newsletter_access":"","_jetpack_dont_email_post_to_subs":false,"_jetpack_newsletter_tier_id":0,"_jetpack_memberships_contains_paywalled_content":false,"_jetpack_memberships_contains_paid_content":false,"footnotes":"","jetpack_publicize_message":"","jetpack_publicize_feature_enabled":true,"jetpack_social_post_already_shared":true,"jetpack_social_options":{"image_generator_settings":{"template":"highway","default_image_id":0,"font":"","enabled":false},"version":2}},"categories":[3,31,108,32],"tags":[],"class_list":["post-14492","post","type-post","status-publish","format-standard","has-post-thumbnail","hentry","category-allgemein","category-planungen","category-science-city-bahrenfeld","category-wohnen-am-volkspark"],"acf":[],"jetpack_publicize_connections":[],"jetpack_featured_media_url":"https:\/\/i0.wp.com\/www.steenkamper.de\/wp-content\/uploads\/2021\/01\/KASERNENOTKESTR.jpg?fit=1000%2C582&ssl=1","jetpack_sharing_enabled":true,"jetpack_shortlink":"https:\/\/wp.me\/p74Wuo-3LK","jetpack_likes_enabled":true,"jetpack-related-posts":[{"id":5481,"url":"https:\/\/www.steenkamper.de\/index.php\/2017\/12\/04\/planungen-a7-deckel\/","url_meta":{"origin":14492,"position":0},"title":"Planungen A7 Deckel","author":"Max","date":"04\/12\/2017","format":false,"excerpt":"Die Planungen stellen Planer und Anwohner vor eine \"gro\u00dfe Herausforderung\". 5 Jahre soll z.B. die Kielkamp-Br\u00fccke nicht passierbar sein! Voraussichtliche Bauzeit Deckel Othmarschen\/Bahrenfeld 2020 bis 2026. Noch bis zum 11.12.17 k\u00f6nnen Einwendungen und Stellungnahmen eingereicht werden. NDR Beitrag vom 4.12.17 Hamburger Abendblatt vom 4.12.17 BI - Volkspark\u00a0(mit Briefvorlage zur Kielkamp-Br\u00fccke)\u2026","rel":"","context":"In &quot;Planungen&quot;","block_context":{"text":"Planungen","link":"https:\/\/www.steenkamper.de\/index.php\/category\/planungen\/"},"img":{"alt_text":"","src":"","width":0,"height":0},"classes":[]},{"id":27626,"url":"https:\/\/www.steenkamper.de\/index.php\/2024\/04\/21\/radwegausbau-suedl-ebertallee\/","url_meta":{"origin":14492,"position":1},"title":"Radwegausbau s\u00fcdl. Ebertallee","author":"Max","date":"21\/04\/2024","format":false,"excerpt":"Die CDU und die FDP Fraktion haben in der Bezirksversammlung Altona tats\u00e4chlich die Planungen der \u201eAd-hoc-Ma\u00dfnahme\u201c gestoppt. Und es ist wirklich wieder die Waitzstr. das Argument. Siehe Sitzungsdienst der Bezirksversammlung: Drucksache - 21-4825 Die Situation ist bekannt: Das beliebte Stadtzentrum Waitzstra\u00dfe leidet erheblich unter den umliegenden Baustellen. Der Schaden f\u00fcr\u2026","rel":"","context":"In &quot;Allgemein&quot;","block_context":{"text":"Allgemein","link":"https:\/\/www.steenkamper.de\/index.php\/category\/allgemein\/"},"img":{"alt_text":"","src":"https:\/\/i0.wp.com\/www.steenkamper.de\/wp-content\/uploads\/2024\/03\/img_5140.jpg?fit=1200%2C382&ssl=1&resize=350%2C200","width":350,"height":200,"srcset":"https:\/\/i0.wp.com\/www.steenkamper.de\/wp-content\/uploads\/2024\/03\/img_5140.jpg?fit=1200%2C382&ssl=1&resize=350%2C200 1x, https:\/\/i0.wp.com\/www.steenkamper.de\/wp-content\/uploads\/2024\/03\/img_5140.jpg?fit=1200%2C382&ssl=1&resize=525%2C300 1.5x, https:\/\/i0.wp.com\/www.steenkamper.de\/wp-content\/uploads\/2024\/03\/img_5140.jpg?fit=1200%2C382&ssl=1&resize=700%2C400 2x, https:\/\/i0.wp.com\/www.steenkamper.de\/wp-content\/uploads\/2024\/03\/img_5140.jpg?fit=1200%2C382&ssl=1&resize=1050%2C600 3x"},"classes":[]},{"id":15367,"url":"https:\/\/www.steenkamper.de\/index.php\/2021\/03\/23\/stellungnahme-der-behoerde-zur-alten-schule-steenkamp\/","url_meta":{"origin":14492,"position":2},"title":"Stellungnahme der Beh\u00f6rde zur &#8220;alten Schule Steenkamp&#8221;","author":"Max","date":"23\/03\/2021","format":false,"excerpt":"Zukunft des JuNo im Sinne aller regeln \u2013 Schulterschluss zwischen Bezirksamt und Bezirksversammlung im Sinne einer nachhaltigen Jugendhilfepolitik im Rahmen der Science City Planung! Der Hauptausschuss der Bezirksversammlung Altona hat in seiner Sitzung vom 28.01.2021 stellvertretend f\u00fcr die Bezirksversammlung Drucksache 21-1530.1 beschlossen.Siehe: Sitzungsdienst Altona Die Beh\u00f6rde f\u00fcr Arbeit, Gesundheit, Soziales,\u2026","rel":"","context":"In &quot;Planungen&quot;","block_context":{"text":"Planungen","link":"https:\/\/www.steenkamper.de\/index.php\/category\/planungen\/"},"img":{"alt_text":"","src":"https:\/\/i0.wp.com\/www.steenkamper.de\/wp-content\/uploads\/2020\/09\/juno23.jpg?fit=1200%2C674&ssl=1&resize=350%2C200","width":350,"height":200,"srcset":"https:\/\/i0.wp.com\/www.steenkamper.de\/wp-content\/uploads\/2020\/09\/juno23.jpg?fit=1200%2C674&ssl=1&resize=350%2C200 1x, https:\/\/i0.wp.com\/www.steenkamper.de\/wp-content\/uploads\/2020\/09\/juno23.jpg?fit=1200%2C674&ssl=1&resize=525%2C300 1.5x, https:\/\/i0.wp.com\/www.steenkamper.de\/wp-content\/uploads\/2020\/09\/juno23.jpg?fit=1200%2C674&ssl=1&resize=700%2C400 2x, https:\/\/i0.wp.com\/www.steenkamper.de\/wp-content\/uploads\/2020\/09\/juno23.jpg?fit=1200%2C674&ssl=1&resize=1050%2C600 3x"},"classes":[]},{"id":30262,"url":"https:\/\/www.steenkamper.de\/index.php\/2025\/09\/02\/leerstand-in-der-steenkampsiedlung-2\/","url_meta":{"origin":14492,"position":3},"title":"Leerstand in der Steenkampsiedlung","author":"Max","date":"02\/09\/2025","format":false,"excerpt":"Sitzung des Ausschusses f\u00fcr Wirtschaft, Klima und Verbraucherschutz Am Montag, den 08.09.2025 um 18.00 Uhr\u00a0im Sitzungsraum Technisches Rathaus \/\u00a0Jessenstra\u00dfe 1\u00a0tagt der Ausschuss f\u00fcr Wirtschaft, Klima und Verbraucherschutz. Auf der Tagesordnung: \u00d6\u00a04 Jahrelanger Leerstand von H\u00e4usern in der Steenkampsiedlung Eingabe vom 06.07.2025 (Fortsetzung der Beratungen aus der Sitzung vom 14.07.2025. Referierende:\u2026","rel":"","context":"In &quot;Allgemein&quot;","block_context":{"text":"Allgemein","link":"https:\/\/www.steenkamper.de\/index.php\/category\/allgemein\/"},"img":{"alt_text":"","src":"https:\/\/i0.wp.com\/www.steenkamper.de\/wp-content\/uploads\/2023\/11\/img_9489-1.jpg?fit=800%2C447&ssl=1&resize=350%2C200","width":350,"height":200,"srcset":"https:\/\/i0.wp.com\/www.steenkamper.de\/wp-content\/uploads\/2023\/11\/img_9489-1.jpg?fit=800%2C447&ssl=1&resize=350%2C200 1x, https:\/\/i0.wp.com\/www.steenkamper.de\/wp-content\/uploads\/2023\/11\/img_9489-1.jpg?fit=800%2C447&ssl=1&resize=525%2C300 1.5x, https:\/\/i0.wp.com\/www.steenkamper.de\/wp-content\/uploads\/2023\/11\/img_9489-1.jpg?fit=800%2C447&ssl=1&resize=700%2C400 2x"},"classes":[]},{"id":12024,"url":"https:\/\/www.steenkamper.de\/index.php\/2020\/09\/23\/noch-bis-zum-2-10-mitreden\/","url_meta":{"origin":14492,"position":4},"title":"Noch bis zum 2.10. mitreden!!!","author":"Max","date":"23\/09\/2020","format":false,"excerpt":"Es geht um die \u00c4nderung des Fl\u00e4chennutzungsplans im Zusammenhang mit dem A7 Deckel und der \u201eScience City Bahrenfeld\u201c. Aus den Pl\u00e4nen der \"Science City\" und den der \u00c4nderung des Fl\u00e4chennutzungsplans geht hervor, da\u00df der Eingang zum UniCampus der \u201eScience City Bahrenfeld\u201c in der Notkestr. 23 direkt gg\u00fc. dem Steenkamp geplant\u2026","rel":"","context":"In &quot;Allgemein&quot;","block_context":{"text":"Allgemein","link":"https:\/\/www.steenkamper.de\/index.php\/category\/allgemein\/"},"img":{"alt_text":"","src":"https:\/\/i0.wp.com\/www.steenkamper.de\/wp-content\/uploads\/2020\/09\/juno23.jpg?fit=1200%2C674&ssl=1&resize=350%2C200","width":350,"height":200,"srcset":"https:\/\/i0.wp.com\/www.steenkamper.de\/wp-content\/uploads\/2020\/09\/juno23.jpg?fit=1200%2C674&ssl=1&resize=350%2C200 1x, https:\/\/i0.wp.com\/www.steenkamper.de\/wp-content\/uploads\/2020\/09\/juno23.jpg?fit=1200%2C674&ssl=1&resize=525%2C300 1.5x, https:\/\/i0.wp.com\/www.steenkamper.de\/wp-content\/uploads\/2020\/09\/juno23.jpg?fit=1200%2C674&ssl=1&resize=700%2C400 2x, https:\/\/i0.wp.com\/www.steenkamper.de\/wp-content\/uploads\/2020\/09\/juno23.jpg?fit=1200%2C674&ssl=1&resize=1050%2C600 3x"},"classes":[]},{"id":3063,"url":"https:\/\/www.steenkamper.de\/index.php\/2016\/12\/17\/kreisverkehr-am-ebertplatz\/","url_meta":{"origin":14492,"position":5},"title":"Kreisverkehr am &#8220;Ebertplatz&#8221;","author":"Max","date":"17\/12\/2016","format":false,"excerpt":"Am Ende der Ebertallee wird 2018 ein Kreisverkehr entstehen, der den Verkehr verteilt, bremst und Fu\u00dfg\u00e4ngern und Radfahrern mehr Bewegungsfreiheit l\u00e4sst. Im Verkehrsausschuss der Bezirksversammlung Hamburg-Altona wurde am 7.11. die Planung zum \"Busbeschleunigungsprogramm Metrobuslinie 2&3, Teilbauma\u00dfnahme Umbau Ebertplatz\"\u00a0vorgestellt. (Der Platz am Ende der Ebertallee -Haltestelle Trabrennbahn- wird in den Planungen\u2026","rel":"","context":"In &quot;Planungen&quot;","block_context":{"text":"Planungen","link":"https:\/\/www.steenkamper.de\/index.php\/category\/planungen\/"},"img":{"alt_text":"","src":"https:\/\/i0.wp.com\/www.steenkamper.de\/wp-content\/uploads\/2016\/12\/EbertPlan-S.jpg?fit=746%2C206&ssl=1&resize=350%2C200","width":350,"height":200,"srcset":"https:\/\/i0.wp.com\/www.steenkamper.de\/wp-content\/uploads\/2016\/12\/EbertPlan-S.jpg?fit=746%2C206&ssl=1&resize=350%2C200 1x, https:\/\/i0.wp.com\/www.steenkamper.de\/wp-content\/uploads\/2016\/12\/EbertPlan-S.jpg?fit=746%2C206&ssl=1&resize=525%2C300 1.5x, https:\/\/i0.wp.com\/www.steenkamper.de\/wp-content\/uploads\/2016\/12\/EbertPlan-S.jpg?fit=746%2C206&ssl=1&resize=700%2C400 2x"},"classes":[]}],"_links":{"self":[{"href":"https:\/\/www.steenkamper.de\/index.php\/wp-json\/wp\/v2\/posts\/14492","targetHints":{"allow":["GET"]}}],"collection":[{"href":"https:\/\/www.steenkamper.de\/index.php\/wp-json\/wp\/v2\/posts"}],"about":[{"href":"https:\/\/www.steenkamper.de\/index.php\/wp-json\/wp\/v2\/types\/post"}],"author":[{"embeddable":true,"href":"https:\/\/www.steenkamper.de\/index.php\/wp-json\/wp\/v2\/users\/6"}],"replies":[{"embeddable":true,"href":"https:\/\/www.steenkamper.de\/index.php\/wp-json\/wp\/v2\/comments?post=14492"}],"version-history":[{"count":8,"href":"https:\/\/www.steenkamper.de\/index.php\/wp-json\/wp\/v2\/posts\/14492\/revisions"}],"predecessor-version":[{"id":14691,"href":"https:\/\/www.steenkamper.de\/index.php\/wp-json\/wp\/v2\/posts\/14492\/revisions\/14691"}],"wp:featuredmedia":[{"embeddable":true,"href":"https:\/\/www.steenkamper.de\/index.php\/wp-json\/wp\/v2\/media\/14493"}],"wp:attachment":[{"href":"https:\/\/www.steenkamper.de\/index.php\/wp-json\/wp\/v2\/media?parent=14492"}],"wp:term":[{"taxonomy":"category","embeddable":true,"href":"https:\/\/www.steenkamper.de\/index.php\/wp-json\/wp\/v2\/categories?post=14492"},{"taxonomy":"post_tag","embeddable":true,"href":"https:\/\/www.steenkamper.de\/index.php\/wp-json\/wp\/v2\/tags?post=14492"}],"curies":[{"name":"wp","href":"https:\/\/api.w.org\/{rel}","templated":true}]}}