{"id":10699,"date":"2020-05-01T12:43:59","date_gmt":"2020-05-01T10:43:59","guid":{"rendered":"https:\/\/www.steenkamper.de\/?p=10699"},"modified":"2020-05-01T12:44:04","modified_gmt":"2020-05-01T10:44:04","slug":"plattdeutsch-mundschutz","status":"publish","type":"post","link":"https:\/\/www.steenkamper.de\/index.php\/2020\/05\/01\/plattdeutsch-mundschutz\/","title":{"rendered":"Plattdeutsch Mundschutz"},"content":{"rendered":"\n<p>Mundschutz hei\u00dft auf Plattdeutsch \u00fcbrigens \u201eSCHNUTENPULLI\u201c ????????????<\/p>\n\n\n\n<p>Siehe: <a href=\"https:\/\/youtu.be\/Tu7xQ_Rljyk\">https:\/\/youtu.be\/Tu7xQ_Rljyk<\/a><\/p>\n\n\n\n<p>und: <a href=\"http:\/\/platt-cast.de\/platt-cast-8-schnutenpulli\/\">http:\/\/platt-cast.de\/platt-cast-8-schnutenpulli\/<\/a><\/p>\n\n\n\n<p>Steenkamper SCHNUTENPULLI: <a href=\"https:\/\/shop.spreadshirt.de\/100021897\/\">https:\/\/shop.spreadshirt.de\/100021897\/<\/a><\/p>\n","protected":false},"excerpt":{"rendered":"<p>Mundschutz hei\u00dft auf Plattdeutsch \u00fcbrigens \u201eSCHNUTENPULLI\u201c ???????????? Siehe: https:\/\/youtu.be\/Tu7xQ_Rljyk und: http:\/\/platt-cast.de\/platt-cast-8-schnutenpulli\/ Steenkamper SCHNUTENPULLI: https:\/\/shop.spreadshirt.de\/100021897\/<\/p>\n","protected":false},"author":6,"featured_media":10653,"comment_status":"open","ping_status":"open","sticky":false,"template":"","format":"standard","meta":{"_acf_changed":false,"_price":"","_stock":"","_tribe_ticket_header":"","_tribe_default_ticket_provider":"","_tribe_ticket_capacity":"0","_ticket_start_date":"","_ticket_end_date":"","_tribe_ticket_show_description":"","_tribe_ticket_show_not_going":false,"_tribe_ticket_use_global_stock":"","_tribe_ticket_global_stock_level":"","_global_stock_mode":"","_global_stock_cap":"","_tribe_rsvp_for_event":"","_tribe_ticket_going_count":"","_tribe_ticket_not_going_count":"","_tribe_tickets_list":"[]","_tribe_ticket_has_attendee_info_fields":false,"jetpack_post_was_ever_published":false,"_jetpack_newsletter_access":"","_jetpack_dont_email_post_to_subs":false,"_jetpack_newsletter_tier_id":0,"_jetpack_memberships_contains_paywalled_content":false,"_jetpack_memberships_contains_paid_content":false,"footnotes":"","jetpack_publicize_message":"","jetpack_publicize_feature_enabled":true,"jetpack_social_post_already_shared":true,"jetpack_social_options":{"image_generator_settings":{"template":"highway","default_image_id":0,"font":"","enabled":false},"version":2}},"categories":[3,120],"tags":[],"class_list":["post-10699","post","type-post","status-publish","format-standard","has-post-thumbnail","hentry","category-allgemein","category-corona"],"acf":[],"jetpack_publicize_connections":[],"jetpack_featured_media_url":"https:\/\/i0.wp.com\/www.steenkamper.de\/wp-content\/uploads\/2020\/04\/img_3581.jpg?fit=1793%2C595&ssl=1","jetpack_sharing_enabled":true,"jetpack_shortlink":"https:\/\/wp.me\/p74Wuo-2Mz","jetpack_likes_enabled":true,"jetpack-related-posts":[{"id":21751,"url":"https:\/\/www.steenkamper.de\/index.php\/2022\/11\/23\/kinder-snacken-platt\/","url_meta":{"origin":10699,"position":0},"title":"Kinder snacken Platt","author":"Max","date":"23\/11\/2022","format":false,"excerpt":"Tipp: NDR Radio Podcast \u201eMikado\u201c Sendung vom 13.11.2022 Ein kleiner Tipp f\u00fcr Interessierte mit und ohne Kinder. Plattdeutsch wird vor allem in Norddeutschland gesprochen, aber leider immer seltener und ist kein Dialekt, sondern eine eigene Sprache. Man glaubt es kaum, Plattdeutsch wird noch von fast 2,5 Millionen Menschen gesprochen. Link\u2026","rel":"","context":"In &quot;Allgemein&quot;","block_context":{"text":"Allgemein","link":"https:\/\/www.steenkamper.de\/index.php\/category\/allgemein\/"},"img":{"alt_text":"","src":"https:\/\/i0.wp.com\/www.steenkamper.de\/wp-content\/uploads\/2022\/11\/originalphoto-687599831.824574.jpg?fit=536%2C310&ssl=1&resize=350%2C200","width":350,"height":200,"srcset":"https:\/\/i0.wp.com\/www.steenkamper.de\/wp-content\/uploads\/2022\/11\/originalphoto-687599831.824574.jpg?fit=536%2C310&ssl=1&resize=350%2C200 1x, https:\/\/i0.wp.com\/www.steenkamper.de\/wp-content\/uploads\/2022\/11\/originalphoto-687599831.824574.jpg?fit=536%2C310&ssl=1&resize=525%2C300 1.5x"},"classes":[]},{"id":11926,"url":"https:\/\/www.steenkamper.de\/index.php\/2020\/09\/17\/die-olchis-kommen\/","url_meta":{"origin":10699,"position":1},"title":"Die Olchis kommen!","author":"Max","date":"17\/09\/2020","format":false,"excerpt":"Puppentheater im Steenkampsaal am Sa. 19. & Di. 22.9. Mit Abstand und Einhaltung der Hygiene Vorschriften spielt bei uns wieder Madsino\u2018s Puppenrevue. Diesmal \u201eDie Olchis bekommen ein Haustier\u201c. Im Einlassbereich bitte einen Mundschutz tragen! (Am Sitzplatz k\u00f6nnen Sie diesen abnehmen.) Bitte haltet alle die ausgeh\u00e4ngten Hygiene- und Verhaltensregeln ein. Infos\u2026","rel":"","context":"In &quot;Allgemein&quot;","block_context":{"text":"Allgemein","link":"https:\/\/www.steenkamper.de\/index.php\/category\/allgemein\/"},"img":{"alt_text":"","src":"https:\/\/i0.wp.com\/www.steenkamper.de\/wp-content\/uploads\/2020\/09\/img_3687.jpg?fit=1200%2C652&ssl=1&resize=350%2C200","width":350,"height":200,"srcset":"https:\/\/i0.wp.com\/www.steenkamper.de\/wp-content\/uploads\/2020\/09\/img_3687.jpg?fit=1200%2C652&ssl=1&resize=350%2C200 1x, https:\/\/i0.wp.com\/www.steenkamper.de\/wp-content\/uploads\/2020\/09\/img_3687.jpg?fit=1200%2C652&ssl=1&resize=525%2C300 1.5x, https:\/\/i0.wp.com\/www.steenkamper.de\/wp-content\/uploads\/2020\/09\/img_3687.jpg?fit=1200%2C652&ssl=1&resize=700%2C400 2x, https:\/\/i0.wp.com\/www.steenkamper.de\/wp-content\/uploads\/2020\/09\/img_3687.jpg?fit=1200%2C652&ssl=1&resize=1050%2C600 3x"},"classes":[]},{"id":30308,"url":"https:\/\/www.steenkamper.de\/index.php\/2025\/09\/04\/seifenkiste-sucht-seine-besitzerin\/","url_meta":{"origin":10699,"position":2},"title":"Seifenkiste sucht seine Besitzer*in","author":"Max","date":"04\/09\/2025","format":false,"excerpt":"K\u00f6nnen die Besitzer bitte ihre Seifenkiste mal einsammeln. Es stehen auch Schrauben hervor, das Ding ist gef\u00e4hrlich. Platt ist sie auch\u2026 Vielleicht mal den ADAC rufen?! Aber auf der Vogelweide steht sie nun im Weg!!!","rel":"","context":"In &quot;Allgemein&quot;","block_context":{"text":"Allgemein","link":"https:\/\/www.steenkamper.de\/index.php\/category\/allgemein\/"},"img":{"alt_text":"","src":"https:\/\/i0.wp.com\/www.steenkamper.de\/wp-content\/uploads\/2025\/09\/img_6749.jpg?fit=1200%2C675&ssl=1&resize=350%2C200","width":350,"height":200,"srcset":"https:\/\/i0.wp.com\/www.steenkamper.de\/wp-content\/uploads\/2025\/09\/img_6749.jpg?fit=1200%2C675&ssl=1&resize=350%2C200 1x, https:\/\/i0.wp.com\/www.steenkamper.de\/wp-content\/uploads\/2025\/09\/img_6749.jpg?fit=1200%2C675&ssl=1&resize=525%2C300 1.5x, https:\/\/i0.wp.com\/www.steenkamper.de\/wp-content\/uploads\/2025\/09\/img_6749.jpg?fit=1200%2C675&ssl=1&resize=700%2C400 2x, https:\/\/i0.wp.com\/www.steenkamper.de\/wp-content\/uploads\/2025\/09\/img_6749.jpg?fit=1200%2C675&ssl=1&resize=1050%2C600 3x"},"classes":[]},{"id":27174,"url":"https:\/\/www.steenkamper.de\/index.php\/2024\/04\/04\/1-april\/","url_meta":{"origin":10699,"position":3},"title":"1. April","author":"Max","date":"04\/04\/2024","format":false,"excerpt":"Auf die diesj\u00e4hrige April-Meldungen gab es die unterschiedlichsten Reaktionen. Es f\u00fchrte \u00fcberwiegend zu Freude und Belustigung und es gab auch einige, die an dem Wahrheitsgehalt der Meldung keine Zweifel hatten. Leider gab es KEINE gro\u00dfe Aufmerksamkeit auf die Helfer*innen-Liste f\u00fcr den \u201eTanz in den Mai\u201c Abend. \ud83d\ude16 Die April-Meldung haben\u2026","rel":"","context":"In &quot;Allgemein&quot;","block_context":{"text":"Allgemein","link":"https:\/\/www.steenkamper.de\/index.php\/category\/allgemein\/"},"img":{"alt_text":"","src":"https:\/\/i0.wp.com\/www.steenkamper.de\/wp-content\/uploads\/2021\/11\/Email.png?fit=1200%2C933&ssl=1&resize=350%2C200","width":350,"height":200,"srcset":"https:\/\/i0.wp.com\/www.steenkamper.de\/wp-content\/uploads\/2021\/11\/Email.png?fit=1200%2C933&ssl=1&resize=350%2C200 1x, https:\/\/i0.wp.com\/www.steenkamper.de\/wp-content\/uploads\/2021\/11\/Email.png?fit=1200%2C933&ssl=1&resize=525%2C300 1.5x, https:\/\/i0.wp.com\/www.steenkamper.de\/wp-content\/uploads\/2021\/11\/Email.png?fit=1200%2C933&ssl=1&resize=700%2C400 2x, https:\/\/i0.wp.com\/www.steenkamper.de\/wp-content\/uploads\/2021\/11\/Email.png?fit=1200%2C933&ssl=1&resize=1050%2C600 3x"},"classes":[]}],"_links":{"self":[{"href":"https:\/\/www.steenkamper.de\/index.php\/wp-json\/wp\/v2\/posts\/10699","targetHints":{"allow":["GET"]}}],"collection":[{"href":"https:\/\/www.steenkamper.de\/index.php\/wp-json\/wp\/v2\/posts"}],"about":[{"href":"https:\/\/www.steenkamper.de\/index.php\/wp-json\/wp\/v2\/types\/post"}],"author":[{"embeddable":true,"href":"https:\/\/www.steenkamper.de\/index.php\/wp-json\/wp\/v2\/users\/6"}],"replies":[{"embeddable":true,"href":"https:\/\/www.steenkamper.de\/index.php\/wp-json\/wp\/v2\/comments?post=10699"}],"version-history":[{"count":4,"href":"https:\/\/www.steenkamper.de\/index.php\/wp-json\/wp\/v2\/posts\/10699\/revisions"}],"predecessor-version":[{"id":10703,"href":"https:\/\/www.steenkamper.de\/index.php\/wp-json\/wp\/v2\/posts\/10699\/revisions\/10703"}],"wp:featuredmedia":[{"embeddable":true,"href":"https:\/\/www.steenkamper.de\/index.php\/wp-json\/wp\/v2\/media\/10653"}],"wp:attachment":[{"href":"https:\/\/www.steenkamper.de\/index.php\/wp-json\/wp\/v2\/media?parent=10699"}],"wp:term":[{"taxonomy":"category","embeddable":true,"href":"https:\/\/www.steenkamper.de\/index.php\/wp-json\/wp\/v2\/categories?post=10699"},{"taxonomy":"post_tag","embeddable":true,"href":"https:\/\/www.steenkamper.de\/index.php\/wp-json\/wp\/v2\/tags?post=10699"}],"curies":[{"name":"wp","href":"https:\/\/api.w.org\/{rel}","templated":true}]}}