{"id":10439,"date":"2020-03-20T21:46:58","date_gmt":"2020-03-20T20:46:58","guid":{"rendered":"https:\/\/www.steenkamper.de\/?p=10439"},"modified":"2020-04-11T07:49:07","modified_gmt":"2020-04-11T05:49:07","slug":"nachbarschaftliches-gewerbe","status":"publish","type":"post","link":"https:\/\/www.steenkamper.de\/index.php\/2020\/03\/20\/nachbarschaftliches-gewerbe\/","title":{"rendered":"nachbarschaftliches Gewerbe"},"content":{"rendered":"\n<p>unsere benachbarten &#8220;kleinen&#8221; Unternehmen\/L\u00e4den\/Gesch\u00e4fte brauchen Unterst\u00fctzung. <\/p>\n\n\n\n<p>Damit wir auch nach dem &#8220;Shut Down&#8221; noch auf unsere (liebgewonnen) gewohnten L\u00e4den und Gesch\u00e4fte treffen, sollten wir ihnen jetzt helfen zu \u00fcberleben.  <\/p>\n\n\n\n<p><strong>z.B.<\/strong>: <\/p>\n\n\n\n<hr class=\"wp-block-separator\"\/>\n\n\n\n<p><strong>Das Caf\u00e9 <\/strong><br>Steenkamp 16 (an der Vogelweide) <br>verkauft seinen Kuchen ab Freitag d. 27.03., bei Bestellung, au\u00dfer Haus. Unter: <a href=\"mailto:dascafe.steenkamp16@gmx.de\">dascafe.steenkamp16@gmx.de<\/a>  k\u00f6nnen Sie\/k\u00f6nnt ihr Kuchen bestellen, oder einfach eine Nachricht in den Briefkasten Steenkamp 16 werfen, (dann bitte mit Telefonnrummer). Wir verabreden dann eine Abholzeit. Der Kuchen wird auf dem kleinen Tisch vor dem Cafe stehen, eine Kasse daneben. Die Bestellungen sollten bis jeweils Donnerstag Abend vorliegen. <br><a href=\"https:\/\/www.steenkamper.de\/index.php\/das-cafe\/\">Das Caf\u00e9 Team<\/a><\/p>\n\n\n\n<hr class=\"wp-block-separator\"\/>\n\n\n\n<p><strong>L\u00b4incontro il Bistro<\/strong><br>Ebertallee 232 (am Ebertplatz) <br>bereitet gerade einen erweiterten Lieferdienst vor. <br>Also auch Abends bis ca. 21h. <br><a rel=\"noreferrer noopener\" aria-label=\"https:\/\/lincontro.info\/das-bistro\/ (opens in a new tab)\" href=\"https:\/\/lincontro.info\/das-bistro\/\" target=\"_blank\">https:\/\/lincontro.info\/das-bistro<\/a><\/p>\n\n\n\n<hr class=\"wp-block-separator\"\/>\n\n\n\n<p><strong>Buchhandlung J. Harder <\/strong> <br>Waitzstra\u00dfe 24 <br>In Zeiten von Corona und der Reduzierung des Lebens auf das Zuhause k\u00f6nnte man ja mal wieder mehr lesen. Den Lesestoff m\u00fcssen wir nicht bei Amazon oder anderen gro\u00dfen Interneth\u00e4ndlern beziehen, sondern wir k\u00f6nnen auch die kleinen L\u00e4den unterst\u00fctzen, so z.B. die kleine, aber feine Buchhandlung Harder in der Waitzstra\u00dfe. Die hat n\u00e4mlich auch einen Online-Shop und liefert auch kostenfrei. Und man kann sich sogar noch telefonisch beraten lassen.<br><a rel=\"noreferrer noopener\" href=\"http:\/\/www.buchhandlung-harder.de\/\" target=\"_blank\">www.buchhandlung-harder.de<\/a> <br><a rel=\"noreferrer noopener\" href=\"http:\/\/www.papierhaus-harder.de\/\" target=\"_blank\">www.papierhaus-harder.de<\/a><\/p>\n\n\n\n<hr class=\"wp-block-separator\"\/>\n\n\n\n<p><strong>The Roastery<\/strong><br>Wichmannstr. 4 \/ Luruper Chaussee 125 &#8211; Haus 6, rechts&nbsp; <br>Bietet ab sofort einen Kaffeelieferservice an. Schaut bei uns auf der Website, die Lieferung erfolgt taggleich.<br><a rel=\"noreferrer noopener\" aria-label=\"www.hanseatic-coffee.com (opens in a new tab)\" href=\"https:\/\/hanseatic-coffee.com\/pages\/the-rostary\" target=\"_blank\">www.hanseatic-coffee.com<\/a><br>oder  040\/8908430<\/p>\n\n\n\n<hr class=\"wp-block-separator\"\/>\n\n\n\n<p><strong>Elbe Kino<\/strong> <br>Das Elbe Kino braucht Hilfe um liquide zu bleiben um L\u00f6hne und Fixkosten zu bezahlen. Gutscheine kaufen hilft die Liquidit\u00e4t zu sichern: <a href=\"https:\/\/www.elbe-kino.de\/?inhalt=gutschein\">https:\/\/www.elbe-kino.de\/?inhalt=i<\/a><br>Siehe auch: <a href=\"https:\/\/www.steenkamper.de\/index.php\/2020\/04\/10\/elbe-kino-steenkamp-aktion\/\">Elbe-Kino-Steenkamp-Aktion<\/a><\/p>\n\n\n\n<hr class=\"wp-block-separator\"\/>\n\n\n\n<p><strong>Online Yoga mit Liv<\/strong><br>Liebe Steenkamp-Community,<br>da meine Yoga-Kurse aktuell nicht im Saal stattfinden k\u00f6nnen, gibt es jetzt 2x die Woche Yoga online \u00fcber das kostenfreie Zoom. Ich m\u00f6chte Euch herzlich dazu einladen. Die Hatha-Yoga-Kurse finden Mittwochs und Sonntags von 20.30h &#8211; 21.30h statt. Mittwochs mit etwas mehr Power und Sonntags mit etwas mehr Yin. Informieren \u00fcber mich und meine Arbeit k\u00f6nnt ihr Euch unter <a rel=\"noreferrer noopener\" aria-label=\"www.livkulke.de (opens in a new tab)\" href=\"http:\/\/www.livkulke.de\" target=\"_blank\">www.livkulke.de<\/a>. Wenn du Interesse hast mitzumachen, dann sende mir gerne ein Email an: <a class=\"\" href=\"mailto:info@livkulke.de\">info@livkulke.de<\/a>.<br>Ich freue mich auf die n\u00e4chste gemeinsame Yogasession <br>Namast\u00e9 Liv <\/p>\n\n\n\n<hr class=\"wp-block-separator\"\/>\n\n\n\n<p><strong>Verein Aktive Freizeit e.V.<\/strong><br>Bertrand-Russell-Stra\u00dfe 4<br>&#8230;. bietet online Kurse zu fit bleiben:<br><a href=\"https:\/\/www.vafev.de\/ueber-uns\/aktuelles\/\" target=\"_blank\" rel=\"noreferrer noopener\" aria-label=\"https:\/\/www.vafev.de\/ueber-uns\/aktuelles\/ (opens in a new tab)\">https:\/\/www.vafev.de\/ueber-uns\/aktuelles\/<\/a><\/p>\n\n\n\n<hr class=\"wp-block-separator\"\/>\n\n\n\n<p><strong>Siehe auch die anderen Betriebe<\/strong>, die in den letzten Jahren das erscheinen des Steenkampers mit ihren Anzeigen unterst\u00fctzt haben: <a href=\"https:\/\/www.steenkamper.de\/index.php\/foerderer\/\">https:\/\/www.steenkamper.de\/index.php\/foerderer<\/a><br><\/p>\n\n\n\n<p><em>Bild: Trabrennbahn Bahrenfeld in den 70er Jahren \u00a9 Archiv der Heimst\u00e4ttervereinigung Steenkamp e.V.  mit Dank an Heinz Burmeister<\/em><\/p>\n","protected":false},"excerpt":{"rendered":"<p>unsere benachbarten &#8220;kleinen&#8221; Unternehmen\/L\u00e4den\/Gesch\u00e4fte brauchen Unterst\u00fctzung. Damit wir auch nach dem &#8220;Shut Down&#8221; noch auf unsere (liebgewonnen) gewohnten L\u00e4den und Gesch\u00e4fte treffen, sollten wir ihnen jetzt helfen zu \u00fcberleben. z.B.: [&hellip;]<\/p>\n","protected":false},"author":6,"featured_media":9077,"comment_status":"open","ping_status":"open","sticky":false,"template":"","format":"standard","meta":{"_acf_changed":false,"site-sidebar-layout":"default","site-content-layout":"","ast-site-content-layout":"default","site-content-style":"default","site-sidebar-style":"default","ast-global-header-display":"","ast-banner-title-visibility":"","ast-main-header-display":"","ast-hfb-above-header-display":"","ast-hfb-below-header-display":"","ast-hfb-mobile-header-display":"","site-post-title":"","ast-breadcrumbs-content":"","ast-featured-img":"","footer-sml-layout":"","ast-disable-related-posts":"","theme-transparent-header-meta":"","adv-header-id-meta":"","stick-header-meta":"","header-above-stick-meta":"","header-main-stick-meta":"","header-below-stick-meta":"","astra-migrate-meta-layouts":"default","ast-page-background-enabled":"default","ast-page-background-meta":{"desktop":{"background-color":"var(--ast-global-color-5)","background-image":"","background-repeat":"repeat","background-position":"center center","background-size":"auto","background-attachment":"scroll","background-type":"","background-media":"","overlay-type":"","overlay-color":"","overlay-opacity":"","overlay-gradient":""},"tablet":{"background-color":"","background-image":"","background-repeat":"repeat","background-position":"center center","background-size":"auto","background-attachment":"scroll","background-type":"","background-media":"","overlay-type":"","overlay-color":"","overlay-opacity":"","overlay-gradient":""},"mobile":{"background-color":"","background-image":"","background-repeat":"repeat","background-position":"center center","background-size":"auto","background-attachment":"scroll","background-type":"","background-media":"","overlay-type":"","overlay-color":"","overlay-opacity":"","overlay-gradient":""}},"ast-content-background-meta":{"desktop":{"background-color":"var(--ast-global-color-4)","background-image":"","background-repeat":"repeat","background-position":"center center","background-size":"auto","background-attachment":"scroll","background-type":"","background-media":"","overlay-type":"","overlay-color":"","overlay-opacity":"","overlay-gradient":""},"tablet":{"background-color":"var(--ast-global-color-4)","background-image":"","background-repeat":"repeat","background-position":"center center","background-size":"auto","background-attachment":"scroll","background-type":"","background-media":"","overlay-type":"","overlay-color":"","overlay-opacity":"","overlay-gradient":""},"mobile":{"background-color":"var(--ast-global-color-4)","background-image":"","background-repeat":"repeat","background-position":"center center","background-size":"auto","background-attachment":"scroll","background-type":"","background-media":"","overlay-type":"","overlay-color":"","overlay-opacity":"","overlay-gradient":""}},"_price":"","_stock":"","_tribe_ticket_header":"","_tribe_default_ticket_provider":"","_tribe_ticket_capacity":"0","_ticket_start_date":"","_ticket_end_date":"","_tribe_ticket_show_description":"","_tribe_ticket_show_not_going":false,"_tribe_ticket_use_global_stock":"","_tribe_ticket_global_stock_level":"","_global_stock_mode":"","_global_stock_cap":"","_tribe_rsvp_for_event":"","_tribe_ticket_going_count":"","_tribe_ticket_not_going_count":"","_tribe_tickets_list":"[]","_tribe_ticket_has_attendee_info_fields":false,"jetpack_post_was_ever_published":false,"_jetpack_newsletter_access":"","_jetpack_dont_email_post_to_subs":false,"_jetpack_newsletter_tier_id":0,"_jetpack_memberships_contains_paywalled_content":false,"_jetpack_memberships_contains_paid_content":false,"footnotes":"","jetpack_publicize_message":"","jetpack_publicize_feature_enabled":true,"jetpack_social_post_already_shared":true,"jetpack_social_options":{"image_generator_settings":{"template":"highway","default_image_id":0,"font":"","enabled":false},"version":2}},"categories":[3,120],"tags":[],"class_list":["post-10439","post","type-post","status-publish","format-standard","has-post-thumbnail","hentry","category-allgemein","category-corona"],"acf":[],"jetpack_publicize_connections":[],"jetpack_featured_media_url":"https:\/\/i0.wp.com\/www.steenkamper.de\/wp-content\/uploads\/2019\/10\/HeinzBurmeisterTrabrennbahn-Bahrenfeld-70er-Jahre-1099-Kopie.jpg?fit=3557%2C1566&ssl=1","jetpack_sharing_enabled":true,"jetpack_shortlink":"https:\/\/wp.me\/p74Wuo-2In","jetpack_likes_enabled":true,"jetpack-related-posts":[{"id":10583,"url":"https:\/\/www.steenkamper.de\/index.php\/2020\/04\/10\/elbe-kino-steenkamp-aktion\/","url_meta":{"origin":10439,"position":0},"title":"Elbe-Kino-Steenkamp-Aktion","author":"Max","date":"10\/04\/2020","format":false,"excerpt":"Moin, unser Ziel ist es, dem Elbe-Kino jetzt zu helfen und dann im Herbst eine Matinee mit einem Vorfilm (Videos von Nachbarn aus der Siedlung, zB aus dem letzten Sommer) und einem zwischen dem Kino und uns allen noch abzustimmenden Hauptfilm (nat\u00fcrlich familientauglich) zu organisieren. Hier die Schritt f\u00fcr Schritt\u2026","rel":"","context":"In &quot;corona&quot;","block_context":{"text":"corona","link":"https:\/\/www.steenkamper.de\/index.php\/category\/corona\/"},"img":{"alt_text":"","src":"https:\/\/i0.wp.com\/www.steenkamper.de\/wp-content\/uploads\/2020\/04\/ELBEkino.jpeg?fit=1200%2C900&ssl=1&resize=350%2C200","width":350,"height":200,"srcset":"https:\/\/i0.wp.com\/www.steenkamper.de\/wp-content\/uploads\/2020\/04\/ELBEkino.jpeg?fit=1200%2C900&ssl=1&resize=350%2C200 1x, https:\/\/i0.wp.com\/www.steenkamper.de\/wp-content\/uploads\/2020\/04\/ELBEkino.jpeg?fit=1200%2C900&ssl=1&resize=525%2C300 1.5x, https:\/\/i0.wp.com\/www.steenkamper.de\/wp-content\/uploads\/2020\/04\/ELBEkino.jpeg?fit=1200%2C900&ssl=1&resize=700%2C400 2x, https:\/\/i0.wp.com\/www.steenkamper.de\/wp-content\/uploads\/2020\/04\/ELBEkino.jpeg?fit=1200%2C900&ssl=1&resize=1050%2C600 3x"},"classes":[]},{"id":2087,"url":"https:\/\/www.steenkamper.de\/index.php\/2016\/04\/18\/cafe-vogelweide\/","url_meta":{"origin":10439,"position":1},"title":"Caf\u00e9 Vogelweide","author":"Max","date":"18\/04\/2016","format":false,"excerpt":"Caf\u00e9 Vogelweide am Sonntag 10.April 2016: Sonnenschein und Kuchen satt. N\u00e4chster Termin am 29.05. 15-17h Treffen 13:30 Uhr zum Aufbau im Steenkampsaal. Inzwischen ist das Cafe-Vogelweide-Team eingespielt: schnelle Entscheidung drau\u00dfen bei dem guten Wetter aufzubauen, Kinderecke zum Malen und Lesen, Kuchen in \u00fcberschaubare H\u00e4ppchen schneiden, Tee und Kaffee kochen, Kinderfahrzeuge\u2026","rel":"","context":"In &quot;Fl\u00fcchtlingsunterst\u00fctzung&quot;","block_context":{"text":"Fl\u00fcchtlingsunterst\u00fctzung","link":"https:\/\/www.steenkamper.de\/index.php\/category\/fluchtlingsunterstutzung\/"},"img":{"alt_text":"","src":"https:\/\/i0.wp.com\/www.steenkamper.de\/wp-content\/uploads\/2016\/04\/DSCF7523.jpg?fit=1000%2C615&ssl=1&resize=350%2C200","width":350,"height":200,"srcset":"https:\/\/i0.wp.com\/www.steenkamper.de\/wp-content\/uploads\/2016\/04\/DSCF7523.jpg?fit=1000%2C615&ssl=1&resize=350%2C200 1x, https:\/\/i0.wp.com\/www.steenkamper.de\/wp-content\/uploads\/2016\/04\/DSCF7523.jpg?fit=1000%2C615&ssl=1&resize=525%2C300 1.5x, https:\/\/i0.wp.com\/www.steenkamper.de\/wp-content\/uploads\/2016\/04\/DSCF7523.jpg?fit=1000%2C615&ssl=1&resize=700%2C400 2x"},"classes":[]},{"id":15027,"url":"https:\/\/www.steenkamper.de\/index.php\/2021\/04\/22\/altes-handys-fuer-hummel-biene-und-co\/","url_meta":{"origin":10439,"position":2},"title":"alte Handys f\u00fcr Hummel, Biene und Co.","author":"Max","date":"22\/04\/2021","format":false,"excerpt":"Mit Handy-Recycling Ressourcen schonen und Umweltschutz-Projekt f\u00f6rdern. Wir sammeln alte Handys und spenden sie f\u00fcr das NABU-Hummelprojekt. Im Caf\u00e9 (Steenkamp 16) an der Vogelweide steht unsere Sammelbox. Das Caf\u00e9 hat am Fr. & Sa. 14-18h f\u00fcr Kuchenabholung und Handyabgaben \u201ege\u00f6ffnet\u201c. Mehr als 105 Millionen alte Handys und Smartphones schlummern in\u2026","rel":"","context":"In &quot;Allgemein&quot;","block_context":{"text":"Allgemein","link":"https:\/\/www.steenkamper.de\/index.php\/category\/allgemein\/"},"img":{"alt_text":"","src":"https:\/\/i0.wp.com\/www.steenkamper.de\/wp-content\/uploads\/2021\/02\/img_8301.jpg?fit=1200%2C675&ssl=1&resize=350%2C200","width":350,"height":200,"srcset":"https:\/\/i0.wp.com\/www.steenkamper.de\/wp-content\/uploads\/2021\/02\/img_8301.jpg?fit=1200%2C675&ssl=1&resize=350%2C200 1x, https:\/\/i0.wp.com\/www.steenkamper.de\/wp-content\/uploads\/2021\/02\/img_8301.jpg?fit=1200%2C675&ssl=1&resize=525%2C300 1.5x, https:\/\/i0.wp.com\/www.steenkamper.de\/wp-content\/uploads\/2021\/02\/img_8301.jpg?fit=1200%2C675&ssl=1&resize=700%2C400 2x, https:\/\/i0.wp.com\/www.steenkamper.de\/wp-content\/uploads\/2021\/02\/img_8301.jpg?fit=1200%2C675&ssl=1&resize=1050%2C600 3x"},"classes":[]},{"id":2426,"url":"https:\/\/www.steenkamper.de\/index.php\/2016\/11\/14\/cafe-vogelweide-am-28-08-von-15-bis-17-uhr-im-steenkampsaal\/","url_meta":{"origin":10439,"position":3},"title":"n\u00e4chstes Caf\u00e9 Vogelweide am 18.12.","author":"Max","date":"14\/11\/2016","format":false,"excerpt":"Am Sonntag wieder: Alle Nachbarn sind eingeladen mit unseren neuen Nachbarn Deutsch zu kl\u00f6nen und Tee\/Kaffee\/Kuchen zu vernaschen. Es w\u00e4re gro\u00dfartig, wenn geschnittene Kuchenspenden das Buffet erweitern. Sie k\u00f6nnen ab 13:30 Uhr abgegeben werden. Bei Fragen bitte an Uta Eschweiler,\u00a0uta.eschweiler@web.de\u00a0 wenden. \u00a0 Cafe Vogelweide am 25.9 war\u00a0ein Bastelcafe mit Sonne:\u2026","rel":"","context":"In &quot;Allgemein&quot;","block_context":{"text":"Allgemein","link":"https:\/\/www.steenkamper.de\/index.php\/category\/allgemein\/"},"img":{"alt_text":"","src":"https:\/\/i0.wp.com\/www.steenkamper.de\/wp-content\/uploads\/2016\/10\/img_4762-1.jpg?fit=1200%2C694&ssl=1&resize=350%2C200","width":350,"height":200,"srcset":"https:\/\/i0.wp.com\/www.steenkamper.de\/wp-content\/uploads\/2016\/10\/img_4762-1.jpg?fit=1200%2C694&ssl=1&resize=350%2C200 1x, https:\/\/i0.wp.com\/www.steenkamper.de\/wp-content\/uploads\/2016\/10\/img_4762-1.jpg?fit=1200%2C694&ssl=1&resize=525%2C300 1.5x, https:\/\/i0.wp.com\/www.steenkamper.de\/wp-content\/uploads\/2016\/10\/img_4762-1.jpg?fit=1200%2C694&ssl=1&resize=700%2C400 2x, https:\/\/i0.wp.com\/www.steenkamper.de\/wp-content\/uploads\/2016\/10\/img_4762-1.jpg?fit=1200%2C694&ssl=1&resize=1050%2C600 3x"},"classes":[]},{"id":12889,"url":"https:\/\/www.steenkamper.de\/index.php\/2020\/11\/03\/gastronomie-in-der-nachbarschaft\/","url_meta":{"origin":10439,"position":4},"title":"Gastronomie in der Nachbarschaft","author":"Max","date":"03\/11\/2020","format":false,"excerpt":"Update 15.11. Das Caf\u00e9 Das Caf\u00e9 im Steenkamp 16 ist nun im November geschlossen. Aber, wie im Fr\u00fchjahr auch, verkauft es wieder au\u00dfer Haus. Unter: dascafe.steenkamp16(at)gmx.de oder unter 0162 9172416 kann wieder Kuchen bestellt werden. Wir verabreden dann eine Abholzeit. Viele Gr\u00fc\u00dfe Annegret L\u00fchrs f\u00fcr das Caf\u00e9 Team L\u2019incontro -\u2026","rel":"","context":"In &quot;Allgemein&quot;","block_context":{"text":"Allgemein","link":"https:\/\/www.steenkamper.de\/index.php\/category\/allgemein\/"},"img":{"alt_text":"","src":"https:\/\/i0.wp.com\/www.steenkamper.de\/wp-content\/uploads\/2020\/11\/Cafe-e1604580668867.jpeg?fit=1200%2C544&ssl=1&resize=350%2C200","width":350,"height":200,"srcset":"https:\/\/i0.wp.com\/www.steenkamper.de\/wp-content\/uploads\/2020\/11\/Cafe-e1604580668867.jpeg?fit=1200%2C544&ssl=1&resize=350%2C200 1x, https:\/\/i0.wp.com\/www.steenkamper.de\/wp-content\/uploads\/2020\/11\/Cafe-e1604580668867.jpeg?fit=1200%2C544&ssl=1&resize=525%2C300 1.5x, https:\/\/i0.wp.com\/www.steenkamper.de\/wp-content\/uploads\/2020\/11\/Cafe-e1604580668867.jpeg?fit=1200%2C544&ssl=1&resize=700%2C400 2x, https:\/\/i0.wp.com\/www.steenkamper.de\/wp-content\/uploads\/2020\/11\/Cafe-e1604580668867.jpeg?fit=1200%2C544&ssl=1&resize=1050%2C600 3x"},"classes":[]},{"id":28927,"url":"https:\/\/www.steenkamper.de\/index.php\/2024\/11\/29\/adventskalender-2024\/","url_meta":{"origin":10439,"position":5},"title":"Adventskalender 2024","author":"Max","date":"29\/11\/2024","format":false,"excerpt":"Dieses Jahr gibt es einen online Steenkamp-Adventskalender. Jeden Tag eine kleine vorweihnachtliche Steenkamp-Weihnachts-Stimmung. Viel Spa\u00df und sch\u00f6ne Weihnachtszeit. Am 1.Advent findet auch unserer allj\u00e4hrliche Adventsbasar statt! Kuchen, Caf\u00e9, Selbstgemachtes und Gl\u00fchwein vor dem Saal. Ab 14h bis ca. 18h Hier geht es zum Kalender:\u00a0","rel":"","context":"In &quot;Nachbarschaft&quot;","block_context":{"text":"Nachbarschaft","link":"https:\/\/www.steenkamper.de\/index.php\/category\/nachbarschaft\/"},"img":{"alt_text":"","src":"https:\/\/i0.wp.com\/www.steenkamper.de\/wp-content\/uploads\/2016\/12\/rf2engel2.jpg?fit=1200%2C751&ssl=1&resize=350%2C200","width":350,"height":200,"srcset":"https:\/\/i0.wp.com\/www.steenkamper.de\/wp-content\/uploads\/2016\/12\/rf2engel2.jpg?fit=1200%2C751&ssl=1&resize=350%2C200 1x, https:\/\/i0.wp.com\/www.steenkamper.de\/wp-content\/uploads\/2016\/12\/rf2engel2.jpg?fit=1200%2C751&ssl=1&resize=525%2C300 1.5x, https:\/\/i0.wp.com\/www.steenkamper.de\/wp-content\/uploads\/2016\/12\/rf2engel2.jpg?fit=1200%2C751&ssl=1&resize=700%2C400 2x, https:\/\/i0.wp.com\/www.steenkamper.de\/wp-content\/uploads\/2016\/12\/rf2engel2.jpg?fit=1200%2C751&ssl=1&resize=1050%2C600 3x"},"classes":[]}],"_links":{"self":[{"href":"https:\/\/www.steenkamper.de\/index.php\/wp-json\/wp\/v2\/posts\/10439","targetHints":{"allow":["GET"]}}],"collection":[{"href":"https:\/\/www.steenkamper.de\/index.php\/wp-json\/wp\/v2\/posts"}],"about":[{"href":"https:\/\/www.steenkamper.de\/index.php\/wp-json\/wp\/v2\/types\/post"}],"author":[{"embeddable":true,"href":"https:\/\/www.steenkamper.de\/index.php\/wp-json\/wp\/v2\/users\/6"}],"replies":[{"embeddable":true,"href":"https:\/\/www.steenkamper.de\/index.php\/wp-json\/wp\/v2\/comments?post=10439"}],"version-history":[{"count":29,"href":"https:\/\/www.steenkamper.de\/index.php\/wp-json\/wp\/v2\/posts\/10439\/revisions"}],"predecessor-version":[{"id":10595,"href":"https:\/\/www.steenkamper.de\/index.php\/wp-json\/wp\/v2\/posts\/10439\/revisions\/10595"}],"wp:featuredmedia":[{"embeddable":true,"href":"https:\/\/www.steenkamper.de\/index.php\/wp-json\/wp\/v2\/media\/9077"}],"wp:attachment":[{"href":"https:\/\/www.steenkamper.de\/index.php\/wp-json\/wp\/v2\/media?parent=10439"}],"wp:term":[{"taxonomy":"category","embeddable":true,"href":"https:\/\/www.steenkamper.de\/index.php\/wp-json\/wp\/v2\/categories?post=10439"},{"taxonomy":"post_tag","embeddable":true,"href":"https:\/\/www.steenkamper.de\/index.php\/wp-json\/wp\/v2\/tags?post=10439"}],"curies":[{"name":"wp","href":"https:\/\/api.w.org\/{rel}","templated":true}]}}